{"id":42839,"date":"2019-02-17T20:10:54","date_gmt":"2019-02-17T17:10:54","guid":{"rendered":"http:\/\/www.tvturk.com\/index.php\/otomobil-ile-otobusun-carpisma-ani-kamerada\/"},"modified":"2019-02-17T20:10:55","modified_gmt":"2019-02-17T17:10:55","slug":"otomobil-ile-otobusun-carpisma-ani-kamerada","status":"publish","type":"post","link":"http:\/\/www.tvturk.com\/index.php\/otomobil-ile-otobusun-carpisma-ani-kamerada\/","title":{"rendered":"Otomobil ile otob\u00fcs\u00fcn \u00e7arp\u0131\u015fma an\u0131 kamerada"},"content":{"rendered":"<p>Bing\u00f6l\u2019de \u00f6nceki g\u00fcn  kar ve buzlanma nedeniyle yoldan \u00e7\u0131kan otomobilin otob\u00fcse \u00e7arpmas\u0131 sonucu 1 ki\u015fi \u00f6ld\u00fc, 10 ki\u015fi yaraland\u0131, kaza an\u0131 bir ara\u00e7  kameras\u0131na saniye saniye yans\u0131d\u0131.<\/p>\n<p>Kaza, 15 \u015eubatta Bing\u00f6l-Elaz\u0131\u011f karayolunun 4\u2019\u00fcnc\u00fc kilometresinde meydana geldi. Edinilen bilgiye g\u00f6re, Bing\u00f6l istikametine seyir halinde olan Nimetullah Kandemir idaresindeki 06 FM 2825 plakal\u0131 otomobil kar ya\u011f\u0131\u015f\u0131 ve buzlanma nedeniyle kontrolden \u00e7\u0131kt\u0131. Kontrolden \u00e7\u0131kan otomobil, kar\u015f\u0131 \u015feritten gelen 35 HCR 04 plakal\u0131 yolcu otob\u00fcs\u00fcne \u00e7arpt\u0131. Kazada, otomobilde bulunan Bet\u00fcl Kandemir olay yerinde hayat\u0131n\u0131 kaybetti. Otomobil s\u00fcr\u00fcc\u00fcs\u00fc ile birlikte otob\u00fcste bulunan 10 ki\u015fi de yaraland\u0131. Yaral\u0131lar olay yerine sevk edilen ambulanslarla Bing\u00f6l Devlet Hastanesi\u2019ne kald\u0131r\u0131ld\u0131.<\/p>\n<p>Kaza an\u0131 ise bir ara\u00e7 kameras\u0131na saniye saniye yans\u0131d\u0131. G\u00f6r\u00fcnt\u00fclerde sollama yapan otob\u00fcse kar\u015f\u0131 \u015feritten gelen ve yoldan \u00e7\u0131kan otomobilin \u00e7arpmas\u0131 yer ald\u0131.<div class=\"tiled-gallery type-rectangular tiled-gallery-unresized\" data-original-width=\"500\" data-carousel-extra='null' itemscope itemtype=\"http:\/\/schema.org\/ImageGallery\" > <div class=\"gallery-row\" style=\"width: 500px; height: 147px;\" data-original-width=\"500\" data-original-height=\"147\" > <div class=\"gallery-group images-1\" style=\"width: 235px; height: 147px;\" data-original-width=\"235\" data-original-height=\"147\" > <div class=\"tiled-gallery-item tiled-gallery-item-small\" itemprop=\"associatedMedia\" itemscope itemtype=\"http:\/\/schema.org\/ImageObject\"> <a href=\"http:\/\/www.tvturk.com\/index.php\/otomobil-ile-otobusun-carpisma-ani-kamerada\/otomobil-ile-otobusun-carpisma-ani-kamerada-3\/\" border=\"0\" itemprop=\"url\"> <meta itemprop=\"width\" content=\"231\"> <meta itemprop=\"height\" content=\"143\"> <img decoding=\"async\" class=\"\" data-attachment-id=\"42841\" data-orig-file=\"http:\/\/www.tvturk.com\/wp-content\/uploads\/2019\/02\/otomobil-ile-otobusun-carpisma-ani-kamerada_8505749.jpg\" data-orig-size=\"888,551\" data-comments-opened=\"\" data-image-meta=\"{&quot;aperture&quot;:&quot;0&quot;,&quot;credit&quot;:&quot;IHA&quot;,&quot;camera&quot;:&quot;&quot;,&quot;caption&quot;:&quot;B\\u0130NG\\u00d6L\\u0027DE \\u00d6NCEK\\u0130 G\\u00dcN KAR VE BUZLANMA NEDEN\\u0130YLE YOLDAN \\u00c7IKAN OTOMOB\\u0130L\\u0130N OTOB\\u00dcSE \\u00c7ARPMASI SONUCU 1 K\\u0130\\u015e\\u0130 \\u00d6LD\\u00dc, 10 K\\u0130\\u015e\\u0130 YARALANDI, KAZA ANI B\\u0130R ARA\\u00c7 KAMERASINA SAN\\u0130YE SAN\\u0130YE YANSIDI. (YILMAZ ATAR\\\/B\\u0130NG\\u00d6L-\\u0130HA)&quot;,&quot;created_timestamp&quot;:&quot;1550462580&quot;,&quot;copyright&quot;:&quot;\\u0130HLAS HABER AJANSI, www.iha.com.tr&quot;,&quot;focal_length&quot;:&quot;0&quot;,&quot;iso&quot;:&quot;0&quot;,&quot;shutter_speed&quot;:&quot;0&quot;,&quot;title&quot;:&quot;OTOMOB\\u0130L \\u0130LE OTOB\\u00dcS\\u00dcN \\u00c7ARPI\\u015eMA ANI KAMERADA B\\u0130NG\\u00d6L\\u0027DE \\u00d6NCEK\\u0130 G\\u00dcN KAR VE BUZLANMA NEDEN\\u0130YLE YOLDAN \\u00c7IKAN OTOMOB\\u0130L\\u0130N OTOB\\u00dcSE \\u00c7ARPMASI SONUCU 1 K\\u0130\\u015e\\u0130 \\u00d6LD\\u00dc, 10 K\\u0130\\u015e\\u0130 YARALANDI, KAZA ANI B\\u0130R ARA\\u00c7 KAMERASINA SAN\\u0130YE SAN\\u0130YE YANSIDI&quot;,&quot;orientation&quot;:&quot;0&quot;}\" data-image-title=\"Otomobil ile otob\u00fcs\u00fcn \u00e7arp\u0131\u015fma an\u0131 kamerada\" data-image-description=\"&lt;p&gt;Otomobil ile otob\u00fcs\u00fcn \u00e7arp\u0131\u015fma an\u0131 kamerada&lt;\/p&gt; \" data-medium-file=\"https:\/\/i0.wp.com\/www.tvturk.com\/wp-content\/uploads\/2019\/02\/otomobil-ile-otobusun-carpisma-ani-kamerada_8505749.jpg?fit=300%2C186\" data-large-file=\"https:\/\/i0.wp.com\/www.tvturk.com\/wp-content\/uploads\/2019\/02\/otomobil-ile-otobusun-carpisma-ani-kamerada_8505749.jpg?fit=888%2C551\" src=\"https:\/\/i0.wp.com\/www.tvturk.com\/wp-content\/uploads\/2019\/02\/otomobil-ile-otobusun-carpisma-ani-kamerada_8505749.jpg?w=231&#038;h=143\" srcset=\"https:\/\/i0.wp.com\/www.tvturk.com\/wp-content\/uploads\/2019\/02\/otomobil-ile-otobusun-carpisma-ani-kamerada_8505749.jpg?w=888 888w, https:\/\/i0.wp.com\/www.tvturk.com\/wp-content\/uploads\/2019\/02\/otomobil-ile-otobusun-carpisma-ani-kamerada_8505749.jpg?resize=150%2C93 150w, https:\/\/i0.wp.com\/www.tvturk.com\/wp-content\/uploads\/2019\/02\/otomobil-ile-otobusun-carpisma-ani-kamerada_8505749.jpg?resize=300%2C186 300w, https:\/\/i0.wp.com\/www.tvturk.com\/wp-content\/uploads\/2019\/02\/otomobil-ile-otobusun-carpisma-ani-kamerada_8505749.jpg?resize=768%2C477 768w, https:\/\/i0.wp.com\/www.tvturk.com\/wp-content\/uploads\/2019\/02\/otomobil-ile-otobusun-carpisma-ani-kamerada_8505749.jpg?resize=243%2C150 243w\" width=\"231\" height=\"143\" loading=\"lazy\" data-original-width=\"231\" data-original-height=\"143\" itemprop=\"http:\/\/schema.org\/image\" title=\"Otomobil ile otob\u00fcs\u00fcn \u00e7arp\u0131\u015fma an\u0131 kamerada\" alt=\"Otomobil ile otob\u00fcs\u00fcn \u00e7arp\u0131\u015fma an\u0131 kamerada\" style=\"width: 231px; height: 143px;\" \/> <\/a> <\/div> <\/div> <!-- close group --> <div class=\"gallery-group images-1\" style=\"width: 265px; height: 147px;\" data-original-width=\"265\" data-original-height=\"147\" > <div class=\"tiled-gallery-item tiled-gallery-item-large\" itemprop=\"associatedMedia\" itemscope itemtype=\"http:\/\/schema.org\/ImageObject\"> <a href=\"http:\/\/www.tvturk.com\/index.php\/otomobil-ile-otobusun-carpisma-ani-kamerada\/otomobil-ile-otobusun-carpisma-ani-kamerada-4\/\" border=\"0\" itemprop=\"url\"> <meta itemprop=\"width\" content=\"261\"> <meta itemprop=\"height\" content=\"143\"> <img decoding=\"async\" class=\"\" data-attachment-id=\"42842\" data-orig-file=\"http:\/\/www.tvturk.com\/wp-content\/uploads\/2019\/02\/otomobil-ile-otobusun-carpisma-ani-kamerada_075e997.jpg\" data-orig-size=\"640,352\" data-comments-opened=\"\" data-image-meta=\"{&quot;aperture&quot;:&quot;0&quot;,&quot;credit&quot;:&quot;IHA&quot;,&quot;camera&quot;:&quot;&quot;,&quot;caption&quot;:&quot;B\\u0130NG\\u00d6L\\u0027DE \\u00d6NCEK\\u0130 G\\u00dcN KAR VE BUZLANMA NEDEN\\u0130YLE YOLDAN \\u00c7IKAN OTOMOB\\u0130L\\u0130N OTOB\\u00dcSE \\u00c7ARPMASI SONUCU 1 K\\u0130\\u015e\\u0130 \\u00d6LD\\u00dc, 10 K\\u0130\\u015e\\u0130 YARALANDI, KAZA ANI B\\u0130R ARA\\u00c7 KAMERASINA SAN\\u0130YE SAN\\u0130YE YANSIDI. (YILMAZ ATAR\\\/B\\u0130NG\\u00d6L-\\u0130HA)&quot;,&quot;created_timestamp&quot;:&quot;1550462580&quot;,&quot;copyright&quot;:&quot;\\u0130HLAS HABER AJANSI, www.iha.com.tr&quot;,&quot;focal_length&quot;:&quot;0&quot;,&quot;iso&quot;:&quot;0&quot;,&quot;shutter_speed&quot;:&quot;0&quot;,&quot;title&quot;:&quot;OTOMOB\\u0130L \\u0130LE OTOB\\u00dcS\\u00dcN \\u00c7ARPI\\u015eMA ANI KAMERADA B\\u0130NG\\u00d6L\\u0027DE \\u00d6NCEK\\u0130 G\\u00dcN KAR VE BUZLANMA NEDEN\\u0130YLE YOLDAN \\u00c7IKAN OTOMOB\\u0130L\\u0130N OTOB\\u00dcSE \\u00c7ARPMASI SONUCU 1 K\\u0130\\u015e\\u0130 \\u00d6LD\\u00dc, 10 K\\u0130\\u015e\\u0130 YARALANDI, KAZA ANI B\\u0130R ARA\\u00c7 KAMERASINA SAN\\u0130YE SAN\\u0130YE YANSIDI&quot;,&quot;orientation&quot;:&quot;1&quot;}\" data-image-title=\"Otomobil ile otob\u00fcs\u00fcn \u00e7arp\u0131\u015fma an\u0131 kamerada\" data-image-description=\"&lt;p&gt;Otomobil ile otob\u00fcs\u00fcn \u00e7arp\u0131\u015fma an\u0131 kamerada&lt;\/p&gt; \" data-medium-file=\"https:\/\/i0.wp.com\/www.tvturk.com\/wp-content\/uploads\/2019\/02\/otomobil-ile-otobusun-carpisma-ani-kamerada_075e997.jpg?fit=300%2C165\" data-large-file=\"https:\/\/i0.wp.com\/www.tvturk.com\/wp-content\/uploads\/2019\/02\/otomobil-ile-otobusun-carpisma-ani-kamerada_075e997.jpg?fit=640%2C352\" src=\"https:\/\/i0.wp.com\/www.tvturk.com\/wp-content\/uploads\/2019\/02\/otomobil-ile-otobusun-carpisma-ani-kamerada_075e997.jpg?w=261&#038;h=143\" srcset=\"https:\/\/i0.wp.com\/www.tvturk.com\/wp-content\/uploads\/2019\/02\/otomobil-ile-otobusun-carpisma-ani-kamerada_075e997.jpg?w=640 640w, https:\/\/i0.wp.com\/www.tvturk.com\/wp-content\/uploads\/2019\/02\/otomobil-ile-otobusun-carpisma-ani-kamerada_075e997.jpg?resize=150%2C83 150w, https:\/\/i0.wp.com\/www.tvturk.com\/wp-content\/uploads\/2019\/02\/otomobil-ile-otobusun-carpisma-ani-kamerada_075e997.jpg?resize=300%2C165 300w\" width=\"261\" height=\"143\" loading=\"lazy\" data-original-width=\"261\" data-original-height=\"143\" itemprop=\"http:\/\/schema.org\/image\" title=\"Otomobil ile otob\u00fcs\u00fcn \u00e7arp\u0131\u015fma an\u0131 kamerada\" alt=\"Otomobil ile otob\u00fcs\u00fcn \u00e7arp\u0131\u015fma an\u0131 kamerada\" style=\"width: 261px; height: 143px;\" \/> <\/a> <\/div> <\/div> <!-- close group --> <\/div> <!-- close row --> <\/div><\/p>\n","protected":false},"excerpt":{"rendered":"<p>B\u0130NG\u00d6L&#8217;DE \u00d6NCEK\u0130 G\u00dcN  KAR VE BUZLANMA NEDEN\u0130YLE YOLDAN \u00c7IKAN OTOMOB\u0130L\u0130N OTOB\u00dcSE \u00c7ARPMASI SONUCU 1 K\u0130\u015e\u0130 \u00d6LD\u00dc, 10 K\u0130\u015e\u0130 YARALANDI, KAZA ANI B\u0130R ARA\u00c7  KAMERASINA SAN\u0130YE SAN\u0130YE YANSIDI.<\/p>\n","protected":false},"author":1,"featured_media":42840,"comment_status":"closed","ping_status":"open","sticky":false,"template":"","format":"standard","meta":{"jetpack_post_was_ever_published":false,"_jetpack_newsletter_access":"","_jetpack_dont_email_post_to_subs":false,"_jetpack_newsletter_tier_id":0,"_jetpack_memberships_contains_paywalled_content":false,"_jetpack_memberships_contains_paid_content":false,"footnotes":"","jetpack_publicize_message":"","jetpack_publicize_feature_enabled":true,"jetpack_social_post_already_shared":false,"jetpack_social_options":{"image_generator_settings":{"template":"highway","default_image_id":0,"font":"","enabled":false},"version":2}},"categories":[655],"tags":[3320,15003,192,1142,3488,2873],"class_list":["post-42839","post","type-post","status-publish","format-standard","has-post-thumbnail","hentry","category-son-dakika","tag-ani","tag-carpisma","tag-ile","tag-kamerada","tag-otobusun","tag-otomobil"],"jetpack_publicize_connections":[],"jetpack_featured_media_url":"https:\/\/i0.wp.com\/www.tvturk.com\/wp-content\/uploads\/2019\/02\/otomobil-ile-otobusun-carpisma-ani-kamerada_40a8a5b.jpg?fit=792%2C405","jetpack_sharing_enabled":true,"jetpack_shortlink":"https:\/\/wp.me\/paKIfm-b8X","_links":{"self":[{"href":"http:\/\/www.tvturk.com\/index.php\/wp-json\/wp\/v2\/posts\/42839","targetHints":{"allow":["GET"]}}],"collection":[{"href":"http:\/\/www.tvturk.com\/index.php\/wp-json\/wp\/v2\/posts"}],"about":[{"href":"http:\/\/www.tvturk.com\/index.php\/wp-json\/wp\/v2\/types\/post"}],"author":[{"embeddable":true,"href":"http:\/\/www.tvturk.com\/index.php\/wp-json\/wp\/v2\/users\/1"}],"replies":[{"embeddable":true,"href":"http:\/\/www.tvturk.com\/index.php\/wp-json\/wp\/v2\/comments?post=42839"}],"version-history":[{"count":1,"href":"http:\/\/www.tvturk.com\/index.php\/wp-json\/wp\/v2\/posts\/42839\/revisions"}],"predecessor-version":[{"id":42843,"href":"http:\/\/www.tvturk.com\/index.php\/wp-json\/wp\/v2\/posts\/42839\/revisions\/42843"}],"wp:featuredmedia":[{"embeddable":true,"href":"http:\/\/www.tvturk.com\/index.php\/wp-json\/wp\/v2\/media\/42840"}],"wp:attachment":[{"href":"http:\/\/www.tvturk.com\/index.php\/wp-json\/wp\/v2\/media?parent=42839"}],"wp:term":[{"taxonomy":"category","embeddable":true,"href":"http:\/\/www.tvturk.com\/index.php\/wp-json\/wp\/v2\/categories?post=42839"},{"taxonomy":"post_tag","embeddable":true,"href":"http:\/\/www.tvturk.com\/index.php\/wp-json\/wp\/v2\/tags?post=42839"}],"curies":[{"name":"wp","href":"https:\/\/api.w.org\/{rel}","templated":true}]}}