{"id":42987,"date":"2019-02-17T21:31:22","date_gmt":"2019-02-17T18:31:22","guid":{"rendered":"http:\/\/www.tvturk.com\/index.php\/okullar-arasi-aticilik-birinciligi-tamamlandi\/"},"modified":"2019-02-17T21:31:25","modified_gmt":"2019-02-17T18:31:25","slug":"okullar-arasi-aticilik-birinciligi-tamamlandi","status":"publish","type":"post","link":"http:\/\/www.tvturk.com\/index.php\/okullar-arasi-aticilik-birinciligi-tamamlandi\/","title":{"rendered":"Okullar Aras\u0131 At\u0131c\u0131l\u0131k Birincili\u011fi Tamamland\u0131"},"content":{"rendered":"<p>Okul Sporlar\u0131 2018-2019 sezonu faaliyet program\u0131nda yer alan Okullar Aras\u0131 At\u0131c\u0131l\u0131k \u0130l Birincili\u011fi 2. Ana Tamir Fabrika M\u00fcd\u00fcrl\u00fc\u011f\u00fc \u0130lk Hedefimiz Akdeniz At\u0131\u015f Poligonunda yap\u0131lan m\u00fcsabakalarla tamamland\u0131.<\/p>\n<p>Gen\u00e7ler ve Y\u0131ld\u0131zlar kategorisinde yap\u0131lan m\u00fcsabakalarda 11 okuldan toplam 27 sporcu m\u00fccadele etti.<\/p>\n<p>M\u00fcsabakalar sonunda dereceye giren sporcular i\u00e7in d\u00fczenlenen \u00f6d\u00fcl t\u00f6renine Garnizon Komutan\u0131 Tu\u011fgeneral Ercan Teke, 12. Hava Ula\u015ft\u0131rma Ana \u00dcs Komutan\u0131 Hava Pilot Tu\u011fgeneral Sel\u00e7uk Ayg\u00fcn, \u0130l Jandarma Komutan\u0131 Jandarma Albay H\u00fcseyin Bekmez, 2\u2019nci Ana Bak\u0131m Fabrika M\u00fcd\u00fcr\u00fc Albay Tayfun T\u00fcrko\u011flu, \u0130l Milli E\u011fitim M\u00fcd\u00fcr\u00fc Celalettin Ekinci, Gen\u00e7lik ve Spor \u0130l M\u00fcd\u00fcr\u00fc Murat Eskici, \u0130l Emniyet M\u00fcd\u00fcr yard\u0131mc\u0131s\u0131 Sefa Sar\u0131kaya ve sporcular\u0131n aileleri kat\u0131ld\u0131.<\/p>\n<p>T\u00f6ren sayg\u0131 duru\u015funda bulunulmas\u0131 ve \u0130stiklal Mar\u015f\u0131n\u0131n okunmas\u0131n\u0131n akabinde protokol konu\u015fmalar\u0131 ile devam etti.<\/p>\n<p>Konu\u015fmalar\u0131n ard\u0131ndan Protokol \u00fcyeleri m\u00fcsabakalarda ba\u015far\u0131 g\u00f6steren sporculara madalya ve kupalar\u0131n\u0131 takdim etti.<div class=\"tiled-gallery type-rectangular tiled-gallery-unresized\" data-original-width=\"500\" data-carousel-extra='null' itemscope itemtype=\"http:\/\/schema.org\/ImageGallery\" > <div class=\"gallery-row\" style=\"width: 500px; height: 224px;\" data-original-width=\"500\" data-original-height=\"224\" > <div class=\"gallery-group images-1\" style=\"width: 334px; height: 224px;\" data-original-width=\"334\" data-original-height=\"224\" > <div class=\"tiled-gallery-item tiled-gallery-item-large\" itemprop=\"associatedMedia\" itemscope itemtype=\"http:\/\/schema.org\/ImageObject\"> <a href=\"http:\/\/www.tvturk.com\/index.php\/okullar-arasi-aticilik-birinciligi-tamamlandi\/okullar-arasi-aticilik-birinciligi-tamamlandi-3\/\" border=\"0\" itemprop=\"url\"> <meta itemprop=\"width\" content=\"330\"> <meta itemprop=\"height\" content=\"220\"> <img decoding=\"async\" class=\"\" data-attachment-id=\"42989\" data-orig-file=\"http:\/\/www.tvturk.com\/wp-content\/uploads\/2019\/02\/okullar-arasi-aticilik-birinciligi-tamamlandi_ca3a1e3.jpg\" data-orig-size=\"1000,666\" data-comments-opened=\"\" data-image-meta=\"{&quot;aperture&quot;:&quot;0&quot;,&quot;credit&quot;:&quot;IHA&quot;,&quot;camera&quot;:&quot;&quot;,&quot;caption&quot;:&quot;OKUL SPORLARI 2018-2019 SEZONU FAAL\\u0130YET PROGRAMINDA YER ALAN OKULLAR ARASI ATICILIK \\u0130L B\\u0130R\\u0130NC\\u0130L\\u0130\\u011e\\u0130 2. ANA TAM\\u0130R FABR\\u0130KA M\\u00dcD\\u00dcRL\\u00dc\\u011e\\u00dc \\u0130LK HEDEF\\u0130M\\u0130Z AKDEN\\u0130Z ATI\\u015e POL\\u0130GONUNDA YAPILAN M\\u00dcSABAKALARLA TAMAMLANDI (ERHAN KAN\\\/KAYSER\\u0130-\\u0130HA)&quot;,&quot;created_timestamp&quot;:&quot;0&quot;,&quot;copyright&quot;:&quot;\\u0130HLAS HABER AJANSI, www.iha.com.tr&quot;,&quot;focal_length&quot;:&quot;0&quot;,&quot;iso&quot;:&quot;0&quot;,&quot;shutter_speed&quot;:&quot;0&quot;,&quot;title&quot;:&quot;OKULLAR ARASI ATICILIK B\\u0130R\\u0130NC\\u0130L\\u0130\\u011e\\u0130 TAMAMLANDI&quot;,&quot;orientation&quot;:&quot;0&quot;}\" data-image-title=\"Okullar Aras\u0131 At\u0131c\u0131l\u0131k Birincili\u011fi Tamamland\u0131\" data-image-description=\"&lt;p&gt;Okullar Aras\u0131 At\u0131c\u0131l\u0131k Birincili\u011fi Tamamland\u0131&lt;\/p&gt; \" data-medium-file=\"https:\/\/i0.wp.com\/www.tvturk.com\/wp-content\/uploads\/2019\/02\/okullar-arasi-aticilik-birinciligi-tamamlandi_ca3a1e3.jpg?fit=300%2C200\" data-large-file=\"https:\/\/i0.wp.com\/www.tvturk.com\/wp-content\/uploads\/2019\/02\/okullar-arasi-aticilik-birinciligi-tamamlandi_ca3a1e3.jpg?fit=1000%2C666\" src=\"https:\/\/i0.wp.com\/www.tvturk.com\/wp-content\/uploads\/2019\/02\/okullar-arasi-aticilik-birinciligi-tamamlandi_ca3a1e3.jpg?w=330&#038;h=220\" srcset=\"https:\/\/i0.wp.com\/www.tvturk.com\/wp-content\/uploads\/2019\/02\/okullar-arasi-aticilik-birinciligi-tamamlandi_ca3a1e3.jpg?w=1000 1000w, https:\/\/i0.wp.com\/www.tvturk.com\/wp-content\/uploads\/2019\/02\/okullar-arasi-aticilik-birinciligi-tamamlandi_ca3a1e3.jpg?resize=150%2C100 150w, https:\/\/i0.wp.com\/www.tvturk.com\/wp-content\/uploads\/2019\/02\/okullar-arasi-aticilik-birinciligi-tamamlandi_ca3a1e3.jpg?resize=300%2C200 300w, https:\/\/i0.wp.com\/www.tvturk.com\/wp-content\/uploads\/2019\/02\/okullar-arasi-aticilik-birinciligi-tamamlandi_ca3a1e3.jpg?resize=768%2C511 768w, https:\/\/i0.wp.com\/www.tvturk.com\/wp-content\/uploads\/2019\/02\/okullar-arasi-aticilik-birinciligi-tamamlandi_ca3a1e3.jpg?resize=170%2C113 170w, https:\/\/i0.wp.com\/www.tvturk.com\/wp-content\/uploads\/2019\/02\/okullar-arasi-aticilik-birinciligi-tamamlandi_ca3a1e3.jpg?resize=120%2C80 120w\" width=\"330\" height=\"220\" loading=\"lazy\" data-original-width=\"330\" data-original-height=\"220\" itemprop=\"http:\/\/schema.org\/image\" title=\"Okullar Aras\u0131 At\u0131c\u0131l\u0131k Birincili\u011fi Tamamland\u0131\" alt=\"Okullar Aras\u0131 At\u0131c\u0131l\u0131k Birincili\u011fi Tamamland\u0131\" style=\"width: 330px; height: 220px;\" \/> <\/a> <\/div> <\/div> <!-- close group --> <div class=\"gallery-group images-2\" style=\"width: 166px; height: 224px;\" data-original-width=\"166\" data-original-height=\"224\" > <div class=\"tiled-gallery-item tiled-gallery-item-small\" itemprop=\"associatedMedia\" itemscope itemtype=\"http:\/\/schema.org\/ImageObject\"> <a href=\"http:\/\/www.tvturk.com\/index.php\/okullar-arasi-aticilik-birinciligi-tamamlandi\/okullar-arasi-aticilik-birinciligi-tamamlandi-4\/\" border=\"0\" itemprop=\"url\"> <meta itemprop=\"width\" content=\"162\"> <meta itemprop=\"height\" content=\"108\"> <img decoding=\"async\" class=\"\" data-attachment-id=\"42990\" data-orig-file=\"http:\/\/www.tvturk.com\/wp-content\/uploads\/2019\/02\/okullar-arasi-aticilik-birinciligi-tamamlandi_2a0880a.jpg\" data-orig-size=\"1000,666\" data-comments-opened=\"\" data-image-meta=\"{&quot;aperture&quot;:&quot;0&quot;,&quot;credit&quot;:&quot;IHA&quot;,&quot;camera&quot;:&quot;&quot;,&quot;caption&quot;:&quot;OKUL SPORLARI 2018-2019 SEZONU FAAL\\u0130YET PROGRAMINDA YER ALAN OKULLAR ARASI ATICILIK \\u0130L B\\u0130R\\u0130NC\\u0130L\\u0130\\u011e\\u0130 2. ANA TAM\\u0130R FABR\\u0130KA M\\u00dcD\\u00dcRL\\u00dc\\u011e\\u00dc \\u0130LK HEDEF\\u0130M\\u0130Z AKDEN\\u0130Z ATI\\u015e POL\\u0130GONUNDA YAPILAN M\\u00dcSABAKALARLA TAMAMLANDI (ERHAN KAN\\\/KAYSER\\u0130-\\u0130HA)&quot;,&quot;created_timestamp&quot;:&quot;0&quot;,&quot;copyright&quot;:&quot;\\u0130HLAS HABER AJANSI, www.iha.com.tr&quot;,&quot;focal_length&quot;:&quot;0&quot;,&quot;iso&quot;:&quot;0&quot;,&quot;shutter_speed&quot;:&quot;0&quot;,&quot;title&quot;:&quot;OKULLAR ARASI ATICILIK B\\u0130R\\u0130NC\\u0130L\\u0130\\u011e\\u0130 TAMAMLANDI&quot;,&quot;orientation&quot;:&quot;0&quot;}\" data-image-title=\"Okullar Aras\u0131 At\u0131c\u0131l\u0131k Birincili\u011fi Tamamland\u0131\" data-image-description=\"&lt;p&gt;Okullar Aras\u0131 At\u0131c\u0131l\u0131k Birincili\u011fi Tamamland\u0131&lt;\/p&gt; \" data-medium-file=\"https:\/\/i0.wp.com\/www.tvturk.com\/wp-content\/uploads\/2019\/02\/okullar-arasi-aticilik-birinciligi-tamamlandi_2a0880a.jpg?fit=300%2C200\" data-large-file=\"https:\/\/i0.wp.com\/www.tvturk.com\/wp-content\/uploads\/2019\/02\/okullar-arasi-aticilik-birinciligi-tamamlandi_2a0880a.jpg?fit=1000%2C666\" src=\"https:\/\/i0.wp.com\/www.tvturk.com\/wp-content\/uploads\/2019\/02\/okullar-arasi-aticilik-birinciligi-tamamlandi_2a0880a.jpg?w=162&#038;h=108\" srcset=\"https:\/\/i0.wp.com\/www.tvturk.com\/wp-content\/uploads\/2019\/02\/okullar-arasi-aticilik-birinciligi-tamamlandi_2a0880a.jpg?w=1000 1000w, https:\/\/i0.wp.com\/www.tvturk.com\/wp-content\/uploads\/2019\/02\/okullar-arasi-aticilik-birinciligi-tamamlandi_2a0880a.jpg?resize=150%2C100 150w, https:\/\/i0.wp.com\/www.tvturk.com\/wp-content\/uploads\/2019\/02\/okullar-arasi-aticilik-birinciligi-tamamlandi_2a0880a.jpg?resize=300%2C200 300w, https:\/\/i0.wp.com\/www.tvturk.com\/wp-content\/uploads\/2019\/02\/okullar-arasi-aticilik-birinciligi-tamamlandi_2a0880a.jpg?resize=768%2C511 768w, https:\/\/i0.wp.com\/www.tvturk.com\/wp-content\/uploads\/2019\/02\/okullar-arasi-aticilik-birinciligi-tamamlandi_2a0880a.jpg?resize=170%2C113 170w, https:\/\/i0.wp.com\/www.tvturk.com\/wp-content\/uploads\/2019\/02\/okullar-arasi-aticilik-birinciligi-tamamlandi_2a0880a.jpg?resize=120%2C80 120w\" width=\"162\" height=\"108\" loading=\"lazy\" data-original-width=\"162\" data-original-height=\"108\" itemprop=\"http:\/\/schema.org\/image\" title=\"Okullar Aras\u0131 At\u0131c\u0131l\u0131k Birincili\u011fi Tamamland\u0131\" alt=\"Okullar Aras\u0131 At\u0131c\u0131l\u0131k Birincili\u011fi Tamamland\u0131\" style=\"width: 162px; height: 108px;\" \/> <\/a> <\/div> <div class=\"tiled-gallery-item tiled-gallery-item-small\" itemprop=\"associatedMedia\" itemscope itemtype=\"http:\/\/schema.org\/ImageObject\"> <a href=\"http:\/\/www.tvturk.com\/index.php\/okullar-arasi-aticilik-birinciligi-tamamlandi\/okullar-arasi-aticilik-birinciligi-tamamlandi-5\/\" border=\"0\" itemprop=\"url\"> <meta itemprop=\"width\" content=\"162\"> <meta itemprop=\"height\" content=\"108\"> <img decoding=\"async\" class=\"\" data-attachment-id=\"42991\" data-orig-file=\"http:\/\/www.tvturk.com\/wp-content\/uploads\/2019\/02\/okullar-arasi-aticilik-birinciligi-tamamlandi_1c7ff06.jpg\" data-orig-size=\"1000,666\" data-comments-opened=\"\" data-image-meta=\"{&quot;aperture&quot;:&quot;0&quot;,&quot;credit&quot;:&quot;IHA&quot;,&quot;camera&quot;:&quot;&quot;,&quot;caption&quot;:&quot;OKUL SPORLARI 2018-2019 SEZONU FAAL\\u0130YET PROGRAMINDA YER ALAN OKULLAR ARASI ATICILIK \\u0130L B\\u0130R\\u0130NC\\u0130L\\u0130\\u011e\\u0130 2. ANA TAM\\u0130R FABR\\u0130KA M\\u00dcD\\u00dcRL\\u00dc\\u011e\\u00dc \\u0130LK HEDEF\\u0130M\\u0130Z AKDEN\\u0130Z ATI\\u015e POL\\u0130GONUNDA YAPILAN M\\u00dcSABAKALARLA TAMAMLANDI (ERHAN KAN\\\/KAYSER\\u0130-\\u0130HA)&quot;,&quot;created_timestamp&quot;:&quot;0&quot;,&quot;copyright&quot;:&quot;\\u0130HLAS HABER AJANSI, www.iha.com.tr&quot;,&quot;focal_length&quot;:&quot;0&quot;,&quot;iso&quot;:&quot;0&quot;,&quot;shutter_speed&quot;:&quot;0&quot;,&quot;title&quot;:&quot;OKULLAR ARASI ATICILIK B\\u0130R\\u0130NC\\u0130L\\u0130\\u011e\\u0130 TAMAMLANDI&quot;,&quot;orientation&quot;:&quot;0&quot;}\" data-image-title=\"Okullar Aras\u0131 At\u0131c\u0131l\u0131k Birincili\u011fi Tamamland\u0131\" data-image-description=\"&lt;p&gt;Okullar Aras\u0131 At\u0131c\u0131l\u0131k Birincili\u011fi Tamamland\u0131&lt;\/p&gt; \" data-medium-file=\"https:\/\/i0.wp.com\/www.tvturk.com\/wp-content\/uploads\/2019\/02\/okullar-arasi-aticilik-birinciligi-tamamlandi_1c7ff06.jpg?fit=300%2C200\" data-large-file=\"https:\/\/i0.wp.com\/www.tvturk.com\/wp-content\/uploads\/2019\/02\/okullar-arasi-aticilik-birinciligi-tamamlandi_1c7ff06.jpg?fit=1000%2C666\" src=\"https:\/\/i0.wp.com\/www.tvturk.com\/wp-content\/uploads\/2019\/02\/okullar-arasi-aticilik-birinciligi-tamamlandi_1c7ff06.jpg?w=162&#038;h=108\" srcset=\"https:\/\/i0.wp.com\/www.tvturk.com\/wp-content\/uploads\/2019\/02\/okullar-arasi-aticilik-birinciligi-tamamlandi_1c7ff06.jpg?w=1000 1000w, https:\/\/i0.wp.com\/www.tvturk.com\/wp-content\/uploads\/2019\/02\/okullar-arasi-aticilik-birinciligi-tamamlandi_1c7ff06.jpg?resize=150%2C100 150w, https:\/\/i0.wp.com\/www.tvturk.com\/wp-content\/uploads\/2019\/02\/okullar-arasi-aticilik-birinciligi-tamamlandi_1c7ff06.jpg?resize=300%2C200 300w, https:\/\/i0.wp.com\/www.tvturk.com\/wp-content\/uploads\/2019\/02\/okullar-arasi-aticilik-birinciligi-tamamlandi_1c7ff06.jpg?resize=768%2C511 768w, https:\/\/i0.wp.com\/www.tvturk.com\/wp-content\/uploads\/2019\/02\/okullar-arasi-aticilik-birinciligi-tamamlandi_1c7ff06.jpg?resize=170%2C113 170w, https:\/\/i0.wp.com\/www.tvturk.com\/wp-content\/uploads\/2019\/02\/okullar-arasi-aticilik-birinciligi-tamamlandi_1c7ff06.jpg?resize=120%2C80 120w\" width=\"162\" height=\"108\" loading=\"lazy\" data-original-width=\"162\" data-original-height=\"108\" itemprop=\"http:\/\/schema.org\/image\" title=\"Okullar Aras\u0131 At\u0131c\u0131l\u0131k Birincili\u011fi Tamamland\u0131\" alt=\"Okullar Aras\u0131 At\u0131c\u0131l\u0131k Birincili\u011fi Tamamland\u0131\" style=\"width: 162px; height: 108px;\" \/> <\/a> <\/div> <\/div> <!-- close group --> <\/div> <!-- close row --> <\/div><\/p>\n","protected":false},"excerpt":{"rendered":"<p>OKUL SPORLARI 2018-2019 SEZONU FAAL\u0130YET PROGRAMINDA YER ALAN OKULLAR ARASI ATICILIK \u0130L B\u0130R\u0130NC\u0130L\u0130\u011e\u0130 2. ANA TAM\u0130R FABR\u0130KA M\u00dcD\u00dcRL\u00dc\u011e\u00dc \u0130LK HEDEF\u0130M\u0130Z AKDEN\u0130Z ATI\u015e POL\u0130GONUNDA YAPILAN M\u00dcSABAKALARLA TAMAMLANDI<\/p>\n","protected":false},"author":1,"featured_media":42988,"comment_status":"closed","ping_status":"open","sticky":false,"template":"","format":"standard","meta":{"jetpack_post_was_ever_published":false,"_jetpack_newsletter_access":"","_jetpack_dont_email_post_to_subs":false,"_jetpack_newsletter_tier_id":0,"_jetpack_memberships_contains_paywalled_content":false,"_jetpack_memberships_contains_paid_content":false,"footnotes":"","jetpack_publicize_message":"","jetpack_publicize_feature_enabled":true,"jetpack_social_post_already_shared":false,"jetpack_social_options":{"image_generator_settings":{"template":"highway","default_image_id":0,"font":"","enabled":false},"version":2}},"categories":[657],"tags":[5765,4817,5766,3574,693],"class_list":["post-42987","post","type-post","status-publish","format-standard","has-post-thumbnail","hentry","category-spor","tag-arasi","tag-aticilik","tag-birinciligi","tag-okullar","tag-tamamlandi"],"jetpack_publicize_connections":[],"jetpack_featured_media_url":"https:\/\/i0.wp.com\/www.tvturk.com\/wp-content\/uploads\/2019\/02\/okullar-arasi-aticilik-birinciligi-tamamlandi_0de1de8.jpg?fit=1000%2C666","jetpack_sharing_enabled":true,"jetpack_shortlink":"https:\/\/wp.me\/paKIfm-bbl","_links":{"self":[{"href":"http:\/\/www.tvturk.com\/index.php\/wp-json\/wp\/v2\/posts\/42987","targetHints":{"allow":["GET"]}}],"collection":[{"href":"http:\/\/www.tvturk.com\/index.php\/wp-json\/wp\/v2\/posts"}],"about":[{"href":"http:\/\/www.tvturk.com\/index.php\/wp-json\/wp\/v2\/types\/post"}],"author":[{"embeddable":true,"href":"http:\/\/www.tvturk.com\/index.php\/wp-json\/wp\/v2\/users\/1"}],"replies":[{"embeddable":true,"href":"http:\/\/www.tvturk.com\/index.php\/wp-json\/wp\/v2\/comments?post=42987"}],"version-history":[{"count":1,"href":"http:\/\/www.tvturk.com\/index.php\/wp-json\/wp\/v2\/posts\/42987\/revisions"}],"predecessor-version":[{"id":42992,"href":"http:\/\/www.tvturk.com\/index.php\/wp-json\/wp\/v2\/posts\/42987\/revisions\/42992"}],"wp:featuredmedia":[{"embeddable":true,"href":"http:\/\/www.tvturk.com\/index.php\/wp-json\/wp\/v2\/media\/42988"}],"wp:attachment":[{"href":"http:\/\/www.tvturk.com\/index.php\/wp-json\/wp\/v2\/media?parent=42987"}],"wp:term":[{"taxonomy":"category","embeddable":true,"href":"http:\/\/www.tvturk.com\/index.php\/wp-json\/wp\/v2\/categories?post=42987"},{"taxonomy":"post_tag","embeddable":true,"href":"http:\/\/www.tvturk.com\/index.php\/wp-json\/wp\/v2\/tags?post=42987"}],"curies":[{"name":"wp","href":"https:\/\/api.w.org\/{rel}","templated":true}]}}