{"id":43059,"date":"2019-02-17T22:31:20","date_gmt":"2019-02-17T19:31:20","guid":{"rendered":"http:\/\/www.tvturk.com\/index.php\/kilicdaroglu-bir-degil-iki-15-temmuz-var\/"},"modified":"2019-02-17T22:31:23","modified_gmt":"2019-02-17T19:31:23","slug":"kilicdaroglu-bir-degil-iki-15-temmuz-var","status":"publish","type":"post","link":"http:\/\/www.tvturk.com\/index.php\/kilicdaroglu-bir-degil-iki-15-temmuz-var\/","title":{"rendered":"K\u0131l\u0131\u00e7daro\u011flu: \u201cBir de\u011fil iki 15 Temmuz var\u201d"},"content":{"rendered":"<p>CHP Genel Ba\u015fkan\u0131 Kemal K\u0131l\u0131\u00e7daro\u011flu, \u201cBir de\u011fil iki 15 Temmuz vard\u0131r. Bir halk\u0131n 15 Temmuz\u2019u, iki saray\u0131n 15 Temmuz\u2019u. Biz halk\u0131n 15 Temmuzu\u2019na \u2018evet\u2019 saray\u0131n 15 Temmuzu\u2019na \u2018hay\u0131r\u2019 diyoruz. Aradaki fark; halk\u0131n 15 Temmuz\u2019u bir demokrasi \u015f\u00f6lenidir. Kar\u015f\u0131l\u0131\u011f\u0131nda bedellerin \u00f6dendi\u011fi demokrasi \u015f\u00f6lenidir. \u0130nsanlar hayatlar\u0131n\u0131 verdiler, demokrasi i\u00e7in. Ama birileri de 15 Temmuz\u2019u Allah\u2019\u0131n l\u00fctfu say\u0131p, 20 Temmuz sivil darbesini yapt\u0131lar\u201d dedi.<\/p>\n<p>CHP Genel Ba\u015fkan\u0131 Kemal K\u0131l\u0131\u00e7daro\u011flu, \u0130zmir B\u00fcy\u00fck\u015fehir Belediyesi taraf\u0131ndan yap\u0131m\u0131 tamamlanan 15 Temmuz Demokrasi \u015eehitleri Meydan\u0131\u2019n\u0131n a\u00e7\u0131l\u0131\u015f\u0131n\u0131 yapt\u0131. Halkap\u0131nar Spor Salonu\u2019nda d\u00fczenlenen belediye ba\u015fkan adaylar\u0131n\u0131 tan\u0131t\u0131m toplant\u0131s\u0131ndan Pasaport \u0130skelesi\u2019nden vapura binerek meydana gelen K\u0131l\u0131\u00e7daro\u011flu, Karantina \u0130skelesi\u2019ne indi. Vatanda\u015flar\u0131n ilgisiyle kar\u015f\u0131lanan K\u0131l\u0131\u00e7daro\u011flu, \u0130zmir B\u00fcy\u00fck\u015fehir Belediye Ba\u015fkan\u0131 Aziz Kocao\u011flu ve \u0130zmir B\u00fcy\u00fck\u015fehir Belediye Ba\u015fkan aday\u0131 Tun\u00e7 Soyer ile birlikte geldi.<\/p>\n<p>\u201c\u0130ki tane 15 Temmuz var\u201d<\/p>\n<p>A\u00e7\u0131l\u0131\u015f t\u00f6reninde konu\u015fan CHP Lideri Kemal K\u0131l\u0131\u00e7daro\u011flu, kentlerde meydanlar\u0131n ayr\u0131 bir \u00f6nemi oldu\u011funu, insanlar\u0131n bu meydanlarda halaylar \u00e7ekip, mitingler yap\u0131p topland\u0131\u011f\u0131n\u0131, e\u011flenebildi\u011fini ifade ederek, \u201c\u015eehrin ana unsurlar\u0131ndan biri meydand\u0131r. Size bir soru sormak isterim. Neden \u0130stanbul\u2019daki Taksim Meydan\u0131 toplant\u0131lara, insanlara yasak. Neden? \u00c7\u00fcnk\u00fc kent k\u00fclt\u00fcr\u00fcnde yoksun olanlar\u0131n davran\u0131\u015flar\u0131d\u0131r bunlar. E\u011fer meydan yap\u0131yorsan\u0131z, insanlar e\u011flenecek, g\u00f6steri yapacak, bar\u0131\u015f i\u00e7inde dostluk i\u00e7inde yapacak. Meydanlar\u0131n \u00f6zelli\u011fi budur. Bu meydan 15 Temmuz Demokrasi Meydan\u0131\u2019d\u0131r. Hangi 15 Temmuz? Bir de\u011fil iki 15 Temmuz vard\u0131r. Bir halk\u0131n 15 Temmuz\u2019u, iki saray\u0131n 15 Temmuz\u2019u. Biz halk\u0131n 15 Temmuzu\u2019na \u2018evet\u2019 saray\u0131n 15 Temmuzu\u2019na \u2018hay\u0131r\u2019 diyoruz. Aradaki fark; halk\u0131n 15 Temmuz\u2019u bir demokrasi \u015f\u00f6lenidir. Kar\u015f\u0131l\u0131\u011f\u0131nda bedellerin \u00f6dendi\u011fi demokrasi \u015f\u00f6lenidir. \u0130nsanlar hayatlar\u0131n\u0131 verdiler, demokrasi i\u00e7in. Ama birileri de 15 Temmuz\u2019u Allah\u2019\u0131n l\u00fctfu say\u0131p, 20 Temmuz sivil darbesini yapt\u0131lar. Biz OHAL g\u00f6r\u00fc\u015fmelerinin ba\u015flad\u0131\u011f\u0131 20 Temmuz\u2019da OHAL g\u00f6r\u00fc\u015fmelerine hay\u0131r diyen demokrasiyi savunan bir Kuvayi Milliye gelene\u011finden, Atat\u00fcrk\u2019\u00fcn \u00e7izdi\u011fi gelenekten geliyoruz. O nedenle 20 Temmuz darbesine \u2018hay\u0131r\u2019 dedik. Ne oldu? 20 Temmuz\u2019da OHAL ilan edildi. Parlamento devre d\u0131\u015f\u0131 b\u0131rak\u0131ld\u0131, yetkileri gasp edildi. Biz bunu me\u015fru g\u00f6rmedik hay\u0131r oyu verdik. 20 Temmuz sivil darbesinden sonra kolektif su\u00e7 olu\u015fturuldu. Bir ki\u015fi su\u00e7luysa su\u00e7lu g\u00f6r\u00fcl\u00fcyorsa onlar\u0131n anneleri babalar\u0131 tamam\u0131 su\u00e7lu g\u00f6r\u00fcld\u00fc. D\u00fcnyada \u00f6rne\u011fi olmayan haks\u0131zl\u0131kla y\u00fczbinlerce ki\u015fi kar\u015f\u0131 kar\u015f\u0131ya kald\u0131. Biz buna da kar\u015f\u0131 \u00e7\u0131kt\u0131k. En son \u00f6rne\u011fi; Can D\u00fcndar yurtd\u0131\u015f\u0131nda. E\u015finin g\u00fcnah\u0131 yok ama e\u015fi T\u00fcrkiye\u2019de hapsedilmi\u015ftir. Yurtd\u0131\u015f\u0131na \u00e7\u0131kam\u0131yor, neden pasaport vermiyorsunuz su\u00e7u varsa yarg\u0131lay\u0131n\u201d diye konu\u015ftu.<\/p>\n<p>\u201cBM\u2019ye dilek\u00e7e verdiler\u201d<\/p>\n<p>Hakimlerin korkuyla karar verdi\u011fini \u00f6ne s\u00fcren K\u0131l\u0131\u00e7daro\u011flu, \u015funlar\u0131 s\u00f6yledi:<\/p>\n<p>\u201c20 Temmuz sonras\u0131 \u00f6yle bir atmosfer olu\u015fturdular ki hakimlerin \u00f6n\u00fcne giden herkesi i\u00e7eri att\u0131lar. Su\u00e7lu su\u00e7suz bakmad\u0131lar. Hakimler korktular at\u0131n i\u00e7eri dediler. Binlerce ki\u015fi hapiste. Balyoz Ergenekon olaylar\u0131, ma\u011fdurlar\u0131n\u0131 hat\u0131rl\u0131yorsunuz, dosyalarda sahte deliller vard\u0131. 20 Temmuz sivil darbeden sonra delil var m\u0131 yok mu bakmad\u0131lar. Bu d\u00f6nem i\u00e7erisinde gazeteler, televizyonlar, radyolar kapand\u0131. Y\u00fczlerce gazeteci hapislere at\u0131ld\u0131. Bu ger\u00e7ekleri hepinizin bilmesini isterim. 20 Temmuz sivil darbesinden sonra T\u00fcrkiye Cumhuriyeti ad\u0131na BM\u2019ye bir dilek\u00e7e verildi. Dilek\u00e7ede adil yarg\u0131lamay\u0131 uygulamayaca\u011f\u0131z tutuklananlara insanca davranmayaca\u011f\u0131z diye d\u00f6nemin daimi temsilcisi imzas\u0131yla BM\u2019ye dilek\u00e7e verildi. Bir \u00fclke d\u00fc\u015f\u00fcn demokrasi diyoruz, bir \u00fclke d\u00fc\u015f\u00fcn\u00fcn insanca davranmayaca\u011f\u0131m diye BM\u2019ye dilek\u00e7e veriyor. Darbe giri\u015fiminde bulunanlar hukuk arac\u0131l\u0131\u011f\u0131yla yarg\u0131lans\u0131nlar. Hi\u00e7 kimse yarg\u0131\u00e7 taraf\u0131ndan mahkum edilmedi\u011fi s\u00fcrece su\u00e7lu kabul edilmez. Herkesi adalet i\u00e7inde yarg\u0131layacaks\u0131n\u0131z. Ki b\u00fct\u00fcn d\u00fcnya bir darbe giri\u015fimine kar\u015f\u0131 demokrasinin hukukun \u00e7al\u0131\u015ft\u0131\u011f\u0131n\u0131 g\u00f6rs\u00fcn. Bunlar\u0131n hi\u00e7birine uyulmad\u0131. Bir ki\u015finin kin ve \u00f6fke n\u00f6betlerine teslim edildi. \u0130\u015f d\u00fcnyas\u0131, sendikalar konu\u015famaz hale geldi. Bir \u00fclkede anayasa de\u011fi\u015fiyor \u00fcniversitelerden t\u0131k yok, sendikalar konu\u015fam\u0131yor. Bu nas\u0131l demokrasi anlay\u0131\u015f\u0131d\u0131r. 169 bin ki\u015fiden fazla i\u015flem yap\u0131lan var, 50 bin ki\u015fi tutukland\u0131, intihar edenler oldu. 45 bin ki\u015fi i\u015ften at\u0131ld\u0131. Bar\u0131\u015f bildiri\u015f imzalad\u0131lar diye akademisyenlerden \u00fcniversiteden at\u0131ld\u0131. Bu tabloyu unutmay\u0131n.\u201d<\/p>\n<p>\u201c397 y\u0131l hapisle yarg\u0131land\u0131, beraat etti\u201d<\/p>\n<p>Kendilerine her t\u00fcrl\u00fc bask\u0131 kuruldu\u011funu ileri s\u00fcren CHP lideri K\u0131l\u0131\u00e7daro\u011flu, \u201cBize her t\u00fcrl\u00fc bask\u0131lar kuruldu, ayn\u0131 bask\u0131lar bug\u00fcn de devam ediyor. Burada s\u00f6yl\u00fcyorum bug\u00fcnk\u00fc ko\u015fullarda kimsenin can ve mal g\u00fcvenli\u011fi yoktur. Biz \u00f6nc\u00fc bir parti olarak demokrasi savunan bir parti olarak hakk\u0131 hukuku savunan bir parti olarak her t\u00fcrl\u00fc m\u00fccadeleyi vermeye kararl\u0131y\u0131z. Belediye ba\u015fkan\u0131m\u0131z 397 y\u0131l hapisle yarg\u0131land\u0131 beraat etti. Bir b\u00fcy\u00fck\u015fehir belediye ba\u015fkan\u0131 azmini kararl\u0131\u011f\u0131n\u0131 kente vermi\u015f, iktidar\u0131n engellemelerine ra\u011fmen \u0130zmir\u2019i y\u00fcz\u00fck ta\u015f\u0131 gibi Akdeniz\u2019in rotas\u0131nda takdim etmi\u015f. Siz bu belediye ba\u015fkan\u0131n\u0131 397 y\u0131l hapisle yarg\u0131l\u0131yorsunuz, akl\u0131n ve mant\u0131\u011f\u0131n alamayaca\u011f\u0131 bir \u015fey. Neden demokrasi  meydan\u0131 diyoruz. E\u011fer bir belediye ba\u015fkan\u0131 397 y\u0131l hapisle yarg\u0131lan\u0131p beraat ediyorsa, bu meydan demokrasi ad\u0131n\u0131 hak ediyor demektir\u201d dedi.<\/p>\n<p>\u201cMilli istihbarat\u0131n ba\u015fka i\u015fi mi yok\u201d<\/p>\n<p>Demokrasinin kan kaybetti\u011fini savunan CHP Genel Ba\u015fkan\u0131 Kemal K\u0131l\u0131\u00e7daro\u011flu, \u201c\u00d6yle bir noktaya geldik ki demokrasi ayaklar\u0131m\u0131z\u0131n alt\u0131ndan kayd\u0131 giderek kan kaybediyor. T\u00fcrkiye ayn\u0131 zamanda istihbarat devletine kavu\u015ftu. Herkesi fi\u015flemek, telefonlar\u0131 dinlemek, hele rakipleri mutlaka dinlemek demek. Bir ki\u015fiye s\u00fcrekli rapor vermek demek. Bug\u00fcn geldi\u011fimiz nokta budur. Kim s\u00f6yl\u00fcyor bunu ben s\u00f6ylemiyorum, Erdo\u011fan s\u00f6yl\u00fcyor. Ordu\u2019da s\u00f6yl\u00fcyor; \u2018Partimizin genel merkezinde \u015fu ana kadar b\u00fct\u00fcn adaylarda GBT g\u00fcvenlik soru\u015fturmalar\u0131 gerek milli istihbarat hepsini inceledi tepeden t\u0131rna\u011fa.\u2019 Hani demokrasi vard\u0131? Milli istihbarat\u0131n emniyetin ba\u015fka i\u015fi mi yok? Adalet ve Kalk\u0131nma Partisi adaylar\u0131n\u0131n dosyalar\u0131n\u0131 incelenip beyefendinin \u00f6n\u00fcne koyulmu\u015f. Ak\u0131lla, demokrasiyle, hakla, hukukla ba\u011fda\u015fan y\u00f6n\u00fc var m\u0131 bunun? Devlet ayr\u0131d\u0131r siyasi iktidar ayr\u0131d\u0131r. Siyasi iktidar 5 y\u0131l i\u00e7in devleti y\u00f6netmeye talip olur hi\u00e7bir siyasi iktidar \u2018ben devlet olaca\u011f\u0131m\u2019 demez. Ama ilk kez 20 Temmuz sivil darbesinden sonra bunu yapanlar, devlet olmak i\u00e7in m\u00fccadele ediyorlar. B\u00fct\u00fcn kurumlar bir partiye hizmet eder durumda\u201d diye konu\u015ftu.<\/p>\n<p>\u201cNereye gitti bu paralar\u201d<\/p>\n<p>15 Temmuz \u015fehitleri ve gazilerinin yak\u0131nlar\u0131 i\u00e7in bir kararname \u00e7\u0131kart\u0131larak, 27 aral\u0131k 2017\u2019de Binali Y\u0131ld\u0131r\u0131m\u2019\u0131n imzas\u0131yla genelge \u00e7\u0131kar\u0131ld\u0131\u011f\u0131n\u0131, banka hesap numaralar\u0131 verildi\u011fini dile getiren K\u0131l\u0131\u00e7daro\u011flu, \u201c\u015eimdi 2019\u2019day\u0131z. Toplanan paralar ne oldu? Toplanan milyonlarca lira para ne oldu? Onlar her t\u00fcrl\u00fc istismar\u0131 yap\u0131yorlar, \u2018para nereye gitti\u2019 diyorum t\u0131k yok. Neden? Mal\u0131, paray\u0131  g\u00f6t\u00fcrmeye merakl\u0131lar da onun i\u00e7in. Hadi her \u015feyi anlad\u0131m da bu kadar b\u00fcy\u00fck bir istismar\u0131 anlamak m\u00fcmk\u00fcn de\u011fil. Genel kurulda sordum, grup toplant\u0131lar\u0131nda sordum; \u015fu ana kadar yan\u0131t yok. \u015eimdi 15 Temmuz Demokrasi Meydan\u0131\u2019nda soruyorum. Ne yapt\u0131n\u0131z, nereye gitti bu paralar, kime verdiniz bu paralar\u0131? Bunu \u0130zmir sorar. Sorun \u00f6zellikle kirac\u0131 olarak bulunup belediye ba\u015fkan aday\u0131 olarak bulunan ki\u015fiye. \u0130zmir kirac\u0131 kabul etmez. Senin ne i\u015fin var burada? Gezeceksin ben \u0130zmir\u2019i y\u00f6netece\u011fim diyeceksin. Bir de laf aram\u0131zda ekonomi bakan\u0131ym\u0131\u015f. Ekonomiyi hangi hale getirdi g\u00f6r\u00fcyorsunuz de\u011fil mi\u201d dedi.<\/p>\n<p>Tanzim sat\u0131\u015f uygulamas\u0131<\/p>\n<p>Tanzim sat\u0131\u015f uygulamas\u0131na de\u011finen CHP Lideri Kemal K\u0131l\u0131\u00e7daro\u011flu, \u201cTanzim sat\u0131\u015f noktalar\u0131 a\u00e7\u0131yor. Neyle parayla? \u0130stanbul varo\u015flar\u0131 d\u00fc\u015f\u00fcn. Otob\u00fcs paras\u0131 bulamayan y\u00fczbinlerce ki\u015fi var. Binecek otob\u00fcse so\u011fan alacak, tekrar gidecek. Biz ne yap\u0131yoruz? \u0130nsanlar\u0131 kuyru\u011fa sokmuyoruz. So\u011fan\u0131 da alaca\u011f\u0131z patatesini de 35 bin aileye evlerinde teslim edece\u011fiz. Otob\u00fcs paras\u0131 yok, herhangi bir para yok. \u0130zmir\u2019de hi\u00e7bir \u00e7ocuk yata\u011fa a\u00e7 girmesin diye bunun ad\u0131 insan sevgisidir. \u0130nsanlar\u0131 kuyru\u011fa diziyorsun, so\u011fan biber sar\u0131msak alacaklar. Vatanda\u015f ge\u00e7inemiyorum deyince de kalkacak vatanda\u015f\u0131 su\u00e7layacak, \u2018sen merminin fiyat\u0131n\u0131 biliyor musun.\u2019 Beyefendi sen Hasan Tahsin\u2019in kur\u015fununu biliyor musun? Kur\u015fundan bahsedeceksen Hasan Tahsin\u2019in, Kuvayi Milliye\u2019nin kur\u015funundan bahsedeceksin. Kime at\u0131ld\u0131\u011f\u0131 da bellidir\u201d ifadelerini kulland\u0131.<\/p>\n<p>\u201cNeden cenazeleri bir bu\u00e7uk saat beklettin\u201d<\/p>\n<p>Cumhurba\u015fkan\u0131 Recep Tayyip Erdo\u011fan\u2019\u0131n ge\u00e7ti\u011fimiz g\u00fcnlerde \u0130stanbul\u2019un Kartal il\u00e7esinde bir binan\u0131n \u00e7\u00f6kmesi \u00fczerinden ele\u015ftiren K\u0131l\u0131\u00e7daro\u011flu, \u201cBeyefendi o \u00e7\u00f6ken binada hayat\u0131n\u0131 kaybedenlerin cenaze t\u00f6renine kat\u0131lm\u0131\u015f konu\u015fma yap\u0131yor. Bir arkada\u015f\u0131m\u0131z\u0131n ismini veriyor, \u2018ondan ba\u015fka kimse gelmedi\u2019 diyor. Orada belediye ba\u015fkanlar\u0131, genel ba\u015fkan yard\u0131mc\u0131lar\u0131m\u0131z, il ba\u015fkan\u0131m\u0131z hatta Ekrem \u0130mamo\u011flu da var. Ama onlar\u0131 g\u00f6rm\u00fcyor. Niye g\u00f6rm\u00fcyorsun karde\u015fim? Sen cenazeleri bir bu\u00e7uk saat nas\u0131l beklettin? Musalla ta\u015f\u0131nda bekliyor bir bu\u00e7uk saat ge\u00e7 geldin. E\u011fer sen insana sayg\u0131y\u0131 \u00f6nemsiyorsan ge\u00e7 gelmeyeceksin oraya. E\u011fer \u00f6len insanlar\u0131n ailelerinden \u00f6z\u00fcr dileyeceksen o binaya izin veren Erzurum\u2019da belediye ba\u015fkanl\u0131\u011f\u0131 yap\u0131yor. O \u00e7\u0131kacak herkesten \u00f6z\u00fcr dileyecek. Ama sen b\u00fct\u00fcn bunlar\u0131 bir kenara b\u0131rak\u0131yor, k\u00fc\u00e7\u00fck istismar yap\u0131yorsun. Yalanc\u0131dan devlet adam\u0131 olmaz, yalanc\u0131dan cumhurba\u015fkan\u0131 da olmaz. Cumhurba\u015fkan\u0131 olacak ki\u015finin \u00f6z\u00fc s\u00f6z\u00fc bir olmas\u0131 laz\u0131m. Ben cumhurba\u015fkan\u0131 demiyorum da.  Ben demedi\u011fim i\u00e7in \u00e7\u0131ld\u0131r\u0131yor. Me\u015fru yollardan cumhurba\u015fkan\u0131 olmayana cumhurba\u015fkan\u0131 denmez\u201d diye konu\u015ftu.<\/p>\n<p>\u0130zmir B\u00fcy\u00fck\u015fehir Belediye Ba\u015fkan\u0131 Aziz Kocao\u011flu ise uzun y\u0131llard\u0131r Karantina olarak bilinen semtin, 1840\u2019l\u0131 y\u0131llarda yurt d\u0131\u015f\u0131ndan \u0130zmir\u2019e gelen gemiler i\u00e7in yap\u0131lm\u0131\u015f Karantina binas\u0131ndan ismini ald\u0131\u011f\u0131n\u0131, 1930\u2019lu y\u0131llarda Murat Reis ve K\u00fc\u00e7\u00fckyal\u0131 olarak de\u011fi\u015ftirildi\u011fini, \u0130zmirlilerin bu b\u00f6lgeyi hala Karantina olarak tan\u0131mlamas\u0131 sebebiyle iskelenin ad\u0131n\u0131 da Karantina \u0130skelesi koyduklar\u0131n\u0131 belirtti.<\/p>\n<p>\u201c15 Temmuz\u2019un ard\u0131ndan ilk meclis toplant\u0131m\u0131zda karar ald\u0131k\u201d<\/p>\n<p>Meydan\u0131n 15 Temmuz hain darbe giri\u015fiminden sonraki ilk meclis toplant\u0131s\u0131 8 A\u011fustos 2016\u2019da oybirli\u011fiyle al\u0131nan karar do\u011frultusunda, 15 Temmuz Demokrasi \u015eehitleri Meydan\u0131 ad\u0131n\u0131 verdiklerini ifade eden Ba\u015fkan Kocao\u011flu, \u201cO g\u00fcn orada, o meclis toplant\u0131s\u0131nda demi\u015ftik ki; \u2018T\u00fcrk demokrasisine y\u00f6neltilen bu haysiyet ve hukuk d\u0131\u015f\u0131 giri\u015fimi haz\u0131rlayan ve uygulayanlar\u0131 \u015fiddetle k\u0131n\u0131yoruz. Ve bug\u00fcn diyoruz ki; 15 Temmuz\u2019dan alaca\u011f\u0131m\u0131z en b\u00fcy\u00fck ders, \u00fclkemizin b\u00f6l\u00fcnmez b\u00fct\u00fcnl\u00fc\u011f\u00fcn\u00fc koruyabilmek i\u00e7in mutlaka demokrasiyi geli\u015ftirmemiz ve hukuk sistemini yeniden tesis etmemiz olmal\u0131d\u0131r. Bu \u00fclkenin \u00fczerinde dola\u015fan kara bulutlar\u0131 ancak kol kola, omuz omuza, aram\u0131zdaki ayr\u0131l\u0131klar\u0131 bir tarafa b\u0131rakarak, tek v\u00fccut olarak defedebiliriz. T\u00fcrkiye Cumhuriyeti, prangalar\u0131ndan ar\u0131nm\u0131\u015f olarak yoluna devam edecek ve Ulu \u00d6nderimiz Mustafa Kemal Atat\u00fcrk\u2019\u00fcn hedef g\u00f6sterdi\u011fi \u00e7a\u011fda\u015f medeniyet d\u00fczeyinin \u00fcst\u00fcne \u00e7\u0131kacakt\u0131r. \u0130nanc\u0131m\u0131z budur\u201d diye konu\u015ftu.<\/p>\n<p>\u0130zmir\u2019in en b\u00fcy\u00fck 3 meydan\u0131ndan biri<\/p>\n<p>71 d\u00f6n\u00fcml\u00fck bu meydan\u0131n, G\u00fcndo\u011fdu ve Konak meydanlar\u0131yla birlikte, \u0130zmir\u2019in en b\u00fcy\u00fck 3 meydan\u0131ndan biri oldu\u011funu dile getiren Kocao\u011flu, \u201c\u00c7ok da g\u00fczel oldu. \u0130\u00e7inden tramvay ge\u00e7iyor. K\u0131y\u0131s\u0131na vapurlar yana\u015f\u0131yor. Gen\u00e7ler art\u0131k burada bulu\u015facak. \u00c7ocuklar buradaki oyun ve su parklar\u0131nda e\u011flenecek. Bisikletliler burada soluklanacak. Ya\u015fl\u0131lar\u0131m\u0131z burada huzur bulacak. \u0130zmirliler imbat\u0131, burada daha bir keyifle hissedecek. Daha \u00f6nce Sahil Bulvar\u0131 nedeniyle k\u00f6rfeze ula\u015fmakta zorlanan b\u00f6lge halk\u0131, hi\u00e7 bir engelle kar\u015f\u0131la\u015fmadan, ara\u00e7lar\u0131n durmas\u0131n\u0131 beklemeden denizle bulu\u015fabilecek. \u0130zmir\u2019in k\u0131y\u0131lar\u0131 biraz daha \u015fenlenecek. Sanat\u00e7\u0131 G\u00fcnnur \u00d6zsoy\u2019un aya\u011fa kalkm\u0131\u015f \u00e7ak\u0131l ta\u015flar\u0131yla &#8220;omuz omuza duran halk\u0131&#8221; \u00e7a\u011fr\u0131\u015ft\u0131ran an\u0131t heykeli de meydana ayr\u0131 bir anlam kat\u0131yor. Bu meydan, Mavi\u015fehir-\u00dc\u00e7kuyular aras\u0131ndaki yakla\u015f\u0131k 40 kilometrelik k\u0131y\u0131 \u015feridinin yenilenmesi ve \u0130zmirlilerin denizle ili\u015fkisini g\u00fc\u00e7lendirilmesi i\u00e7in haz\u0131rlad\u0131\u011f\u0131m\u0131z \u0130zmirDeniz projesinin \u00f6nemli bir aya\u011f\u0131d\u0131r. \u0130zmirDeniz, Akdeniz\u2019in tasar\u0131m ve yenilik kenti olma hedefi \u00e7er\u00e7evesinde geli\u015ftirdi\u011fimiz, kat\u0131l\u0131ma \u00f6nem veren y\u00f6neti\u015fim anlay\u0131\u015f\u0131n\u0131n bir \u00fcr\u00fcn\u00fcd\u00fcr. \u0130zmir\u2019e has kolektif bir \u00e7al\u0131\u015fmad\u0131r. Birlikte tasarlama ve birlikte uygulaman\u0131n g\u00fczel bir \u00f6rne\u011fidir. Mimar, \u015fehir planc\u0131s\u0131, end\u00fcstriyel tasar\u0131mc\u0131, m\u00fchendis ve akademisyenden olu\u015fan say\u0131s\u0131 100\u2019\u00fc a\u015fan uzman\u0131n eme\u011fi vard\u0131r bu projede. \u0130zmirDeniz projesi, d\u00fcn ak\u015fam, T\u00fcrk Serbest Mimarlar Derne\u011fi\u2019nin iki senede bir verdi\u011fi Mimarl\u0131k \u00d6d\u00fclleri\u2019nde, Se\u00e7ici Kurul taraf\u0131ndan &#8220;J\u00fcri \u00d6zel \u00d6d\u00fcl\u00fc&#8221;  ile \u00f6d\u00fcllendirildi\u201d ifadelerini kulland\u0131.<\/p>\n<p>\u201cTanzim sat\u0131\u015flara biz model \u00f6nerdik, kooperatifler\u201d<\/p>\n<p>\u0130zmir\u2019deki tar\u0131msal \u00fcretimin, T\u00fcrkiye ortalamas\u0131n\u0131n iki kat\u0131ndan fazla b\u00fcy\u00fcd\u00fc\u011f\u00fcn\u00fc ifade eden Kocoa\u011flu, &#8220;Azalan tar\u0131msal \u00fcr\u00fcnlerle birlikte fiyatlar\u0131 dengelemek i\u00e7in \u2018Tanzim Sat\u0131\u015f\u2019 gibi palyatif y\u00f6ntemler uygulanaca\u011f\u0131na, neden kooperatif\u00e7ilik bir &#8220;devlet politikas\u0131&#8221; olarak benimsenmiyor? Tanzim sat\u0131\u015flara biz model \u00f6nerdik, kooperatifler. \u0130zmir\u2019de deste\u011fe muhta\u00e7 35 bin aileye \u00f6n\u00fcm\u00fczdeki g\u00fcnlerden itibaren \u00fccretsiz kuru so\u011fan ve patates deste\u011fi vermeye ba\u015flayaca\u011f\u0131z ve vermeye de devam edece\u011fiz\u201d dedi.<\/p>\n<p>\u201cAtat\u00fcrk, eminim d\u00f6n\u00fcp seslenirdi\u201d<\/p>\n<p>T\u00fcrkiye\u2019nin &#8220;\u0130zmir gibi&#8221; olmas\u0131 gerekti\u011fini ifade eden Ba\u015fkan Kocao\u011flu, s\u00f6zlerini \u015f\u00f6yle s\u00fcrd\u00fcrd\u00fc:<\/p>\n<p>\u201cAma Kabine\u2019nin etkili bir bakan\u0131, \u0130zmir\u2019e gelip \u2018Atat\u00fcrk mezar\u0131ndan kalksa, \u0130zmir\u2019in bu halini g\u00f6rse, bunlar\u0131 denize d\u00f6ker\u2019 diyebiliyor. Oysa tam aksine iktidar partisinin t\u00fcm \u00e7ifte standartlar\u0131na, t\u00fcm engellemelerine, bu kenti g\u00f6rmezden gelmelerine ra\u011fmen bir ba\u015far\u0131 \u00f6yk\u00fcs\u00fc yazan; g\u00f6sterdi\u011fi istikametten hi\u00e7 \u015fa\u015fmayan, \u00e7a\u011fda\u015fl\u0131k ve ayd\u0131nl\u0131ktan hi\u00e7 taviz vermeyen; \u00e7at\u0131\u015fmalar\u0131n, kampla\u015fmalar\u0131n, karpuz gibi b\u00f6l\u00fcnmelerin artt\u0131\u011f\u0131 \u015fu d\u00f6nemde mutlu, umutlu, bar\u0131\u015f i\u00e7inde ya\u015fayan \u0130zmirlilerle gurur duyard\u0131 Atam\u0131z. Ve Ulu \u00d6nderimiz Mustafa Kemal Atat\u00fcrk, eminim iktidar partisi y\u00f6neticilerine d\u00f6n\u00fcp \u015f\u00f6yle seslenirdi; &#8220;Sevgiyi, sayg\u0131y\u0131 ve empatiyi hi\u00e7e sayaca\u011f\u0131n\u0131za, kafan\u0131z\u0131 \u00e7evirip biraz da \u0130zmir\u2019e bak\u0131n. Demokrasiye inan\u0131n; ho\u015fg\u00f6r\u00fcl\u00fc olun, \u0130zmirliler gibi. G\u00fczel \u0130zmir\u2019de g\u00fczel \u015feyler oldu\u011funu kabul edin art\u0131k. \u2019Benim partimden olmayan\u0131 yok sayar\u0131m\u2019 saplant\u0131s\u0131ndan kurtulun. Yerelden kalk\u0131nma ba\u015far\u0131s\u0131n\u0131 k\u0131skanmay\u0131n; aksine gurur duyun \u0130zmir\u2019le. Benim k\u00f6yl\u00fcme \u2019milletin efendisi\u2019 oldu\u011funu yeniden hat\u0131rlatan; insanlar\u0131n birbirine nefretle de\u011fil sevgiyle bakt\u0131\u011f\u0131, Ve herkesin ya\u015famak i\u00e7in can att\u0131\u011f\u0131 \u0130zmir\u2019i g\u00f6r\u00fcn art\u0131k.&#8221;<\/p>\n<p>\u201cDemokrasi ad\u0131na \u00e7ok \u015fehitler verdik\u201d<\/p>\n<p>Konak Belediye Ba\u015fkan\u0131 Sema Pekda\u015f da, \u201c\u0130zmir mutlu insanlar\u0131n \u015fehri. Biz \u0130zmirlilik ruhunu, bilincini hep ya\u015fatmak istedik. Ba\u015ftan belediye ba\u015fkan\u0131m\u0131z Aziz Kocao\u011flu ve t\u00fcm arkada\u015flar\u0131m\u0131zla birlikte kent kimli\u011fini \u00e7ok \u00f6nemlidir. Kentler pazarlanan yerler de\u011fil, ya\u015fanabilir yerlerdir. Demokrasi ad\u0131na \u00e7ok \u015fehitler verdik. \u0130\u015fte bu meydanda bu anlaml\u0131 duru\u015fa hizmet edecek bir meydan\u201d diye konu\u015ftu.<\/p>\n<p>\u00c7ak\u0131l ta\u015flar\u0131yla omuz omuza duran halk\u0131 \u00e7a\u011fr\u0131\u015ft\u0131ran heykel<\/p>\n<p>15 Temmuz Demokrasi \u015eehitleri Meydan\u0131, Mustafa Kemal Sahil Bulvar\u0131 trafi\u011fini rahatlatmak ve b\u00f6lgeye yeni bir soluk getirmek amac\u0131yla Mithatpa\u015fa Park\u0131 \u00f6n\u00fcndeki trafi\u011fin yer alt\u0131na al\u0131nmas\u0131yla olu\u015fturuldu.  Mithatpa\u015fa Park\u0131 \u00f6n\u00fcnde d\u00fczenlenen 71 bin 500 metrekarelik meydan,  \u00e7ocuk oyun alan\u0131, sahne olarak kullan\u0131labilecek g\u00f6steri alan\u0131, su oyun alan\u0131, dinlenme alanlar\u0131, bisiklet ve yaya yollar\u0131, \u00f6zel tasarlanm\u0131\u015f kentsel donat\u0131lar, otomatik tuvaletler ve etkinlik alanlar\u0131ndan olu\u015fuyor. Ye\u015fil dokusu, farkl\u0131 peyzaj uygulamalar\u0131 ve oyun gruplar\u0131yla b\u00f6lgeye estetik a\u00e7\u0131dan \u00f6nemli bir de\u011fer katacak olan bu yeni meydan, \u0130zmirlileri bin 200 metrekarelik sahil \u015feridi ile bulu\u015fturuyor.  Konak Tramvay\u0131\u2019n\u0131n da ge\u00e7ti\u011fi meydanda, sanat\u00e7\u0131 G\u00fcnnur \u00d6zsoy\u2019un an\u0131t heykel \u00e7al\u0131\u015fmas\u0131 da yer al\u0131yor. Meydanda yer alan an\u0131t heykel, 8 proje aras\u0131ndan se\u00e7ildi.  Sanat\u00e7\u0131 G\u00fcnnur \u00d6zsoy\u2019un \u201ctek bir par\u00e7adan ba\u015flay\u0131p gittik\u00e7e s\u0131kla\u015farak devam eden ve kumsaldaki \u00e7ak\u0131l ta\u015flar\u0131n\u0131 hat\u0131rlatan\u201d eserinin se\u00e7ilmesinde,  hayat\u0131n i\u00e7inde t\u00f6rp\u00fclenmi\u015f \u00e7ak\u0131l ta\u015flar\u0131n\u0131n aya\u011fa kalkarak birlikte bir b\u00fct\u00fcn olmas\u0131 ve omuz omuza duran halk\u0131 \u00e7a\u011fr\u0131\u015ft\u0131rmas\u0131 unsurlar\u0131 \u00f6ne \u00e7\u0131kt\u0131. Tamirat\u0131 kolay, hafif ve d\u0131\u015f ko\u015fullara dayan\u0131kl\u0131 bir malzeme olan polyester malzemenin kullan\u0131ld\u0131\u011f\u0131 heykel, b\u00fct\u00fcn olmu\u015f bir milleti temsil etmesi y\u00f6n\u00fcnden beyaz renk se\u00e7ildi. Su havuzuna yerle\u015ftirilen 60 santim geni\u015fli\u011finde, 120 santim uzunlu\u011fundaki 23 heykel, ayn\u0131 zamanda teknelerin yelkenlerini ve ku\u015f kanatlar\u0131n\u0131 hat\u0131rlatarak \u00f6zg\u00fcrl\u00fck enerjisi de yay\u0131yor. An\u0131t heykel, heykeli yans\u0131tacak su havuzu \u00fczerinde yer ald\u0131 ve havuzun kenar\u0131 su perdesi ile \u00e7evrildi. 241 demokrasi \u015fehidinin ad\u0131n\u0131n yaz\u0131ld\u0131\u011f\u0131 an\u0131t heykel \u00e7evresinde yaya yolu, an\u0131t alan\u0131nda ise bir anma b\u00f6l\u00fcm\u00fc de bulunuyor. An\u0131t, hem birlik ve beraberli\u011fi hem de \u0130zmirliler\u2019in demokrasiye inanc\u0131n\u0131 anlat\u0131yor. B\u00f6lgedeki deniz ula\u015f\u0131m\u0131n\u0131 g\u00fc\u00e7lendirmek amac\u0131yla \u0130zmir B\u00fcy\u00fck\u015fehir Belediyesi k\u0131y\u0131ya iskele ve tekne yana\u015fma yeri de yapt\u0131.  Kent i\u00e7i ula\u015f\u0131mda K\u00f6rfez\u2019den daha \u00e7ok yararlanmay\u0131 hedefleyen B\u00fcy\u00fck\u015fehir,  Karantina Vapur \u0130skelesi\u2019ni de 2018 y\u0131l\u0131 Aral\u0131k ay\u0131nda hizmete ald\u0131.<div class=\"tiled-gallery type-rectangular tiled-gallery-unresized\" data-original-width=\"500\" data-carousel-extra='null' itemscope itemtype=\"http:\/\/schema.org\/ImageGallery\" > <div class=\"gallery-row\" style=\"width: 500px; height: 234px;\" data-original-width=\"500\" data-original-height=\"234\" > <div class=\"gallery-group images-1\" style=\"width: 349px; height: 234px;\" data-original-width=\"349\" data-original-height=\"234\" > <div class=\"tiled-gallery-item tiled-gallery-item-large\" itemprop=\"associatedMedia\" itemscope itemtype=\"http:\/\/schema.org\/ImageObject\"> <a href=\"http:\/\/www.tvturk.com\/index.php\/kilicdaroglu-bir-degil-iki-15-temmuz-var\/kilicdaroglu-bir-degil-iki-15-temmuz-var-3\/\" border=\"0\" itemprop=\"url\"> <meta itemprop=\"width\" content=\"345\"> <meta itemprop=\"height\" content=\"230\"> <img decoding=\"async\" class=\"\" data-attachment-id=\"43061\" data-orig-file=\"http:\/\/www.tvturk.com\/wp-content\/uploads\/2019\/02\/kilicdaroglu-bir-degil-iki-15-temmuz-var_9b036f6.jpg\" data-orig-size=\"1000,666\" data-comments-opened=\"\" data-image-meta=\"{&quot;aperture&quot;:&quot;0&quot;,&quot;credit&quot;:&quot;IHA&quot;,&quot;camera&quot;:&quot;&quot;,&quot;caption&quot;:&quot;HP GENEL BA\\u015eKANI KEMAL KILI\\u00c7DARO\\u011eLU, \\u0130ZM\\u0130R B\\u00dcY\\u00dcK\\u015eEH\\u0130R BELED\\u0130YES\\u0130 TARAFINDAN YAPIMI TAMAMLANAN 15 TEMMUZ DEMOKRAS\\u0130 \\u015eEH\\u0130TLER\\u0130 MEYDANI\\u2019NIN A\\u00c7ILI\\u015eINI YAPTI. (HAL\\u0130L KARAHAN - M\\u0130HRAP D\\u00dcZ\\u00d6Z\\\/\\u0130ZM\\u0130R-\\u0130HA)&quot;,&quot;created_timestamp&quot;:&quot;0&quot;,&quot;copyright&quot;:&quot;\\u0130HLAS HABER AJANSI, www.iha.com.tr&quot;,&quot;focal_length&quot;:&quot;0&quot;,&quot;iso&quot;:&quot;0&quot;,&quot;shutter_speed&quot;:&quot;0&quot;,&quot;title&quot;:&quot;KILI\\u00c7DARO\\u011eLU: \\u201cB\\u0130R DE\\u011e\\u0130L \\u0130K\\u0130 15 TEMMUZ VAR\\u201d B\\u0130R DE\\u011e\\u0130L \\u0130K\\u0130 15 TEMMUZ VARDIR. B\\u0130R HALKIN 15 TEMMUZ\\u2019U, \\u0130K\\u0130 SARAYIN 15 TEMMUZ\\u2019U. B\\u0130Z HALKIN 15 TEMMUZU\\u2019NA \\u2018EVET\\u2019 SARAYIN 15 TEMMUZU\\u2019NA \\u2018HAYIR\\u2019 D\\u0130YORUZ. ARADAK\\u0130 FARK; HALKIN 15 TEMMUZ\\u2019U B\\u0130R DEMOKRAS\\u0130 \\u015e\\u00d6LEN\\u0130D\\u0130R. KAR\\u015eILI\\u011eINDA BEDELLER\\u0130N \\u00d6DEND\\u0130\\u011e\\u0130 DEMOKRAS\\u0130 \\u015e\\u00d6LEN\\u0130D\\u0130R. \\u0130NSANLAR HAYATLARINI VERD\\u0130LER, DEMOKRAS\\u0130 \\u0130\\u00c7\\u0130N. AMA B\\u0130R\\u0130LER\\u0130 DE 15 TEMMUZ\\u2019U ALLAH\\u2019IN L\\u00dcTFU SAYIP, 20 TEMMUZ S\\u0130V\\u0130L DARBES\\u0130N\\u0130 YAPTILAR\\u201d \\u201cM\\u0130LL\\u0130 \\u0130ST\\u0130HBARATIN EMN\\u0130YET\\u0130N BA\\u015eKA \\u0130\\u015e\\u0130 M\\u0130 YOK? ADALET VE KALKINMA PART\\u0130S\\u0130 ADAYLARININ DOSYALARINI \\u0130NCELEN\\u0130P BEYEFEND\\u0130N\\u0130N \\u00d6N\\u00dcNE KOYULMU\\u015e. AKILLA, DEMOKRAS\\u0130YLE, HAKLA, HUKUKLA BA\\u011eDA\\u015eAN Y\\u00d6N\\u00dc VAR MI BUNUN?\\u201d \\u201cTANZ\\u0130M SATI\\u015e NOKTALARI A\\u00c7IYOR. NEYLE PARAYLA? \\u0130STANBUL VARO\\u015eLARI D\\u00dc\\u015e\\u00dcN. OTOB\\u00dcS PARASI BULAMAYAN Y\\u00dcZB\\u0130NLERCE K\\u0130\\u015e\\u0130 VAR. B\\u0130NECEK OTOB\\u00dcSE SO\\u011eAN ALACAK, TEKRAR G\\u0130DECEK. B\\u0130Z NE YAPIYORUZ? \\u0130NSANLARI KUYRU\\u011eA SOKMUYORUZ\\u201d&quot;,&quot;orientation&quot;:&quot;0&quot;}\" data-image-title=\"K\u0131l\u0131\u00e7daro\u011flu: \u201cBir de\u011fil iki 15 Temmuz var\u201d\" data-image-description=\"&lt;p&gt;K\u0131l\u0131\u00e7daro\u011flu: \u201cBir de\u011fil iki 15 Temmuz var\u201d&lt;\/p&gt; \" data-medium-file=\"https:\/\/i0.wp.com\/www.tvturk.com\/wp-content\/uploads\/2019\/02\/kilicdaroglu-bir-degil-iki-15-temmuz-var_9b036f6.jpg?fit=300%2C200\" data-large-file=\"https:\/\/i0.wp.com\/www.tvturk.com\/wp-content\/uploads\/2019\/02\/kilicdaroglu-bir-degil-iki-15-temmuz-var_9b036f6.jpg?fit=1000%2C666\" src=\"https:\/\/i0.wp.com\/www.tvturk.com\/wp-content\/uploads\/2019\/02\/kilicdaroglu-bir-degil-iki-15-temmuz-var_9b036f6.jpg?w=345&#038;h=230\" srcset=\"https:\/\/i0.wp.com\/www.tvturk.com\/wp-content\/uploads\/2019\/02\/kilicdaroglu-bir-degil-iki-15-temmuz-var_9b036f6.jpg?w=1000 1000w, https:\/\/i0.wp.com\/www.tvturk.com\/wp-content\/uploads\/2019\/02\/kilicdaroglu-bir-degil-iki-15-temmuz-var_9b036f6.jpg?resize=150%2C100 150w, https:\/\/i0.wp.com\/www.tvturk.com\/wp-content\/uploads\/2019\/02\/kilicdaroglu-bir-degil-iki-15-temmuz-var_9b036f6.jpg?resize=300%2C200 300w, https:\/\/i0.wp.com\/www.tvturk.com\/wp-content\/uploads\/2019\/02\/kilicdaroglu-bir-degil-iki-15-temmuz-var_9b036f6.jpg?resize=768%2C511 768w, https:\/\/i0.wp.com\/www.tvturk.com\/wp-content\/uploads\/2019\/02\/kilicdaroglu-bir-degil-iki-15-temmuz-var_9b036f6.jpg?resize=170%2C113 170w, https:\/\/i0.wp.com\/www.tvturk.com\/wp-content\/uploads\/2019\/02\/kilicdaroglu-bir-degil-iki-15-temmuz-var_9b036f6.jpg?resize=120%2C80 120w\" width=\"345\" height=\"230\" loading=\"lazy\" data-original-width=\"345\" data-original-height=\"230\" itemprop=\"http:\/\/schema.org\/image\" title=\"K\u0131l\u0131\u00e7daro\u011flu: \u201cBir de\u011fil iki 15 Temmuz var\u201d\" alt=\"K\u0131l\u0131\u00e7daro\u011flu: \u201cBir de\u011fil iki 15 Temmuz var\u201d\" style=\"width: 345px; height: 230px;\" \/> <\/a> <\/div> <\/div> <!-- close group --> <div class=\"gallery-group images-2\" style=\"width: 151px; height: 234px;\" data-original-width=\"151\" data-original-height=\"234\" > <div class=\"tiled-gallery-item tiled-gallery-item-small\" itemprop=\"associatedMedia\" itemscope itemtype=\"http:\/\/schema.org\/ImageObject\"> <a href=\"http:\/\/www.tvturk.com\/index.php\/kilicdaroglu-bir-degil-iki-15-temmuz-var\/kilicdaroglu-bir-degil-iki-15-temmuz-var-4\/\" border=\"0\" itemprop=\"url\"> <meta itemprop=\"width\" content=\"147\"> <meta itemprop=\"height\" content=\"128\"> <img decoding=\"async\" class=\"\" data-attachment-id=\"43062\" data-orig-file=\"http:\/\/www.tvturk.com\/wp-content\/uploads\/2019\/02\/kilicdaroglu-bir-degil-iki-15-temmuz-var_1f73e9d.jpg\" data-orig-size=\"1000,877\" data-comments-opened=\"\" data-image-meta=\"{&quot;aperture&quot;:&quot;0&quot;,&quot;credit&quot;:&quot;IHA&quot;,&quot;camera&quot;:&quot;&quot;,&quot;caption&quot;:&quot;HP GENEL BA\\u015eKANI KEMAL KILI\\u00c7DARO\\u011eLU, \\u0130ZM\\u0130R B\\u00dcY\\u00dcK\\u015eEH\\u0130R BELED\\u0130YES\\u0130 TARAFINDAN YAPIMI TAMAMLANAN 15 TEMMUZ DEMOKRAS\\u0130 \\u015eEH\\u0130TLER\\u0130 MEYDANI\\u2019NIN A\\u00c7ILI\\u015eINI YAPTI. (HAL\\u0130L KARAHAN - M\\u0130HRAP D\\u00dcZ\\u00d6Z\\\/\\u0130ZM\\u0130R-\\u0130HA)&quot;,&quot;created_timestamp&quot;:&quot;0&quot;,&quot;copyright&quot;:&quot;\\u0130HLAS HABER AJANSI, www.iha.com.tr&quot;,&quot;focal_length&quot;:&quot;0&quot;,&quot;iso&quot;:&quot;0&quot;,&quot;shutter_speed&quot;:&quot;0&quot;,&quot;title&quot;:&quot;KILI\\u00c7DARO\\u011eLU: \\u201cB\\u0130R DE\\u011e\\u0130L \\u0130K\\u0130 15 TEMMUZ VAR\\u201d B\\u0130R DE\\u011e\\u0130L \\u0130K\\u0130 15 TEMMUZ VARDIR. B\\u0130R HALKIN 15 TEMMUZ\\u2019U, \\u0130K\\u0130 SARAYIN 15 TEMMUZ\\u2019U. B\\u0130Z HALKIN 15 TEMMUZU\\u2019NA \\u2018EVET\\u2019 SARAYIN 15 TEMMUZU\\u2019NA \\u2018HAYIR\\u2019 D\\u0130YORUZ. ARADAK\\u0130 FARK; HALKIN 15 TEMMUZ\\u2019U B\\u0130R DEMOKRAS\\u0130 \\u015e\\u00d6LEN\\u0130D\\u0130R. KAR\\u015eILI\\u011eINDA BEDELLER\\u0130N \\u00d6DEND\\u0130\\u011e\\u0130 DEMOKRAS\\u0130 \\u015e\\u00d6LEN\\u0130D\\u0130R. \\u0130NSANLAR HAYATLARINI VERD\\u0130LER, DEMOKRAS\\u0130 \\u0130\\u00c7\\u0130N. AMA B\\u0130R\\u0130LER\\u0130 DE 15 TEMMUZ\\u2019U ALLAH\\u2019IN L\\u00dcTFU SAYIP, 20 TEMMUZ S\\u0130V\\u0130L DARBES\\u0130N\\u0130 YAPTILAR\\u201d \\u201cM\\u0130LL\\u0130 \\u0130ST\\u0130HBARATIN EMN\\u0130YET\\u0130N BA\\u015eKA \\u0130\\u015e\\u0130 M\\u0130 YOK? ADALET VE KALKINMA PART\\u0130S\\u0130 ADAYLARININ DOSYALARINI \\u0130NCELEN\\u0130P BEYEFEND\\u0130N\\u0130N \\u00d6N\\u00dcNE KOYULMU\\u015e. AKILLA, DEMOKRAS\\u0130YLE, HAKLA, HUKUKLA BA\\u011eDA\\u015eAN Y\\u00d6N\\u00dc VAR MI BUNUN?\\u201d \\u201cTANZ\\u0130M SATI\\u015e NOKTALARI A\\u00c7IYOR. NEYLE PARAYLA? \\u0130STANBUL VARO\\u015eLARI D\\u00dc\\u015e\\u00dcN. OTOB\\u00dcS PARASI BULAMAYAN Y\\u00dcZB\\u0130NLERCE K\\u0130\\u015e\\u0130 VAR. B\\u0130NECEK OTOB\\u00dcSE SO\\u011eAN ALACAK, TEKRAR G\\u0130DECEK. B\\u0130Z NE YAPIYORUZ? \\u0130NSANLARI KUYRU\\u011eA SOKMUYORUZ\\u201d&quot;,&quot;orientation&quot;:&quot;0&quot;}\" data-image-title=\"K\u0131l\u0131\u00e7daro\u011flu: \u201cBir de\u011fil iki 15 Temmuz var\u201d\" data-image-description=\"&lt;p&gt;K\u0131l\u0131\u00e7daro\u011flu: \u201cBir de\u011fil iki 15 Temmuz var\u201d&lt;\/p&gt; \" data-medium-file=\"https:\/\/i0.wp.com\/www.tvturk.com\/wp-content\/uploads\/2019\/02\/kilicdaroglu-bir-degil-iki-15-temmuz-var_1f73e9d.jpg?fit=300%2C263\" data-large-file=\"https:\/\/i0.wp.com\/www.tvturk.com\/wp-content\/uploads\/2019\/02\/kilicdaroglu-bir-degil-iki-15-temmuz-var_1f73e9d.jpg?fit=1000%2C877\" src=\"https:\/\/i0.wp.com\/www.tvturk.com\/wp-content\/uploads\/2019\/02\/kilicdaroglu-bir-degil-iki-15-temmuz-var_1f73e9d.jpg?w=147&#038;h=128\" srcset=\"https:\/\/i0.wp.com\/www.tvturk.com\/wp-content\/uploads\/2019\/02\/kilicdaroglu-bir-degil-iki-15-temmuz-var_1f73e9d.jpg?w=1000 1000w, https:\/\/i0.wp.com\/www.tvturk.com\/wp-content\/uploads\/2019\/02\/kilicdaroglu-bir-degil-iki-15-temmuz-var_1f73e9d.jpg?resize=150%2C132 150w, https:\/\/i0.wp.com\/www.tvturk.com\/wp-content\/uploads\/2019\/02\/kilicdaroglu-bir-degil-iki-15-temmuz-var_1f73e9d.jpg?resize=300%2C263 300w, https:\/\/i0.wp.com\/www.tvturk.com\/wp-content\/uploads\/2019\/02\/kilicdaroglu-bir-degil-iki-15-temmuz-var_1f73e9d.jpg?resize=768%2C674 768w\" width=\"147\" height=\"128\" loading=\"lazy\" data-original-width=\"147\" data-original-height=\"128\" itemprop=\"http:\/\/schema.org\/image\" title=\"K\u0131l\u0131\u00e7daro\u011flu: \u201cBir de\u011fil iki 15 Temmuz var\u201d\" alt=\"K\u0131l\u0131\u00e7daro\u011flu: \u201cBir de\u011fil iki 15 Temmuz var\u201d\" style=\"width: 147px; height: 128px;\" \/> <\/a> <\/div> <div class=\"tiled-gallery-item tiled-gallery-item-small\" itemprop=\"associatedMedia\" itemscope itemtype=\"http:\/\/schema.org\/ImageObject\"> <a href=\"http:\/\/www.tvturk.com\/index.php\/kilicdaroglu-bir-degil-iki-15-temmuz-var\/kilicdaroglu-bir-degil-iki-15-temmuz-var-5\/\" border=\"0\" itemprop=\"url\"> <meta itemprop=\"width\" content=\"147\"> <meta itemprop=\"height\" content=\"98\"> <img decoding=\"async\" class=\"\" data-attachment-id=\"43063\" data-orig-file=\"http:\/\/www.tvturk.com\/wp-content\/uploads\/2019\/02\/kilicdaroglu-bir-degil-iki-15-temmuz-var_f38ef75.jpg\" data-orig-size=\"1000,666\" data-comments-opened=\"\" data-image-meta=\"{&quot;aperture&quot;:&quot;0&quot;,&quot;credit&quot;:&quot;IHA&quot;,&quot;camera&quot;:&quot;&quot;,&quot;caption&quot;:&quot;HP GENEL BA\\u015eKANI KEMAL KILI\\u00c7DARO\\u011eLU, \\u0130ZM\\u0130R B\\u00dcY\\u00dcK\\u015eEH\\u0130R BELED\\u0130YES\\u0130 TARAFINDAN YAPIMI TAMAMLANAN 15 TEMMUZ DEMOKRAS\\u0130 \\u015eEH\\u0130TLER\\u0130 MEYDANI\\u2019NIN A\\u00c7ILI\\u015eINI YAPTI. (HAL\\u0130L KARAHAN - M\\u0130HRAP D\\u00dcZ\\u00d6Z\\\/\\u0130ZM\\u0130R-\\u0130HA)&quot;,&quot;created_timestamp&quot;:&quot;0&quot;,&quot;copyright&quot;:&quot;\\u0130HLAS HABER AJANSI, www.iha.com.tr&quot;,&quot;focal_length&quot;:&quot;0&quot;,&quot;iso&quot;:&quot;0&quot;,&quot;shutter_speed&quot;:&quot;0&quot;,&quot;title&quot;:&quot;KILI\\u00c7DARO\\u011eLU: \\u201cB\\u0130R DE\\u011e\\u0130L \\u0130K\\u0130 15 TEMMUZ VAR\\u201d B\\u0130R DE\\u011e\\u0130L \\u0130K\\u0130 15 TEMMUZ VARDIR. B\\u0130R HALKIN 15 TEMMUZ\\u2019U, \\u0130K\\u0130 SARAYIN 15 TEMMUZ\\u2019U. B\\u0130Z HALKIN 15 TEMMUZU\\u2019NA \\u2018EVET\\u2019 SARAYIN 15 TEMMUZU\\u2019NA \\u2018HAYIR\\u2019 D\\u0130YORUZ. ARADAK\\u0130 FARK; HALKIN 15 TEMMUZ\\u2019U B\\u0130R DEMOKRAS\\u0130 \\u015e\\u00d6LEN\\u0130D\\u0130R. KAR\\u015eILI\\u011eINDA BEDELLER\\u0130N \\u00d6DEND\\u0130\\u011e\\u0130 DEMOKRAS\\u0130 \\u015e\\u00d6LEN\\u0130D\\u0130R. \\u0130NSANLAR HAYATLARINI VERD\\u0130LER, DEMOKRAS\\u0130 \\u0130\\u00c7\\u0130N. AMA B\\u0130R\\u0130LER\\u0130 DE 15 TEMMUZ\\u2019U ALLAH\\u2019IN L\\u00dcTFU SAYIP, 20 TEMMUZ S\\u0130V\\u0130L DARBES\\u0130N\\u0130 YAPTILAR\\u201d \\u201cM\\u0130LL\\u0130 \\u0130ST\\u0130HBARATIN EMN\\u0130YET\\u0130N BA\\u015eKA \\u0130\\u015e\\u0130 M\\u0130 YOK? ADALET VE KALKINMA PART\\u0130S\\u0130 ADAYLARININ DOSYALARINI \\u0130NCELEN\\u0130P BEYEFEND\\u0130N\\u0130N \\u00d6N\\u00dcNE KOYULMU\\u015e. AKILLA, DEMOKRAS\\u0130YLE, HAKLA, HUKUKLA BA\\u011eDA\\u015eAN Y\\u00d6N\\u00dc VAR MI BUNUN?\\u201d \\u201cTANZ\\u0130M SATI\\u015e NOKTALARI A\\u00c7IYOR. NEYLE PARAYLA? \\u0130STANBUL VARO\\u015eLARI D\\u00dc\\u015e\\u00dcN. OTOB\\u00dcS PARASI BULAMAYAN Y\\u00dcZB\\u0130NLERCE K\\u0130\\u015e\\u0130 VAR. B\\u0130NECEK OTOB\\u00dcSE SO\\u011eAN ALACAK, TEKRAR G\\u0130DECEK. B\\u0130Z NE YAPIYORUZ? \\u0130NSANLARI KUYRU\\u011eA SOKMUYORUZ\\u201d&quot;,&quot;orientation&quot;:&quot;0&quot;}\" data-image-title=\"K\u0131l\u0131\u00e7daro\u011flu: \u201cBir de\u011fil iki 15 Temmuz var\u201d\" data-image-description=\"&lt;p&gt;K\u0131l\u0131\u00e7daro\u011flu: \u201cBir de\u011fil iki 15 Temmuz var\u201d&lt;\/p&gt; \" data-medium-file=\"https:\/\/i0.wp.com\/www.tvturk.com\/wp-content\/uploads\/2019\/02\/kilicdaroglu-bir-degil-iki-15-temmuz-var_f38ef75.jpg?fit=300%2C200\" data-large-file=\"https:\/\/i0.wp.com\/www.tvturk.com\/wp-content\/uploads\/2019\/02\/kilicdaroglu-bir-degil-iki-15-temmuz-var_f38ef75.jpg?fit=1000%2C666\" src=\"https:\/\/i0.wp.com\/www.tvturk.com\/wp-content\/uploads\/2019\/02\/kilicdaroglu-bir-degil-iki-15-temmuz-var_f38ef75.jpg?w=147&#038;h=98\" srcset=\"https:\/\/i0.wp.com\/www.tvturk.com\/wp-content\/uploads\/2019\/02\/kilicdaroglu-bir-degil-iki-15-temmuz-var_f38ef75.jpg?w=1000 1000w, https:\/\/i0.wp.com\/www.tvturk.com\/wp-content\/uploads\/2019\/02\/kilicdaroglu-bir-degil-iki-15-temmuz-var_f38ef75.jpg?resize=150%2C100 150w, https:\/\/i0.wp.com\/www.tvturk.com\/wp-content\/uploads\/2019\/02\/kilicdaroglu-bir-degil-iki-15-temmuz-var_f38ef75.jpg?resize=300%2C200 300w, https:\/\/i0.wp.com\/www.tvturk.com\/wp-content\/uploads\/2019\/02\/kilicdaroglu-bir-degil-iki-15-temmuz-var_f38ef75.jpg?resize=768%2C511 768w, https:\/\/i0.wp.com\/www.tvturk.com\/wp-content\/uploads\/2019\/02\/kilicdaroglu-bir-degil-iki-15-temmuz-var_f38ef75.jpg?resize=170%2C113 170w, https:\/\/i0.wp.com\/www.tvturk.com\/wp-content\/uploads\/2019\/02\/kilicdaroglu-bir-degil-iki-15-temmuz-var_f38ef75.jpg?resize=120%2C80 120w\" width=\"147\" height=\"98\" loading=\"lazy\" data-original-width=\"147\" data-original-height=\"98\" itemprop=\"http:\/\/schema.org\/image\" title=\"K\u0131l\u0131\u00e7daro\u011flu: \u201cBir de\u011fil iki 15 Temmuz var\u201d\" alt=\"K\u0131l\u0131\u00e7daro\u011flu: \u201cBir de\u011fil iki 15 Temmuz var\u201d\" style=\"width: 147px; height: 98px;\" \/> <\/a> <\/div> <\/div> <!-- close group --> <\/div> <!-- close row --> <\/div><\/p>\n","protected":false},"excerpt":{"rendered":"<p>HP GENEL BA\u015eKANI KEMAL KILI\u00c7DARO\u011eLU, \u0130ZM\u0130R B\u00dcY\u00dcK\u015eEH\u0130R BELED\u0130YES\u0130 TARAFINDAN YAPIMI TAMAMLANAN 15 TEMMUZ DEMOKRAS\u0130 \u015eEH\u0130TLER\u0130 MEYDANI\u2019NIN A\u00c7ILI\u015eINI YAPTI.<\/p>\n","protected":false},"author":1,"featured_media":43060,"comment_status":"closed","ping_status":"open","sticky":false,"template":"","format":"standard","meta":{"jetpack_post_was_ever_published":false,"_jetpack_newsletter_access":"","_jetpack_dont_email_post_to_subs":false,"_jetpack_newsletter_tier_id":0,"_jetpack_memberships_contains_paywalled_content":false,"_jetpack_memberships_contains_paid_content":false,"footnotes":"","jetpack_publicize_message":"","jetpack_publicize_feature_enabled":true,"jetpack_social_post_already_shared":false,"jetpack_social_options":{"image_generator_settings":{"template":"highway","default_image_id":0,"font":"","enabled":false},"version":2}},"categories":[9],"tags":[125,2039,1220,170,1148,181],"class_list":["post-43059","post","type-post","status-publish","format-standard","has-post-thumbnail","hentry","category-siyaset","tag-bir","tag-degil","tag-iki","tag-kilicdaroglu","tag-temmuz","tag-var"],"jetpack_publicize_connections":[],"jetpack_featured_media_url":"https:\/\/i0.wp.com\/www.tvturk.com\/wp-content\/uploads\/2019\/02\/kilicdaroglu-bir-degil-iki-15-temmuz-var_ee946db.jpg?fit=1000%2C666","jetpack_sharing_enabled":true,"jetpack_shortlink":"https:\/\/wp.me\/paKIfm-bcv","_links":{"self":[{"href":"http:\/\/www.tvturk.com\/index.php\/wp-json\/wp\/v2\/posts\/43059","targetHints":{"allow":["GET"]}}],"collection":[{"href":"http:\/\/www.tvturk.com\/index.php\/wp-json\/wp\/v2\/posts"}],"about":[{"href":"http:\/\/www.tvturk.com\/index.php\/wp-json\/wp\/v2\/types\/post"}],"author":[{"embeddable":true,"href":"http:\/\/www.tvturk.com\/index.php\/wp-json\/wp\/v2\/users\/1"}],"replies":[{"embeddable":true,"href":"http:\/\/www.tvturk.com\/index.php\/wp-json\/wp\/v2\/comments?post=43059"}],"version-history":[{"count":1,"href":"http:\/\/www.tvturk.com\/index.php\/wp-json\/wp\/v2\/posts\/43059\/revisions"}],"predecessor-version":[{"id":43064,"href":"http:\/\/www.tvturk.com\/index.php\/wp-json\/wp\/v2\/posts\/43059\/revisions\/43064"}],"wp:featuredmedia":[{"embeddable":true,"href":"http:\/\/www.tvturk.com\/index.php\/wp-json\/wp\/v2\/media\/43060"}],"wp:attachment":[{"href":"http:\/\/www.tvturk.com\/index.php\/wp-json\/wp\/v2\/media?parent=43059"}],"wp:term":[{"taxonomy":"category","embeddable":true,"href":"http:\/\/www.tvturk.com\/index.php\/wp-json\/wp\/v2\/categories?post=43059"},{"taxonomy":"post_tag","embeddable":true,"href":"http:\/\/www.tvturk.com\/index.php\/wp-json\/wp\/v2\/tags?post=43059"}],"curies":[{"name":"wp","href":"https:\/\/api.w.org\/{rel}","templated":true}]}}