{"id":43187,"date":"2019-02-18T09:10:51","date_gmt":"2019-02-18T06:10:51","guid":{"rendered":"http:\/\/www.tvturk.com\/index.php\/aydindan-firar-etti-sivasta-yakalandi\/"},"modified":"2019-02-18T09:10:51","modified_gmt":"2019-02-18T06:10:51","slug":"aydindan-firar-etti-sivasta-yakalandi","status":"publish","type":"post","link":"http:\/\/www.tvturk.com\/index.php\/aydindan-firar-etti-sivasta-yakalandi\/","title":{"rendered":"Ayd\u0131n\u2019dan firar etti, Sivas\u2019ta yakaland\u0131"},"content":{"rendered":"<p>Ayd\u0131n A\u00e7\u0131k Cezaevi\u2019nden firar eden ve 7 ayr\u0131 su\u00e7tan aranmas\u0131 olan \u015fah\u0131s Sivas\u2019ta polis ekipleri taraf\u0131ndan kimlik kontrolleri s\u0131ras\u0131nda yakaland\u0131.<\/p>\n<p>Edinilen bilgiye g\u00f6re, \u0130l Emniyet M\u00fcd\u00fcrl\u00fc\u011f\u00fc Asayi\u015f \u015eube M\u00fcd\u00fcrl\u00fc\u011f\u00fc\u2019ne ba\u011fl\u0131 g\u00fcven timleri Cumhuriyet Meydan\u0131\u2019nda kimlik kontrolleri s\u0131ras\u0131nda, \u015f\u00fcphe \u00fczerine bir ki\u015finin kimli\u011fini kontrol etmek istedi. Yap\u0131lan GBT sorgulamas\u0131nda A.K isimli \u015fahs\u0131n Ayd\u0131n A\u00e7\u0131k Cezaevi firarisi oldu\u011fu ve 7 ayr\u0131 su\u00e7tan arand\u0131\u011f\u0131 tespit edildi. \u015eah\u0131s yap\u0131lan kimlik kontrollerinin ard\u0131ndan g\u00fcven timleri taraf\u0131ndan Numune Hastanesine getirilerek sa\u011fl\u0131k kontrol\u00fcnden ge\u00e7irildi.<\/p>\n<p>Sa\u011fl\u0131k kontrol\u00fcn\u00fcn ard\u0131ndan A.K. i\u015flemleri i\u00e7in emniyete g\u00f6t\u00fcr\u00fcld\u00fc.<\/p>\n","protected":false},"excerpt":{"rendered":"<p>AYDIN A\u00c7IK CEZAEV\u0130&#8217;NDEN F\u0130RAR EDEN VE 7 AYRI SU\u00c7TAN ARANMASI OLAN \u015eAHIS S\u0130VAS&#8217;TA POL\u0130S EK\u0130PLER\u0130 TARAFINDAN K\u0130ML\u0130K KONTROLLER\u0130 SIRASINDA YAKALANDI<\/p>\n","protected":false},"author":1,"featured_media":43188,"comment_status":"closed","ping_status":"open","sticky":false,"template":"","format":"standard","meta":{"jetpack_post_was_ever_published":false,"_jetpack_newsletter_access":"","_jetpack_dont_email_post_to_subs":false,"_jetpack_newsletter_tier_id":0,"_jetpack_memberships_contains_paywalled_content":false,"_jetpack_memberships_contains_paid_content":false,"footnotes":"","jetpack_publicize_message":"","jetpack_publicize_feature_enabled":true,"jetpack_social_post_already_shared":false,"jetpack_social_options":{"image_generator_settings":{"template":"highway","default_image_id":0,"font":"","enabled":false},"version":2}},"categories":[655],"tags":[7743,207,10993,3765,1010],"class_list":["post-43187","post","type-post","status-publish","format-standard","has-post-thumbnail","hentry","category-son-dakika","tag-aydindan","tag-etti","tag-firar","tag-sivasta","tag-yakalandi"],"jetpack_publicize_connections":[],"jetpack_featured_media_url":"https:\/\/i0.wp.com\/www.tvturk.com\/wp-content\/uploads\/2019\/02\/aydindan-firar-etti-sivasta-yakalandi_d5d219c.jpg?fit=1000%2C662","jetpack_sharing_enabled":true,"jetpack_shortlink":"https:\/\/wp.me\/paKIfm-bez","_links":{"self":[{"href":"http:\/\/www.tvturk.com\/index.php\/wp-json\/wp\/v2\/posts\/43187","targetHints":{"allow":["GET"]}}],"collection":[{"href":"http:\/\/www.tvturk.com\/index.php\/wp-json\/wp\/v2\/posts"}],"about":[{"href":"http:\/\/www.tvturk.com\/index.php\/wp-json\/wp\/v2\/types\/post"}],"author":[{"embeddable":true,"href":"http:\/\/www.tvturk.com\/index.php\/wp-json\/wp\/v2\/users\/1"}],"replies":[{"embeddable":true,"href":"http:\/\/www.tvturk.com\/index.php\/wp-json\/wp\/v2\/comments?post=43187"}],"version-history":[{"count":0,"href":"http:\/\/www.tvturk.com\/index.php\/wp-json\/wp\/v2\/posts\/43187\/revisions"}],"wp:featuredmedia":[{"embeddable":true,"href":"http:\/\/www.tvturk.com\/index.php\/wp-json\/wp\/v2\/media\/43188"}],"wp:attachment":[{"href":"http:\/\/www.tvturk.com\/index.php\/wp-json\/wp\/v2\/media?parent=43187"}],"wp:term":[{"taxonomy":"category","embeddable":true,"href":"http:\/\/www.tvturk.com\/index.php\/wp-json\/wp\/v2\/categories?post=43187"},{"taxonomy":"post_tag","embeddable":true,"href":"http:\/\/www.tvturk.com\/index.php\/wp-json\/wp\/v2\/tags?post=43187"}],"curies":[{"name":"wp","href":"https:\/\/api.w.org\/{rel}","templated":true}]}}