{"id":43202,"date":"2019-02-18T09:11:02","date_gmt":"2019-02-18T06:11:02","guid":{"rendered":"http:\/\/www.tvturk.com\/index.php\/pkk-operasyonlarinda-gozaltina-alinanlar-adliyeye-sevk-edildi\/"},"modified":"2019-02-18T09:11:07","modified_gmt":"2019-02-18T06:11:07","slug":"pkk-operasyonlarinda-gozaltina-alinanlar-adliyeye-sevk-edildi","status":"publish","type":"post","link":"http:\/\/www.tvturk.com\/index.php\/pkk-operasyonlarinda-gozaltina-alinanlar-adliyeye-sevk-edildi\/","title":{"rendered":"PKK operasyonlar\u0131nda g\u00f6zalt\u0131na al\u0131nanlar adliyeye sevk edildi"},"content":{"rendered":"<p>Adana\u2019da \u015fafak vakti b\u00f6l\u00fcc\u00fc ter\u00f6r \u00f6rg\u00fct\u00fc PKK\u2019ya yap\u0131lan operasyonda g\u00f6zalt\u0131na al\u0131nan 5\u2019i \u00e7ocuk 11 ki\u015fi adliyeye sevk edildi.<\/p>\n<p>Adana Cumhuriyet Ba\u015fsavc\u0131l\u0131\u011f\u0131n\u0131n y\u00fcr\u00fctt\u00fc\u011f\u00fc soru\u015fturma kapsam\u0131nda Adana Emniyet M\u00fcd\u00fcrl\u00fc\u011f\u00fc Ter\u00f6rle M\u00fccadele \u015eube M\u00fcd\u00fcrl\u00fc\u011f\u00fc (TEM) ekipleri, 14 \u015eubat \u015fafak vakti b\u00f6l\u00fcc\u00fc ter\u00f6r \u00f6rg\u00fct\u00fc PKK\u2019ya y\u00f6nelik operasyon ba\u015flatt\u0131. \u00d6zel harekat polislerinin de deste\u011fiyle daha \u00f6nceden belirlenen adreslere e\u015f zamanl\u0131 bask\u0131nlar d\u00fczenlendi. \u00d6zel harekat polisleri ko\u00e7ba\u015f\u0131 ile s\u00f6z konusu \u015fah\u0131slar\u0131n evlerinin kap\u0131s\u0131n\u0131 k\u0131rarak i\u00e7eri girdi. Operasyonda ilk etapta aralar\u0131nda \u00e7ocuklar\u0131n da oldu\u011fu 24 zanl\u0131, daha sonra da 3 \u015f\u00fcpheli g\u00f6zalt\u0131na al\u0131nd\u0131.<\/p>\n<p>\u015e\u00fcpheliler, emniyete g\u00f6t\u00fcr\u00fclerek sorguya al\u0131nd\u0131. Zanl\u0131lardan ifadesi al\u0131nan 5\u2019i \u00e7ocuk 11 ki\u015fi adliyeye sevk edildi. Zanl\u0131lardan daha \u00f6nce de adliyeye sevk edilen 13 ki\u015fi adli kontrol tedbiriyle tutuksuz yarg\u0131lanmak \u00fczere serbest kalm\u0131\u015ft\u0131.<\/p>\n<p>Di\u011fer zanl\u0131lar\u0131n sorgular\u0131 devam ediyor.<div class=\"tiled-gallery type-rectangular tiled-gallery-unresized\" data-original-width=\"500\" data-carousel-extra='null' itemscope itemtype=\"http:\/\/schema.org\/ImageGallery\" > <div class=\"gallery-row\" style=\"width: 500px; height: 224px;\" data-original-width=\"500\" data-original-height=\"224\" > <div class=\"gallery-group images-1\" style=\"width: 334px; height: 224px;\" data-original-width=\"334\" data-original-height=\"224\" > <div class=\"tiled-gallery-item tiled-gallery-item-large\" itemprop=\"associatedMedia\" itemscope itemtype=\"http:\/\/schema.org\/ImageObject\"> <a href=\"http:\/\/www.tvturk.com\/index.php\/pkk-operasyonlarinda-gozaltina-alinanlar-adliyeye-sevk-edildi\/pkk-operasyonlarinda-gozaltina-alinanlar-adliyeye-sevk-edildi-3\/\" border=\"0\" itemprop=\"url\"> <meta itemprop=\"width\" content=\"330\"> <meta itemprop=\"height\" content=\"220\"> <img decoding=\"async\" class=\"\" data-attachment-id=\"43204\" data-orig-file=\"http:\/\/www.tvturk.com\/wp-content\/uploads\/2019\/02\/pkk-operasyonlarinda-gozaltina-alinanlar-adliyeye-sevk-edildi_03db1d9.jpg\" data-orig-size=\"1000,666\" data-comments-opened=\"\" data-image-meta=\"{&quot;aperture&quot;:&quot;0&quot;,&quot;credit&quot;:&quot;IHA&quot;,&quot;camera&quot;:&quot;&quot;,&quot;caption&quot;:&quot;ADANA\\u0027DA \\u015eAFAK VAKT\\u0130 B\\u00d6L\\u00dcC\\u00dc TER\\u00d6R \\u00d6RG\\u00dcT\\u00dc PKK\\u0027YA YAPILAN OPERASYONDA G\\u00d6ZALTINA ALINAN 5\\u0027\\u0130 \\u00c7OCUK 11 ZANLI ADL\\u0130YEYE SEVK ED\\u0130LD\\u0130. (FAT\\u0130H KE\\u00c7E - SERKAN \\u00c7ET\\u0130NKAYA\\\/ADANA-\\u0130HA)&quot;,&quot;created_timestamp&quot;:&quot;0&quot;,&quot;copyright&quot;:&quot;\\u0130HLAS HABER AJANSI, www.iha.com.tr&quot;,&quot;focal_length&quot;:&quot;0&quot;,&quot;iso&quot;:&quot;0&quot;,&quot;shutter_speed&quot;:&quot;0&quot;,&quot;title&quot;:&quot;PKK OPERASYONLARINDA G\\u00d6ZALTINA ALINANLAR ADL\\u0130YEYE SEVK ED\\u0130LD\\u0130&quot;,&quot;orientation&quot;:&quot;0&quot;}\" data-image-title=\"PKK operasyonlar\u0131nda g\u00f6zalt\u0131na al\u0131nanlar adliyeye sevk edildi\" data-image-description=\"&lt;p&gt;PKK operasyonlar\u0131nda g\u00f6zalt\u0131na al\u0131nanlar adliyeye sevk edildi&lt;\/p&gt; \" data-medium-file=\"https:\/\/i0.wp.com\/www.tvturk.com\/wp-content\/uploads\/2019\/02\/pkk-operasyonlarinda-gozaltina-alinanlar-adliyeye-sevk-edildi_03db1d9.jpg?fit=300%2C200\" data-large-file=\"https:\/\/i0.wp.com\/www.tvturk.com\/wp-content\/uploads\/2019\/02\/pkk-operasyonlarinda-gozaltina-alinanlar-adliyeye-sevk-edildi_03db1d9.jpg?fit=1000%2C666\" src=\"https:\/\/i0.wp.com\/www.tvturk.com\/wp-content\/uploads\/2019\/02\/pkk-operasyonlarinda-gozaltina-alinanlar-adliyeye-sevk-edildi_03db1d9.jpg?w=330&#038;h=220\" srcset=\"https:\/\/i0.wp.com\/www.tvturk.com\/wp-content\/uploads\/2019\/02\/pkk-operasyonlarinda-gozaltina-alinanlar-adliyeye-sevk-edildi_03db1d9.jpg?w=1000 1000w, https:\/\/i0.wp.com\/www.tvturk.com\/wp-content\/uploads\/2019\/02\/pkk-operasyonlarinda-gozaltina-alinanlar-adliyeye-sevk-edildi_03db1d9.jpg?resize=150%2C100 150w, https:\/\/i0.wp.com\/www.tvturk.com\/wp-content\/uploads\/2019\/02\/pkk-operasyonlarinda-gozaltina-alinanlar-adliyeye-sevk-edildi_03db1d9.jpg?resize=300%2C200 300w, https:\/\/i0.wp.com\/www.tvturk.com\/wp-content\/uploads\/2019\/02\/pkk-operasyonlarinda-gozaltina-alinanlar-adliyeye-sevk-edildi_03db1d9.jpg?resize=768%2C511 768w, https:\/\/i0.wp.com\/www.tvturk.com\/wp-content\/uploads\/2019\/02\/pkk-operasyonlarinda-gozaltina-alinanlar-adliyeye-sevk-edildi_03db1d9.jpg?resize=170%2C113 170w, https:\/\/i0.wp.com\/www.tvturk.com\/wp-content\/uploads\/2019\/02\/pkk-operasyonlarinda-gozaltina-alinanlar-adliyeye-sevk-edildi_03db1d9.jpg?resize=120%2C80 120w\" width=\"330\" height=\"220\" loading=\"lazy\" data-original-width=\"330\" data-original-height=\"220\" itemprop=\"http:\/\/schema.org\/image\" title=\"PKK operasyonlar\u0131nda g\u00f6zalt\u0131na al\u0131nanlar adliyeye sevk edildi\" alt=\"PKK operasyonlar\u0131nda g\u00f6zalt\u0131na al\u0131nanlar adliyeye sevk edildi\" style=\"width: 330px; height: 220px;\" \/> <\/a> <\/div> <\/div> <!-- close group --> <div class=\"gallery-group images-2\" style=\"width: 166px; height: 224px;\" data-original-width=\"166\" data-original-height=\"224\" > <div class=\"tiled-gallery-item tiled-gallery-item-small\" itemprop=\"associatedMedia\" itemscope itemtype=\"http:\/\/schema.org\/ImageObject\"> <a href=\"http:\/\/www.tvturk.com\/index.php\/pkk-operasyonlarinda-gozaltina-alinanlar-adliyeye-sevk-edildi\/pkk-operasyonlarinda-gozaltina-alinanlar-adliyeye-sevk-edildi-4\/\" border=\"0\" itemprop=\"url\"> <meta itemprop=\"width\" content=\"162\"> <meta itemprop=\"height\" content=\"108\"> <img decoding=\"async\" class=\"\" data-attachment-id=\"43205\" data-orig-file=\"http:\/\/www.tvturk.com\/wp-content\/uploads\/2019\/02\/pkk-operasyonlarinda-gozaltina-alinanlar-adliyeye-sevk-edildi_ff5c1f1.jpg\" data-orig-size=\"1000,666\" data-comments-opened=\"\" data-image-meta=\"{&quot;aperture&quot;:&quot;0&quot;,&quot;credit&quot;:&quot;IHA&quot;,&quot;camera&quot;:&quot;&quot;,&quot;caption&quot;:&quot;ADANA\\u0027DA \\u015eAFAK VAKT\\u0130 B\\u00d6L\\u00dcC\\u00dc TER\\u00d6R \\u00d6RG\\u00dcT\\u00dc PKK\\u0027YA YAPILAN OPERASYONDA G\\u00d6ZALTINA ALINAN 5\\u0027\\u0130 \\u00c7OCUK 11 ZANLI ADL\\u0130YEYE SEVK ED\\u0130LD\\u0130. (FAT\\u0130H KE\\u00c7E - SERKAN \\u00c7ET\\u0130NKAYA\\\/ADANA-\\u0130HA)&quot;,&quot;created_timestamp&quot;:&quot;0&quot;,&quot;copyright&quot;:&quot;\\u0130HLAS HABER AJANSI, www.iha.com.tr&quot;,&quot;focal_length&quot;:&quot;0&quot;,&quot;iso&quot;:&quot;0&quot;,&quot;shutter_speed&quot;:&quot;0&quot;,&quot;title&quot;:&quot;PKK OPERASYONLARINDA G\\u00d6ZALTINA ALINANLAR ADL\\u0130YEYE SEVK ED\\u0130LD\\u0130&quot;,&quot;orientation&quot;:&quot;0&quot;}\" data-image-title=\"PKK operasyonlar\u0131nda g\u00f6zalt\u0131na al\u0131nanlar adliyeye sevk edildi\" data-image-description=\"&lt;p&gt;PKK operasyonlar\u0131nda g\u00f6zalt\u0131na al\u0131nanlar adliyeye sevk edildi&lt;\/p&gt; \" data-medium-file=\"https:\/\/i0.wp.com\/www.tvturk.com\/wp-content\/uploads\/2019\/02\/pkk-operasyonlarinda-gozaltina-alinanlar-adliyeye-sevk-edildi_ff5c1f1.jpg?fit=300%2C200\" data-large-file=\"https:\/\/i0.wp.com\/www.tvturk.com\/wp-content\/uploads\/2019\/02\/pkk-operasyonlarinda-gozaltina-alinanlar-adliyeye-sevk-edildi_ff5c1f1.jpg?fit=1000%2C666\" src=\"https:\/\/i0.wp.com\/www.tvturk.com\/wp-content\/uploads\/2019\/02\/pkk-operasyonlarinda-gozaltina-alinanlar-adliyeye-sevk-edildi_ff5c1f1.jpg?w=162&#038;h=108\" srcset=\"https:\/\/i0.wp.com\/www.tvturk.com\/wp-content\/uploads\/2019\/02\/pkk-operasyonlarinda-gozaltina-alinanlar-adliyeye-sevk-edildi_ff5c1f1.jpg?w=1000 1000w, https:\/\/i0.wp.com\/www.tvturk.com\/wp-content\/uploads\/2019\/02\/pkk-operasyonlarinda-gozaltina-alinanlar-adliyeye-sevk-edildi_ff5c1f1.jpg?resize=150%2C100 150w, https:\/\/i0.wp.com\/www.tvturk.com\/wp-content\/uploads\/2019\/02\/pkk-operasyonlarinda-gozaltina-alinanlar-adliyeye-sevk-edildi_ff5c1f1.jpg?resize=300%2C200 300w, https:\/\/i0.wp.com\/www.tvturk.com\/wp-content\/uploads\/2019\/02\/pkk-operasyonlarinda-gozaltina-alinanlar-adliyeye-sevk-edildi_ff5c1f1.jpg?resize=768%2C511 768w, https:\/\/i0.wp.com\/www.tvturk.com\/wp-content\/uploads\/2019\/02\/pkk-operasyonlarinda-gozaltina-alinanlar-adliyeye-sevk-edildi_ff5c1f1.jpg?resize=170%2C113 170w, https:\/\/i0.wp.com\/www.tvturk.com\/wp-content\/uploads\/2019\/02\/pkk-operasyonlarinda-gozaltina-alinanlar-adliyeye-sevk-edildi_ff5c1f1.jpg?resize=120%2C80 120w\" width=\"162\" height=\"108\" loading=\"lazy\" data-original-width=\"162\" data-original-height=\"108\" itemprop=\"http:\/\/schema.org\/image\" title=\"PKK operasyonlar\u0131nda g\u00f6zalt\u0131na al\u0131nanlar adliyeye sevk edildi\" alt=\"PKK operasyonlar\u0131nda g\u00f6zalt\u0131na al\u0131nanlar adliyeye sevk edildi\" style=\"width: 162px; height: 108px;\" \/> <\/a> <\/div> <div class=\"tiled-gallery-item tiled-gallery-item-small\" itemprop=\"associatedMedia\" itemscope itemtype=\"http:\/\/schema.org\/ImageObject\"> <a href=\"http:\/\/www.tvturk.com\/index.php\/pkk-operasyonlarinda-gozaltina-alinanlar-adliyeye-sevk-edildi\/pkk-operasyonlarinda-gozaltina-alinanlar-adliyeye-sevk-edildi-5\/\" border=\"0\" itemprop=\"url\"> <meta itemprop=\"width\" content=\"162\"> <meta itemprop=\"height\" content=\"108\"> <img decoding=\"async\" class=\"\" data-attachment-id=\"43206\" data-orig-file=\"http:\/\/www.tvturk.com\/wp-content\/uploads\/2019\/02\/pkk-operasyonlarinda-gozaltina-alinanlar-adliyeye-sevk-edildi_09073ed.jpg\" data-orig-size=\"1000,666\" data-comments-opened=\"\" data-image-meta=\"{&quot;aperture&quot;:&quot;0&quot;,&quot;credit&quot;:&quot;IHA&quot;,&quot;camera&quot;:&quot;&quot;,&quot;caption&quot;:&quot;ADANA\\u0027DA \\u015eAFAK VAKT\\u0130 B\\u00d6L\\u00dcC\\u00dc TER\\u00d6R \\u00d6RG\\u00dcT\\u00dc PKK\\u0027YA YAPILAN OPERASYONDA G\\u00d6ZALTINA ALINAN 5\\u0027\\u0130 \\u00c7OCUK 11 ZANLI ADL\\u0130YEYE SEVK ED\\u0130LD\\u0130. (FAT\\u0130H KE\\u00c7E - SERKAN \\u00c7ET\\u0130NKAYA\\\/ADANA-\\u0130HA)&quot;,&quot;created_timestamp&quot;:&quot;0&quot;,&quot;copyright&quot;:&quot;\\u0130HLAS HABER AJANSI, www.iha.com.tr&quot;,&quot;focal_length&quot;:&quot;0&quot;,&quot;iso&quot;:&quot;0&quot;,&quot;shutter_speed&quot;:&quot;0&quot;,&quot;title&quot;:&quot;PKK OPERASYONLARINDA G\\u00d6ZALTINA ALINANLAR ADL\\u0130YEYE SEVK ED\\u0130LD\\u0130&quot;,&quot;orientation&quot;:&quot;0&quot;}\" data-image-title=\"PKK operasyonlar\u0131nda g\u00f6zalt\u0131na al\u0131nanlar adliyeye sevk edildi\" data-image-description=\"&lt;p&gt;PKK operasyonlar\u0131nda g\u00f6zalt\u0131na al\u0131nanlar adliyeye sevk edildi&lt;\/p&gt; \" data-medium-file=\"https:\/\/i0.wp.com\/www.tvturk.com\/wp-content\/uploads\/2019\/02\/pkk-operasyonlarinda-gozaltina-alinanlar-adliyeye-sevk-edildi_09073ed.jpg?fit=300%2C200\" data-large-file=\"https:\/\/i0.wp.com\/www.tvturk.com\/wp-content\/uploads\/2019\/02\/pkk-operasyonlarinda-gozaltina-alinanlar-adliyeye-sevk-edildi_09073ed.jpg?fit=1000%2C666\" src=\"https:\/\/i0.wp.com\/www.tvturk.com\/wp-content\/uploads\/2019\/02\/pkk-operasyonlarinda-gozaltina-alinanlar-adliyeye-sevk-edildi_09073ed.jpg?w=162&#038;h=108\" srcset=\"https:\/\/i0.wp.com\/www.tvturk.com\/wp-content\/uploads\/2019\/02\/pkk-operasyonlarinda-gozaltina-alinanlar-adliyeye-sevk-edildi_09073ed.jpg?w=1000 1000w, https:\/\/i0.wp.com\/www.tvturk.com\/wp-content\/uploads\/2019\/02\/pkk-operasyonlarinda-gozaltina-alinanlar-adliyeye-sevk-edildi_09073ed.jpg?resize=150%2C100 150w, https:\/\/i0.wp.com\/www.tvturk.com\/wp-content\/uploads\/2019\/02\/pkk-operasyonlarinda-gozaltina-alinanlar-adliyeye-sevk-edildi_09073ed.jpg?resize=300%2C200 300w, https:\/\/i0.wp.com\/www.tvturk.com\/wp-content\/uploads\/2019\/02\/pkk-operasyonlarinda-gozaltina-alinanlar-adliyeye-sevk-edildi_09073ed.jpg?resize=768%2C511 768w, https:\/\/i0.wp.com\/www.tvturk.com\/wp-content\/uploads\/2019\/02\/pkk-operasyonlarinda-gozaltina-alinanlar-adliyeye-sevk-edildi_09073ed.jpg?resize=170%2C113 170w, https:\/\/i0.wp.com\/www.tvturk.com\/wp-content\/uploads\/2019\/02\/pkk-operasyonlarinda-gozaltina-alinanlar-adliyeye-sevk-edildi_09073ed.jpg?resize=120%2C80 120w\" width=\"162\" height=\"108\" loading=\"lazy\" data-original-width=\"162\" data-original-height=\"108\" itemprop=\"http:\/\/schema.org\/image\" title=\"PKK operasyonlar\u0131nda g\u00f6zalt\u0131na al\u0131nanlar adliyeye sevk edildi\" alt=\"PKK operasyonlar\u0131nda g\u00f6zalt\u0131na al\u0131nanlar adliyeye sevk edildi\" style=\"width: 162px; height: 108px;\" \/> <\/a> <\/div> <\/div> <!-- close group --> <\/div> <!-- close row --> <div class=\"gallery-row\" style=\"width: 500px; height: 291px;\" data-original-width=\"500\" data-original-height=\"291\" > <div class=\"gallery-group images-2\" style=\"width: 216px; height: 291px;\" data-original-width=\"216\" data-original-height=\"291\" > <div class=\"tiled-gallery-item tiled-gallery-item-small\" itemprop=\"associatedMedia\" itemscope itemtype=\"http:\/\/schema.org\/ImageObject\"> <a href=\"http:\/\/www.tvturk.com\/index.php\/pkk-operasyonlarinda-gozaltina-alinanlar-adliyeye-sevk-edildi\/pkk-operasyonlarinda-gozaltina-alinanlar-adliyeye-sevk-edildi-6\/\" border=\"0\" itemprop=\"url\"> <meta itemprop=\"width\" content=\"212\"> <meta itemprop=\"height\" content=\"142\"> <img decoding=\"async\" class=\"\" data-attachment-id=\"43207\" data-orig-file=\"http:\/\/www.tvturk.com\/wp-content\/uploads\/2019\/02\/pkk-operasyonlarinda-gozaltina-alinanlar-adliyeye-sevk-edildi_ce7dc83.jpg\" data-orig-size=\"1000,666\" data-comments-opened=\"\" data-image-meta=\"{&quot;aperture&quot;:&quot;0&quot;,&quot;credit&quot;:&quot;IHA&quot;,&quot;camera&quot;:&quot;&quot;,&quot;caption&quot;:&quot;ADANA\\u0027DA \\u015eAFAK VAKT\\u0130 B\\u00d6L\\u00dcC\\u00dc TER\\u00d6R \\u00d6RG\\u00dcT\\u00dc PKK\\u0027YA YAPILAN OPERASYONDA G\\u00d6ZALTINA ALINAN 5\\u0027\\u0130 \\u00c7OCUK 11 ZANLI ADL\\u0130YEYE SEVK ED\\u0130LD\\u0130. (FAT\\u0130H KE\\u00c7E - SERKAN \\u00c7ET\\u0130NKAYA\\\/ADANA-\\u0130HA)&quot;,&quot;created_timestamp&quot;:&quot;0&quot;,&quot;copyright&quot;:&quot;\\u0130HLAS HABER AJANSI, www.iha.com.tr&quot;,&quot;focal_length&quot;:&quot;0&quot;,&quot;iso&quot;:&quot;0&quot;,&quot;shutter_speed&quot;:&quot;0&quot;,&quot;title&quot;:&quot;PKK OPERASYONLARINDA G\\u00d6ZALTINA ALINANLAR ADL\\u0130YEYE SEVK ED\\u0130LD\\u0130&quot;,&quot;orientation&quot;:&quot;0&quot;}\" data-image-title=\"PKK operasyonlar\u0131nda g\u00f6zalt\u0131na al\u0131nanlar adliyeye sevk edildi\" data-image-description=\"&lt;p&gt;PKK operasyonlar\u0131nda g\u00f6zalt\u0131na al\u0131nanlar adliyeye sevk edildi&lt;\/p&gt; \" data-medium-file=\"https:\/\/i0.wp.com\/www.tvturk.com\/wp-content\/uploads\/2019\/02\/pkk-operasyonlarinda-gozaltina-alinanlar-adliyeye-sevk-edildi_ce7dc83.jpg?fit=300%2C200\" data-large-file=\"https:\/\/i0.wp.com\/www.tvturk.com\/wp-content\/uploads\/2019\/02\/pkk-operasyonlarinda-gozaltina-alinanlar-adliyeye-sevk-edildi_ce7dc83.jpg?fit=1000%2C666\" src=\"https:\/\/i0.wp.com\/www.tvturk.com\/wp-content\/uploads\/2019\/02\/pkk-operasyonlarinda-gozaltina-alinanlar-adliyeye-sevk-edildi_ce7dc83.jpg?w=212&#038;h=142\" srcset=\"https:\/\/i0.wp.com\/www.tvturk.com\/wp-content\/uploads\/2019\/02\/pkk-operasyonlarinda-gozaltina-alinanlar-adliyeye-sevk-edildi_ce7dc83.jpg?w=1000 1000w, https:\/\/i0.wp.com\/www.tvturk.com\/wp-content\/uploads\/2019\/02\/pkk-operasyonlarinda-gozaltina-alinanlar-adliyeye-sevk-edildi_ce7dc83.jpg?resize=150%2C100 150w, https:\/\/i0.wp.com\/www.tvturk.com\/wp-content\/uploads\/2019\/02\/pkk-operasyonlarinda-gozaltina-alinanlar-adliyeye-sevk-edildi_ce7dc83.jpg?resize=300%2C200 300w, https:\/\/i0.wp.com\/www.tvturk.com\/wp-content\/uploads\/2019\/02\/pkk-operasyonlarinda-gozaltina-alinanlar-adliyeye-sevk-edildi_ce7dc83.jpg?resize=768%2C511 768w, https:\/\/i0.wp.com\/www.tvturk.com\/wp-content\/uploads\/2019\/02\/pkk-operasyonlarinda-gozaltina-alinanlar-adliyeye-sevk-edildi_ce7dc83.jpg?resize=170%2C113 170w, https:\/\/i0.wp.com\/www.tvturk.com\/wp-content\/uploads\/2019\/02\/pkk-operasyonlarinda-gozaltina-alinanlar-adliyeye-sevk-edildi_ce7dc83.jpg?resize=120%2C80 120w, https:\/\/i0.wp.com\/www.tvturk.com\/wp-content\/uploads\/2019\/02\/pkk-operasyonlarinda-gozaltina-alinanlar-adliyeye-sevk-edildi_ce7dc83.jpg?resize=80%2C55 80w\" width=\"212\" height=\"142\" loading=\"lazy\" data-original-width=\"212\" data-original-height=\"142\" itemprop=\"http:\/\/schema.org\/image\" title=\"PKK operasyonlar\u0131nda g\u00f6zalt\u0131na al\u0131nanlar adliyeye sevk edildi\" alt=\"PKK operasyonlar\u0131nda g\u00f6zalt\u0131na al\u0131nanlar adliyeye sevk edildi\" style=\"width: 212px; height: 142px;\" \/> <\/a> <\/div> <div class=\"tiled-gallery-item tiled-gallery-item-small\" itemprop=\"associatedMedia\" itemscope itemtype=\"http:\/\/schema.org\/ImageObject\"> <a href=\"http:\/\/www.tvturk.com\/index.php\/pkk-operasyonlarinda-gozaltina-alinanlar-adliyeye-sevk-edildi\/pkk-operasyonlarinda-gozaltina-alinanlar-adliyeye-sevk-edildi-7\/\" border=\"0\" itemprop=\"url\"> <meta itemprop=\"width\" content=\"212\"> <meta itemprop=\"height\" content=\"141\"> <img decoding=\"async\" class=\"\" data-attachment-id=\"43208\" data-orig-file=\"http:\/\/www.tvturk.com\/wp-content\/uploads\/2019\/02\/pkk-operasyonlarinda-gozaltina-alinanlar-adliyeye-sevk-edildi_7ee3d8e.jpg\" data-orig-size=\"1000,666\" data-comments-opened=\"\" data-image-meta=\"{&quot;aperture&quot;:&quot;0&quot;,&quot;credit&quot;:&quot;IHA&quot;,&quot;camera&quot;:&quot;&quot;,&quot;caption&quot;:&quot;ADANA\\u0027DA \\u015eAFAK VAKT\\u0130 B\\u00d6L\\u00dcC\\u00dc TER\\u00d6R \\u00d6RG\\u00dcT\\u00dc PKK\\u0027YA YAPILAN OPERASYONDA G\\u00d6ZALTINA ALINAN 5\\u0027\\u0130 \\u00c7OCUK 11 ZANLI ADL\\u0130YEYE SEVK ED\\u0130LD\\u0130. (FAT\\u0130H KE\\u00c7E - SERKAN \\u00c7ET\\u0130NKAYA\\\/ADANA-\\u0130HA)&quot;,&quot;created_timestamp&quot;:&quot;0&quot;,&quot;copyright&quot;:&quot;\\u0130HLAS HABER AJANSI, www.iha.com.tr&quot;,&quot;focal_length&quot;:&quot;0&quot;,&quot;iso&quot;:&quot;0&quot;,&quot;shutter_speed&quot;:&quot;0&quot;,&quot;title&quot;:&quot;PKK OPERASYONLARINDA G\\u00d6ZALTINA ALINANLAR ADL\\u0130YEYE SEVK ED\\u0130LD\\u0130&quot;,&quot;orientation&quot;:&quot;0&quot;}\" data-image-title=\"PKK operasyonlar\u0131nda g\u00f6zalt\u0131na al\u0131nanlar adliyeye sevk edildi\" data-image-description=\"&lt;p&gt;PKK operasyonlar\u0131nda g\u00f6zalt\u0131na al\u0131nanlar adliyeye sevk edildi&lt;\/p&gt; \" data-medium-file=\"https:\/\/i0.wp.com\/www.tvturk.com\/wp-content\/uploads\/2019\/02\/pkk-operasyonlarinda-gozaltina-alinanlar-adliyeye-sevk-edildi_7ee3d8e.jpg?fit=300%2C200\" data-large-file=\"https:\/\/i0.wp.com\/www.tvturk.com\/wp-content\/uploads\/2019\/02\/pkk-operasyonlarinda-gozaltina-alinanlar-adliyeye-sevk-edildi_7ee3d8e.jpg?fit=1000%2C666\" src=\"https:\/\/i0.wp.com\/www.tvturk.com\/wp-content\/uploads\/2019\/02\/pkk-operasyonlarinda-gozaltina-alinanlar-adliyeye-sevk-edildi_7ee3d8e.jpg?w=212&#038;h=141\" srcset=\"https:\/\/i0.wp.com\/www.tvturk.com\/wp-content\/uploads\/2019\/02\/pkk-operasyonlarinda-gozaltina-alinanlar-adliyeye-sevk-edildi_7ee3d8e.jpg?w=1000 1000w, https:\/\/i0.wp.com\/www.tvturk.com\/wp-content\/uploads\/2019\/02\/pkk-operasyonlarinda-gozaltina-alinanlar-adliyeye-sevk-edildi_7ee3d8e.jpg?resize=150%2C100 150w, https:\/\/i0.wp.com\/www.tvturk.com\/wp-content\/uploads\/2019\/02\/pkk-operasyonlarinda-gozaltina-alinanlar-adliyeye-sevk-edildi_7ee3d8e.jpg?resize=300%2C200 300w, https:\/\/i0.wp.com\/www.tvturk.com\/wp-content\/uploads\/2019\/02\/pkk-operasyonlarinda-gozaltina-alinanlar-adliyeye-sevk-edildi_7ee3d8e.jpg?resize=768%2C511 768w, https:\/\/i0.wp.com\/www.tvturk.com\/wp-content\/uploads\/2019\/02\/pkk-operasyonlarinda-gozaltina-alinanlar-adliyeye-sevk-edildi_7ee3d8e.jpg?resize=170%2C113 170w, https:\/\/i0.wp.com\/www.tvturk.com\/wp-content\/uploads\/2019\/02\/pkk-operasyonlarinda-gozaltina-alinanlar-adliyeye-sevk-edildi_7ee3d8e.jpg?resize=120%2C80 120w\" width=\"212\" height=\"141\" loading=\"lazy\" data-original-width=\"212\" data-original-height=\"141\" itemprop=\"http:\/\/schema.org\/image\" title=\"PKK operasyonlar\u0131nda g\u00f6zalt\u0131na al\u0131nanlar adliyeye sevk edildi\" alt=\"PKK operasyonlar\u0131nda g\u00f6zalt\u0131na al\u0131nanlar adliyeye sevk edildi\" style=\"width: 212px; height: 141px;\" \/> <\/a> <\/div> <\/div> <!-- close group --> <div class=\"gallery-group images-1\" style=\"width: 284px; height: 291px;\" data-original-width=\"284\" data-original-height=\"291\" > <div class=\"tiled-gallery-item tiled-gallery-item-large\" itemprop=\"associatedMedia\" itemscope itemtype=\"http:\/\/schema.org\/ImageObject\"> <a href=\"http:\/\/www.tvturk.com\/index.php\/pkk-operasyonlarinda-gozaltina-alinanlar-adliyeye-sevk-edildi\/pkk-operasyonlarinda-gozaltina-alinanlar-adliyeye-sevk-edildi-8\/\" border=\"0\" itemprop=\"url\"> <meta itemprop=\"width\" content=\"280\"> <meta itemprop=\"height\" content=\"287\"> <img decoding=\"async\" class=\"\" data-attachment-id=\"43209\" data-orig-file=\"http:\/\/www.tvturk.com\/wp-content\/uploads\/2019\/02\/pkk-operasyonlarinda-gozaltina-alinanlar-adliyeye-sevk-edildi_6f114c2.jpg\" data-orig-size=\"974,1000\" data-comments-opened=\"\" data-image-meta=\"{&quot;aperture&quot;:&quot;0&quot;,&quot;credit&quot;:&quot;IHA&quot;,&quot;camera&quot;:&quot;&quot;,&quot;caption&quot;:&quot;ADANA\\u0027DA \\u015eAFAK VAKT\\u0130 B\\u00d6L\\u00dcC\\u00dc TER\\u00d6R \\u00d6RG\\u00dcT\\u00dc PKK\\u0027YA YAPILAN OPERASYONDA G\\u00d6ZALTINA ALINAN 5\\u0027\\u0130 \\u00c7OCUK 11 ZANLI ADL\\u0130YEYE SEVK ED\\u0130LD\\u0130. (FAT\\u0130H KE\\u00c7E - SERKAN \\u00c7ET\\u0130NKAYA\\\/ADANA-\\u0130HA)&quot;,&quot;created_timestamp&quot;:&quot;0&quot;,&quot;copyright&quot;:&quot;\\u0130HLAS HABER AJANSI, www.iha.com.tr&quot;,&quot;focal_length&quot;:&quot;0&quot;,&quot;iso&quot;:&quot;0&quot;,&quot;shutter_speed&quot;:&quot;0&quot;,&quot;title&quot;:&quot;PKK OPERASYONLARINDA G\\u00d6ZALTINA ALINANLAR ADL\\u0130YEYE SEVK ED\\u0130LD\\u0130&quot;,&quot;orientation&quot;:&quot;0&quot;}\" data-image-title=\"PKK operasyonlar\u0131nda g\u00f6zalt\u0131na al\u0131nanlar adliyeye sevk edildi\" data-image-description=\"&lt;p&gt;PKK operasyonlar\u0131nda g\u00f6zalt\u0131na al\u0131nanlar adliyeye sevk edildi&lt;\/p&gt; \" data-medium-file=\"https:\/\/i0.wp.com\/www.tvturk.com\/wp-content\/uploads\/2019\/02\/pkk-operasyonlarinda-gozaltina-alinanlar-adliyeye-sevk-edildi_6f114c2.jpg?fit=292%2C300\" data-large-file=\"https:\/\/i0.wp.com\/www.tvturk.com\/wp-content\/uploads\/2019\/02\/pkk-operasyonlarinda-gozaltina-alinanlar-adliyeye-sevk-edildi_6f114c2.jpg?fit=974%2C1000\" src=\"https:\/\/i0.wp.com\/www.tvturk.com\/wp-content\/uploads\/2019\/02\/pkk-operasyonlarinda-gozaltina-alinanlar-adliyeye-sevk-edildi_6f114c2.jpg?w=280&#038;h=287\" srcset=\"https:\/\/i0.wp.com\/www.tvturk.com\/wp-content\/uploads\/2019\/02\/pkk-operasyonlarinda-gozaltina-alinanlar-adliyeye-sevk-edildi_6f114c2.jpg?w=974 974w, https:\/\/i0.wp.com\/www.tvturk.com\/wp-content\/uploads\/2019\/02\/pkk-operasyonlarinda-gozaltina-alinanlar-adliyeye-sevk-edildi_6f114c2.jpg?resize=146%2C150 146w, https:\/\/i0.wp.com\/www.tvturk.com\/wp-content\/uploads\/2019\/02\/pkk-operasyonlarinda-gozaltina-alinanlar-adliyeye-sevk-edildi_6f114c2.jpg?resize=292%2C300 292w, https:\/\/i0.wp.com\/www.tvturk.com\/wp-content\/uploads\/2019\/02\/pkk-operasyonlarinda-gozaltina-alinanlar-adliyeye-sevk-edildi_6f114c2.jpg?resize=768%2C789 768w\" width=\"280\" height=\"287\" loading=\"lazy\" data-original-width=\"280\" data-original-height=\"287\" itemprop=\"http:\/\/schema.org\/image\" title=\"PKK operasyonlar\u0131nda g\u00f6zalt\u0131na al\u0131nanlar adliyeye sevk edildi\" alt=\"PKK operasyonlar\u0131nda g\u00f6zalt\u0131na al\u0131nanlar adliyeye sevk edildi\" style=\"width: 280px; height: 287px;\" \/> <\/a> <\/div> <\/div> <!-- close group --> <\/div> <!-- close row --> <\/div><\/p>\n","protected":false},"excerpt":{"rendered":"<p>ADANA&#8217;DA \u015eAFAK VAKT\u0130 B\u00d6L\u00dcC\u00dc TER\u00d6R \u00d6RG\u00dcT\u00dc PKK&#8217;YA YAPILAN OPERASYONDA G\u00d6ZALTINA ALINAN 5&#8217;\u0130 \u00c7OCUK 11 ZANLI ADL\u0130YEYE SEVK ED\u0130LD\u0130.<\/p>\n","protected":false},"author":1,"featured_media":43203,"comment_status":"closed","ping_status":"open","sticky":false,"template":"","format":"standard","meta":{"jetpack_post_was_ever_published":false,"_jetpack_newsletter_access":"","_jetpack_dont_email_post_to_subs":false,"_jetpack_newsletter_tier_id":0,"_jetpack_memberships_contains_paywalled_content":false,"_jetpack_memberships_contains_paid_content":false,"footnotes":"","jetpack_publicize_message":"","jetpack_publicize_feature_enabled":true,"jetpack_social_post_already_shared":false,"jetpack_social_options":{"image_generator_settings":{"template":"highway","default_image_id":0,"font":"","enabled":false},"version":2}},"categories":[655],"tags":[1137,2394,12638,857,1013,15074,856],"class_list":["post-43202","post","type-post","status-publish","format-standard","has-post-thumbnail","hentry","category-son-dakika","tag-pkk","tag-adliyeye","tag-alinanlar","tag-edildi","tag-gozaltina","tag-operasyonlarinda","tag-sevk"],"jetpack_publicize_connections":[],"jetpack_featured_media_url":"https:\/\/i0.wp.com\/www.tvturk.com\/wp-content\/uploads\/2019\/02\/pkk-operasyonlarinda-gozaltina-alinanlar-adliyeye-sevk-edildi_fd91ece.jpg?fit=1000%2C720","jetpack_sharing_enabled":true,"jetpack_shortlink":"https:\/\/wp.me\/paKIfm-beO","_links":{"self":[{"href":"http:\/\/www.tvturk.com\/index.php\/wp-json\/wp\/v2\/posts\/43202","targetHints":{"allow":["GET"]}}],"collection":[{"href":"http:\/\/www.tvturk.com\/index.php\/wp-json\/wp\/v2\/posts"}],"about":[{"href":"http:\/\/www.tvturk.com\/index.php\/wp-json\/wp\/v2\/types\/post"}],"author":[{"embeddable":true,"href":"http:\/\/www.tvturk.com\/index.php\/wp-json\/wp\/v2\/users\/1"}],"replies":[{"embeddable":true,"href":"http:\/\/www.tvturk.com\/index.php\/wp-json\/wp\/v2\/comments?post=43202"}],"version-history":[{"count":1,"href":"http:\/\/www.tvturk.com\/index.php\/wp-json\/wp\/v2\/posts\/43202\/revisions"}],"predecessor-version":[{"id":43210,"href":"http:\/\/www.tvturk.com\/index.php\/wp-json\/wp\/v2\/posts\/43202\/revisions\/43210"}],"wp:featuredmedia":[{"embeddable":true,"href":"http:\/\/www.tvturk.com\/index.php\/wp-json\/wp\/v2\/media\/43203"}],"wp:attachment":[{"href":"http:\/\/www.tvturk.com\/index.php\/wp-json\/wp\/v2\/media?parent=43202"}],"wp:term":[{"taxonomy":"category","embeddable":true,"href":"http:\/\/www.tvturk.com\/index.php\/wp-json\/wp\/v2\/categories?post=43202"},{"taxonomy":"post_tag","embeddable":true,"href":"http:\/\/www.tvturk.com\/index.php\/wp-json\/wp\/v2\/tags?post=43202"}],"curies":[{"name":"wp","href":"https:\/\/api.w.org\/{rel}","templated":true}]}}