{"id":43217,"date":"2019-02-18T09:11:13","date_gmt":"2019-02-18T06:11:13","guid":{"rendered":"http:\/\/www.tvturk.com\/index.php\/biga-ataturk-anadolu-lisesi-yarini-insa-et-projesinde-ucuncu-oldu\/"},"modified":"2019-02-18T09:11:16","modified_gmt":"2019-02-18T06:11:16","slug":"biga-ataturk-anadolu-lisesi-yarini-insa-et-projesinde-ucuncu-oldu","status":"publish","type":"post","link":"http:\/\/www.tvturk.com\/index.php\/biga-ataturk-anadolu-lisesi-yarini-insa-et-projesinde-ucuncu-oldu\/","title":{"rendered":"Biga Atat\u00fcrk Anadolu Lisesi \u201cYar\u0131n\u0131 \u0130n\u015fa Et\u201d projesinde \u00fc\u00e7\u00fcnc\u00fc oldu"},"content":{"rendered":"<p>G\u00fcney Marmara Kalk\u0131nma Ajans\u0131 (GMKA), \u00c7anakkale \u0130l Milli E\u011fitim M\u00fcd\u00fcrl\u00fc\u011f\u00fc ve T\u00fcrkiye Teknoloji Geli\u015ftirme Vakf\u0131 (TTGV) i\u015fbirli\u011finde hayata ge\u00e7irilen \u201cYar\u0131n\u0131 \u0130n\u015fa Et\u201d program\u0131 kapsam\u0131nda d\u00fczenlenen etkinlikte Atat\u00fcrk Anadolu Lisesi \u00f6\u011frencilerinin haz\u0131rlad\u0131\u011f\u0131  &#8220;yar\u0131n\u0131 in\u015fa et&#8221; projesi \u00fc\u00e7\u00fcnc\u00fc oldu.<\/p>\n<p>Kepez Mesleki ve Teknik Anadolu Lisesi Konferans Salonunda Biga Atat\u00fcrk Anadolu Lisesi \u00f6\u011frencileri Atakan Akkan, Furkan Demir, Umut Emre D\u00fclger, Mehmet Bozkurt ve Ali Servet Y\u0131lmaz, Dan\u0131\u015fman \u00f6\u011fretmenleri Nuran Er nezaretinde projelerini sergilendi. Dan\u0131\u015fman \u00d6\u011fretmen Nuran Er yapt\u0131\u011f\u0131 a\u00e7\u0131klamada, &#8220;T\u00fcrkiye Teknoloji Geli\u015ftirme Vakf\u0131\u00b4n\u0131n (TTGV) \u2019Yar\u0131n\u0131 \u0130n\u015fa Et\u2019 dijital d\u00f6n\u00fc\u015f\u00fcm e\u011fitim program\u0131 kapsam\u0131nda en ba\u015far\u0131l\u0131 projeleri \u00f6d\u00fcllendirildi. Ba\u011f\u0131ms\u0131z j\u00fcri taraf\u0131ndan yap\u0131lan de\u011ferlendirmede Biga Atat\u00fcrk Anadolu Lisesi, Kapal\u0131 y\u00fczme havuzlar\u0131nda antrenman ve m\u00fcsabakalarda g\u00fcr\u00fclt\u00fc kirlili\u011fini \u00f6nlemeye ayr\u0131ca i\u015fitme engelli y\u00fcz\u00fcc\u00fclere kolayl\u0131k sa\u011flamaya y\u00f6nelik \u2019Havuzda Sessizlik\u2019 projeleri ile \u00c7anakkale il 3.\u2019s\u00fc oldu&#8221; diye konu\u015ftu.<div class=\"tiled-gallery type-rectangular tiled-gallery-unresized\" data-original-width=\"500\" data-carousel-extra='null' itemscope itemtype=\"http:\/\/schema.org\/ImageGallery\" > <div class=\"gallery-row\" style=\"width: 500px; height: 251px;\" data-original-width=\"500\" data-original-height=\"251\" > <div class=\"gallery-group images-1\" style=\"width: 334px; height: 251px;\" data-original-width=\"334\" data-original-height=\"251\" > <div class=\"tiled-gallery-item tiled-gallery-item-large\" itemprop=\"associatedMedia\" itemscope itemtype=\"http:\/\/schema.org\/ImageObject\"> <a href=\"http:\/\/www.tvturk.com\/index.php\/biga-ataturk-anadolu-lisesi-yarini-insa-et-projesinde-ucuncu-oldu\/biga-ataturk-anadolu-lisesi-yarini-insa-et-projesinde-ucuncu-oldu-3\/\" border=\"0\" itemprop=\"url\"> <meta itemprop=\"width\" content=\"330\"> <meta itemprop=\"height\" content=\"247\"> <img decoding=\"async\" class=\"\" data-attachment-id=\"43219\" data-orig-file=\"http:\/\/www.tvturk.com\/wp-content\/uploads\/2019\/02\/biga-ataturk-anadolu-lisesi-yarini-insa-et-projesinde-ucuncu-oldu_49a23f6.jpg\" data-orig-size=\"1000,750\" data-comments-opened=\"\" data-image-meta=\"{&quot;aperture&quot;:&quot;0&quot;,&quot;credit&quot;:&quot;IHA&quot;,&quot;camera&quot;:&quot;&quot;,&quot;caption&quot;:&quot;G\\u00dcNEY MARMARA KALKINMA AJANSI (GMKA), \\u00c7ANAKKALE \\u0130L M\\u0130LL\\u0130 E\\u011e\\u0130T\\u0130M M\\u00dcD\\u00dcRL\\u00dc\\u011e\\u00dc VE T\\u00dcRK\\u0130YE TEKNOLOJ\\u0130 GEL\\u0130\\u015eT\\u0130RME VAKFI (TTGV) \\u0130\\u015eB\\u0130RL\\u0130\\u011e\\u0130NDE HAYATA GE\\u00c7\\u0130R\\u0130LEN \\u201cYARINI \\u0130N\\u015eA ET\\u201d PROGRAMI KAPSAMINDA D\\u00dcZENLENEN ETK\\u0130NL\\u0130KTE ATAT\\u00dcRK ANADOLU L\\u0130SES\\u0130 \\u00d6\\u011eRENC\\u0130LER\\u0130N\\u0130N HAZIRLADI\\u011eI \\u0022YARINI \\u0130N\\u015eA ET\\u0022 PROJES\\u0130 \\u00dc\\u00c7\\u00dcNC\\u00dc OLDU. (TOPRAK AKKAYA\\\/\\u00c7ANAKKALE-\\u0130HA)&quot;,&quot;created_timestamp&quot;:&quot;0&quot;,&quot;copyright&quot;:&quot;\\u0130HLAS HABER AJANSI, www.iha.com.tr&quot;,&quot;focal_length&quot;:&quot;0&quot;,&quot;iso&quot;:&quot;0&quot;,&quot;shutter_speed&quot;:&quot;0&quot;,&quot;title&quot;:&quot;B\\u0130GA ATAT\\u00dcRK ANADOLU L\\u0130SES\\u0130 \\u201cYARINI \\u0130N\\u015eA ET\\u201d PROJES\\u0130NDE \\u00dc\\u00c7\\u00dcNC\\u00dc OLDU&quot;,&quot;orientation&quot;:&quot;0&quot;}\" data-image-title=\"Biga Atat\u00fcrk Anadolu Lisesi \u201cYar\u0131n\u0131 \u0130n\u015fa Et\u201d projesinde \u00fc\u00e7\u00fcnc\u00fc oldu\" data-image-description=\"&lt;p&gt;Biga Atat\u00fcrk Anadolu Lisesi \u201cYar\u0131n\u0131 \u0130n\u015fa Et\u201d projesinde \u00fc\u00e7\u00fcnc\u00fc oldu&lt;\/p&gt; \" data-medium-file=\"https:\/\/i0.wp.com\/www.tvturk.com\/wp-content\/uploads\/2019\/02\/biga-ataturk-anadolu-lisesi-yarini-insa-et-projesinde-ucuncu-oldu_49a23f6.jpg?fit=300%2C225\" data-large-file=\"https:\/\/i0.wp.com\/www.tvturk.com\/wp-content\/uploads\/2019\/02\/biga-ataturk-anadolu-lisesi-yarini-insa-et-projesinde-ucuncu-oldu_49a23f6.jpg?fit=1000%2C750\" src=\"https:\/\/i0.wp.com\/www.tvturk.com\/wp-content\/uploads\/2019\/02\/biga-ataturk-anadolu-lisesi-yarini-insa-et-projesinde-ucuncu-oldu_49a23f6.jpg?w=330&#038;h=247\" srcset=\"https:\/\/i0.wp.com\/www.tvturk.com\/wp-content\/uploads\/2019\/02\/biga-ataturk-anadolu-lisesi-yarini-insa-et-projesinde-ucuncu-oldu_49a23f6.jpg?w=1000 1000w, https:\/\/i0.wp.com\/www.tvturk.com\/wp-content\/uploads\/2019\/02\/biga-ataturk-anadolu-lisesi-yarini-insa-et-projesinde-ucuncu-oldu_49a23f6.jpg?resize=150%2C113 150w, https:\/\/i0.wp.com\/www.tvturk.com\/wp-content\/uploads\/2019\/02\/biga-ataturk-anadolu-lisesi-yarini-insa-et-projesinde-ucuncu-oldu_49a23f6.jpg?resize=300%2C225 300w, https:\/\/i0.wp.com\/www.tvturk.com\/wp-content\/uploads\/2019\/02\/biga-ataturk-anadolu-lisesi-yarini-insa-et-projesinde-ucuncu-oldu_49a23f6.jpg?resize=768%2C576 768w\" width=\"330\" height=\"247\" loading=\"lazy\" data-original-width=\"330\" data-original-height=\"247\" itemprop=\"http:\/\/schema.org\/image\" title=\"Biga Atat\u00fcrk Anadolu Lisesi \u201cYar\u0131n\u0131 \u0130n\u015fa Et\u201d projesinde \u00fc\u00e7\u00fcnc\u00fc oldu\" alt=\"Biga Atat\u00fcrk Anadolu Lisesi \u201cYar\u0131n\u0131 \u0130n\u015fa Et\u201d projesinde \u00fc\u00e7\u00fcnc\u00fc oldu\" style=\"width: 330px; height: 247px;\" \/> <\/a> <\/div> <\/div> <!-- close group --> <div class=\"gallery-group images-2\" style=\"width: 166px; height: 251px;\" data-original-width=\"166\" data-original-height=\"251\" > <div class=\"tiled-gallery-item tiled-gallery-item-small\" itemprop=\"associatedMedia\" itemscope itemtype=\"http:\/\/schema.org\/ImageObject\"> <a href=\"http:\/\/www.tvturk.com\/index.php\/biga-ataturk-anadolu-lisesi-yarini-insa-et-projesinde-ucuncu-oldu\/biga-ataturk-anadolu-lisesi-yarini-insa-et-projesinde-ucuncu-oldu-4\/\" border=\"0\" itemprop=\"url\"> <meta itemprop=\"width\" content=\"162\"> <meta itemprop=\"height\" content=\"122\"> <img decoding=\"async\" class=\"\" data-attachment-id=\"43220\" data-orig-file=\"http:\/\/www.tvturk.com\/wp-content\/uploads\/2019\/02\/biga-ataturk-anadolu-lisesi-yarini-insa-et-projesinde-ucuncu-oldu_7b63637.jpg\" data-orig-size=\"1000,750\" data-comments-opened=\"\" data-image-meta=\"{&quot;aperture&quot;:&quot;0&quot;,&quot;credit&quot;:&quot;IHA&quot;,&quot;camera&quot;:&quot;&quot;,&quot;caption&quot;:&quot;G\\u00dcNEY MARMARA KALKINMA AJANSI (GMKA), \\u00c7ANAKKALE \\u0130L M\\u0130LL\\u0130 E\\u011e\\u0130T\\u0130M M\\u00dcD\\u00dcRL\\u00dc\\u011e\\u00dc VE T\\u00dcRK\\u0130YE TEKNOLOJ\\u0130 GEL\\u0130\\u015eT\\u0130RME VAKFI (TTGV) \\u0130\\u015eB\\u0130RL\\u0130\\u011e\\u0130NDE HAYATA GE\\u00c7\\u0130R\\u0130LEN \\u201cYARINI \\u0130N\\u015eA ET\\u201d PROGRAMI KAPSAMINDA D\\u00dcZENLENEN ETK\\u0130NL\\u0130KTE ATAT\\u00dcRK ANADOLU L\\u0130SES\\u0130 \\u00d6\\u011eRENC\\u0130LER\\u0130N\\u0130N HAZIRLADI\\u011eI \\u0022YARINI \\u0130N\\u015eA ET\\u0022 PROJES\\u0130 \\u00dc\\u00c7\\u00dcNC\\u00dc OLDU. (TOPRAK AKKAYA\\\/\\u00c7ANAKKALE-\\u0130HA)&quot;,&quot;created_timestamp&quot;:&quot;0&quot;,&quot;copyright&quot;:&quot;\\u0130HLAS HABER AJANSI, www.iha.com.tr&quot;,&quot;focal_length&quot;:&quot;0&quot;,&quot;iso&quot;:&quot;0&quot;,&quot;shutter_speed&quot;:&quot;0&quot;,&quot;title&quot;:&quot;B\\u0130GA ATAT\\u00dcRK ANADOLU L\\u0130SES\\u0130 \\u201cYARINI \\u0130N\\u015eA ET\\u201d PROJES\\u0130NDE \\u00dc\\u00c7\\u00dcNC\\u00dc OLDU&quot;,&quot;orientation&quot;:&quot;0&quot;}\" data-image-title=\"Biga Atat\u00fcrk Anadolu Lisesi \u201cYar\u0131n\u0131 \u0130n\u015fa Et\u201d projesinde \u00fc\u00e7\u00fcnc\u00fc oldu\" data-image-description=\"&lt;p&gt;Biga Atat\u00fcrk Anadolu Lisesi \u201cYar\u0131n\u0131 \u0130n\u015fa Et\u201d projesinde \u00fc\u00e7\u00fcnc\u00fc oldu&lt;\/p&gt; \" data-medium-file=\"https:\/\/i0.wp.com\/www.tvturk.com\/wp-content\/uploads\/2019\/02\/biga-ataturk-anadolu-lisesi-yarini-insa-et-projesinde-ucuncu-oldu_7b63637.jpg?fit=300%2C225\" data-large-file=\"https:\/\/i0.wp.com\/www.tvturk.com\/wp-content\/uploads\/2019\/02\/biga-ataturk-anadolu-lisesi-yarini-insa-et-projesinde-ucuncu-oldu_7b63637.jpg?fit=1000%2C750\" src=\"https:\/\/i0.wp.com\/www.tvturk.com\/wp-content\/uploads\/2019\/02\/biga-ataturk-anadolu-lisesi-yarini-insa-et-projesinde-ucuncu-oldu_7b63637.jpg?w=162&#038;h=122\" srcset=\"https:\/\/i0.wp.com\/www.tvturk.com\/wp-content\/uploads\/2019\/02\/biga-ataturk-anadolu-lisesi-yarini-insa-et-projesinde-ucuncu-oldu_7b63637.jpg?w=1000 1000w, https:\/\/i0.wp.com\/www.tvturk.com\/wp-content\/uploads\/2019\/02\/biga-ataturk-anadolu-lisesi-yarini-insa-et-projesinde-ucuncu-oldu_7b63637.jpg?resize=150%2C113 150w, https:\/\/i0.wp.com\/www.tvturk.com\/wp-content\/uploads\/2019\/02\/biga-ataturk-anadolu-lisesi-yarini-insa-et-projesinde-ucuncu-oldu_7b63637.jpg?resize=300%2C225 300w, https:\/\/i0.wp.com\/www.tvturk.com\/wp-content\/uploads\/2019\/02\/biga-ataturk-anadolu-lisesi-yarini-insa-et-projesinde-ucuncu-oldu_7b63637.jpg?resize=768%2C576 768w\" width=\"162\" height=\"122\" loading=\"lazy\" data-original-width=\"162\" data-original-height=\"122\" itemprop=\"http:\/\/schema.org\/image\" title=\"Biga Atat\u00fcrk Anadolu Lisesi \u201cYar\u0131n\u0131 \u0130n\u015fa Et\u201d projesinde \u00fc\u00e7\u00fcnc\u00fc oldu\" alt=\"Biga Atat\u00fcrk Anadolu Lisesi \u201cYar\u0131n\u0131 \u0130n\u015fa Et\u201d projesinde \u00fc\u00e7\u00fcnc\u00fc oldu\" style=\"width: 162px; height: 122px;\" \/> <\/a> <\/div> <div class=\"tiled-gallery-item tiled-gallery-item-small\" itemprop=\"associatedMedia\" itemscope itemtype=\"http:\/\/schema.org\/ImageObject\"> <a href=\"http:\/\/www.tvturk.com\/index.php\/biga-ataturk-anadolu-lisesi-yarini-insa-et-projesinde-ucuncu-oldu\/biga-ataturk-anadolu-lisesi-yarini-insa-et-projesinde-ucuncu-oldu-5\/\" border=\"0\" itemprop=\"url\"> <meta itemprop=\"width\" content=\"162\"> <meta itemprop=\"height\" content=\"121\"> <img decoding=\"async\" class=\"\" data-attachment-id=\"43221\" data-orig-file=\"http:\/\/www.tvturk.com\/wp-content\/uploads\/2019\/02\/biga-ataturk-anadolu-lisesi-yarini-insa-et-projesinde-ucuncu-oldu_dd6ec85.jpg\" data-orig-size=\"1000,750\" data-comments-opened=\"\" data-image-meta=\"{&quot;aperture&quot;:&quot;0&quot;,&quot;credit&quot;:&quot;IHA&quot;,&quot;camera&quot;:&quot;&quot;,&quot;caption&quot;:&quot;G\\u00dcNEY MARMARA KALKINMA AJANSI (GMKA), \\u00c7ANAKKALE \\u0130L M\\u0130LL\\u0130 E\\u011e\\u0130T\\u0130M M\\u00dcD\\u00dcRL\\u00dc\\u011e\\u00dc VE T\\u00dcRK\\u0130YE TEKNOLOJ\\u0130 GEL\\u0130\\u015eT\\u0130RME VAKFI (TTGV) \\u0130\\u015eB\\u0130RL\\u0130\\u011e\\u0130NDE HAYATA GE\\u00c7\\u0130R\\u0130LEN \\u201cYARINI \\u0130N\\u015eA ET\\u201d PROGRAMI KAPSAMINDA D\\u00dcZENLENEN ETK\\u0130NL\\u0130KTE ATAT\\u00dcRK ANADOLU L\\u0130SES\\u0130 \\u00d6\\u011eRENC\\u0130LER\\u0130N\\u0130N HAZIRLADI\\u011eI \\u0022YARINI \\u0130N\\u015eA ET\\u0022 PROJES\\u0130 \\u00dc\\u00c7\\u00dcNC\\u00dc OLDU. (TOPRAK AKKAYA\\\/\\u00c7ANAKKALE-\\u0130HA)&quot;,&quot;created_timestamp&quot;:&quot;0&quot;,&quot;copyright&quot;:&quot;\\u0130HLAS HABER AJANSI, www.iha.com.tr&quot;,&quot;focal_length&quot;:&quot;0&quot;,&quot;iso&quot;:&quot;0&quot;,&quot;shutter_speed&quot;:&quot;0&quot;,&quot;title&quot;:&quot;B\\u0130GA ATAT\\u00dcRK ANADOLU L\\u0130SES\\u0130 \\u201cYARINI \\u0130N\\u015eA ET\\u201d PROJES\\u0130NDE \\u00dc\\u00c7\\u00dcNC\\u00dc OLDU&quot;,&quot;orientation&quot;:&quot;0&quot;}\" data-image-title=\"Biga Atat\u00fcrk Anadolu Lisesi \u201cYar\u0131n\u0131 \u0130n\u015fa Et\u201d projesinde \u00fc\u00e7\u00fcnc\u00fc oldu\" data-image-description=\"&lt;p&gt;Biga Atat\u00fcrk Anadolu Lisesi \u201cYar\u0131n\u0131 \u0130n\u015fa Et\u201d projesinde \u00fc\u00e7\u00fcnc\u00fc oldu&lt;\/p&gt; \" data-medium-file=\"https:\/\/i0.wp.com\/www.tvturk.com\/wp-content\/uploads\/2019\/02\/biga-ataturk-anadolu-lisesi-yarini-insa-et-projesinde-ucuncu-oldu_dd6ec85.jpg?fit=300%2C225\" data-large-file=\"https:\/\/i0.wp.com\/www.tvturk.com\/wp-content\/uploads\/2019\/02\/biga-ataturk-anadolu-lisesi-yarini-insa-et-projesinde-ucuncu-oldu_dd6ec85.jpg?fit=1000%2C750\" src=\"https:\/\/i0.wp.com\/www.tvturk.com\/wp-content\/uploads\/2019\/02\/biga-ataturk-anadolu-lisesi-yarini-insa-et-projesinde-ucuncu-oldu_dd6ec85.jpg?w=162&#038;h=121\" srcset=\"https:\/\/i0.wp.com\/www.tvturk.com\/wp-content\/uploads\/2019\/02\/biga-ataturk-anadolu-lisesi-yarini-insa-et-projesinde-ucuncu-oldu_dd6ec85.jpg?w=1000 1000w, https:\/\/i0.wp.com\/www.tvturk.com\/wp-content\/uploads\/2019\/02\/biga-ataturk-anadolu-lisesi-yarini-insa-et-projesinde-ucuncu-oldu_dd6ec85.jpg?resize=150%2C113 150w, https:\/\/i0.wp.com\/www.tvturk.com\/wp-content\/uploads\/2019\/02\/biga-ataturk-anadolu-lisesi-yarini-insa-et-projesinde-ucuncu-oldu_dd6ec85.jpg?resize=300%2C225 300w, https:\/\/i0.wp.com\/www.tvturk.com\/wp-content\/uploads\/2019\/02\/biga-ataturk-anadolu-lisesi-yarini-insa-et-projesinde-ucuncu-oldu_dd6ec85.jpg?resize=768%2C576 768w\" width=\"162\" height=\"121\" loading=\"lazy\" data-original-width=\"162\" data-original-height=\"121\" itemprop=\"http:\/\/schema.org\/image\" title=\"Biga Atat\u00fcrk Anadolu Lisesi \u201cYar\u0131n\u0131 \u0130n\u015fa Et\u201d projesinde \u00fc\u00e7\u00fcnc\u00fc oldu\" alt=\"Biga Atat\u00fcrk Anadolu Lisesi \u201cYar\u0131n\u0131 \u0130n\u015fa Et\u201d projesinde \u00fc\u00e7\u00fcnc\u00fc oldu\" style=\"width: 162px; height: 121px;\" \/> <\/a> <\/div> <\/div> <!-- close group --> <\/div> <!-- close row --> <\/div><\/p>\n","protected":false},"excerpt":{"rendered":"<p>G\u00dcNEY MARMARA KALKINMA AJANSI (GMKA), \u00c7ANAKKALE \u0130L M\u0130LL\u0130 E\u011e\u0130T\u0130M M\u00dcD\u00dcRL\u00dc\u011e\u00dc VE T\u00dcRK\u0130YE TEKNOLOJ\u0130 GEL\u0130\u015eT\u0130RME VAKFI (TTGV) \u0130\u015eB\u0130RL\u0130\u011e\u0130NDE HAYATA GE\u00c7\u0130R\u0130LEN \u201cYARINI \u0130N\u015eA ET\u201d PROGRAMI KAPSAMINDA D\u00dcZENLENEN ETK\u0130NL\u0130KTE ATAT\u00dcRK ANADOLU L\u0130SES\u0130 \u00d6\u011eRENC\u0130LER\u0130N\u0130N HAZIRLADI\u011eI  &#8220;YARINI \u0130N\u015eA ET&#8221; PROJES\u0130 \u00dc\u00c7\u00dcNC\u00dc OLDU.<\/p>\n","protected":false},"author":1,"featured_media":43218,"comment_status":"closed","ping_status":"open","sticky":false,"template":"","format":"standard","meta":{"jetpack_post_was_ever_published":false,"_jetpack_newsletter_access":"","_jetpack_dont_email_post_to_subs":false,"_jetpack_newsletter_tier_id":0,"_jetpack_memberships_contains_paywalled_content":false,"_jetpack_memberships_contains_paid_content":false,"footnotes":"","jetpack_publicize_message":"","jetpack_publicize_feature_enabled":true,"jetpack_social_post_already_shared":false,"jetpack_social_options":{"image_generator_settings":{"template":"highway","default_image_id":0,"font":"","enabled":false},"version":2}},"categories":[655],"tags":[10669,1223,381,6419,15076,3148,6787,77,2260,8655],"class_list":["post-43217","post","type-post","status-publish","format-standard","has-post-thumbnail","hentry","category-son-dakika","tag-yarini","tag-anadolu","tag-ataturk","tag-biga","tag-et","tag-insa","tag-lisesi","tag-oldu","tag-projesinde","tag-ucuncu"],"jetpack_publicize_connections":[],"jetpack_featured_media_url":"https:\/\/i0.wp.com\/www.tvturk.com\/wp-content\/uploads\/2019\/02\/biga-ataturk-anadolu-lisesi-yarini-insa-et-projesinde-ucuncu-oldu_e45fcee.jpg?fit=1000%2C750","jetpack_sharing_enabled":true,"jetpack_shortlink":"https:\/\/wp.me\/paKIfm-bf3","_links":{"self":[{"href":"http:\/\/www.tvturk.com\/index.php\/wp-json\/wp\/v2\/posts\/43217","targetHints":{"allow":["GET"]}}],"collection":[{"href":"http:\/\/www.tvturk.com\/index.php\/wp-json\/wp\/v2\/posts"}],"about":[{"href":"http:\/\/www.tvturk.com\/index.php\/wp-json\/wp\/v2\/types\/post"}],"author":[{"embeddable":true,"href":"http:\/\/www.tvturk.com\/index.php\/wp-json\/wp\/v2\/users\/1"}],"replies":[{"embeddable":true,"href":"http:\/\/www.tvturk.com\/index.php\/wp-json\/wp\/v2\/comments?post=43217"}],"version-history":[{"count":1,"href":"http:\/\/www.tvturk.com\/index.php\/wp-json\/wp\/v2\/posts\/43217\/revisions"}],"predecessor-version":[{"id":43222,"href":"http:\/\/www.tvturk.com\/index.php\/wp-json\/wp\/v2\/posts\/43217\/revisions\/43222"}],"wp:featuredmedia":[{"embeddable":true,"href":"http:\/\/www.tvturk.com\/index.php\/wp-json\/wp\/v2\/media\/43218"}],"wp:attachment":[{"href":"http:\/\/www.tvturk.com\/index.php\/wp-json\/wp\/v2\/media?parent=43217"}],"wp:term":[{"taxonomy":"category","embeddable":true,"href":"http:\/\/www.tvturk.com\/index.php\/wp-json\/wp\/v2\/categories?post=43217"},{"taxonomy":"post_tag","embeddable":true,"href":"http:\/\/www.tvturk.com\/index.php\/wp-json\/wp\/v2\/tags?post=43217"}],"curies":[{"name":"wp","href":"https:\/\/api.w.org\/{rel}","templated":true}]}}