{"id":43278,"date":"2019-02-18T09:21:08","date_gmt":"2019-02-18T06:21:08","guid":{"rendered":"http:\/\/www.tvturk.com\/index.php\/beyaz-gelincik-tuncelinin-ardindan-gumushanede-de-goruntulendi\/"},"modified":"2019-02-18T09:21:12","modified_gmt":"2019-02-18T06:21:12","slug":"beyaz-gelincik-tuncelinin-ardindan-gumushanede-de-goruntulendi","status":"publish","type":"post","link":"http:\/\/www.tvturk.com\/index.php\/beyaz-gelincik-tuncelinin-ardindan-gumushanede-de-goruntulendi\/","title":{"rendered":"Beyaz Gelincik Tunceli\u2019nin ard\u0131ndan G\u00fcm\u00fc\u015fhane\u2019de de g\u00f6r\u00fcnt\u00fclendi"},"content":{"rendered":"<p>Ge\u00e7ti\u011fimiz g\u00fcnlerde Tunceli\u2019de g\u00f6r\u00fcnt\u00fclenen ve d\u00fcnyada say\u0131lar\u0131 h\u0131zla azalan ve g\u00f6r\u00fcnt\u00fclenmeleri \u00e7ok zor olan Beyaz Gelincik G\u00fcm\u00fc\u015fhane\u2019nin merkeze ba\u011fl\u0131 Dibekli k\u00f6y\u00fcnde kameralara tak\u0131ld\u0131.<\/p>\n<p>Sansargiller ailesinden olan Beyaz Gelincik, G\u00fcm\u00fc\u015fhane\u2019de ya\u015fayan do\u011fa foto\u011fraf\u00e7\u0131s\u0131 Metin Ayd\u0131n taraf\u0131ndan merkeze ba\u011fl\u0131 Dibekli k\u00f6y\u00fc k\u0131rsal\u0131nda g\u00f6r\u00fcnt\u00fclendi.<\/p>\n<p>Daha \u00e7ok yer alt\u0131nda ya\u015fayan ve d\u0131\u015far\u0131 \u00e7ok az \u00e7\u0131kan Beyaz Gelincik, genellikle fare ve ku\u015f yumurtalar\u0131 ile besleniyor. Yer alt\u0131nda gizlendi\u011fi i\u00e7in g\u00f6r\u00fcnt\u00fc al\u0131nmas\u0131 \u00e7ok zor olan hayvan t\u00fcrlerinden olan Beyaz Gelincik, uzun g\u00f6vde ve kuyru\u011fuyla \u00e7ok h\u0131zl\u0131 hareket ediyor ve \u00e7ok k\u00fc\u00e7\u00fck deliklerden i\u00e7eri girebilme yetene\u011fine sahip.<\/p>\n<p>G\u00fcm\u00fc\u015fhane \u00dcniversitesinde memur olarak g\u00f6rev yapan ve hafta sonlar\u0131 do\u011fa y\u00fcr\u00fcy\u00fc\u015f\u00fc yap\u0131p foto\u011fraf \u00e7eken Ayd\u0131n, Dibekli k\u00f6y\u00fcnden S\u00fcleyman Demir\u2019in daveti \u00fczerine hafta sonu b\u00f6lgeye gitti\u011fini s\u00f6yledi.<\/p>\n<p>Genelde G\u00fcm\u00fc\u015fhane Da\u011fc\u0131l\u0131k ve Do\u011fa Sporlar\u0131 Kul\u00fcb\u00fc (G\u00dcDAK) ile y\u00fcr\u00fcy\u00fc\u015f yapt\u0131klar\u0131n\u0131 fakat bu hafta bireysel y\u00fcr\u00fcy\u00fc\u015f s\u0131ras\u0131nda beyaz gelinci\u011fe denk geldi\u011fini kaydeden Ayd\u0131n, \u201cBu haftaki y\u00fcr\u00fcy\u00fc\u015f\u00fcm\u00fcz\u00fc bireysel olarak yapt\u0131k. Dibekli k\u00f6y\u00fcne y\u00fcr\u00fcd\u00fck. K\u00f6y\u00fcn bir ka\u00e7 kilometre uza\u011f\u0131nda rastlad\u0131k beyaz gelinci\u011fe. Daha \u00f6nce g\u00f6rmedim hi\u00e7. Birka\u00e7 g\u00fcn \u00f6nce Tunceli\u2019de g\u00f6r\u00fcnt\u00fclendi\u011fini okumu\u015ftum. Nesli t\u00fckenmekte olan bir hayvan\u0131 g\u00f6rd\u00fc\u011f\u00fcm i\u00e7in heyecanland\u0131m ve ayn\u0131 zamanda sevindim G\u00fcm\u00fc\u015fhane\u2019de g\u00f6r\u00fcld\u00fc\u011f\u00fc i\u00e7in. \u00c7ok hareketli oldu\u011fu i\u00e7in \u00e7ekmek baya\u011f\u0131 zor oldu. S\u00fcrekli hareket etti\u011fi i\u00e7in s\u00fcrekli g\u00f6zden kayboldu. Beni Dibekli k\u00f6y\u00fcndeki y\u00fcr\u00fcy\u00fc\u015fe davet etti\u011fi i\u00e7in S\u00fcleyman Demir\u2019e de te\u015fekk\u00fcr ediyorum\u201d dedi.<div class=\"tiled-gallery type-rectangular tiled-gallery-unresized\" data-original-width=\"500\" data-carousel-extra='null' itemscope itemtype=\"http:\/\/schema.org\/ImageGallery\" > <div class=\"gallery-row\" style=\"width: 500px; height: 224px;\" data-original-width=\"500\" data-original-height=\"224\" > <div class=\"gallery-group images-1\" style=\"width: 334px; height: 224px;\" data-original-width=\"334\" data-original-height=\"224\" > <div class=\"tiled-gallery-item tiled-gallery-item-large\" itemprop=\"associatedMedia\" itemscope itemtype=\"http:\/\/schema.org\/ImageObject\"> <a href=\"http:\/\/www.tvturk.com\/index.php\/beyaz-gelincik-tuncelinin-ardindan-gumushanede-de-goruntulendi\/beyaz-gelincik-tuncelinin-ardindan-gumushanede-de-goruntulendi-3\/\" border=\"0\" itemprop=\"url\"> <meta itemprop=\"width\" content=\"330\"> <meta itemprop=\"height\" content=\"220\"> <img decoding=\"async\" class=\"\" data-attachment-id=\"43280\" data-orig-file=\"http:\/\/www.tvturk.com\/wp-content\/uploads\/2019\/02\/beyaz-gelincik-tuncelinin-ardindan-gumushanede-de-goruntulendi_093bb30.jpg\" data-orig-size=\"1000,666\" data-comments-opened=\"\" data-image-meta=\"{&quot;aperture&quot;:&quot;0&quot;,&quot;credit&quot;:&quot;IHA&quot;,&quot;camera&quot;:&quot;&quot;,&quot;caption&quot;:&quot;GE\\u00c7T\\u0130\\u011e\\u0130M\\u0130Z G\\u00dcNLERDE TUNCEL\\u0130\\u2019DE G\\u00d6R\\u00dcNT\\u00dcLENEN VE D\\u00dcNYADA SAYILARI HIZLA AZALAN VE G\\u00d6R\\u00dcNT\\u00dcLENMELER\\u0130 \\u00c7OK ZOR OLAN BEYAZ GEL\\u0130NC\\u0130K G\\u00dcM\\u00dc\\u015eHANE\\u2019N\\u0130N MERKEZE BA\\u011eLI D\\u0130BEKL\\u0130 K\\u00d6Y\\u00dcNDE KAMERALARA TAKILDI. (RECEP ERG\\u0130N\\\/G\\u00dcM\\u00dc\\u015eHANE-\\u0130HA)&quot;,&quot;created_timestamp&quot;:&quot;0&quot;,&quot;copyright&quot;:&quot;\\u0130HLAS HABER AJANSI, www.iha.com.tr&quot;,&quot;focal_length&quot;:&quot;0&quot;,&quot;iso&quot;:&quot;0&quot;,&quot;shutter_speed&quot;:&quot;0&quot;,&quot;title&quot;:&quot;BEYAZ GEL\\u0130NC\\u0130K TUNCEL\\u0130\\u0027N\\u0130N ARDINDAN G\\u00dcM\\u00dc\\u015eHANE\\u2019DE DE G\\u00d6R\\u00dcNT\\u00dcLEND\\u0130&quot;,&quot;orientation&quot;:&quot;0&quot;}\" data-image-title=\"Beyaz Gelincik Tunceli\u2019nin ard\u0131ndan G\u00fcm\u00fc\u015fhane\u2019de de g\u00f6r\u00fcnt\u00fclendi\" data-image-description=\"&lt;p&gt;Beyaz Gelincik Tunceli\u2019nin ard\u0131ndan G\u00fcm\u00fc\u015fhane\u2019de de g\u00f6r\u00fcnt\u00fclendi&lt;\/p&gt; \" data-medium-file=\"https:\/\/i0.wp.com\/www.tvturk.com\/wp-content\/uploads\/2019\/02\/beyaz-gelincik-tuncelinin-ardindan-gumushanede-de-goruntulendi_093bb30.jpg?fit=300%2C200\" data-large-file=\"https:\/\/i0.wp.com\/www.tvturk.com\/wp-content\/uploads\/2019\/02\/beyaz-gelincik-tuncelinin-ardindan-gumushanede-de-goruntulendi_093bb30.jpg?fit=1000%2C666\" src=\"https:\/\/i0.wp.com\/www.tvturk.com\/wp-content\/uploads\/2019\/02\/beyaz-gelincik-tuncelinin-ardindan-gumushanede-de-goruntulendi_093bb30.jpg?w=330&#038;h=220\" srcset=\"https:\/\/i0.wp.com\/www.tvturk.com\/wp-content\/uploads\/2019\/02\/beyaz-gelincik-tuncelinin-ardindan-gumushanede-de-goruntulendi_093bb30.jpg?w=1000 1000w, https:\/\/i0.wp.com\/www.tvturk.com\/wp-content\/uploads\/2019\/02\/beyaz-gelincik-tuncelinin-ardindan-gumushanede-de-goruntulendi_093bb30.jpg?resize=150%2C100 150w, https:\/\/i0.wp.com\/www.tvturk.com\/wp-content\/uploads\/2019\/02\/beyaz-gelincik-tuncelinin-ardindan-gumushanede-de-goruntulendi_093bb30.jpg?resize=300%2C200 300w, https:\/\/i0.wp.com\/www.tvturk.com\/wp-content\/uploads\/2019\/02\/beyaz-gelincik-tuncelinin-ardindan-gumushanede-de-goruntulendi_093bb30.jpg?resize=768%2C511 768w, https:\/\/i0.wp.com\/www.tvturk.com\/wp-content\/uploads\/2019\/02\/beyaz-gelincik-tuncelinin-ardindan-gumushanede-de-goruntulendi_093bb30.jpg?resize=170%2C113 170w, https:\/\/i0.wp.com\/www.tvturk.com\/wp-content\/uploads\/2019\/02\/beyaz-gelincik-tuncelinin-ardindan-gumushanede-de-goruntulendi_093bb30.jpg?resize=120%2C80 120w\" width=\"330\" height=\"220\" loading=\"lazy\" data-original-width=\"330\" data-original-height=\"220\" itemprop=\"http:\/\/schema.org\/image\" title=\"Beyaz Gelincik Tunceli\u2019nin ard\u0131ndan G\u00fcm\u00fc\u015fhane\u2019de de g\u00f6r\u00fcnt\u00fclendi\" alt=\"Beyaz Gelincik Tunceli\u2019nin ard\u0131ndan G\u00fcm\u00fc\u015fhane\u2019de de g\u00f6r\u00fcnt\u00fclendi\" style=\"width: 330px; height: 220px;\" \/> <\/a> <\/div> <\/div> <!-- close group --> <div class=\"gallery-group images-2\" style=\"width: 166px; height: 224px;\" data-original-width=\"166\" data-original-height=\"224\" > <div class=\"tiled-gallery-item tiled-gallery-item-small\" itemprop=\"associatedMedia\" itemscope itemtype=\"http:\/\/schema.org\/ImageObject\"> <a href=\"http:\/\/www.tvturk.com\/index.php\/beyaz-gelincik-tuncelinin-ardindan-gumushanede-de-goruntulendi\/beyaz-gelincik-tuncelinin-ardindan-gumushanede-de-goruntulendi-4\/\" border=\"0\" itemprop=\"url\"> <meta itemprop=\"width\" content=\"162\"> <meta itemprop=\"height\" content=\"108\"> <img decoding=\"async\" class=\"\" data-attachment-id=\"43281\" data-orig-file=\"http:\/\/www.tvturk.com\/wp-content\/uploads\/2019\/02\/beyaz-gelincik-tuncelinin-ardindan-gumushanede-de-goruntulendi_9abfcfa.jpg\" data-orig-size=\"1000,666\" data-comments-opened=\"\" data-image-meta=\"{&quot;aperture&quot;:&quot;0&quot;,&quot;credit&quot;:&quot;IHA&quot;,&quot;camera&quot;:&quot;&quot;,&quot;caption&quot;:&quot;GE\\u00c7T\\u0130\\u011e\\u0130M\\u0130Z G\\u00dcNLERDE TUNCEL\\u0130\\u2019DE G\\u00d6R\\u00dcNT\\u00dcLENEN VE D\\u00dcNYADA SAYILARI HIZLA AZALAN VE G\\u00d6R\\u00dcNT\\u00dcLENMELER\\u0130 \\u00c7OK ZOR OLAN BEYAZ GEL\\u0130NC\\u0130K G\\u00dcM\\u00dc\\u015eHANE\\u2019N\\u0130N MERKEZE BA\\u011eLI D\\u0130BEKL\\u0130 K\\u00d6Y\\u00dcNDE KAMERALARA TAKILDI. (RECEP ERG\\u0130N\\\/G\\u00dcM\\u00dc\\u015eHANE-\\u0130HA)&quot;,&quot;created_timestamp&quot;:&quot;0&quot;,&quot;copyright&quot;:&quot;\\u0130HLAS HABER AJANSI, www.iha.com.tr&quot;,&quot;focal_length&quot;:&quot;0&quot;,&quot;iso&quot;:&quot;0&quot;,&quot;shutter_speed&quot;:&quot;0&quot;,&quot;title&quot;:&quot;BEYAZ GEL\\u0130NC\\u0130K TUNCEL\\u0130\\u0027N\\u0130N ARDINDAN G\\u00dcM\\u00dc\\u015eHANE\\u2019DE DE G\\u00d6R\\u00dcNT\\u00dcLEND\\u0130&quot;,&quot;orientation&quot;:&quot;0&quot;}\" data-image-title=\"Beyaz Gelincik Tunceli\u2019nin ard\u0131ndan G\u00fcm\u00fc\u015fhane\u2019de de g\u00f6r\u00fcnt\u00fclendi\" data-image-description=\"&lt;p&gt;Beyaz Gelincik Tunceli\u2019nin ard\u0131ndan G\u00fcm\u00fc\u015fhane\u2019de de g\u00f6r\u00fcnt\u00fclendi&lt;\/p&gt; \" data-medium-file=\"https:\/\/i0.wp.com\/www.tvturk.com\/wp-content\/uploads\/2019\/02\/beyaz-gelincik-tuncelinin-ardindan-gumushanede-de-goruntulendi_9abfcfa.jpg?fit=300%2C200\" data-large-file=\"https:\/\/i0.wp.com\/www.tvturk.com\/wp-content\/uploads\/2019\/02\/beyaz-gelincik-tuncelinin-ardindan-gumushanede-de-goruntulendi_9abfcfa.jpg?fit=1000%2C666\" src=\"https:\/\/i0.wp.com\/www.tvturk.com\/wp-content\/uploads\/2019\/02\/beyaz-gelincik-tuncelinin-ardindan-gumushanede-de-goruntulendi_9abfcfa.jpg?w=162&#038;h=108\" srcset=\"https:\/\/i0.wp.com\/www.tvturk.com\/wp-content\/uploads\/2019\/02\/beyaz-gelincik-tuncelinin-ardindan-gumushanede-de-goruntulendi_9abfcfa.jpg?w=1000 1000w, https:\/\/i0.wp.com\/www.tvturk.com\/wp-content\/uploads\/2019\/02\/beyaz-gelincik-tuncelinin-ardindan-gumushanede-de-goruntulendi_9abfcfa.jpg?resize=150%2C100 150w, https:\/\/i0.wp.com\/www.tvturk.com\/wp-content\/uploads\/2019\/02\/beyaz-gelincik-tuncelinin-ardindan-gumushanede-de-goruntulendi_9abfcfa.jpg?resize=300%2C200 300w, https:\/\/i0.wp.com\/www.tvturk.com\/wp-content\/uploads\/2019\/02\/beyaz-gelincik-tuncelinin-ardindan-gumushanede-de-goruntulendi_9abfcfa.jpg?resize=768%2C511 768w, https:\/\/i0.wp.com\/www.tvturk.com\/wp-content\/uploads\/2019\/02\/beyaz-gelincik-tuncelinin-ardindan-gumushanede-de-goruntulendi_9abfcfa.jpg?resize=170%2C113 170w, https:\/\/i0.wp.com\/www.tvturk.com\/wp-content\/uploads\/2019\/02\/beyaz-gelincik-tuncelinin-ardindan-gumushanede-de-goruntulendi_9abfcfa.jpg?resize=120%2C80 120w\" width=\"162\" height=\"108\" loading=\"lazy\" data-original-width=\"162\" data-original-height=\"108\" itemprop=\"http:\/\/schema.org\/image\" title=\"Beyaz Gelincik Tunceli\u2019nin ard\u0131ndan G\u00fcm\u00fc\u015fhane\u2019de de g\u00f6r\u00fcnt\u00fclendi\" alt=\"Beyaz Gelincik Tunceli\u2019nin ard\u0131ndan G\u00fcm\u00fc\u015fhane\u2019de de g\u00f6r\u00fcnt\u00fclendi\" style=\"width: 162px; height: 108px;\" \/> <\/a> <\/div> <div class=\"tiled-gallery-item tiled-gallery-item-small\" itemprop=\"associatedMedia\" itemscope itemtype=\"http:\/\/schema.org\/ImageObject\"> <a href=\"http:\/\/www.tvturk.com\/index.php\/beyaz-gelincik-tuncelinin-ardindan-gumushanede-de-goruntulendi\/beyaz-gelincik-tuncelinin-ardindan-gumushanede-de-goruntulendi-5\/\" border=\"0\" itemprop=\"url\"> <meta itemprop=\"width\" content=\"162\"> <meta itemprop=\"height\" content=\"108\"> <img decoding=\"async\" class=\"\" data-attachment-id=\"43282\" data-orig-file=\"http:\/\/www.tvturk.com\/wp-content\/uploads\/2019\/02\/beyaz-gelincik-tuncelinin-ardindan-gumushanede-de-goruntulendi_66c6b73.jpg\" data-orig-size=\"1000,666\" data-comments-opened=\"\" data-image-meta=\"{&quot;aperture&quot;:&quot;0&quot;,&quot;credit&quot;:&quot;IHA&quot;,&quot;camera&quot;:&quot;&quot;,&quot;caption&quot;:&quot;GE\\u00c7T\\u0130\\u011e\\u0130M\\u0130Z G\\u00dcNLERDE TUNCEL\\u0130\\u2019DE G\\u00d6R\\u00dcNT\\u00dcLENEN VE D\\u00dcNYADA SAYILARI HIZLA AZALAN VE G\\u00d6R\\u00dcNT\\u00dcLENMELER\\u0130 \\u00c7OK ZOR OLAN BEYAZ GEL\\u0130NC\\u0130K G\\u00dcM\\u00dc\\u015eHANE\\u2019N\\u0130N MERKEZE BA\\u011eLI D\\u0130BEKL\\u0130 K\\u00d6Y\\u00dcNDE KAMERALARA TAKILDI. (RECEP ERG\\u0130N\\\/G\\u00dcM\\u00dc\\u015eHANE-\\u0130HA)&quot;,&quot;created_timestamp&quot;:&quot;0&quot;,&quot;copyright&quot;:&quot;\\u0130HLAS HABER AJANSI, www.iha.com.tr&quot;,&quot;focal_length&quot;:&quot;0&quot;,&quot;iso&quot;:&quot;0&quot;,&quot;shutter_speed&quot;:&quot;0&quot;,&quot;title&quot;:&quot;BEYAZ GEL\\u0130NC\\u0130K TUNCEL\\u0130\\u0027N\\u0130N ARDINDAN G\\u00dcM\\u00dc\\u015eHANE\\u2019DE DE G\\u00d6R\\u00dcNT\\u00dcLEND\\u0130&quot;,&quot;orientation&quot;:&quot;0&quot;}\" data-image-title=\"Beyaz Gelincik Tunceli\u2019nin ard\u0131ndan G\u00fcm\u00fc\u015fhane\u2019de de g\u00f6r\u00fcnt\u00fclendi\" data-image-description=\"&lt;p&gt;Beyaz Gelincik Tunceli\u2019nin ard\u0131ndan G\u00fcm\u00fc\u015fhane\u2019de de g\u00f6r\u00fcnt\u00fclendi&lt;\/p&gt; \" data-medium-file=\"https:\/\/i0.wp.com\/www.tvturk.com\/wp-content\/uploads\/2019\/02\/beyaz-gelincik-tuncelinin-ardindan-gumushanede-de-goruntulendi_66c6b73.jpg?fit=300%2C200\" data-large-file=\"https:\/\/i0.wp.com\/www.tvturk.com\/wp-content\/uploads\/2019\/02\/beyaz-gelincik-tuncelinin-ardindan-gumushanede-de-goruntulendi_66c6b73.jpg?fit=1000%2C666\" src=\"https:\/\/i0.wp.com\/www.tvturk.com\/wp-content\/uploads\/2019\/02\/beyaz-gelincik-tuncelinin-ardindan-gumushanede-de-goruntulendi_66c6b73.jpg?w=162&#038;h=108\" srcset=\"https:\/\/i0.wp.com\/www.tvturk.com\/wp-content\/uploads\/2019\/02\/beyaz-gelincik-tuncelinin-ardindan-gumushanede-de-goruntulendi_66c6b73.jpg?w=1000 1000w, https:\/\/i0.wp.com\/www.tvturk.com\/wp-content\/uploads\/2019\/02\/beyaz-gelincik-tuncelinin-ardindan-gumushanede-de-goruntulendi_66c6b73.jpg?resize=150%2C100 150w, https:\/\/i0.wp.com\/www.tvturk.com\/wp-content\/uploads\/2019\/02\/beyaz-gelincik-tuncelinin-ardindan-gumushanede-de-goruntulendi_66c6b73.jpg?resize=300%2C200 300w, https:\/\/i0.wp.com\/www.tvturk.com\/wp-content\/uploads\/2019\/02\/beyaz-gelincik-tuncelinin-ardindan-gumushanede-de-goruntulendi_66c6b73.jpg?resize=768%2C511 768w, https:\/\/i0.wp.com\/www.tvturk.com\/wp-content\/uploads\/2019\/02\/beyaz-gelincik-tuncelinin-ardindan-gumushanede-de-goruntulendi_66c6b73.jpg?resize=170%2C113 170w, https:\/\/i0.wp.com\/www.tvturk.com\/wp-content\/uploads\/2019\/02\/beyaz-gelincik-tuncelinin-ardindan-gumushanede-de-goruntulendi_66c6b73.jpg?resize=120%2C80 120w\" width=\"162\" height=\"108\" loading=\"lazy\" data-original-width=\"162\" data-original-height=\"108\" itemprop=\"http:\/\/schema.org\/image\" title=\"Beyaz Gelincik Tunceli\u2019nin ard\u0131ndan G\u00fcm\u00fc\u015fhane\u2019de de g\u00f6r\u00fcnt\u00fclendi\" alt=\"Beyaz Gelincik Tunceli\u2019nin ard\u0131ndan G\u00fcm\u00fc\u015fhane\u2019de de g\u00f6r\u00fcnt\u00fclendi\" style=\"width: 162px; height: 108px;\" \/> <\/a> <\/div> <\/div> <!-- close group --> <\/div> <!-- close row --> <div class=\"gallery-row\" style=\"width: 500px; height: 334px;\" data-original-width=\"500\" data-original-height=\"334\" > <div class=\"gallery-group images-1\" style=\"width: 500px; height: 334px;\" data-original-width=\"500\" data-original-height=\"334\" > <div class=\"tiled-gallery-item tiled-gallery-item-large\" itemprop=\"associatedMedia\" itemscope itemtype=\"http:\/\/schema.org\/ImageObject\"> <a href=\"http:\/\/www.tvturk.com\/index.php\/beyaz-gelincik-tuncelinin-ardindan-gumushanede-de-goruntulendi\/beyaz-gelincik-tuncelinin-ardindan-gumushanede-de-goruntulendi-6\/\" border=\"0\" itemprop=\"url\"> <meta itemprop=\"width\" content=\"496\"> <meta itemprop=\"height\" content=\"330\"> <img decoding=\"async\" class=\"\" data-attachment-id=\"43283\" data-orig-file=\"http:\/\/www.tvturk.com\/wp-content\/uploads\/2019\/02\/beyaz-gelincik-tuncelinin-ardindan-gumushanede-de-goruntulendi_fc6ed39.jpg\" data-orig-size=\"1000,666\" data-comments-opened=\"\" data-image-meta=\"{&quot;aperture&quot;:&quot;0&quot;,&quot;credit&quot;:&quot;IHA&quot;,&quot;camera&quot;:&quot;&quot;,&quot;caption&quot;:&quot;GE\\u00c7T\\u0130\\u011e\\u0130M\\u0130Z G\\u00dcNLERDE TUNCEL\\u0130\\u2019DE G\\u00d6R\\u00dcNT\\u00dcLENEN VE D\\u00dcNYADA SAYILARI HIZLA AZALAN VE G\\u00d6R\\u00dcNT\\u00dcLENMELER\\u0130 \\u00c7OK ZOR OLAN BEYAZ GEL\\u0130NC\\u0130K G\\u00dcM\\u00dc\\u015eHANE\\u2019N\\u0130N MERKEZE BA\\u011eLI D\\u0130BEKL\\u0130 K\\u00d6Y\\u00dcNDE KAMERALARA TAKILDI. (RECEP ERG\\u0130N\\\/G\\u00dcM\\u00dc\\u015eHANE-\\u0130HA)&quot;,&quot;created_timestamp&quot;:&quot;0&quot;,&quot;copyright&quot;:&quot;\\u0130HLAS HABER AJANSI, www.iha.com.tr&quot;,&quot;focal_length&quot;:&quot;0&quot;,&quot;iso&quot;:&quot;0&quot;,&quot;shutter_speed&quot;:&quot;0&quot;,&quot;title&quot;:&quot;BEYAZ GEL\\u0130NC\\u0130K TUNCEL\\u0130\\u0027N\\u0130N ARDINDAN G\\u00dcM\\u00dc\\u015eHANE\\u2019DE DE G\\u00d6R\\u00dcNT\\u00dcLEND\\u0130&quot;,&quot;orientation&quot;:&quot;0&quot;}\" data-image-title=\"Beyaz Gelincik Tunceli\u2019nin ard\u0131ndan G\u00fcm\u00fc\u015fhane\u2019de de g\u00f6r\u00fcnt\u00fclendi\" data-image-description=\"&lt;p&gt;Beyaz Gelincik Tunceli\u2019nin ard\u0131ndan G\u00fcm\u00fc\u015fhane\u2019de de g\u00f6r\u00fcnt\u00fclendi&lt;\/p&gt; \" data-medium-file=\"https:\/\/i0.wp.com\/www.tvturk.com\/wp-content\/uploads\/2019\/02\/beyaz-gelincik-tuncelinin-ardindan-gumushanede-de-goruntulendi_fc6ed39.jpg?fit=300%2C200\" data-large-file=\"https:\/\/i0.wp.com\/www.tvturk.com\/wp-content\/uploads\/2019\/02\/beyaz-gelincik-tuncelinin-ardindan-gumushanede-de-goruntulendi_fc6ed39.jpg?fit=1000%2C666\" src=\"https:\/\/i0.wp.com\/www.tvturk.com\/wp-content\/uploads\/2019\/02\/beyaz-gelincik-tuncelinin-ardindan-gumushanede-de-goruntulendi_fc6ed39.jpg?w=496&#038;h=330\" srcset=\"https:\/\/i0.wp.com\/www.tvturk.com\/wp-content\/uploads\/2019\/02\/beyaz-gelincik-tuncelinin-ardindan-gumushanede-de-goruntulendi_fc6ed39.jpg?w=1000 1000w, https:\/\/i0.wp.com\/www.tvturk.com\/wp-content\/uploads\/2019\/02\/beyaz-gelincik-tuncelinin-ardindan-gumushanede-de-goruntulendi_fc6ed39.jpg?resize=150%2C100 150w, https:\/\/i0.wp.com\/www.tvturk.com\/wp-content\/uploads\/2019\/02\/beyaz-gelincik-tuncelinin-ardindan-gumushanede-de-goruntulendi_fc6ed39.jpg?resize=300%2C200 300w, https:\/\/i0.wp.com\/www.tvturk.com\/wp-content\/uploads\/2019\/02\/beyaz-gelincik-tuncelinin-ardindan-gumushanede-de-goruntulendi_fc6ed39.jpg?resize=768%2C511 768w, https:\/\/i0.wp.com\/www.tvturk.com\/wp-content\/uploads\/2019\/02\/beyaz-gelincik-tuncelinin-ardindan-gumushanede-de-goruntulendi_fc6ed39.jpg?resize=170%2C113 170w, https:\/\/i0.wp.com\/www.tvturk.com\/wp-content\/uploads\/2019\/02\/beyaz-gelincik-tuncelinin-ardindan-gumushanede-de-goruntulendi_fc6ed39.jpg?resize=120%2C80 120w\" width=\"496\" height=\"330\" loading=\"lazy\" data-original-width=\"496\" data-original-height=\"330\" itemprop=\"http:\/\/schema.org\/image\" title=\"Beyaz Gelincik Tunceli\u2019nin ard\u0131ndan G\u00fcm\u00fc\u015fhane\u2019de de g\u00f6r\u00fcnt\u00fclendi\" alt=\"Beyaz Gelincik Tunceli\u2019nin ard\u0131ndan G\u00fcm\u00fc\u015fhane\u2019de de g\u00f6r\u00fcnt\u00fclendi\" style=\"width: 496px; height: 330px;\" \/> <\/a> <\/div> <\/div> <!-- close group --> <\/div> <!-- close row --> <\/div><\/p>\n","protected":false},"excerpt":{"rendered":"<p>GE\u00c7T\u0130\u011e\u0130M\u0130Z G\u00dcNLERDE TUNCEL\u0130\u2019DE G\u00d6R\u00dcNT\u00dcLENEN VE D\u00dcNYADA SAYILARI HIZLA AZALAN VE G\u00d6R\u00dcNT\u00dcLENMELER\u0130 \u00c7OK ZOR OLAN BEYAZ GEL\u0130NC\u0130K G\u00dcM\u00dc\u015eHANE\u2019N\u0130N MERKEZE BA\u011eLI D\u0130BEKL\u0130 K\u00d6Y\u00dcNDE KAMERALARA TAKILDI.<\/p>\n","protected":false},"author":1,"featured_media":43279,"comment_status":"closed","ping_status":"open","sticky":false,"template":"","format":"standard","meta":{"jetpack_post_was_ever_published":false,"_jetpack_newsletter_access":"","_jetpack_dont_email_post_to_subs":false,"_jetpack_newsletter_tier_id":0,"_jetpack_memberships_contains_paywalled_content":false,"_jetpack_memberships_contains_paid_content":false,"footnotes":"","jetpack_publicize_message":"","jetpack_publicize_feature_enabled":true,"jetpack_social_post_already_shared":false,"jetpack_social_options":{"image_generator_settings":{"template":"highway","default_image_id":0,"font":"","enabled":false},"version":2}},"categories":[658],"tags":[818,11414,3469,13173,3388,2784],"class_list":["post-43278","post","type-post","status-publish","format-standard","has-post-thumbnail","hentry","category-saglik","tag-beyaz","tag-tuncelinin","tag-ardindan","tag-gelincik","tag-goruntulendi","tag-gumushanede"],"jetpack_publicize_connections":[],"jetpack_featured_media_url":"https:\/\/i0.wp.com\/www.tvturk.com\/wp-content\/uploads\/2019\/02\/beyaz-gelincik-tuncelinin-ardindan-gumushanede-de-goruntulendi_f98d569.jpg?fit=1000%2C666","jetpack_sharing_enabled":true,"jetpack_shortlink":"https:\/\/wp.me\/paKIfm-bg2","_links":{"self":[{"href":"http:\/\/www.tvturk.com\/index.php\/wp-json\/wp\/v2\/posts\/43278","targetHints":{"allow":["GET"]}}],"collection":[{"href":"http:\/\/www.tvturk.com\/index.php\/wp-json\/wp\/v2\/posts"}],"about":[{"href":"http:\/\/www.tvturk.com\/index.php\/wp-json\/wp\/v2\/types\/post"}],"author":[{"embeddable":true,"href":"http:\/\/www.tvturk.com\/index.php\/wp-json\/wp\/v2\/users\/1"}],"replies":[{"embeddable":true,"href":"http:\/\/www.tvturk.com\/index.php\/wp-json\/wp\/v2\/comments?post=43278"}],"version-history":[{"count":1,"href":"http:\/\/www.tvturk.com\/index.php\/wp-json\/wp\/v2\/posts\/43278\/revisions"}],"predecessor-version":[{"id":43284,"href":"http:\/\/www.tvturk.com\/index.php\/wp-json\/wp\/v2\/posts\/43278\/revisions\/43284"}],"wp:featuredmedia":[{"embeddable":true,"href":"http:\/\/www.tvturk.com\/index.php\/wp-json\/wp\/v2\/media\/43279"}],"wp:attachment":[{"href":"http:\/\/www.tvturk.com\/index.php\/wp-json\/wp\/v2\/media?parent=43278"}],"wp:term":[{"taxonomy":"category","embeddable":true,"href":"http:\/\/www.tvturk.com\/index.php\/wp-json\/wp\/v2\/categories?post=43278"},{"taxonomy":"post_tag","embeddable":true,"href":"http:\/\/www.tvturk.com\/index.php\/wp-json\/wp\/v2\/tags?post=43278"}],"curies":[{"name":"wp","href":"https:\/\/api.w.org\/{rel}","templated":true}]}}