{"id":43301,"date":"2019-02-18T09:31:16","date_gmt":"2019-02-18T06:31:16","guid":{"rendered":"http:\/\/www.tvturk.com\/index.php\/minik-taraftarlar-da-tribunde-takimlarini-destekledi\/"},"modified":"2019-02-18T09:31:18","modified_gmt":"2019-02-18T06:31:18","slug":"minik-taraftarlar-da-tribunde-takimlarini-destekledi","status":"publish","type":"post","link":"http:\/\/www.tvturk.com\/index.php\/minik-taraftarlar-da-tribunde-takimlarini-destekledi\/","title":{"rendered":"Minik taraftarlar da trib\u00fcnde tak\u0131mlar\u0131n\u0131 destekledi"},"content":{"rendered":"<p>\u0130stikbal Mobilya Kayserispor\u2019un kendi sahas\u0131nda G\u00f6ztepe\u2019yi 2-1 ma\u011flup etti\u011fi kar\u015f\u0131la\u015fmada minik taraftarlar da trib\u00fcnlerdeki yerini aileleri ile birlikte ald\u0131.<\/p>\n<p>Kadir Has Stadyumu\u2019nda 16.00\u2019da ba\u015flayan kar\u015f\u0131la\u015fma \u00f6ncesinde \u0130stikbal Mobilya Kayserispor\u2019un taraftarlar\u0131 trib\u00fcnleri doldurdu. So\u011fuk havaya ra\u011fmen k\u00fc\u00e7\u00fck taraftarlar da aileleri ile birlikte \u00f6nemli kar\u015f\u0131la\u015fmada sar\u0131-k\u0131rm\u0131z\u0131l\u0131 tak\u0131ma destek verdi.<div class=\"tiled-gallery type-rectangular tiled-gallery-unresized\" data-original-width=\"500\" data-carousel-extra='null' itemscope itemtype=\"http:\/\/schema.org\/ImageGallery\" > <div class=\"gallery-row\" style=\"width: 500px; height: 373px;\" data-original-width=\"500\" data-original-height=\"373\" > <div class=\"gallery-group images-1\" style=\"width: 250px; height: 373px;\" data-original-width=\"250\" data-original-height=\"373\" > <div class=\"tiled-gallery-item tiled-gallery-item-small\" itemprop=\"associatedMedia\" itemscope itemtype=\"http:\/\/schema.org\/ImageObject\"> <a href=\"http:\/\/www.tvturk.com\/index.php\/minik-taraftarlar-da-tribunde-takimlarini-destekledi\/minik-taraftarlar-da-tribunde-takimlarini-destekledi-3\/\" border=\"0\" itemprop=\"url\"> <meta itemprop=\"width\" content=\"246\"> <meta itemprop=\"height\" content=\"369\"> <img decoding=\"async\" class=\"\" data-attachment-id=\"43303\" data-orig-file=\"http:\/\/www.tvturk.com\/wp-content\/uploads\/2019\/02\/minik-taraftarlar-da-tribunde-takimlarini-destekledi_93be8c7.jpg\" data-orig-size=\"666,1000\" data-comments-opened=\"\" data-image-meta=\"{&quot;aperture&quot;:&quot;0&quot;,&quot;credit&quot;:&quot;IHA&quot;,&quot;camera&quot;:&quot;&quot;,&quot;caption&quot;:&quot;\\u0130ST\\u0130KBAL MOB\\u0130LYA KAYSER\\u0130SPOR\\u0027UN KEND\\u0130 SAHASINDA G\\u00d6ZTEPE\\u0027Y\\u0130 2-1 MA\\u011eLUP ETT\\u0130\\u011e\\u0130 KAR\\u015eILA\\u015eMADA M\\u0130N\\u0130K TARAFTARLAR DA TR\\u0130B\\u00dcNLERDEK\\u0130 YER\\u0130N\\u0130 A\\u0130LELER\\u0130 \\u0130LE B\\u0130RL\\u0130KTE ALDI. (ALPARSLAN \\u00d6T\\u00dcKEN\\\/KAYSER\\u0130-\\u0130HA)&quot;,&quot;created_timestamp&quot;:&quot;0&quot;,&quot;copyright&quot;:&quot;\\u0130HLAS HABER AJANSI, www.iha.com.tr&quot;,&quot;focal_length&quot;:&quot;0&quot;,&quot;iso&quot;:&quot;0&quot;,&quot;shutter_speed&quot;:&quot;0&quot;,&quot;title&quot;:&quot;M\\u0130N\\u0130K TARAFTARLAR DA TR\\u0130B\\u00dcNDE TAKIMLARINI DESTEKLED\\u0130&quot;,&quot;orientation&quot;:&quot;0&quot;}\" data-image-title=\"Minik taraftarlar da trib\u00fcnde tak\u0131mlar\u0131n\u0131 destekledi\" data-image-description=\"&lt;p&gt;Minik taraftarlar da trib\u00fcnde tak\u0131mlar\u0131n\u0131 destekledi&lt;\/p&gt; \" data-medium-file=\"https:\/\/i0.wp.com\/www.tvturk.com\/wp-content\/uploads\/2019\/02\/minik-taraftarlar-da-tribunde-takimlarini-destekledi_93be8c7.jpg?fit=200%2C300\" data-large-file=\"https:\/\/i0.wp.com\/www.tvturk.com\/wp-content\/uploads\/2019\/02\/minik-taraftarlar-da-tribunde-takimlarini-destekledi_93be8c7.jpg?fit=666%2C1000\" src=\"https:\/\/i0.wp.com\/www.tvturk.com\/wp-content\/uploads\/2019\/02\/minik-taraftarlar-da-tribunde-takimlarini-destekledi_93be8c7.jpg?w=246&#038;h=369\" srcset=\"https:\/\/i0.wp.com\/www.tvturk.com\/wp-content\/uploads\/2019\/02\/minik-taraftarlar-da-tribunde-takimlarini-destekledi_93be8c7.jpg?w=666 666w, https:\/\/i0.wp.com\/www.tvturk.com\/wp-content\/uploads\/2019\/02\/minik-taraftarlar-da-tribunde-takimlarini-destekledi_93be8c7.jpg?resize=100%2C150 100w, https:\/\/i0.wp.com\/www.tvturk.com\/wp-content\/uploads\/2019\/02\/minik-taraftarlar-da-tribunde-takimlarini-destekledi_93be8c7.jpg?resize=200%2C300 200w\" width=\"246\" height=\"369\" loading=\"lazy\" data-original-width=\"246\" data-original-height=\"369\" itemprop=\"http:\/\/schema.org\/image\" title=\"Minik taraftarlar da trib\u00fcnde tak\u0131mlar\u0131n\u0131 destekledi\" alt=\"Minik taraftarlar da trib\u00fcnde tak\u0131mlar\u0131n\u0131 destekledi\" style=\"width: 246px; height: 369px;\" \/> <\/a> <\/div> <\/div> <!-- close group --> <div class=\"gallery-group images-1\" style=\"width: 250px; height: 373px;\" data-original-width=\"250\" data-original-height=\"373\" > <div class=\"tiled-gallery-item tiled-gallery-item-small\" itemprop=\"associatedMedia\" itemscope itemtype=\"http:\/\/schema.org\/ImageObject\"> <a href=\"http:\/\/www.tvturk.com\/index.php\/minik-taraftarlar-da-tribunde-takimlarini-destekledi\/minik-taraftarlar-da-tribunde-takimlarini-destekledi-4\/\" border=\"0\" itemprop=\"url\"> <meta itemprop=\"width\" content=\"246\"> <meta itemprop=\"height\" content=\"369\"> <img decoding=\"async\" class=\"\" data-attachment-id=\"43304\" data-orig-file=\"http:\/\/www.tvturk.com\/wp-content\/uploads\/2019\/02\/minik-taraftarlar-da-tribunde-takimlarini-destekledi_e33d3f5.jpg\" data-orig-size=\"666,1000\" data-comments-opened=\"\" data-image-meta=\"{&quot;aperture&quot;:&quot;0&quot;,&quot;credit&quot;:&quot;IHA&quot;,&quot;camera&quot;:&quot;&quot;,&quot;caption&quot;:&quot;\\u0130ST\\u0130KBAL MOB\\u0130LYA KAYSER\\u0130SPOR\\u0027UN KEND\\u0130 SAHASINDA G\\u00d6ZTEPE\\u0027Y\\u0130 2-1 MA\\u011eLUP ETT\\u0130\\u011e\\u0130 KAR\\u015eILA\\u015eMADA M\\u0130N\\u0130K TARAFTARLAR DA TR\\u0130B\\u00dcNLERDEK\\u0130 YER\\u0130N\\u0130 A\\u0130LELER\\u0130 \\u0130LE B\\u0130RL\\u0130KTE ALDI. (ALPARSLAN \\u00d6T\\u00dcKEN\\\/KAYSER\\u0130-\\u0130HA)&quot;,&quot;created_timestamp&quot;:&quot;0&quot;,&quot;copyright&quot;:&quot;\\u0130HLAS HABER AJANSI, www.iha.com.tr&quot;,&quot;focal_length&quot;:&quot;0&quot;,&quot;iso&quot;:&quot;0&quot;,&quot;shutter_speed&quot;:&quot;0&quot;,&quot;title&quot;:&quot;M\\u0130N\\u0130K TARAFTARLAR DA TR\\u0130B\\u00dcNDE TAKIMLARINI DESTEKLED\\u0130&quot;,&quot;orientation&quot;:&quot;0&quot;}\" data-image-title=\"Minik taraftarlar da trib\u00fcnde tak\u0131mlar\u0131n\u0131 destekledi\" data-image-description=\"&lt;p&gt;Minik taraftarlar da trib\u00fcnde tak\u0131mlar\u0131n\u0131 destekledi&lt;\/p&gt; \" data-medium-file=\"https:\/\/i0.wp.com\/www.tvturk.com\/wp-content\/uploads\/2019\/02\/minik-taraftarlar-da-tribunde-takimlarini-destekledi_e33d3f5.jpg?fit=200%2C300\" data-large-file=\"https:\/\/i0.wp.com\/www.tvturk.com\/wp-content\/uploads\/2019\/02\/minik-taraftarlar-da-tribunde-takimlarini-destekledi_e33d3f5.jpg?fit=666%2C1000\" src=\"https:\/\/i0.wp.com\/www.tvturk.com\/wp-content\/uploads\/2019\/02\/minik-taraftarlar-da-tribunde-takimlarini-destekledi_e33d3f5.jpg?w=246&#038;h=369\" srcset=\"https:\/\/i0.wp.com\/www.tvturk.com\/wp-content\/uploads\/2019\/02\/minik-taraftarlar-da-tribunde-takimlarini-destekledi_e33d3f5.jpg?w=666 666w, https:\/\/i0.wp.com\/www.tvturk.com\/wp-content\/uploads\/2019\/02\/minik-taraftarlar-da-tribunde-takimlarini-destekledi_e33d3f5.jpg?resize=100%2C150 100w, https:\/\/i0.wp.com\/www.tvturk.com\/wp-content\/uploads\/2019\/02\/minik-taraftarlar-da-tribunde-takimlarini-destekledi_e33d3f5.jpg?resize=200%2C300 200w\" width=\"246\" height=\"369\" loading=\"lazy\" data-original-width=\"246\" data-original-height=\"369\" itemprop=\"http:\/\/schema.org\/image\" title=\"Minik taraftarlar da trib\u00fcnde tak\u0131mlar\u0131n\u0131 destekledi\" alt=\"Minik taraftarlar da trib\u00fcnde tak\u0131mlar\u0131n\u0131 destekledi\" style=\"width: 246px; height: 369px;\" \/> <\/a> <\/div> <\/div> <!-- close group --> <\/div> <!-- close row --> <\/div><\/p>\n","protected":false},"excerpt":{"rendered":"<p>\u0130ST\u0130KBAL MOB\u0130LYA KAYSER\u0130SPOR&#8217;UN KEND\u0130 SAHASINDA G\u00d6ZTEPE&#8217;Y\u0130 2-1 MA\u011eLUP ETT\u0130\u011e\u0130 KAR\u015eILA\u015eMADA M\u0130N\u0130K TARAFTARLAR DA TR\u0130B\u00dcNLERDEK\u0130 YER\u0130N\u0130 A\u0130LELER\u0130 \u0130LE B\u0130RL\u0130KTE ALDI.<\/p>\n","protected":false},"author":1,"featured_media":43302,"comment_status":"closed","ping_status":"open","sticky":false,"template":"","format":"standard","meta":{"jetpack_post_was_ever_published":false,"_jetpack_newsletter_access":"","_jetpack_dont_email_post_to_subs":false,"_jetpack_newsletter_tier_id":0,"_jetpack_memberships_contains_paywalled_content":false,"_jetpack_memberships_contains_paid_content":false,"footnotes":"","jetpack_publicize_message":"","jetpack_publicize_feature_enabled":true,"jetpack_social_post_already_shared":false,"jetpack_social_options":{"image_generator_settings":{"template":"highway","default_image_id":0,"font":"","enabled":false},"version":2}},"categories":[657],"tags":[15102,1636,11250,6377,14960],"class_list":["post-43301","post","type-post","status-publish","format-standard","has-post-thumbnail","hentry","category-spor","tag-destekledi","tag-minik","tag-takimlarini","tag-taraftarlar","tag-tribunde"],"jetpack_publicize_connections":[],"jetpack_featured_media_url":"https:\/\/i0.wp.com\/www.tvturk.com\/wp-content\/uploads\/2019\/02\/minik-taraftarlar-da-tribunde-takimlarini-destekledi_50c93cd.jpg?fit=1000%2C666","jetpack_sharing_enabled":true,"jetpack_shortlink":"https:\/\/wp.me\/paKIfm-bgp","_links":{"self":[{"href":"http:\/\/www.tvturk.com\/index.php\/wp-json\/wp\/v2\/posts\/43301","targetHints":{"allow":["GET"]}}],"collection":[{"href":"http:\/\/www.tvturk.com\/index.php\/wp-json\/wp\/v2\/posts"}],"about":[{"href":"http:\/\/www.tvturk.com\/index.php\/wp-json\/wp\/v2\/types\/post"}],"author":[{"embeddable":true,"href":"http:\/\/www.tvturk.com\/index.php\/wp-json\/wp\/v2\/users\/1"}],"replies":[{"embeddable":true,"href":"http:\/\/www.tvturk.com\/index.php\/wp-json\/wp\/v2\/comments?post=43301"}],"version-history":[{"count":1,"href":"http:\/\/www.tvturk.com\/index.php\/wp-json\/wp\/v2\/posts\/43301\/revisions"}],"predecessor-version":[{"id":43305,"href":"http:\/\/www.tvturk.com\/index.php\/wp-json\/wp\/v2\/posts\/43301\/revisions\/43305"}],"wp:featuredmedia":[{"embeddable":true,"href":"http:\/\/www.tvturk.com\/index.php\/wp-json\/wp\/v2\/media\/43302"}],"wp:attachment":[{"href":"http:\/\/www.tvturk.com\/index.php\/wp-json\/wp\/v2\/media?parent=43301"}],"wp:term":[{"taxonomy":"category","embeddable":true,"href":"http:\/\/www.tvturk.com\/index.php\/wp-json\/wp\/v2\/categories?post=43301"},{"taxonomy":"post_tag","embeddable":true,"href":"http:\/\/www.tvturk.com\/index.php\/wp-json\/wp\/v2\/tags?post=43301"}],"curies":[{"name":"wp","href":"https:\/\/api.w.org\/{rel}","templated":true}]}}