{"id":43466,"date":"2019-02-18T10:01:39","date_gmt":"2019-02-18T07:01:39","guid":{"rendered":"http:\/\/www.tvturk.com\/index.php\/zayiflamak-icin-amerikadan-turkiyeye-geldi\/"},"modified":"2019-02-18T10:01:41","modified_gmt":"2019-02-18T07:01:41","slug":"zayiflamak-icin-amerikadan-turkiyeye-geldi","status":"publish","type":"post","link":"http:\/\/www.tvturk.com\/index.php\/zayiflamak-icin-amerikadan-turkiyeye-geldi\/","title":{"rendered":"Zay\u0131flamak i\u00e7in Amerika\u2019dan T\u00fcrkiye\u2019ye geldi"},"content":{"rendered":"<p>Amerika\u2019dan T\u00fcrkiye\u2019ye arkada\u015f tavsiyesi \u00fczerine obezite cerrahisi tedavisi i\u00e7in gelen Mekselina Hart, Adana\u2019da sa\u011fl\u0131\u011f\u0131na kavu\u015ftu.<\/p>\n<p>Mekselina Hart\u2019\u0131 tedavi eden \u00d6zel Adana Ortado\u011fu Hastanesi Ba\u015fhekimi Obezite Cerrahisi Uzman\u0131 Op. Dr. Mehmet Bayrak, yabanc\u0131 hastalar\u0131n tedavi i\u00e7in T\u00fcrkiye\u2019yi se\u00e7tiklerini vurgulayarak, \u201cAlmanya\u2019dan, Fransa\u2019dan, \u0130ngiltere\u2019den, Irak, \u0130ran ve Suriye\u2019den bir\u00e7ok hastam\u0131z\u0131 sa\u011fl\u0131\u011f\u0131na kavu\u015fturduk. En son Mekselina Amerika\u2019dan gelerek bize ba\u015fvurdu. Hen\u00fcz 20 ya\u015f\u0131nda ama uzun bir d\u00f6nem obeziteden kurtulmak i\u00e7in u\u011fra\u015fm\u0131\u015f. 1.72 cm boyunda ve 120 kilogram olan hastam\u0131za yapt\u0131\u011f\u0131m\u0131z tetkikler sonras\u0131 Genel Cerrahi, Dahiliye Uzman\u0131m\u0131z Dr. Vedat Akp\u0131nar, Psikiyatri Uzman\u0131m\u0131z Dr. \u00d6nder Tangolar, Anestezi ve Reanimasyon Uzman\u0131m\u0131z Dr. Ahmet B\u00fclb\u00fcl\u2019den olu\u015fan sa\u011fl\u0131k kurulumuzun onay\u0131 ile birlikte obezite cerrahisi karar\u0131 ald\u0131k\u201d dedi.<\/p>\n<p>Hastan\u0131n kararl\u0131l\u0131\u011f\u0131, operasyon kadar \u00f6nemli<\/p>\n<p>Obezite cerrahisinin, Sa\u011fl\u0131k Bakanl\u0131\u011f\u0131\u2019n\u0131n belirledi\u011fi donan\u0131ma ve bariatrik cerrahide uzman hekimlere sahip hastanelerde yap\u0131ld\u0131\u011f\u0131n\u0131n alt\u0131n\u0131 \u00e7izen Bayrak, \u201cLaparoskopik (kapal\u0131) t\u00fcp mide ameliyat\u0131 ger\u00e7ekle\u015ftirdi\u011fimiz Mekselina\u2019y\u0131 sa\u011fl\u0131kl\u0131 bir \u015fekilde taburcu ettik ve hastam\u0131z yak\u0131nda yeni hali ile kar\u015f\u0131m\u0131zda olacak. Hastalar\u0131n kilolar\u0131ndan kurtulma iste\u011fi, hayat \u015feklini de\u011fi\u015ftirme iste\u011fi de, operasyonun ba\u015far\u0131s\u0131 kadar \u00f6nemlidir. Mekselina\u2019y\u0131 bu iste\u011fi ve arzusu i\u00e7in tebrik ediyorum\u201d diye konu\u015ftu.<\/p>\n<p>Mekselina Hart ise Adana\u2019da bulundu\u011fu i\u00e7in mutlu oldu\u011funu belirterek, \u201cAdanal\u0131 bir arkada\u015f\u0131m, doktorum Mehmet Bayrak\u2019tan ve obezite cerrahisinden bahsetti. \u00c7ok etkilendim ve T\u00fcrkiye\u2019ye geldim. Doktoruma \u00e7ok te\u015fekk\u00fcr ediyorum. Ameliyat \u00f6ncesi ve \u00f6zellikle sonras\u0131 i\u00e7in her ayr\u0131nt\u0131y\u0131 bana anlatt\u0131. Obezite ile m\u00fccadele i\u00e7in en ciddi ad\u0131m\u0131 Mehmet beyin deste\u011fi ile att\u0131m ve m\u00fccadeleye de devam edece\u011fim\u201d \u015feklinde konu\u015ftu.<\/p>\n<p>Ameliyat sonras\u0131<\/p>\n<p>Op. Dr. Bayrak, laparoskopik (kapal\u0131) t\u00fcp mide ameliyat\u0131 sonras\u0131 hastalar\u0131n ya\u015fam \u015fekillerini de\u011fi\u015ftirmeleri gerekti\u011fini ifade ederek, \u201cBu operasyonla birlikte ki\u015fi beslenme, spor, egzersiz gibi de\u011fi\u015flikleri i\u00e7eren ya\u015fam \u015fartlar\u0131n\u0131 d\u00fczeltme yoluna gitmelidir. \u00d6nceki ya\u015fam \u015feklini, beslenme al\u0131\u015fkanl\u0131klar\u0131n\u0131 terk etmeli, d\u00fczenli spor, d\u00fczenli hayat ve sa\u011fl\u0131kl\u0131 beslenme ile yeni bir ya\u015fam felsefesi ile yoluna devam etmelidir\u201d dedi.<div class=\"tiled-gallery type-rectangular tiled-gallery-unresized\" data-original-width=\"500\" data-carousel-extra='null' itemscope itemtype=\"http:\/\/schema.org\/ImageGallery\" > <div class=\"gallery-row\" style=\"width: 500px; height: 334px;\" data-original-width=\"500\" data-original-height=\"334\" > <div class=\"gallery-group images-1\" style=\"width: 500px; height: 334px;\" data-original-width=\"500\" data-original-height=\"334\" > <div class=\"tiled-gallery-item tiled-gallery-item-large\" itemprop=\"associatedMedia\" itemscope itemtype=\"http:\/\/schema.org\/ImageObject\"> <a href=\"http:\/\/www.tvturk.com\/index.php\/zayiflamak-icin-amerikadan-turkiyeye-geldi\/zayiflamak-icin-amerikadan-turkiyeye-geldi-3\/\" border=\"0\" itemprop=\"url\"> <meta itemprop=\"width\" content=\"496\"> <meta itemprop=\"height\" content=\"330\"> <img decoding=\"async\" class=\"\" data-attachment-id=\"43468\" data-orig-file=\"http:\/\/www.tvturk.com\/wp-content\/uploads\/2019\/02\/zayiflamak-icin-amerikadan-turkiyeye-geldi_2a253d1.jpg\" data-orig-size=\"1000,665\" data-comments-opened=\"\" data-image-meta=\"{&quot;aperture&quot;:&quot;0&quot;,&quot;credit&quot;:&quot;IHA&quot;,&quot;camera&quot;:&quot;&quot;,&quot;caption&quot;:&quot;\\u00d6ZEL ADANA ORTADO\\u011eU HASTANES\\u0130 BA\\u015eHEK\\u0130M\\u0130 OBEZ\\u0130TE CERRAH\\u0130S\\u0130 UZMANI OP. DR. MEHMET BAYRAK, \\u201cLAPAROSKOP\\u0130K (KAPALI) T\\u00dcP M\\u0130DE AMEL\\u0130YATI GER\\u00c7EKLE\\u015eT\\u0130RD\\u0130\\u011e\\u0130M\\u0130Z MEKSEL\\u0130NA\\u2019YI SA\\u011eLIKLI B\\u0130R \\u015eEK\\u0130LDE TABURCU ETT\\u0130K VE HASTAMIZ YAKINDA YEN\\u0130 HAL\\u0130 \\u0130LE KAR\\u015eIMIZDA OLACAK\\u0022 DED\\u0130. (\\u0130HA\\\/ADANA-\\u0130HA)&quot;,&quot;created_timestamp&quot;:&quot;0&quot;,&quot;copyright&quot;:&quot;\\u0130HLAS HABER AJANSI, www.iha.com.tr&quot;,&quot;focal_length&quot;:&quot;0&quot;,&quot;iso&quot;:&quot;0&quot;,&quot;shutter_speed&quot;:&quot;0&quot;,&quot;title&quot;:&quot;ZAYIFLAMAK \\u0130\\u00c7\\u0130N AMER\\u0130KA\\u0027DAN T\\u00dcRK\\u0130YE\\u0027YE GELD\\u0130 MEKSEL\\u0130NA HART, ARKADA\\u015e TAVS\\u0130YES\\u0130 \\u00dcZER\\u0130NE ADANA\\u0027DA OBEZ\\u0130TE CERRAH\\u0130S\\u0130YLE TEDAV\\u0130 OLDU OBEZ\\u0130TE CERRAH\\u0130S\\u0130 UZMANI OP. DR. MEHMET BAYRAK, YABANCI HASTALARIN TEDAV\\u0130 \\u0130\\u00c7\\u0130N T\\u00dcRK\\u0130YE\\u2019Y\\u0130 SE\\u00c7T\\u0130KLER\\u0130N\\u0130 VURGULAYARAK, ALMANYA, FRANSA, \\u0130NG\\u0130LTERE, IRAK, \\u0130RAN VE SUR\\u0130YE\\u2019DEN B\\u0130R\\u00c7OK HASTAYI SA\\u011eLI\\u011eINA KAVU\\u015eTURDUKLARINI BEL\\u0130RTT\\u0130&quot;,&quot;orientation&quot;:&quot;0&quot;}\" data-image-title=\"Zay\u0131flamak i\u00e7in Amerika\u2019dan T\u00fcrkiye\u2019ye geldi\" data-image-description=\"&lt;p&gt;Zay\u0131flamak i\u00e7in Amerika\u2019dan T\u00fcrkiye\u2019ye geldi&lt;\/p&gt; \" data-medium-file=\"https:\/\/i0.wp.com\/www.tvturk.com\/wp-content\/uploads\/2019\/02\/zayiflamak-icin-amerikadan-turkiyeye-geldi_2a253d1.jpg?fit=300%2C200\" data-large-file=\"https:\/\/i0.wp.com\/www.tvturk.com\/wp-content\/uploads\/2019\/02\/zayiflamak-icin-amerikadan-turkiyeye-geldi_2a253d1.jpg?fit=1000%2C665\" src=\"https:\/\/i0.wp.com\/www.tvturk.com\/wp-content\/uploads\/2019\/02\/zayiflamak-icin-amerikadan-turkiyeye-geldi_2a253d1.jpg?w=496&#038;h=330\" srcset=\"https:\/\/i0.wp.com\/www.tvturk.com\/wp-content\/uploads\/2019\/02\/zayiflamak-icin-amerikadan-turkiyeye-geldi_2a253d1.jpg?w=1000 1000w, https:\/\/i0.wp.com\/www.tvturk.com\/wp-content\/uploads\/2019\/02\/zayiflamak-icin-amerikadan-turkiyeye-geldi_2a253d1.jpg?resize=150%2C100 150w, https:\/\/i0.wp.com\/www.tvturk.com\/wp-content\/uploads\/2019\/02\/zayiflamak-icin-amerikadan-turkiyeye-geldi_2a253d1.jpg?resize=300%2C200 300w, https:\/\/i0.wp.com\/www.tvturk.com\/wp-content\/uploads\/2019\/02\/zayiflamak-icin-amerikadan-turkiyeye-geldi_2a253d1.jpg?resize=768%2C511 768w, https:\/\/i0.wp.com\/www.tvturk.com\/wp-content\/uploads\/2019\/02\/zayiflamak-icin-amerikadan-turkiyeye-geldi_2a253d1.jpg?resize=170%2C113 170w, https:\/\/i0.wp.com\/www.tvturk.com\/wp-content\/uploads\/2019\/02\/zayiflamak-icin-amerikadan-turkiyeye-geldi_2a253d1.jpg?resize=120%2C80 120w\" width=\"496\" height=\"330\" loading=\"lazy\" data-original-width=\"496\" data-original-height=\"330\" itemprop=\"http:\/\/schema.org\/image\" title=\"Zay\u0131flamak i\u00e7in Amerika\u2019dan T\u00fcrkiye\u2019ye geldi\" alt=\"Zay\u0131flamak i\u00e7in Amerika\u2019dan T\u00fcrkiye\u2019ye geldi\" style=\"width: 496px; height: 330px;\" \/> <\/a> <\/div> <\/div> <!-- close group --> <\/div> <!-- close row --> <\/div><\/p>\n","protected":false},"excerpt":{"rendered":"<p>AMER\u0130KA\u2019DAN T\u00dcRK\u0130YE\u2019YE ARKADA\u015e TAVS\u0130YES\u0130 \u00dcZER\u0130NE OBEZ\u0130TE CERRAH\u0130S\u0130 TEDAV\u0130S\u0130 \u0130\u00c7\u0130N GELEN MEKSEL\u0130NA HART, ADANA\u2019DA SA\u011eLI\u011eINA KAVU\u015eTU.<\/p>\n","protected":false},"author":1,"featured_media":43467,"comment_status":"closed","ping_status":"open","sticky":false,"template":"","format":"standard","meta":{"jetpack_post_was_ever_published":false,"_jetpack_newsletter_access":"","_jetpack_dont_email_post_to_subs":false,"_jetpack_newsletter_tier_id":0,"_jetpack_memberships_contains_paywalled_content":false,"_jetpack_memberships_contains_paid_content":false,"footnotes":"","jetpack_publicize_message":"","jetpack_publicize_feature_enabled":true,"jetpack_social_post_already_shared":false,"jetpack_social_options":{"image_generator_settings":{"template":"highway","default_image_id":0,"font":"","enabled":false},"version":2}},"categories":[658],"tags":[15135,127,44,4071,15134],"class_list":["post-43466","post","type-post","status-publish","format-standard","has-post-thumbnail","hentry","category-saglik","tag-amerikadan","tag-geldi","tag-icin","tag-turkiyeye","tag-zayiflamak"],"jetpack_publicize_connections":[],"jetpack_featured_media_url":"https:\/\/i0.wp.com\/www.tvturk.com\/wp-content\/uploads\/2019\/02\/zayiflamak-icin-amerikadan-turkiyeye-geldi_527f2b5.jpg?fit=1000%2C750","jetpack_sharing_enabled":true,"jetpack_shortlink":"https:\/\/wp.me\/paKIfm-bj4","_links":{"self":[{"href":"http:\/\/www.tvturk.com\/index.php\/wp-json\/wp\/v2\/posts\/43466","targetHints":{"allow":["GET"]}}],"collection":[{"href":"http:\/\/www.tvturk.com\/index.php\/wp-json\/wp\/v2\/posts"}],"about":[{"href":"http:\/\/www.tvturk.com\/index.php\/wp-json\/wp\/v2\/types\/post"}],"author":[{"embeddable":true,"href":"http:\/\/www.tvturk.com\/index.php\/wp-json\/wp\/v2\/users\/1"}],"replies":[{"embeddable":true,"href":"http:\/\/www.tvturk.com\/index.php\/wp-json\/wp\/v2\/comments?post=43466"}],"version-history":[{"count":1,"href":"http:\/\/www.tvturk.com\/index.php\/wp-json\/wp\/v2\/posts\/43466\/revisions"}],"predecessor-version":[{"id":43469,"href":"http:\/\/www.tvturk.com\/index.php\/wp-json\/wp\/v2\/posts\/43466\/revisions\/43469"}],"wp:featuredmedia":[{"embeddable":true,"href":"http:\/\/www.tvturk.com\/index.php\/wp-json\/wp\/v2\/media\/43467"}],"wp:attachment":[{"href":"http:\/\/www.tvturk.com\/index.php\/wp-json\/wp\/v2\/media?parent=43466"}],"wp:term":[{"taxonomy":"category","embeddable":true,"href":"http:\/\/www.tvturk.com\/index.php\/wp-json\/wp\/v2\/categories?post=43466"},{"taxonomy":"post_tag","embeddable":true,"href":"http:\/\/www.tvturk.com\/index.php\/wp-json\/wp\/v2\/tags?post=43466"}],"curies":[{"name":"wp","href":"https:\/\/api.w.org\/{rel}","templated":true}]}}