{"id":43483,"date":"2019-02-18T10:11:03","date_gmt":"2019-02-18T07:11:03","guid":{"rendered":"http:\/\/www.tvturk.com\/index.php\/denizlide-zincirleme-trafik-kazasi-3-yarali\/"},"modified":"2019-02-18T10:11:07","modified_gmt":"2019-02-18T07:11:07","slug":"denizlide-zincirleme-trafik-kazasi-3-yarali","status":"publish","type":"post","link":"http:\/\/www.tvturk.com\/index.php\/denizlide-zincirleme-trafik-kazasi-3-yarali\/","title":{"rendered":"Denizli\u2019de zincirleme trafik kazas\u0131: 3 yaral\u0131"},"content":{"rendered":"<p>Denizli\u2019de 1 tur otob\u00fcs\u00fcn\u00fcn kar\u0131\u015ft\u0131\u011f\u0131 ve 3 arac\u0131n birbirine girdi\u011fi trafik kazas\u0131nda 3 ki\u015fi yaraland\u0131.<\/p>\n<p>Kaza, Pamukkale il\u00e7esi Pamukkale Mahallesi\u2019nde meydana geldi. Edinilen bilgilere g\u00f6re, Ersin Sar\u0131bat\u0131r y\u00f6netiminde 20 YA 317 plakal\u0131 otomobil, Karahay\u0131t Mahallesi istikametine giderken kar\u015f\u0131 \u015feritten gelen Tamer \u00d6zsara\u00e7 idaresindeki 20 AAD 969 plakal\u0131 otomobile ard\u0131ndan da Mehmet Taner T\u00fct\u00fcn\u2019\u00fcn kulland\u0131\u011f\u0131 34 GT 7094 plakal\u0131 tur otob\u00fcs\u00fcne \u00e7arpt\u0131. Kazada yaralanarak otomobil i\u00e7erisinde s\u0131k\u0131\u015fan s\u00fcr\u00fcc\u00fc Sar\u0131bat\u0131r ile yan\u0131ndakiler \u00dcmit Say\u0131l\u0131 ve Abd\u00fclbaki Kes olay yerine gelen Denizli B\u00fcy\u00fck\u015fehir Belediyesine ba\u011fl\u0131 itfaiye ekiplerinin yakla\u015f\u0131k 20 dakikal\u0131k m\u00fcdahalesi sonras\u0131 ara\u00e7tan \u00e7\u0131kar\u0131ld\u0131. Yaral\u0131lar daha sonra ambulanslarla kentteki \u00e7e\u015fitli hastanelere kald\u0131r\u0131ld\u0131.<\/p>\n<p>Kazayla ilgili soru\u015fturma ba\u015flat\u0131ld\u0131.<div class=\"tiled-gallery type-rectangular tiled-gallery-unresized\" data-original-width=\"500\" data-carousel-extra='null' itemscope itemtype=\"http:\/\/schema.org\/ImageGallery\" > <div class=\"gallery-row\" style=\"width: 500px; height: 353px;\" data-original-width=\"500\" data-original-height=\"353\" > <div class=\"gallery-group images-2\" style=\"width: 234px; height: 353px;\" data-original-width=\"234\" data-original-height=\"353\" > <div class=\"tiled-gallery-item tiled-gallery-item-small\" itemprop=\"associatedMedia\" itemscope itemtype=\"http:\/\/schema.org\/ImageObject\"> <a href=\"http:\/\/www.tvturk.com\/index.php\/denizlide-zincirleme-trafik-kazasi-3-yarali\/denizlide-zincirleme-trafik-kazasi-3-yarali-3\/\" border=\"0\" itemprop=\"url\"> <meta itemprop=\"width\" content=\"230\"> <meta itemprop=\"height\" content=\"173\"> <img decoding=\"async\" class=\"\" data-attachment-id=\"43485\" data-orig-file=\"http:\/\/www.tvturk.com\/wp-content\/uploads\/2019\/02\/denizlide-zincirleme-trafik-kazasi-3-yarali_0dbc6e3.jpg\" data-orig-size=\"1000,750\" data-comments-opened=\"\" data-image-meta=\"{&quot;aperture&quot;:&quot;0&quot;,&quot;credit&quot;:&quot;IHA&quot;,&quot;camera&quot;:&quot;&quot;,&quot;caption&quot;:&quot;DEN\\u0130ZL\\u0130\\u2019DE 1 TUR OTOB\\u00dcS\\u00dcN\\u00dcN KARI\\u015eTI\\u011eI VE 3 ARACIN B\\u0130RB\\u0130R\\u0130NE G\\u0130RD\\u0130\\u011e\\u0130 TRAF\\u0130K KAZASINDA 3 K\\u0130\\u015e\\u0130 YARALANDI. (G\\u00d6KTEN CEYLAN\\\/DEN\\u0130ZL\\u0130-\\u0130HA)&quot;,&quot;created_timestamp&quot;:&quot;0&quot;,&quot;copyright&quot;:&quot;\\u0130HLAS HABER AJANSI, www.iha.com.tr&quot;,&quot;focal_length&quot;:&quot;0&quot;,&quot;iso&quot;:&quot;0&quot;,&quot;shutter_speed&quot;:&quot;0&quot;,&quot;title&quot;:&quot;DEN\\u0130ZL\\u0130\\u2019DE Z\\u0130NC\\u0130RLEME TRAF\\u0130K KAZASI: 3 YARALI&quot;,&quot;orientation&quot;:&quot;0&quot;}\" data-image-title=\"Denizli\u2019de zincirleme trafik kazas\u0131: 3 yaral\u0131\" data-image-description=\"&lt;p&gt;Denizli\u2019de zincirleme trafik kazas\u0131: 3 yaral\u0131&lt;\/p&gt; \" data-medium-file=\"https:\/\/i0.wp.com\/www.tvturk.com\/wp-content\/uploads\/2019\/02\/denizlide-zincirleme-trafik-kazasi-3-yarali_0dbc6e3.jpg?fit=300%2C225\" data-large-file=\"https:\/\/i0.wp.com\/www.tvturk.com\/wp-content\/uploads\/2019\/02\/denizlide-zincirleme-trafik-kazasi-3-yarali_0dbc6e3.jpg?fit=1000%2C750\" src=\"https:\/\/i0.wp.com\/www.tvturk.com\/wp-content\/uploads\/2019\/02\/denizlide-zincirleme-trafik-kazasi-3-yarali_0dbc6e3.jpg?w=230&#038;h=173\" srcset=\"https:\/\/i0.wp.com\/www.tvturk.com\/wp-content\/uploads\/2019\/02\/denizlide-zincirleme-trafik-kazasi-3-yarali_0dbc6e3.jpg?w=1000 1000w, https:\/\/i0.wp.com\/www.tvturk.com\/wp-content\/uploads\/2019\/02\/denizlide-zincirleme-trafik-kazasi-3-yarali_0dbc6e3.jpg?resize=150%2C113 150w, https:\/\/i0.wp.com\/www.tvturk.com\/wp-content\/uploads\/2019\/02\/denizlide-zincirleme-trafik-kazasi-3-yarali_0dbc6e3.jpg?resize=300%2C225 300w, https:\/\/i0.wp.com\/www.tvturk.com\/wp-content\/uploads\/2019\/02\/denizlide-zincirleme-trafik-kazasi-3-yarali_0dbc6e3.jpg?resize=768%2C576 768w\" width=\"230\" height=\"173\" loading=\"lazy\" data-original-width=\"230\" data-original-height=\"173\" itemprop=\"http:\/\/schema.org\/image\" title=\"Denizli\u2019de zincirleme trafik kazas\u0131: 3 yaral\u0131\" alt=\"Denizli\u2019de zincirleme trafik kazas\u0131: 3 yaral\u0131\" style=\"width: 230px; height: 173px;\" \/> <\/a> <\/div> <div class=\"tiled-gallery-item tiled-gallery-item-small\" itemprop=\"associatedMedia\" itemscope itemtype=\"http:\/\/schema.org\/ImageObject\"> <a href=\"http:\/\/www.tvturk.com\/index.php\/denizlide-zincirleme-trafik-kazasi-3-yarali\/denizlide-zincirleme-trafik-kazasi-3-yarali-4\/\" border=\"0\" itemprop=\"url\"> <meta itemprop=\"width\" content=\"230\"> <meta itemprop=\"height\" content=\"172\"> <img decoding=\"async\" class=\"\" data-attachment-id=\"43486\" data-orig-file=\"http:\/\/www.tvturk.com\/wp-content\/uploads\/2019\/02\/denizlide-zincirleme-trafik-kazasi-3-yarali_407166e.jpg\" data-orig-size=\"1000,750\" data-comments-opened=\"\" data-image-meta=\"{&quot;aperture&quot;:&quot;0&quot;,&quot;credit&quot;:&quot;IHA&quot;,&quot;camera&quot;:&quot;&quot;,&quot;caption&quot;:&quot;DEN\\u0130ZL\\u0130\\u2019DE 1 TUR OTOB\\u00dcS\\u00dcN\\u00dcN KARI\\u015eTI\\u011eI VE 3 ARACIN B\\u0130RB\\u0130R\\u0130NE G\\u0130RD\\u0130\\u011e\\u0130 TRAF\\u0130K KAZASINDA 3 K\\u0130\\u015e\\u0130 YARALANDI. (G\\u00d6KTEN CEYLAN\\\/DEN\\u0130ZL\\u0130-\\u0130HA)&quot;,&quot;created_timestamp&quot;:&quot;0&quot;,&quot;copyright&quot;:&quot;\\u0130HLAS HABER AJANSI, www.iha.com.tr&quot;,&quot;focal_length&quot;:&quot;0&quot;,&quot;iso&quot;:&quot;0&quot;,&quot;shutter_speed&quot;:&quot;0&quot;,&quot;title&quot;:&quot;DEN\\u0130ZL\\u0130\\u2019DE Z\\u0130NC\\u0130RLEME TRAF\\u0130K KAZASI: 3 YARALI&quot;,&quot;orientation&quot;:&quot;0&quot;}\" data-image-title=\"Denizli\u2019de zincirleme trafik kazas\u0131: 3 yaral\u0131\" data-image-description=\"&lt;p&gt;Denizli\u2019de zincirleme trafik kazas\u0131: 3 yaral\u0131&lt;\/p&gt; \" data-medium-file=\"https:\/\/i0.wp.com\/www.tvturk.com\/wp-content\/uploads\/2019\/02\/denizlide-zincirleme-trafik-kazasi-3-yarali_407166e.jpg?fit=300%2C225\" data-large-file=\"https:\/\/i0.wp.com\/www.tvturk.com\/wp-content\/uploads\/2019\/02\/denizlide-zincirleme-trafik-kazasi-3-yarali_407166e.jpg?fit=1000%2C750\" src=\"https:\/\/i0.wp.com\/www.tvturk.com\/wp-content\/uploads\/2019\/02\/denizlide-zincirleme-trafik-kazasi-3-yarali_407166e.jpg?w=230&#038;h=172\" srcset=\"https:\/\/i0.wp.com\/www.tvturk.com\/wp-content\/uploads\/2019\/02\/denizlide-zincirleme-trafik-kazasi-3-yarali_407166e.jpg?w=1000 1000w, https:\/\/i0.wp.com\/www.tvturk.com\/wp-content\/uploads\/2019\/02\/denizlide-zincirleme-trafik-kazasi-3-yarali_407166e.jpg?resize=150%2C113 150w, https:\/\/i0.wp.com\/www.tvturk.com\/wp-content\/uploads\/2019\/02\/denizlide-zincirleme-trafik-kazasi-3-yarali_407166e.jpg?resize=300%2C225 300w, https:\/\/i0.wp.com\/www.tvturk.com\/wp-content\/uploads\/2019\/02\/denizlide-zincirleme-trafik-kazasi-3-yarali_407166e.jpg?resize=768%2C576 768w\" width=\"230\" height=\"172\" loading=\"lazy\" data-original-width=\"230\" data-original-height=\"172\" itemprop=\"http:\/\/schema.org\/image\" title=\"Denizli\u2019de zincirleme trafik kazas\u0131: 3 yaral\u0131\" alt=\"Denizli\u2019de zincirleme trafik kazas\u0131: 3 yaral\u0131\" style=\"width: 230px; height: 172px;\" \/> <\/a> <\/div> <\/div> <!-- close group --> <div class=\"gallery-group images-1\" style=\"width: 266px; height: 353px;\" data-original-width=\"266\" data-original-height=\"353\" > <div class=\"tiled-gallery-item tiled-gallery-item-large\" itemprop=\"associatedMedia\" itemscope itemtype=\"http:\/\/schema.org\/ImageObject\"> <a href=\"http:\/\/www.tvturk.com\/index.php\/denizlide-zincirleme-trafik-kazasi-3-yarali\/denizlide-zincirleme-trafik-kazasi-3-yarali-5\/\" border=\"0\" itemprop=\"url\"> <meta itemprop=\"width\" content=\"262\"> <meta itemprop=\"height\" content=\"349\"> <img decoding=\"async\" class=\"\" data-attachment-id=\"43487\" data-orig-file=\"http:\/\/www.tvturk.com\/wp-content\/uploads\/2019\/02\/denizlide-zincirleme-trafik-kazasi-3-yarali_dcbf8c6.jpg\" data-orig-size=\"750,1000\" data-comments-opened=\"\" data-image-meta=\"{&quot;aperture&quot;:&quot;0&quot;,&quot;credit&quot;:&quot;IHA&quot;,&quot;camera&quot;:&quot;&quot;,&quot;caption&quot;:&quot;DEN\\u0130ZL\\u0130\\u2019DE 1 TUR OTOB\\u00dcS\\u00dcN\\u00dcN KARI\\u015eTI\\u011eI VE 3 ARACIN B\\u0130RB\\u0130R\\u0130NE G\\u0130RD\\u0130\\u011e\\u0130 TRAF\\u0130K KAZASINDA 3 K\\u0130\\u015e\\u0130 YARALANDI. (G\\u00d6KTEN CEYLAN\\\/DEN\\u0130ZL\\u0130-\\u0130HA)&quot;,&quot;created_timestamp&quot;:&quot;0&quot;,&quot;copyright&quot;:&quot;\\u0130HLAS HABER AJANSI, www.iha.com.tr&quot;,&quot;focal_length&quot;:&quot;0&quot;,&quot;iso&quot;:&quot;0&quot;,&quot;shutter_speed&quot;:&quot;0&quot;,&quot;title&quot;:&quot;DEN\\u0130ZL\\u0130\\u2019DE Z\\u0130NC\\u0130RLEME TRAF\\u0130K KAZASI: 3 YARALI&quot;,&quot;orientation&quot;:&quot;0&quot;}\" data-image-title=\"Denizli\u2019de zincirleme trafik kazas\u0131: 3 yaral\u0131\" data-image-description=\"&lt;p&gt;Denizli\u2019de zincirleme trafik kazas\u0131: 3 yaral\u0131&lt;\/p&gt; \" data-medium-file=\"https:\/\/i0.wp.com\/www.tvturk.com\/wp-content\/uploads\/2019\/02\/denizlide-zincirleme-trafik-kazasi-3-yarali_dcbf8c6.jpg?fit=225%2C300\" data-large-file=\"https:\/\/i0.wp.com\/www.tvturk.com\/wp-content\/uploads\/2019\/02\/denizlide-zincirleme-trafik-kazasi-3-yarali_dcbf8c6.jpg?fit=750%2C1000\" src=\"https:\/\/i0.wp.com\/www.tvturk.com\/wp-content\/uploads\/2019\/02\/denizlide-zincirleme-trafik-kazasi-3-yarali_dcbf8c6.jpg?w=262&#038;h=349\" srcset=\"https:\/\/i0.wp.com\/www.tvturk.com\/wp-content\/uploads\/2019\/02\/denizlide-zincirleme-trafik-kazasi-3-yarali_dcbf8c6.jpg?w=750 750w, https:\/\/i0.wp.com\/www.tvturk.com\/wp-content\/uploads\/2019\/02\/denizlide-zincirleme-trafik-kazasi-3-yarali_dcbf8c6.jpg?resize=113%2C150 113w, https:\/\/i0.wp.com\/www.tvturk.com\/wp-content\/uploads\/2019\/02\/denizlide-zincirleme-trafik-kazasi-3-yarali_dcbf8c6.jpg?resize=225%2C300 225w\" width=\"262\" height=\"349\" loading=\"lazy\" data-original-width=\"262\" data-original-height=\"349\" itemprop=\"http:\/\/schema.org\/image\" title=\"Denizli\u2019de zincirleme trafik kazas\u0131: 3 yaral\u0131\" alt=\"Denizli\u2019de zincirleme trafik kazas\u0131: 3 yaral\u0131\" style=\"width: 262px; height: 349px;\" \/> <\/a> <\/div> <\/div> <!-- close group --> <\/div> <!-- close row --> <div class=\"gallery-row\" style=\"width: 500px; height: 332px;\" data-original-width=\"500\" data-original-height=\"332\" > <div class=\"gallery-group images-1\" style=\"width: 250px; height: 332px;\" data-original-width=\"250\" data-original-height=\"332\" > <div class=\"tiled-gallery-item tiled-gallery-item-small\" itemprop=\"associatedMedia\" itemscope itemtype=\"http:\/\/schema.org\/ImageObject\"> <a href=\"http:\/\/www.tvturk.com\/index.php\/denizlide-zincirleme-trafik-kazasi-3-yarali\/denizlide-zincirleme-trafik-kazasi-3-yarali-6\/\" border=\"0\" itemprop=\"url\"> <meta itemprop=\"width\" content=\"246\"> <meta itemprop=\"height\" content=\"328\"> <img decoding=\"async\" class=\"\" data-attachment-id=\"43488\" data-orig-file=\"http:\/\/www.tvturk.com\/wp-content\/uploads\/2019\/02\/denizlide-zincirleme-trafik-kazasi-3-yarali_003ef13.jpg\" data-orig-size=\"750,1000\" data-comments-opened=\"\" data-image-meta=\"{&quot;aperture&quot;:&quot;0&quot;,&quot;credit&quot;:&quot;IHA&quot;,&quot;camera&quot;:&quot;&quot;,&quot;caption&quot;:&quot;DEN\\u0130ZL\\u0130\\u2019DE 1 TUR OTOB\\u00dcS\\u00dcN\\u00dcN KARI\\u015eTI\\u011eI VE 3 ARACIN B\\u0130RB\\u0130R\\u0130NE G\\u0130RD\\u0130\\u011e\\u0130 TRAF\\u0130K KAZASINDA 3 K\\u0130\\u015e\\u0130 YARALANDI. (G\\u00d6KTEN CEYLAN\\\/DEN\\u0130ZL\\u0130-\\u0130HA)&quot;,&quot;created_timestamp&quot;:&quot;0&quot;,&quot;copyright&quot;:&quot;\\u0130HLAS HABER AJANSI, www.iha.com.tr&quot;,&quot;focal_length&quot;:&quot;0&quot;,&quot;iso&quot;:&quot;0&quot;,&quot;shutter_speed&quot;:&quot;0&quot;,&quot;title&quot;:&quot;DEN\\u0130ZL\\u0130\\u2019DE Z\\u0130NC\\u0130RLEME TRAF\\u0130K KAZASI: 3 YARALI&quot;,&quot;orientation&quot;:&quot;0&quot;}\" data-image-title=\"Denizli\u2019de zincirleme trafik kazas\u0131: 3 yaral\u0131\" data-image-description=\"&lt;p&gt;Denizli\u2019de zincirleme trafik kazas\u0131: 3 yaral\u0131&lt;\/p&gt; \" data-medium-file=\"https:\/\/i0.wp.com\/www.tvturk.com\/wp-content\/uploads\/2019\/02\/denizlide-zincirleme-trafik-kazasi-3-yarali_003ef13.jpg?fit=225%2C300\" data-large-file=\"https:\/\/i0.wp.com\/www.tvturk.com\/wp-content\/uploads\/2019\/02\/denizlide-zincirleme-trafik-kazasi-3-yarali_003ef13.jpg?fit=750%2C1000\" src=\"https:\/\/i0.wp.com\/www.tvturk.com\/wp-content\/uploads\/2019\/02\/denizlide-zincirleme-trafik-kazasi-3-yarali_003ef13.jpg?w=246&#038;h=328\" srcset=\"https:\/\/i0.wp.com\/www.tvturk.com\/wp-content\/uploads\/2019\/02\/denizlide-zincirleme-trafik-kazasi-3-yarali_003ef13.jpg?w=750 750w, https:\/\/i0.wp.com\/www.tvturk.com\/wp-content\/uploads\/2019\/02\/denizlide-zincirleme-trafik-kazasi-3-yarali_003ef13.jpg?resize=113%2C150 113w, https:\/\/i0.wp.com\/www.tvturk.com\/wp-content\/uploads\/2019\/02\/denizlide-zincirleme-trafik-kazasi-3-yarali_003ef13.jpg?resize=225%2C300 225w\" width=\"246\" height=\"328\" loading=\"lazy\" data-original-width=\"246\" data-original-height=\"328\" itemprop=\"http:\/\/schema.org\/image\" title=\"Denizli\u2019de zincirleme trafik kazas\u0131: 3 yaral\u0131\" alt=\"Denizli\u2019de zincirleme trafik kazas\u0131: 3 yaral\u0131\" style=\"width: 246px; height: 328px;\" \/> <\/a> <\/div> <\/div> <!-- close group --> <div class=\"gallery-group images-1\" style=\"width: 250px; height: 332px;\" data-original-width=\"250\" data-original-height=\"332\" > <div class=\"tiled-gallery-item tiled-gallery-item-small\" itemprop=\"associatedMedia\" itemscope itemtype=\"http:\/\/schema.org\/ImageObject\"> <a href=\"http:\/\/www.tvturk.com\/index.php\/denizlide-zincirleme-trafik-kazasi-3-yarali\/denizlide-zincirleme-trafik-kazasi-3-yarali-7\/\" border=\"0\" itemprop=\"url\"> <meta itemprop=\"width\" content=\"246\"> <meta itemprop=\"height\" content=\"328\"> <img decoding=\"async\" class=\"\" data-attachment-id=\"43489\" data-orig-file=\"http:\/\/www.tvturk.com\/wp-content\/uploads\/2019\/02\/denizlide-zincirleme-trafik-kazasi-3-yarali_50c93cd.jpg\" data-orig-size=\"750,1000\" data-comments-opened=\"\" data-image-meta=\"{&quot;aperture&quot;:&quot;0&quot;,&quot;credit&quot;:&quot;IHA&quot;,&quot;camera&quot;:&quot;&quot;,&quot;caption&quot;:&quot;DEN\\u0130ZL\\u0130\\u2019DE 1 TUR OTOB\\u00dcS\\u00dcN\\u00dcN KARI\\u015eTI\\u011eI VE 3 ARACIN B\\u0130RB\\u0130R\\u0130NE G\\u0130RD\\u0130\\u011e\\u0130 TRAF\\u0130K KAZASINDA 3 K\\u0130\\u015e\\u0130 YARALANDI. (G\\u00d6KTEN CEYLAN\\\/DEN\\u0130ZL\\u0130-\\u0130HA)&quot;,&quot;created_timestamp&quot;:&quot;0&quot;,&quot;copyright&quot;:&quot;\\u0130HLAS HABER AJANSI, www.iha.com.tr&quot;,&quot;focal_length&quot;:&quot;0&quot;,&quot;iso&quot;:&quot;0&quot;,&quot;shutter_speed&quot;:&quot;0&quot;,&quot;title&quot;:&quot;DEN\\u0130ZL\\u0130\\u2019DE Z\\u0130NC\\u0130RLEME TRAF\\u0130K KAZASI: 3 YARALI&quot;,&quot;orientation&quot;:&quot;0&quot;}\" data-image-title=\"Denizli\u2019de zincirleme trafik kazas\u0131: 3 yaral\u0131\" data-image-description=\"&lt;p&gt;Denizli\u2019de zincirleme trafik kazas\u0131: 3 yaral\u0131&lt;\/p&gt; \" data-medium-file=\"https:\/\/i0.wp.com\/www.tvturk.com\/wp-content\/uploads\/2019\/02\/denizlide-zincirleme-trafik-kazasi-3-yarali_50c93cd.jpg?fit=225%2C300\" data-large-file=\"https:\/\/i0.wp.com\/www.tvturk.com\/wp-content\/uploads\/2019\/02\/denizlide-zincirleme-trafik-kazasi-3-yarali_50c93cd.jpg?fit=750%2C1000\" src=\"https:\/\/i0.wp.com\/www.tvturk.com\/wp-content\/uploads\/2019\/02\/denizlide-zincirleme-trafik-kazasi-3-yarali_50c93cd.jpg?w=246&#038;h=328\" srcset=\"https:\/\/i0.wp.com\/www.tvturk.com\/wp-content\/uploads\/2019\/02\/denizlide-zincirleme-trafik-kazasi-3-yarali_50c93cd.jpg?w=750 750w, https:\/\/i0.wp.com\/www.tvturk.com\/wp-content\/uploads\/2019\/02\/denizlide-zincirleme-trafik-kazasi-3-yarali_50c93cd.jpg?resize=113%2C150 113w, https:\/\/i0.wp.com\/www.tvturk.com\/wp-content\/uploads\/2019\/02\/denizlide-zincirleme-trafik-kazasi-3-yarali_50c93cd.jpg?resize=225%2C300 225w\" width=\"246\" height=\"328\" loading=\"lazy\" data-original-width=\"246\" data-original-height=\"328\" itemprop=\"http:\/\/schema.org\/image\" title=\"Denizli\u2019de zincirleme trafik kazas\u0131: 3 yaral\u0131\" alt=\"Denizli\u2019de zincirleme trafik kazas\u0131: 3 yaral\u0131\" style=\"width: 246px; height: 328px;\" \/> <\/a> <\/div> <\/div> <!-- close group --> <\/div> <!-- close row --> <\/div><\/p>\n","protected":false},"excerpt":{"rendered":"<p>DEN\u0130ZL\u0130\u2019DE 1 TUR OTOB\u00dcS\u00dcN\u00dcN KARI\u015eTI\u011eI VE 3 ARACIN B\u0130RB\u0130R\u0130NE G\u0130RD\u0130\u011e\u0130 TRAF\u0130K KAZASINDA 3 K\u0130\u015e\u0130 YARALANDI.<\/p>\n","protected":false},"author":1,"featured_media":43484,"comment_status":"closed","ping_status":"open","sticky":false,"template":"","format":"standard","meta":{"jetpack_post_was_ever_published":false,"_jetpack_newsletter_access":"","_jetpack_dont_email_post_to_subs":false,"_jetpack_newsletter_tier_id":0,"_jetpack_memberships_contains_paywalled_content":false,"_jetpack_memberships_contains_paid_content":false,"footnotes":"","jetpack_publicize_message":"","jetpack_publicize_feature_enabled":true,"jetpack_social_post_already_shared":false,"jetpack_social_options":{"image_generator_settings":{"template":"highway","default_image_id":0,"font":"","enabled":false},"version":2}},"categories":[655],"tags":[188,771,131,774,851],"class_list":["post-43483","post","type-post","status-publish","format-standard","has-post-thumbnail","hentry","category-son-dakika","tag-denizlide","tag-kazasi","tag-trafik","tag-yarali","tag-zincirleme"],"jetpack_publicize_connections":[],"jetpack_featured_media_url":"https:\/\/i0.wp.com\/www.tvturk.com\/wp-content\/uploads\/2019\/02\/denizlide-zincirleme-trafik-kazasi-3-yarali_7d77ca2.jpg?fit=1000%2C750","jetpack_sharing_enabled":true,"jetpack_shortlink":"https:\/\/wp.me\/paKIfm-bjl","_links":{"self":[{"href":"http:\/\/www.tvturk.com\/index.php\/wp-json\/wp\/v2\/posts\/43483","targetHints":{"allow":["GET"]}}],"collection":[{"href":"http:\/\/www.tvturk.com\/index.php\/wp-json\/wp\/v2\/posts"}],"about":[{"href":"http:\/\/www.tvturk.com\/index.php\/wp-json\/wp\/v2\/types\/post"}],"author":[{"embeddable":true,"href":"http:\/\/www.tvturk.com\/index.php\/wp-json\/wp\/v2\/users\/1"}],"replies":[{"embeddable":true,"href":"http:\/\/www.tvturk.com\/index.php\/wp-json\/wp\/v2\/comments?post=43483"}],"version-history":[{"count":1,"href":"http:\/\/www.tvturk.com\/index.php\/wp-json\/wp\/v2\/posts\/43483\/revisions"}],"predecessor-version":[{"id":43490,"href":"http:\/\/www.tvturk.com\/index.php\/wp-json\/wp\/v2\/posts\/43483\/revisions\/43490"}],"wp:featuredmedia":[{"embeddable":true,"href":"http:\/\/www.tvturk.com\/index.php\/wp-json\/wp\/v2\/media\/43484"}],"wp:attachment":[{"href":"http:\/\/www.tvturk.com\/index.php\/wp-json\/wp\/v2\/media?parent=43483"}],"wp:term":[{"taxonomy":"category","embeddable":true,"href":"http:\/\/www.tvturk.com\/index.php\/wp-json\/wp\/v2\/categories?post=43483"},{"taxonomy":"post_tag","embeddable":true,"href":"http:\/\/www.tvturk.com\/index.php\/wp-json\/wp\/v2\/tags?post=43483"}],"curies":[{"name":"wp","href":"https:\/\/api.w.org\/{rel}","templated":true}]}}