{"id":43495,"date":"2019-02-18T10:11:16","date_gmt":"2019-02-18T07:11:16","guid":{"rendered":"http:\/\/www.tvturk.com\/index.php\/turkiye-gures-sampiyonasi-il-secmesi-sona-erdi\/"},"modified":"2019-02-18T10:11:18","modified_gmt":"2019-02-18T07:11:18","slug":"turkiye-gures-sampiyonasi-il-secmesi-sona-erdi","status":"publish","type":"post","link":"http:\/\/www.tvturk.com\/index.php\/turkiye-gures-sampiyonasi-il-secmesi-sona-erdi\/","title":{"rendered":"T\u00fcrkiye G\u00fcre\u015f \u015eampiyonas\u0131 \u0130l Se\u00e7mesi Sona Erdi"},"content":{"rendered":"<p>Gen\u00e7lik ve Spor \u0130l M\u00fcd\u00fcrl\u00fc\u011f\u00fc G\u00fcre\u015f \u0130l Temsilcili\u011fi 2018-2019 y\u0131l\u0131 faaliyet program\u0131nda yer alan G\u00fcre\u015f Gen\u00e7ler Serbest Stil T\u00fcrkiye \u015eampiyonas\u0131 \u0130l Se\u00e7mesi sona erdi.<\/p>\n<p>Demir Karamanc\u0131 Anadolu Lisesi Spor Salonunda yap\u0131lan m\u00fcsabakalarda sporcular T\u00fcrkiye \u015eampiyonas\u0131na kat\u0131labilmek i\u00e7in mindere \u00e7\u0131kt\u0131.<\/p>\n<p>K\u0131yas\u0131ya m\u00fccadelelere sahne olan G\u00fcre\u015f m\u00fcsabakalar\u0131nda Kayseri \u015eeker Spor, Denge Demir Karamanc\u0131 Spor, Kayseri Merkez Mesleki ve Teknik Anadolu Lisesi, Tomarza Anadolu \u0130mam-Hatip Lisesi, Kayseri Gen\u00e7lik ve Spor Etkinlikleri Kul\u00fcb\u00fc ve ferdi sporcular olmak \u00fczere toplam 69 sporcu m\u00fccadele etti.<\/p>\n<p>Gen\u00e7lik ve Spor \u0130l M\u00fcd\u00fcr\u00fc Murat Eskici, m\u00fcsabakada dereceye giren sporcular\u0131 ve antren\u00f6rleri tebrik ederek, ba\u015far\u0131lar\u0131n\u0131n devam\u0131n\u0131 diledi.<\/p>\n<p>M\u00fcsabakalar sonunda ise s\u0131kletlerinde birinci olanlar ise \u015f\u00f6yle;<\/p>\n<p>55 kg- Emrullah Koyuncu &#8211; Kayseri \u015eeker Spor<\/p>\n<p>60 kg -Samet \u0130\u00e7er &#8211; Tomarza Anadolu \u0130mam-Hatip Lisesi<\/p>\n<p>66 kg- Remzi Civelek- Kayseri \u015eeker Spor<\/p>\n<p>74 kg- Kaz\u0131m \u015eim\u015fek -Tomarza Anadolu \u0130mam-Hatip Lisesi<\/p>\n<p>84 kg-Mustafa K\u0131l\u0131\u00e7. kayseri Merkez Mesleki ve Teknik Anadolu Lisesi<\/p>\n<p>96 kg- Ramazan Arslan &#8211; Merkez Mesleki ve Teknik Anadolu Lisesi<div class=\"tiled-gallery type-rectangular tiled-gallery-unresized\" data-original-width=\"500\" data-carousel-extra='null' itemscope itemtype=\"http:\/\/schema.org\/ImageGallery\" > <div class=\"gallery-row\" style=\"width: 500px; height: 332px;\" data-original-width=\"500\" data-original-height=\"332\" > <div class=\"gallery-group images-1\" style=\"width: 250px; height: 332px;\" data-original-width=\"250\" data-original-height=\"332\" > <div class=\"tiled-gallery-item tiled-gallery-item-small\" itemprop=\"associatedMedia\" itemscope itemtype=\"http:\/\/schema.org\/ImageObject\"> <a href=\"http:\/\/www.tvturk.com\/index.php\/turkiye-gures-sampiyonasi-il-secmesi-sona-erdi\/turkiye-gures-sampiyonasi-il-secmesi-sona-erdi-3\/\" border=\"0\" itemprop=\"url\"> <meta itemprop=\"width\" content=\"246\"> <meta itemprop=\"height\" content=\"328\"> <img decoding=\"async\" class=\"\" data-attachment-id=\"43497\" data-orig-file=\"http:\/\/www.tvturk.com\/wp-content\/uploads\/2019\/02\/turkiye-gures-sampiyonasi-il-secmesi-sona-erdi_32c0b13.jpg\" data-orig-size=\"720,960\" data-comments-opened=\"\" data-image-meta=\"{&quot;aperture&quot;:&quot;0&quot;,&quot;credit&quot;:&quot;IHA&quot;,&quot;camera&quot;:&quot;&quot;,&quot;caption&quot;:&quot;GEN\\u00c7L\\u0130K VE SPOR \\u0130L M\\u00dcD\\u00dcRL\\u00dc\\u011e\\u00dc G\\u00dcRE\\u015e \\u0130L TEMS\\u0130LC\\u0130L\\u0130\\u011e\\u0130 2018-2019 YILI FAAL\\u0130YET PROGRAMINDA YER ALAN G\\u00dcRE\\u015e GEN\\u00c7LER SERBEST ST\\u0130L T\\u00dcRK\\u0130YE \\u015eAMP\\u0130YONASI \\u0130L SE\\u00c7MES\\u0130 SONA ERD\\u0130. (ERHAN KAN\\\/KAYSER\\u0130-\\u0130HA)&quot;,&quot;created_timestamp&quot;:&quot;0&quot;,&quot;copyright&quot;:&quot;\\u0130HLAS HABER AJANSI, www.iha.com.tr&quot;,&quot;focal_length&quot;:&quot;0&quot;,&quot;iso&quot;:&quot;0&quot;,&quot;shutter_speed&quot;:&quot;0&quot;,&quot;title&quot;:&quot;T\\u00dcRK\\u0130YE G\\u00dcRE\\u015e \\u015eAMP\\u0130YONASI \\u0130L SE\\u00c7MES\\u0130 SONA ERD\\u0130&quot;,&quot;orientation&quot;:&quot;0&quot;}\" data-image-title=\"T\u00fcrkiye G\u00fcre\u015f \u015eampiyonas\u0131 \u0130l Se\u00e7mesi Sona Erdi\" data-image-description=\"&lt;p&gt;T\u00fcrkiye G\u00fcre\u015f \u015eampiyonas\u0131 \u0130l Se\u00e7mesi Sona Erdi&lt;\/p&gt; \" data-medium-file=\"https:\/\/i0.wp.com\/www.tvturk.com\/wp-content\/uploads\/2019\/02\/turkiye-gures-sampiyonasi-il-secmesi-sona-erdi_32c0b13.jpg?fit=225%2C300\" data-large-file=\"https:\/\/i0.wp.com\/www.tvturk.com\/wp-content\/uploads\/2019\/02\/turkiye-gures-sampiyonasi-il-secmesi-sona-erdi_32c0b13.jpg?fit=720%2C960\" src=\"https:\/\/i0.wp.com\/www.tvturk.com\/wp-content\/uploads\/2019\/02\/turkiye-gures-sampiyonasi-il-secmesi-sona-erdi_32c0b13.jpg?w=246&#038;h=328\" srcset=\"https:\/\/i0.wp.com\/www.tvturk.com\/wp-content\/uploads\/2019\/02\/turkiye-gures-sampiyonasi-il-secmesi-sona-erdi_32c0b13.jpg?w=720 720w, https:\/\/i0.wp.com\/www.tvturk.com\/wp-content\/uploads\/2019\/02\/turkiye-gures-sampiyonasi-il-secmesi-sona-erdi_32c0b13.jpg?resize=113%2C150 113w, https:\/\/i0.wp.com\/www.tvturk.com\/wp-content\/uploads\/2019\/02\/turkiye-gures-sampiyonasi-il-secmesi-sona-erdi_32c0b13.jpg?resize=225%2C300 225w\" width=\"246\" height=\"328\" loading=\"lazy\" data-original-width=\"246\" data-original-height=\"328\" itemprop=\"http:\/\/schema.org\/image\" title=\"T\u00fcrkiye G\u00fcre\u015f \u015eampiyonas\u0131 \u0130l Se\u00e7mesi Sona Erdi\" alt=\"T\u00fcrkiye G\u00fcre\u015f \u015eampiyonas\u0131 \u0130l Se\u00e7mesi Sona Erdi\" style=\"width: 246px; height: 328px;\" \/> <\/a> <\/div> <\/div> <!-- close group --> <div class=\"gallery-group images-1\" style=\"width: 250px; height: 332px;\" data-original-width=\"250\" data-original-height=\"332\" > <div class=\"tiled-gallery-item tiled-gallery-item-small\" itemprop=\"associatedMedia\" itemscope itemtype=\"http:\/\/schema.org\/ImageObject\"> <a href=\"http:\/\/www.tvturk.com\/index.php\/turkiye-gures-sampiyonasi-il-secmesi-sona-erdi\/turkiye-gures-sampiyonasi-il-secmesi-sona-erdi-4\/\" border=\"0\" itemprop=\"url\"> <meta itemprop=\"width\" content=\"246\"> <meta itemprop=\"height\" content=\"328\"> <img decoding=\"async\" class=\"\" data-attachment-id=\"43498\" data-orig-file=\"http:\/\/www.tvturk.com\/wp-content\/uploads\/2019\/02\/turkiye-gures-sampiyonasi-il-secmesi-sona-erdi_eea6e1c.jpg\" data-orig-size=\"720,960\" data-comments-opened=\"\" data-image-meta=\"{&quot;aperture&quot;:&quot;0&quot;,&quot;credit&quot;:&quot;IHA&quot;,&quot;camera&quot;:&quot;&quot;,&quot;caption&quot;:&quot;GEN\\u00c7L\\u0130K VE SPOR \\u0130L M\\u00dcD\\u00dcRL\\u00dc\\u011e\\u00dc G\\u00dcRE\\u015e \\u0130L TEMS\\u0130LC\\u0130L\\u0130\\u011e\\u0130 2018-2019 YILI FAAL\\u0130YET PROGRAMINDA YER ALAN G\\u00dcRE\\u015e GEN\\u00c7LER SERBEST ST\\u0130L T\\u00dcRK\\u0130YE \\u015eAMP\\u0130YONASI \\u0130L SE\\u00c7MES\\u0130 SONA ERD\\u0130. (ERHAN KAN\\\/KAYSER\\u0130-\\u0130HA)&quot;,&quot;created_timestamp&quot;:&quot;0&quot;,&quot;copyright&quot;:&quot;\\u0130HLAS HABER AJANSI, www.iha.com.tr&quot;,&quot;focal_length&quot;:&quot;0&quot;,&quot;iso&quot;:&quot;0&quot;,&quot;shutter_speed&quot;:&quot;0&quot;,&quot;title&quot;:&quot;T\\u00dcRK\\u0130YE G\\u00dcRE\\u015e \\u015eAMP\\u0130YONASI \\u0130L SE\\u00c7MES\\u0130 SONA ERD\\u0130&quot;,&quot;orientation&quot;:&quot;0&quot;}\" data-image-title=\"T\u00fcrkiye G\u00fcre\u015f \u015eampiyonas\u0131 \u0130l Se\u00e7mesi Sona Erdi\" data-image-description=\"&lt;p&gt;T\u00fcrkiye G\u00fcre\u015f \u015eampiyonas\u0131 \u0130l Se\u00e7mesi Sona Erdi&lt;\/p&gt; \" data-medium-file=\"https:\/\/i0.wp.com\/www.tvturk.com\/wp-content\/uploads\/2019\/02\/turkiye-gures-sampiyonasi-il-secmesi-sona-erdi_eea6e1c.jpg?fit=225%2C300\" data-large-file=\"https:\/\/i0.wp.com\/www.tvturk.com\/wp-content\/uploads\/2019\/02\/turkiye-gures-sampiyonasi-il-secmesi-sona-erdi_eea6e1c.jpg?fit=720%2C960\" src=\"https:\/\/i0.wp.com\/www.tvturk.com\/wp-content\/uploads\/2019\/02\/turkiye-gures-sampiyonasi-il-secmesi-sona-erdi_eea6e1c.jpg?w=246&#038;h=328\" srcset=\"https:\/\/i0.wp.com\/www.tvturk.com\/wp-content\/uploads\/2019\/02\/turkiye-gures-sampiyonasi-il-secmesi-sona-erdi_eea6e1c.jpg?w=720 720w, https:\/\/i0.wp.com\/www.tvturk.com\/wp-content\/uploads\/2019\/02\/turkiye-gures-sampiyonasi-il-secmesi-sona-erdi_eea6e1c.jpg?resize=113%2C150 113w, https:\/\/i0.wp.com\/www.tvturk.com\/wp-content\/uploads\/2019\/02\/turkiye-gures-sampiyonasi-il-secmesi-sona-erdi_eea6e1c.jpg?resize=225%2C300 225w\" width=\"246\" height=\"328\" loading=\"lazy\" data-original-width=\"246\" data-original-height=\"328\" itemprop=\"http:\/\/schema.org\/image\" title=\"T\u00fcrkiye G\u00fcre\u015f \u015eampiyonas\u0131 \u0130l Se\u00e7mesi Sona Erdi\" alt=\"T\u00fcrkiye G\u00fcre\u015f \u015eampiyonas\u0131 \u0130l Se\u00e7mesi Sona Erdi\" style=\"width: 246px; height: 328px;\" \/> <\/a> <\/div> <\/div> <!-- close group --> <\/div> <!-- close row --> <\/div><\/p>\n","protected":false},"excerpt":{"rendered":"<p>GEN\u00c7L\u0130K VE SPOR \u0130L M\u00dcD\u00dcRL\u00dc\u011e\u00dc G\u00dcRE\u015e \u0130L TEMS\u0130LC\u0130L\u0130\u011e\u0130 2018-2019 YILI FAAL\u0130YET PROGRAMINDA YER ALAN G\u00dcRE\u015e GEN\u00c7LER SERBEST ST\u0130L T\u00dcRK\u0130YE \u015eAMP\u0130YONASI \u0130L SE\u00c7MES\u0130 SONA ERD\u0130.<\/p>\n","protected":false},"author":1,"featured_media":43496,"comment_status":"closed","ping_status":"open","sticky":false,"template":"","format":"standard","meta":{"jetpack_post_was_ever_published":false,"_jetpack_newsletter_access":"","_jetpack_dont_email_post_to_subs":false,"_jetpack_newsletter_tier_id":0,"_jetpack_memberships_contains_paywalled_content":false,"_jetpack_memberships_contains_paid_content":false,"footnotes":"","jetpack_publicize_message":"","jetpack_publicize_feature_enabled":true,"jetpack_social_post_already_shared":false,"jetpack_social_options":{"image_generator_settings":{"template":"highway","default_image_id":0,"font":"","enabled":false},"version":2}},"categories":[657],"tags":[793,8355,424,395,15145,792,453],"class_list":["post-43495","post","type-post","status-publish","format-standard","has-post-thumbnail","hentry","category-spor","tag-erdi","tag-gures","tag-il","tag-sampiyonasi","tag-secmesi","tag-sona","tag-turkiye"],"jetpack_publicize_connections":[],"jetpack_featured_media_url":"https:\/\/i0.wp.com\/www.tvturk.com\/wp-content\/uploads\/2019\/02\/turkiye-gures-sampiyonasi-il-secmesi-sona-erdi_98cd9fe.jpg?fit=960%2C720","jetpack_sharing_enabled":true,"jetpack_shortlink":"https:\/\/wp.me\/paKIfm-bjx","_links":{"self":[{"href":"http:\/\/www.tvturk.com\/index.php\/wp-json\/wp\/v2\/posts\/43495","targetHints":{"allow":["GET"]}}],"collection":[{"href":"http:\/\/www.tvturk.com\/index.php\/wp-json\/wp\/v2\/posts"}],"about":[{"href":"http:\/\/www.tvturk.com\/index.php\/wp-json\/wp\/v2\/types\/post"}],"author":[{"embeddable":true,"href":"http:\/\/www.tvturk.com\/index.php\/wp-json\/wp\/v2\/users\/1"}],"replies":[{"embeddable":true,"href":"http:\/\/www.tvturk.com\/index.php\/wp-json\/wp\/v2\/comments?post=43495"}],"version-history":[{"count":1,"href":"http:\/\/www.tvturk.com\/index.php\/wp-json\/wp\/v2\/posts\/43495\/revisions"}],"predecessor-version":[{"id":43499,"href":"http:\/\/www.tvturk.com\/index.php\/wp-json\/wp\/v2\/posts\/43495\/revisions\/43499"}],"wp:featuredmedia":[{"embeddable":true,"href":"http:\/\/www.tvturk.com\/index.php\/wp-json\/wp\/v2\/media\/43496"}],"wp:attachment":[{"href":"http:\/\/www.tvturk.com\/index.php\/wp-json\/wp\/v2\/media?parent=43495"}],"wp:term":[{"taxonomy":"category","embeddable":true,"href":"http:\/\/www.tvturk.com\/index.php\/wp-json\/wp\/v2\/categories?post=43495"},{"taxonomy":"post_tag","embeddable":true,"href":"http:\/\/www.tvturk.com\/index.php\/wp-json\/wp\/v2\/tags?post=43495"}],"curies":[{"name":"wp","href":"https:\/\/api.w.org\/{rel}","templated":true}]}}