{"id":43772,"date":"2019-02-18T11:01:36","date_gmt":"2019-02-18T08:01:36","guid":{"rendered":"http:\/\/www.tvturk.com\/index.php\/vanli-atletten-turkiye-ikinciligi\/"},"modified":"2019-02-18T11:01:37","modified_gmt":"2019-02-18T08:01:37","slug":"vanli-atletten-turkiye-ikinciligi","status":"publish","type":"post","link":"http:\/\/www.tvturk.com\/index.php\/vanli-atletten-turkiye-ikinciligi\/","title":{"rendered":"Vanl\u0131 atletten T\u00fcrkiye ikincili\u011fi"},"content":{"rendered":"<p>T\u00fcrkiye Atletizm Federasyonu taraf\u0131ndan \u0130stanbul\u2019da d\u00fczenlenen Gen\u00e7ler Salon T\u00fcrkiye \u015eampiyonas\u0131na kat\u0131lan Vanl\u0131 atletizmci Mahsum De\u011fer, 3000 metre U16 ya\u015f kategorisinde T\u00fcrkiye ikincisi oldu.<\/p>\n<p>T\u00fcrkiye Atletizm Federasyonunun 2019 faaliyet program\u0131nda yer alan ve \u0130stanbul Atak\u00f6y Atletizm Salonunda 48 ilden 750 sporcunun kat\u0131l\u0131m\u0131 ile ger\u00e7ekle\u015ftirilen T\u00fcrkiye Gen\u00e7ler Salon \u015eampiyonas\u0131na kat\u0131lan Van Gen\u00e7lik ve Spor \u0130l M\u00fcd\u00fcrl\u00fc\u011f\u00fc atletizm sporcusu Mahsum De\u011fer, 3000 metre U16 ya\u015f kategorisinde rakiplerini geride b\u0131rakarak g\u00fcm\u00fc\u015f madalyan\u0131n sahibi oldu. T\u00fcrkiye Gen\u00e7ler Salon \u015eampiyonas\u0131nda kazand\u0131klar\u0131 g\u00fcm\u00fc\u015f madalya ile ikincilik k\u00fcrs\u00fcs\u00fcne \u00e7\u0131kt\u0131klar\u0131n\u0131 ve elde edilen dereceyle Mahsum De\u011fer\u2019in \u00f6nemli ba\u015far\u0131lara imza atmaya devam etti\u011fini ifade eden Van Gen\u00e7lik ve Spor \u0130l M\u00fcd\u00fcrl\u00fc\u011f\u00fc Milli Atletizm Antren\u00f6r\u00fc H\u00fcseyin Esen, \u201cSezonun ilk salon deneme yar\u0131\u015fmalar\u0131 bizim a\u00e7\u0131m\u0131zdan \u00f6nemli oldu. Yar\u0131\u015flar\u0131n genelinde iyi bir performans sergiledik ve sporcumuz da elinden geleni yaparak g\u00fcm\u00fc\u015f madalya kazand\u0131. \u0130limiz ad\u0131na gelecek vaad eden sporcular\u0131m\u0131z aras\u0131nda bulunan Mahsum De\u011fer, kat\u0131ld\u0131\u011f\u0131 yar\u0131\u015fmalar sonucunda elde etmi\u015f oldu\u011fu b\u00f6ylesi ba\u015far\u0131l\u0131 sonu\u00e7lar\u0131 ile Bakan\u0131m\u0131z Dr. Mehmet Muharrem Kasapo\u011flu ve federasyon yetkilerimiz taraf\u0131ndan da takdir g\u00f6rd\u00fc ve ba\u015far\u0131 dilekleri ald\u0131\u201d dedi.<\/p>\n<p>Atletizm Van \u0130l Temsilcisi Enver Acar ise, T\u00fcrkiye Atletizm Federasyonu taraf\u0131ndan 48 ilinden 750 sporcunun kat\u0131l\u0131m\u0131 ile ger\u00e7ekle\u015ftirilen U16 T\u00fcrkiye Gen\u00e7ler Salon \u015eampiyonas\u0131nda Van ad\u0131na kat\u0131l\u0131m sa\u011flayarak T\u00fcrkiye ikincilik madalyas\u0131n\u0131 kazanan sporcu ve antren\u00f6r\u00fc tebrik ederek, \u201c\u0130limizin son 4 y\u0131l i\u00e7erisinde atletizm bran\u015f\u0131ndaki ba\u015far\u0131lar\u0131 gerek federasyon yetkililerimiz gerekse ilimiz hakem ve antren\u00f6rleri taraf\u0131ndan b\u00fcy\u00fck bir takdir topluyor. Antren\u00f6rlerimizin disiplinli ve programl\u0131 \u00e7al\u0131\u015fmalar\u0131, sporcular\u0131m\u0131z\u0131n gayret ve azimleri ile birle\u015fince ortaya b\u00f6ylesi gurur verici ba\u015far\u0131lar \u00e7\u0131k\u0131yor. Bu ba\u015far\u0131lar\u0131m\u0131z\u0131n ger\u00e7ekle\u015fmesinde ve ilimizin atletizm bran\u015f\u0131ndaki ba\u015far\u0131 \u00e7\u0131tas\u0131n\u0131n y\u00fckselmesinde bizlerden hi\u00e7bir zaman desteklerini esirgemeyen Van Gen\u00e7lik ve Spor \u0130l M\u00fcd\u00fcr\u00fcm\u00fcz Nevzat \u0130nan\u00e7 ba\u015fta olmak \u00fczere eme\u011fi ge\u00e7en herkese \u00e7ok te\u015fekk\u00fcr ediyoruz\u201d diye konu\u015ftu.<\/p>\n<p>Van Gen\u00e7lik ve Spor \u0130l M\u00fcd\u00fcr\u00fc Nevzat \u0130nan\u00e7 ise, Mahsum De\u011fer\u2019in T\u00fcrkiye Atletizm Federasyonu taraf\u0131ndan \u0130stanbul\u2019da yap\u0131lan ve b\u00fcy\u00fck bir \u00f6nem arz eden U16 T\u00fcrkiye Gen\u00e7ler Salon \u015eampiyonas\u0131nda Van ad\u0131na kazanm\u0131\u015f oldu\u011fu T\u00fcrkiye ikincili\u011fi derecesinin kendilerini ziyadesiyle mutlu etti\u011fini belirtti. \u0130nan\u00e7, \u201cBu ba\u015far\u0131 bizim i\u00e7in \u00e7ok \u00f6nemli bir ba\u015far\u0131 olup; ilimiz ad\u0131na farkl\u0131 illerde yar\u0131\u015fmalara kat\u0131lan b\u00fct\u00fcn sporcular\u0131m\u0131za \u00f6rnek te\u015fkil edecektir. Sporcular\u0131m\u0131zdan b\u00f6yle g\u00fczel ba\u015far\u0131lar\u0131n kazan\u0131ld\u0131\u011f\u0131 haberlerini almak bizleri \u00e7ok mutlu edip gururland\u0131r\u0131yor. Atletizmde \u00e7ok istekli ve ba\u015far\u0131l\u0131 olan sporcular\u0131m\u0131zdan Mahsum De\u011fer, bu yar\u0131\u015ftan da ba\u015far\u0131 ile d\u00f6nd\u00fc. Ayr\u0131ca bu sporcumuz, ilimiz ve \u00fclkemiz ad\u0131na gelecek vaad eden sporcular\u0131m\u0131z aras\u0131ndad\u0131r. Sporcumuzun kendisini ve bu ba\u015far\u0131da eme\u011fi olan antren\u00f6r\u00fcm\u00fcz\u00fc de y\u00fcrekten kutluyor, ba\u015far\u0131lar\u0131n\u0131n devam\u0131n\u0131 diliyorum\u201d \u015feklinde konu\u015ftu.<div class=\"tiled-gallery type-rectangular tiled-gallery-unresized\" data-original-width=\"500\" data-carousel-extra='null' itemscope itemtype=\"http:\/\/schema.org\/ImageGallery\" > <div class=\"gallery-row\" style=\"width: 500px; height: 665px;\" data-original-width=\"500\" data-original-height=\"665\" > <div class=\"gallery-group images-1\" style=\"width: 500px; height: 665px;\" data-original-width=\"500\" data-original-height=\"665\" > <div class=\"tiled-gallery-item tiled-gallery-item-large\" itemprop=\"associatedMedia\" itemscope itemtype=\"http:\/\/schema.org\/ImageObject\"> <a href=\"http:\/\/www.tvturk.com\/index.php\/vanli-atletten-turkiye-ikinciligi\/vanli-atletten-turkiye-ikinciligi-3\/\" border=\"0\" itemprop=\"url\"> <meta itemprop=\"width\" content=\"496\"> <meta itemprop=\"height\" content=\"661\"> <img decoding=\"async\" class=\"\" data-attachment-id=\"43774\" data-orig-file=\"http:\/\/www.tvturk.com\/wp-content\/uploads\/2019\/02\/vanli-atletten-turkiye-ikinciligi_b9d935d.jpg\" data-orig-size=\"540,720\" data-comments-opened=\"\" data-image-meta=\"{&quot;aperture&quot;:&quot;0&quot;,&quot;credit&quot;:&quot;IHA&quot;,&quot;camera&quot;:&quot;&quot;,&quot;caption&quot;:&quot;T\\u00dcRK\\u0130YE ATLET\\u0130ZM FEDERASYONU TARAFINDAN \\u0130STANBUL\\u2019DA D\\u00dcZENLENEN GEN\\u00c7LER SALON T\\u00dcRK\\u0130YE \\u015eAMP\\u0130YONASINA KATILAN VANLI ATLET\\u0130ZMC\\u0130 MAHSUM DE\\u011eER, 3000 METRE U16 YA\\u015e KATEGOR\\u0130S\\u0130NDE T\\u00dcRK\\u0130YE \\u0130K\\u0130NC\\u0130S\\u0130 OLDU. (MEHMET SAL\\u0130H AKKU\\u015e\\\/VAN-\\u0130HA)&quot;,&quot;created_timestamp&quot;:&quot;0&quot;,&quot;copyright&quot;:&quot;\\u0130HLAS HABER AJANSI, www.iha.com.tr&quot;,&quot;focal_length&quot;:&quot;0&quot;,&quot;iso&quot;:&quot;0&quot;,&quot;shutter_speed&quot;:&quot;0&quot;,&quot;title&quot;:&quot;VANLI ATLETTEN T\\u00dcRK\\u0130YE \\u0130K\\u0130NC\\u0130L\\u0130\\u011e\\u0130&quot;,&quot;orientation&quot;:&quot;0&quot;}\" data-image-title=\"Vanl\u0131 atletten T\u00fcrkiye ikincili\u011fi\" data-image-description=\"&lt;p&gt;Vanl\u0131 atletten T\u00fcrkiye ikincili\u011fi&lt;\/p&gt; \" data-medium-file=\"https:\/\/i0.wp.com\/www.tvturk.com\/wp-content\/uploads\/2019\/02\/vanli-atletten-turkiye-ikinciligi_b9d935d.jpg?fit=225%2C300\" data-large-file=\"https:\/\/i0.wp.com\/www.tvturk.com\/wp-content\/uploads\/2019\/02\/vanli-atletten-turkiye-ikinciligi_b9d935d.jpg?fit=540%2C720\" src=\"https:\/\/i0.wp.com\/www.tvturk.com\/wp-content\/uploads\/2019\/02\/vanli-atletten-turkiye-ikinciligi_b9d935d.jpg?w=496&#038;h=661\" srcset=\"https:\/\/i0.wp.com\/www.tvturk.com\/wp-content\/uploads\/2019\/02\/vanli-atletten-turkiye-ikinciligi_b9d935d.jpg?w=540 540w, https:\/\/i0.wp.com\/www.tvturk.com\/wp-content\/uploads\/2019\/02\/vanli-atletten-turkiye-ikinciligi_b9d935d.jpg?resize=113%2C150 113w, https:\/\/i0.wp.com\/www.tvturk.com\/wp-content\/uploads\/2019\/02\/vanli-atletten-turkiye-ikinciligi_b9d935d.jpg?resize=225%2C300 225w\" width=\"496\" height=\"661\" loading=\"lazy\" data-original-width=\"496\" data-original-height=\"661\" itemprop=\"http:\/\/schema.org\/image\" title=\"Vanl\u0131 atletten T\u00fcrkiye ikincili\u011fi\" alt=\"Vanl\u0131 atletten T\u00fcrkiye ikincili\u011fi\" style=\"width: 496px; height: 661px;\" \/> <\/a> <\/div> <\/div> <!-- close group --> <\/div> <!-- close row --> <\/div><\/p>\n","protected":false},"excerpt":{"rendered":"<p>T\u00dcRK\u0130YE ATLET\u0130ZM FEDERASYONU TARAFINDAN \u0130STANBUL\u2019DA D\u00dcZENLENEN GEN\u00c7LER SALON T\u00dcRK\u0130YE \u015eAMP\u0130YONASINA KATILAN VANLI ATLET\u0130ZMC\u0130 MAHSUM DE\u011eER, 3000 METRE U16 YA\u015e KATEGOR\u0130S\u0130NDE T\u00dcRK\u0130YE \u0130K\u0130NC\u0130S\u0130 OLDU.<\/p>\n","protected":false},"author":1,"featured_media":43773,"comment_status":"closed","ping_status":"open","sticky":false,"template":"","format":"standard","meta":{"jetpack_post_was_ever_published":false,"_jetpack_newsletter_access":"","_jetpack_dont_email_post_to_subs":false,"_jetpack_newsletter_tier_id":0,"_jetpack_memberships_contains_paywalled_content":false,"_jetpack_memberships_contains_paid_content":false,"footnotes":"","jetpack_publicize_message":"","jetpack_publicize_feature_enabled":true,"jetpack_social_post_already_shared":false,"jetpack_social_options":{"image_generator_settings":{"template":"highway","default_image_id":0,"font":"","enabled":false},"version":2}},"categories":[657],"tags":[15229,15230,453,8823],"class_list":["post-43772","post","type-post","status-publish","format-standard","has-post-thumbnail","hentry","category-spor","tag-atletten","tag-ikinciligi","tag-turkiye","tag-vanli"],"jetpack_publicize_connections":[],"jetpack_featured_media_url":"https:\/\/i0.wp.com\/www.tvturk.com\/wp-content\/uploads\/2019\/02\/vanli-atletten-turkiye-ikinciligi_d2ec3b3.jpg?fit=1000%2C666","jetpack_sharing_enabled":true,"jetpack_shortlink":"https:\/\/wp.me\/paKIfm-bo0","_links":{"self":[{"href":"http:\/\/www.tvturk.com\/index.php\/wp-json\/wp\/v2\/posts\/43772","targetHints":{"allow":["GET"]}}],"collection":[{"href":"http:\/\/www.tvturk.com\/index.php\/wp-json\/wp\/v2\/posts"}],"about":[{"href":"http:\/\/www.tvturk.com\/index.php\/wp-json\/wp\/v2\/types\/post"}],"author":[{"embeddable":true,"href":"http:\/\/www.tvturk.com\/index.php\/wp-json\/wp\/v2\/users\/1"}],"replies":[{"embeddable":true,"href":"http:\/\/www.tvturk.com\/index.php\/wp-json\/wp\/v2\/comments?post=43772"}],"version-history":[{"count":1,"href":"http:\/\/www.tvturk.com\/index.php\/wp-json\/wp\/v2\/posts\/43772\/revisions"}],"predecessor-version":[{"id":43775,"href":"http:\/\/www.tvturk.com\/index.php\/wp-json\/wp\/v2\/posts\/43772\/revisions\/43775"}],"wp:featuredmedia":[{"embeddable":true,"href":"http:\/\/www.tvturk.com\/index.php\/wp-json\/wp\/v2\/media\/43773"}],"wp:attachment":[{"href":"http:\/\/www.tvturk.com\/index.php\/wp-json\/wp\/v2\/media?parent=43772"}],"wp:term":[{"taxonomy":"category","embeddable":true,"href":"http:\/\/www.tvturk.com\/index.php\/wp-json\/wp\/v2\/categories?post=43772"},{"taxonomy":"post_tag","embeddable":true,"href":"http:\/\/www.tvturk.com\/index.php\/wp-json\/wp\/v2\/tags?post=43772"}],"curies":[{"name":"wp","href":"https:\/\/api.w.org\/{rel}","templated":true}]}}