{"id":43882,"date":"2019-02-18T11:21:11","date_gmt":"2019-02-18T08:21:11","guid":{"rendered":"http:\/\/www.tvturk.com\/index.php\/seyir-halindeki-otomobil-alevler-icinde-kaldi\/"},"modified":"2019-02-18T11:21:18","modified_gmt":"2019-02-18T08:21:18","slug":"seyir-halindeki-otomobil-alevler-icinde-kaldi","status":"publish","type":"post","link":"http:\/\/www.tvturk.com\/index.php\/seyir-halindeki-otomobil-alevler-icinde-kaldi\/","title":{"rendered":"Seyir halindeki otomobil alevler i\u00e7inde kald\u0131"},"content":{"rendered":"<p>K\u00fc\u00e7\u00fck\u00e7ekmece E-5 karayolunda seyir halindeki bir otomobilde aniden yang\u0131n \u00e7\u0131kt\u0131. Motor k\u0131sm\u0131 k\u0131sa s\u00fcrede alevler i\u00e7erisinde kalan otomobildekiler son anda ara\u00e7tan inerken yang\u0131na \u00e7evredeki vatanda\u015flar ve itfaiye ekipleri m\u00fcdahale etti.<\/p>\n<p>Olay sabah saatlerinde K\u00fc\u00e7\u00fck\u00e7ekmece E-5 karayolunda meydana geldi. Seyir halindeki Mahmut Tand\u0131k ve e\u015finin bulundu\u011fu ara\u00e7tan aniden dumanlar y\u00fckselmeye ba\u015flad\u0131. Dumanlar\u0131 g\u00f6ren Tand\u0131k hemen arac\u0131n\u0131 yolun kenar\u0131na \u00e7ekti ve e\u015fiyle beraber arac\u0131ndan a\u015fa\u011f\u0131ya indi. Bu arada k\u0131sa s\u00fcre i\u00e7erisinde arac\u0131n \u00f6n k\u0131sm\u0131n\u0131 alevler sard\u0131. Durumu g\u00f6ren vatanda\u015flar hemen yang\u0131n t\u00fcpleriyle yang\u0131na m\u00fcdahale ederken itfaiye ekiplerine de haber verdi. K\u0131sa s\u00fcrede olay yerine gelen ekipler ara\u00e7ta ki yang\u0131n\u0131 s\u00f6nd\u00fcrd\u00fc. Yang\u0131nda can kayb\u0131 ve yaralanma ya\u015fanmazken ara\u00e7ta b\u00fcy\u00fck \u00e7apta maddi hasar meydana geldi. \u00d6te yandan E5 karayolunda trafik yo\u011funlu\u011fu meydana geldi.<div class=\"tiled-gallery type-rectangular tiled-gallery-unresized\" data-original-width=\"500\" data-carousel-extra='null' itemscope itemtype=\"http:\/\/schema.org\/ImageGallery\" > <div class=\"gallery-row\" style=\"width: 500px; height: 304px;\" data-original-width=\"500\" data-original-height=\"304\" > <div class=\"gallery-group images-1\" style=\"width: 500px; height: 304px;\" data-original-width=\"500\" data-original-height=\"304\" > <div class=\"tiled-gallery-item tiled-gallery-item-large\" itemprop=\"associatedMedia\" itemscope itemtype=\"http:\/\/schema.org\/ImageObject\"> <a href=\"http:\/\/www.tvturk.com\/index.php\/seyir-halindeki-otomobil-alevler-icinde-kaldi\/seyir-halindeki-otomobil-alevler-icinde-kaldi-3\/\" border=\"0\" itemprop=\"url\"> <meta itemprop=\"width\" content=\"496\"> <meta itemprop=\"height\" content=\"300\"> <img decoding=\"async\" class=\"\" data-attachment-id=\"43884\" data-orig-file=\"http:\/\/www.tvturk.com\/wp-content\/uploads\/2019\/02\/seyir-halindeki-otomobil-alevler-icinde-kaldi_9b036f6.jpg\" data-orig-size=\"1000,604\" data-comments-opened=\"\" data-image-meta=\"{&quot;aperture&quot;:&quot;0&quot;,&quot;credit&quot;:&quot;IHA&quot;,&quot;camera&quot;:&quot;&quot;,&quot;caption&quot;:&quot;K\\u00dc\\u00c7\\u00dcK\\u00c7EKMECE E-5 KARAYOLUNDA SEY\\u0130R HAL\\u0130NDEK\\u0130 B\\u0130R OTOMOB\\u0130LDE AN\\u0130DEN YANGIN \\u00c7IKTI. MOTOR KISMI KISA S\\u00dcREDE ALEVLER \\u0130\\u00c7ER\\u0130S\\u0130NDE KALAN OTOMOB\\u0130LDEK\\u0130LER SON ANDA ARA\\u00c7TAN \\u0130NERKEN YANGINA \\u00c7EVREDEK\\u0130 VATANDA\\u015eLAR VE \\u0130TFA\\u0130YE EK\\u0130PLER\\u0130 M\\u00dcDAHALE ETT\\u0130. (VOLKAN KAYALAR\\\/\\u0130STANBUL-\\u0130HA)&quot;,&quot;created_timestamp&quot;:&quot;0&quot;,&quot;copyright&quot;:&quot;\\u0130HLAS HABER AJANSI, www.iha.com.tr&quot;,&quot;focal_length&quot;:&quot;0&quot;,&quot;iso&quot;:&quot;0&quot;,&quot;shutter_speed&quot;:&quot;0&quot;,&quot;title&quot;:&quot;SEY\\u0130R HAL\\u0130NDEK\\u0130 OTOMOB\\u0130L ALEVLER \\u0130\\u00c7\\u0130NDE KALDI K\\u00dc\\u00c7\\u00dcK\\u00c7EKMECE\\u2019DE AN\\u0130NDEN YANAN ARA\\u00c7TAK\\u0130LER SON ANDA CANLARINI KURTARDI&quot;,&quot;orientation&quot;:&quot;0&quot;}\" data-image-title=\"Seyir halindeki otomobil alevler i\u00e7inde kald\u0131\" data-image-description=\"&lt;p&gt;Seyir halindeki otomobil alevler i\u00e7inde kald\u0131&lt;\/p&gt; \" data-medium-file=\"https:\/\/i0.wp.com\/www.tvturk.com\/wp-content\/uploads\/2019\/02\/seyir-halindeki-otomobil-alevler-icinde-kaldi_9b036f6.jpg?fit=300%2C181\" data-large-file=\"https:\/\/i0.wp.com\/www.tvturk.com\/wp-content\/uploads\/2019\/02\/seyir-halindeki-otomobil-alevler-icinde-kaldi_9b036f6.jpg?fit=1000%2C604\" src=\"https:\/\/i0.wp.com\/www.tvturk.com\/wp-content\/uploads\/2019\/02\/seyir-halindeki-otomobil-alevler-icinde-kaldi_9b036f6.jpg?w=496&#038;h=300\" srcset=\"https:\/\/i0.wp.com\/www.tvturk.com\/wp-content\/uploads\/2019\/02\/seyir-halindeki-otomobil-alevler-icinde-kaldi_9b036f6.jpg?w=1000 1000w, https:\/\/i0.wp.com\/www.tvturk.com\/wp-content\/uploads\/2019\/02\/seyir-halindeki-otomobil-alevler-icinde-kaldi_9b036f6.jpg?resize=150%2C91 150w, https:\/\/i0.wp.com\/www.tvturk.com\/wp-content\/uploads\/2019\/02\/seyir-halindeki-otomobil-alevler-icinde-kaldi_9b036f6.jpg?resize=300%2C181 300w, https:\/\/i0.wp.com\/www.tvturk.com\/wp-content\/uploads\/2019\/02\/seyir-halindeki-otomobil-alevler-icinde-kaldi_9b036f6.jpg?resize=768%2C464 768w, https:\/\/i0.wp.com\/www.tvturk.com\/wp-content\/uploads\/2019\/02\/seyir-halindeki-otomobil-alevler-icinde-kaldi_9b036f6.jpg?resize=187%2C113 187w\" width=\"496\" height=\"300\" loading=\"lazy\" data-original-width=\"496\" data-original-height=\"300\" itemprop=\"http:\/\/schema.org\/image\" title=\"Seyir halindeki otomobil alevler i\u00e7inde kald\u0131\" alt=\"Seyir halindeki otomobil alevler i\u00e7inde kald\u0131\" style=\"width: 496px; height: 300px;\" \/> <\/a> <\/div> <\/div> <!-- close group --> <\/div> <!-- close row --> <\/div><\/p>\n","protected":false},"excerpt":{"rendered":"<p>K\u00dc\u00c7\u00dcK\u00c7EKMECE E-5 KARAYOLUNDA SEY\u0130R HAL\u0130NDEK\u0130 B\u0130R OTOMOB\u0130LDE AN\u0130DEN YANGIN \u00c7IKTI. MOTOR KISMI KISA S\u00dcREDE ALEVLER \u0130\u00c7ER\u0130S\u0130NDE KALAN OTOMOB\u0130LDEK\u0130LER SON ANDA ARA\u00c7TAN \u0130NERKEN YANGINA \u00c7EVREDEK\u0130 VATANDA\u015eLAR VE \u0130TFA\u0130YE EK\u0130PLER\u0130 M\u00dcDAHALE ETT\u0130.<\/p>\n","protected":false},"author":1,"featured_media":43883,"comment_status":"closed","ping_status":"open","sticky":false,"template":"","format":"standard","meta":{"jetpack_post_was_ever_published":false,"_jetpack_newsletter_access":"","_jetpack_dont_email_post_to_subs":false,"_jetpack_newsletter_tier_id":0,"_jetpack_memberships_contains_paywalled_content":false,"_jetpack_memberships_contains_paid_content":false,"footnotes":"","jetpack_publicize_message":"","jetpack_publicize_feature_enabled":true,"jetpack_social_post_already_shared":false,"jetpack_social_options":{"image_generator_settings":{"template":"highway","default_image_id":0,"font":"","enabled":false},"version":2}},"categories":[655],"tags":[15253,1615,4601,1853,2873,3487],"class_list":["post-43882","post","type-post","status-publish","format-standard","has-post-thumbnail","hentry","category-son-dakika","tag-alevler","tag-halindeki","tag-icinde","tag-kaldi","tag-otomobil","tag-seyir"],"jetpack_publicize_connections":[],"jetpack_featured_media_url":"https:\/\/i0.wp.com\/www.tvturk.com\/wp-content\/uploads\/2019\/02\/seyir-halindeki-otomobil-alevler-icinde-kaldi_a9b7e23.jpg?fit=1000%2C659","jetpack_sharing_enabled":true,"jetpack_shortlink":"https:\/\/wp.me\/paKIfm-bpM","_links":{"self":[{"href":"http:\/\/www.tvturk.com\/index.php\/wp-json\/wp\/v2\/posts\/43882","targetHints":{"allow":["GET"]}}],"collection":[{"href":"http:\/\/www.tvturk.com\/index.php\/wp-json\/wp\/v2\/posts"}],"about":[{"href":"http:\/\/www.tvturk.com\/index.php\/wp-json\/wp\/v2\/types\/post"}],"author":[{"embeddable":true,"href":"http:\/\/www.tvturk.com\/index.php\/wp-json\/wp\/v2\/users\/1"}],"replies":[{"embeddable":true,"href":"http:\/\/www.tvturk.com\/index.php\/wp-json\/wp\/v2\/comments?post=43882"}],"version-history":[{"count":1,"href":"http:\/\/www.tvturk.com\/index.php\/wp-json\/wp\/v2\/posts\/43882\/revisions"}],"predecessor-version":[{"id":43885,"href":"http:\/\/www.tvturk.com\/index.php\/wp-json\/wp\/v2\/posts\/43882\/revisions\/43885"}],"wp:featuredmedia":[{"embeddable":true,"href":"http:\/\/www.tvturk.com\/index.php\/wp-json\/wp\/v2\/media\/43883"}],"wp:attachment":[{"href":"http:\/\/www.tvturk.com\/index.php\/wp-json\/wp\/v2\/media?parent=43882"}],"wp:term":[{"taxonomy":"category","embeddable":true,"href":"http:\/\/www.tvturk.com\/index.php\/wp-json\/wp\/v2\/categories?post=43882"},{"taxonomy":"post_tag","embeddable":true,"href":"http:\/\/www.tvturk.com\/index.php\/wp-json\/wp\/v2\/tags?post=43882"}],"curies":[{"name":"wp","href":"https:\/\/api.w.org\/{rel}","templated":true}]}}