{"id":44134,"date":"2019-02-18T11:51:59","date_gmt":"2019-02-18T08:51:59","guid":{"rendered":"http:\/\/www.tvturk.com\/index.php\/salihli-deve-guresleriyle-renklenecek\/"},"modified":"2019-02-18T11:52:01","modified_gmt":"2019-02-18T08:52:01","slug":"salihli-deve-guresleriyle-renklenecek","status":"publish","type":"post","link":"http:\/\/www.tvturk.com\/index.php\/salihli-deve-guresleriyle-renklenecek\/","title":{"rendered":"Salihli deve g\u00fcre\u015fleriyle renklenecek"},"content":{"rendered":"<p>Salihli Belediyesi taraf\u0131ndan bu y\u0131l 4.\u2019s\u00fc d\u00fczenlenecek olan geleneksel Deve G\u00fcre\u015fleri Festivali, 24 \u015eubat Pazar g\u00fcn\u00fc ger\u00e7ekle\u015ftirilecek.<\/p>\n<p>Salihli\u2019de Belediye Ba\u015fkan\u0131 Zeki Kayda \u00f6nc\u00fcl\u00fc\u011f\u00fcnde d\u00fczenlenecek olan 4.Deve G\u00fcre\u015fleri Festivali, 24 \u015eubat Pazar G\u00fcn\u00fc Bar\u0131\u015f Mahallesi mevkiinde yap\u0131lacak. Saat 10.00\u2019da ba\u015flayacak ve halk\u0131n \u00fccretsiz izleyebilece\u011fi g\u00fcre\u015flere Ege, Marmara ve Akdeniz b\u00f6lgelerinden 100\u2019\u00fcn \u00fczerinde g\u00fcre\u015f\u00e7i deve kat\u0131lacak. 3 y\u0131ld\u0131r ger\u00e7ekle\u015ftirilen deve g\u00fcre\u015flerinin bu y\u0131l d\u00f6rd\u00fcnc\u00fcs\u00fcn\u00fc ger\u00e7ekle\u015ftireceklerini belirten Salihli Belediye Ba\u015fkan\u0131 Zeki Kayda, y\u00fczy\u0131llard\u0131r yap\u0131lan ancak unutulmaya y\u00fcz tutmu\u015f miras\u0131 koruduklar\u0131n\u0131 s\u00f6yledi. Ba\u015fkan Kayda, b\u00f6lge halk\u0131n\u0131n 24 \u015eubat Pazar G\u00fcn\u00fc hem farkl\u0131, hem de keyifli bir g\u00fcn ge\u00e7irece\u011fini s\u00f6zlerine ekledi.<div class=\"tiled-gallery type-rectangular tiled-gallery-unresized\" data-original-width=\"500\" data-carousel-extra='null' itemscope itemtype=\"http:\/\/schema.org\/ImageGallery\" > <div class=\"gallery-row\" style=\"width: 500px; height: 352px;\" data-original-width=\"500\" data-original-height=\"352\" > <div class=\"gallery-group images-1\" style=\"width: 500px; height: 352px;\" data-original-width=\"500\" data-original-height=\"352\" > <div class=\"tiled-gallery-item tiled-gallery-item-large\" itemprop=\"associatedMedia\" itemscope itemtype=\"http:\/\/schema.org\/ImageObject\"> <a href=\"http:\/\/www.tvturk.com\/index.php\/salihli-deve-guresleriyle-renklenecek\/salihli-deve-guresleriyle-renklenecek-3\/\" border=\"0\" itemprop=\"url\"> <meta itemprop=\"width\" content=\"496\"> <meta itemprop=\"height\" content=\"348\"> <img decoding=\"async\" class=\"\" data-attachment-id=\"44136\" data-orig-file=\"http:\/\/www.tvturk.com\/wp-content\/uploads\/2019\/02\/salihli-deve-guresleriyle-renklenecek_524fbf3.jpg\" data-orig-size=\"1000,702\" data-comments-opened=\"\" data-image-meta=\"{&quot;aperture&quot;:&quot;0&quot;,&quot;credit&quot;:&quot;IHA&quot;,&quot;camera&quot;:&quot;&quot;,&quot;caption&quot;:&quot;SAL\\u0130HL\\u0130 BELED\\u0130YES\\u0130 TARAFINDAN BU YIL 4.S\\u00dc D\\u00dcZENLENEN GELENEKSEL DEVE G\\u00dcRE\\u015eLER\\u0130 FEST\\u0130VAL\\u0130 BU YIL 24 \\u015eUBAT PAZAR G\\u00dcN\\u00dc GER\\u00c7EKLE\\u015eT\\u0130R\\u0130LECEK. (BEHZAT AKCAN\\\/MAN\\u0130SA-\\u0130HA)&quot;,&quot;created_timestamp&quot;:&quot;0&quot;,&quot;copyright&quot;:&quot;\\u0130HLAS HABER AJANSI, www.iha.com.tr&quot;,&quot;focal_length&quot;:&quot;0&quot;,&quot;iso&quot;:&quot;0&quot;,&quot;shutter_speed&quot;:&quot;0&quot;,&quot;title&quot;:&quot;SAL\\u0130HL\\u0130 DEVE G\\u00dcRE\\u015eLER\\u0130YLE RENKLENECEK&quot;,&quot;orientation&quot;:&quot;0&quot;}\" data-image-title=\"Salihli deve g\u00fcre\u015fleriyle renklenecek\" data-image-description=\"&lt;p&gt;Salihli deve g\u00fcre\u015fleriyle renklenecek&lt;\/p&gt; \" data-medium-file=\"https:\/\/i0.wp.com\/www.tvturk.com\/wp-content\/uploads\/2019\/02\/salihli-deve-guresleriyle-renklenecek_524fbf3.jpg?fit=300%2C211\" data-large-file=\"https:\/\/i0.wp.com\/www.tvturk.com\/wp-content\/uploads\/2019\/02\/salihli-deve-guresleriyle-renklenecek_524fbf3.jpg?fit=1000%2C702\" src=\"https:\/\/i0.wp.com\/www.tvturk.com\/wp-content\/uploads\/2019\/02\/salihli-deve-guresleriyle-renklenecek_524fbf3.jpg?w=496&#038;h=348\" srcset=\"https:\/\/i0.wp.com\/www.tvturk.com\/wp-content\/uploads\/2019\/02\/salihli-deve-guresleriyle-renklenecek_524fbf3.jpg?w=1000 1000w, https:\/\/i0.wp.com\/www.tvturk.com\/wp-content\/uploads\/2019\/02\/salihli-deve-guresleriyle-renklenecek_524fbf3.jpg?resize=150%2C105 150w, https:\/\/i0.wp.com\/www.tvturk.com\/wp-content\/uploads\/2019\/02\/salihli-deve-guresleriyle-renklenecek_524fbf3.jpg?resize=300%2C211 300w, https:\/\/i0.wp.com\/www.tvturk.com\/wp-content\/uploads\/2019\/02\/salihli-deve-guresleriyle-renklenecek_524fbf3.jpg?resize=768%2C539 768w, https:\/\/i0.wp.com\/www.tvturk.com\/wp-content\/uploads\/2019\/02\/salihli-deve-guresleriyle-renklenecek_524fbf3.jpg?resize=80%2C55 80w\" width=\"496\" height=\"348\" loading=\"lazy\" data-original-width=\"496\" data-original-height=\"348\" itemprop=\"http:\/\/schema.org\/image\" title=\"Salihli deve g\u00fcre\u015fleriyle renklenecek\" alt=\"Salihli deve g\u00fcre\u015fleriyle renklenecek\" style=\"width: 496px; height: 348px;\" \/> <\/a> <\/div> <\/div> <!-- close group --> <\/div> <!-- close row --> <\/div><\/p>\n","protected":false},"excerpt":{"rendered":"<p>SAL\u0130HL\u0130 BELED\u0130YES\u0130 TARAFINDAN BU YIL 4.S\u00dc D\u00dcZENLENEN GELENEKSEL DEVE G\u00dcRE\u015eLER\u0130 FEST\u0130VAL\u0130 BU YIL 24 \u015eUBAT PAZAR G\u00dcN\u00dc GER\u00c7EKLE\u015eT\u0130R\u0130LECEK.<\/p>\n","protected":false},"author":1,"featured_media":44135,"comment_status":"closed","ping_status":"open","sticky":false,"template":"","format":"standard","meta":{"jetpack_post_was_ever_published":false,"_jetpack_newsletter_access":"","_jetpack_dont_email_post_to_subs":false,"_jetpack_newsletter_tier_id":0,"_jetpack_memberships_contains_paywalled_content":false,"_jetpack_memberships_contains_paid_content":false,"footnotes":"","jetpack_publicize_message":"","jetpack_publicize_feature_enabled":true,"jetpack_social_post_already_shared":false,"jetpack_social_options":{"image_generator_settings":{"template":"highway","default_image_id":0,"font":"","enabled":false},"version":2}},"categories":[656],"tags":[5657,8564,15297,1305],"class_list":["post-44134","post","type-post","status-publish","format-standard","has-post-thumbnail","hentry","category-kultur-sanat","tag-deve","tag-guresleriyle","tag-renklenecek","tag-salihli"],"jetpack_publicize_connections":[],"jetpack_featured_media_url":"https:\/\/i0.wp.com\/www.tvturk.com\/wp-content\/uploads\/2019\/02\/salihli-deve-guresleriyle-renklenecek_72be282.jpg?fit=1000%2C619","jetpack_sharing_enabled":true,"jetpack_shortlink":"https:\/\/wp.me\/paKIfm-btQ","_links":{"self":[{"href":"http:\/\/www.tvturk.com\/index.php\/wp-json\/wp\/v2\/posts\/44134","targetHints":{"allow":["GET"]}}],"collection":[{"href":"http:\/\/www.tvturk.com\/index.php\/wp-json\/wp\/v2\/posts"}],"about":[{"href":"http:\/\/www.tvturk.com\/index.php\/wp-json\/wp\/v2\/types\/post"}],"author":[{"embeddable":true,"href":"http:\/\/www.tvturk.com\/index.php\/wp-json\/wp\/v2\/users\/1"}],"replies":[{"embeddable":true,"href":"http:\/\/www.tvturk.com\/index.php\/wp-json\/wp\/v2\/comments?post=44134"}],"version-history":[{"count":1,"href":"http:\/\/www.tvturk.com\/index.php\/wp-json\/wp\/v2\/posts\/44134\/revisions"}],"predecessor-version":[{"id":44137,"href":"http:\/\/www.tvturk.com\/index.php\/wp-json\/wp\/v2\/posts\/44134\/revisions\/44137"}],"wp:featuredmedia":[{"embeddable":true,"href":"http:\/\/www.tvturk.com\/index.php\/wp-json\/wp\/v2\/media\/44135"}],"wp:attachment":[{"href":"http:\/\/www.tvturk.com\/index.php\/wp-json\/wp\/v2\/media?parent=44134"}],"wp:term":[{"taxonomy":"category","embeddable":true,"href":"http:\/\/www.tvturk.com\/index.php\/wp-json\/wp\/v2\/categories?post=44134"},{"taxonomy":"post_tag","embeddable":true,"href":"http:\/\/www.tvturk.com\/index.php\/wp-json\/wp\/v2\/tags?post=44134"}],"curies":[{"name":"wp","href":"https:\/\/api.w.org\/{rel}","templated":true}]}}