{"id":44183,"date":"2019-02-18T12:01:52","date_gmt":"2019-02-18T09:01:52","guid":{"rendered":"http:\/\/www.tvturk.com\/index.php\/zeynep-isman-yeni-nesil-anneligi-anlatacak\/"},"modified":"2019-02-18T12:01:53","modified_gmt":"2019-02-18T09:01:53","slug":"zeynep-isman-yeni-nesil-anneligi-anlatacak","status":"publish","type":"post","link":"http:\/\/www.tvturk.com\/index.php\/zeynep-isman-yeni-nesil-anneligi-anlatacak\/","title":{"rendered":"Zeynep \u0130\u015fman \u2018yeni nesil anne\u2019li\u011fi anlatacak"},"content":{"rendered":"<p>Etkili Anne-Baba Okulu E\u011fitimcisi Zeynep \u0130\u015fman\u2019\u0131n konu\u015fmac\u0131 olaca\u011f\u0131 \u2018Yeni Nesil Anne Sohbetleri\u2019 etkinli\u011fi 22 \u015eubat\u2019ta ger\u00e7ekle\u015ftirilecek.<\/p>\n<p>Vestel\u2019in ilkini 2016 y\u0131l\u0131nda a\u00e7t\u0131\u011f\u0131 Kafe Vesto\u2019lar anneleri, anne adaylar\u0131n\u0131 ve ebeveynleri ilgilendirecek bir etkinlik dizisi ba\u015flatt\u0131. 9 \u015eubat\u2019ta gunesanne.com blo\u011funun yazar\u0131 G\u00fcne\u015f Ulus\u2019la ba\u015flayan \u2018Kafe Vesto Yeni Nesil Anne Sohbetleri\u2019nin ikincisi 22 \u015eubat Cuma g\u00fcn\u00fc saat 16.00-17.00 aras\u0131 Ebeveyn Ko\u00e7u \/ \u0130leti\u015fim Uzman\u0131 ve Etkili Anne-Baba Okulu E\u011fitimcisi Zeynep \u0130\u015fman\u2019la devam ediyor.<\/p>\n<p>Yap\u0131lan duyuruya g\u00f6re Zeynep \u0130\u015fman \u2018Etkili anne-baba ne demek?, nas\u0131l olunur?\u2019 sorusunun yan\u0131t\u0131n\u0131 kat\u0131l\u0131mc\u0131larla payla\u015facak. \u0130\u015fman,\u201cAile i\u00e7inde ger\u00e7ek sorunu ve g\u00f6r\u00fcnen sorunu birbirinden ay\u0131rmay\u0131, sorunlara yap\u0131c\u0131 \u00e7\u00f6z\u00fcmler getirirken, \u00e7ocuklar\u0131m\u0131zla ili\u015fkimizi g\u00fc\u00e7lendirmeyi, \u00e7at\u0131\u015fmalar\u0131 nas\u0131l ele alaca\u011f\u0131m\u0131z\u0131 ve bunu yaparken ili\u015fkilerimizi nas\u0131l koruyaca\u011f\u0131m\u0131z\u0131, sayg\u0131 ve sevgi odakl\u0131 birey yeti\u015ftirme ve aile i\u00e7i ileti\u015fim konular\u0131na de\u011finece\u011fiz\u201d dedi.<\/p>\n<p>Vestel Ticaret A.\u015e. Pazarlama ve Mobil \u00dcr\u00fcnler Sat\u0131\u015f Genel M\u00fcd\u00fcr Yard\u0131mc\u0131s\u0131 Tun\u00e7 Berkman ise \u201c\u0130lkini 2016 y\u0131l\u0131nda Be\u015fikta\u015f ma\u011fazam\u0131z\u0131n i\u00e7inde a\u00e7t\u0131\u011f\u0131m\u0131z Kafe Vesto\u2019lar\u0131n say\u0131s\u0131 bug\u00fcn 8\u2019e y\u00fckseldi. Amac\u0131m\u0131z m\u00fc\u015fterilerimizi teknoloji ile daha yak\u0131nla\u015ft\u0131rmakt\u0131. Kafe Vesto Yeni Nesil Anne Sohbetleri ile de Kafe Vesto keyfini ikiye katlamay\u0131 hedefliyoruz. \u0130lkini 9 \u015eubat\u2019ta Zorlu Center Kafe Vesto\u2019da G\u00fcne\u015f Ulus ile ba\u015flatt\u0131\u011f\u0131m\u0131z bulu\u015fmalar, 22 \u015eubat\u2019ta Etkili Anne-Baba Okulu E\u011fitimcisi Zeynep \u0130\u015fman\u2019la devam ediyor. \u0130zmir Alsancak Kafe Vesto\u2019da devam edecek bu bulu\u015fmalar\u0131n ebeveynler i\u00e7in hem yararl\u0131 hem de keyifli olaca\u011f\u0131na inan\u0131yoruz\u201d ifadelerini kulland\u0131.<div class=\"tiled-gallery type-rectangular tiled-gallery-unresized\" data-original-width=\"500\" data-carousel-extra='null' itemscope itemtype=\"http:\/\/schema.org\/ImageGallery\" > <div class=\"gallery-row\" style=\"width: 500px; height: 398px;\" data-original-width=\"500\" data-original-height=\"398\" > <div class=\"gallery-group images-1\" style=\"width: 500px; height: 398px;\" data-original-width=\"500\" data-original-height=\"398\" > <div class=\"tiled-gallery-item tiled-gallery-item-large\" itemprop=\"associatedMedia\" itemscope itemtype=\"http:\/\/schema.org\/ImageObject\"> <a href=\"http:\/\/www.tvturk.com\/index.php\/zeynep-isman-yeni-nesil-anneligi-anlatacak\/zeynep-isman-yeni-nesil-anneligi-anlatacak-3\/\" border=\"0\" itemprop=\"url\"> <meta itemprop=\"width\" content=\"496\"> <meta itemprop=\"height\" content=\"394\"> <img decoding=\"async\" class=\"\" data-attachment-id=\"44185\" data-orig-file=\"http:\/\/www.tvturk.com\/wp-content\/uploads\/2019\/02\/zeynep-isman-yeni-nesil-anneligi-anlatacak_4e3b050.jpg\" data-orig-size=\"1000,795\" data-comments-opened=\"\" data-image-meta=\"{&quot;aperture&quot;:&quot;0&quot;,&quot;credit&quot;:&quot;IHA&quot;,&quot;camera&quot;:&quot;&quot;,&quot;caption&quot;:&quot;ZEYNEP \\u0130\\u015eMAN (\\u0130HA\\\/\\u0130STANBUL-\\u0130HA)&quot;,&quot;created_timestamp&quot;:&quot;0&quot;,&quot;copyright&quot;:&quot;\\u0130HLAS HABER AJANSI, www.iha.com.tr&quot;,&quot;focal_length&quot;:&quot;0&quot;,&quot;iso&quot;:&quot;0&quot;,&quot;shutter_speed&quot;:&quot;0&quot;,&quot;title&quot;:&quot;ZEYNEP \\u0130\\u015eMAN \\u2018YEN\\u0130 NES\\u0130L ANNE\\u2019L\\u0130\\u011e\\u0130 ANLATACAK&quot;,&quot;orientation&quot;:&quot;0&quot;}\" data-image-title=\"Zeynep \u0130\u015fman \u2018yeni nesil anne\u2019li\u011fi anlatacak\" data-image-description=\"&lt;p&gt;Zeynep \u0130\u015fman \u2018yeni nesil anne\u2019li\u011fi anlatacak&lt;\/p&gt; \" data-medium-file=\"https:\/\/i0.wp.com\/www.tvturk.com\/wp-content\/uploads\/2019\/02\/zeynep-isman-yeni-nesil-anneligi-anlatacak_4e3b050.jpg?fit=300%2C239\" data-large-file=\"https:\/\/i0.wp.com\/www.tvturk.com\/wp-content\/uploads\/2019\/02\/zeynep-isman-yeni-nesil-anneligi-anlatacak_4e3b050.jpg?fit=1000%2C795\" src=\"https:\/\/i0.wp.com\/www.tvturk.com\/wp-content\/uploads\/2019\/02\/zeynep-isman-yeni-nesil-anneligi-anlatacak_4e3b050.jpg?w=496&#038;h=394\" srcset=\"https:\/\/i0.wp.com\/www.tvturk.com\/wp-content\/uploads\/2019\/02\/zeynep-isman-yeni-nesil-anneligi-anlatacak_4e3b050.jpg?w=1000 1000w, https:\/\/i0.wp.com\/www.tvturk.com\/wp-content\/uploads\/2019\/02\/zeynep-isman-yeni-nesil-anneligi-anlatacak_4e3b050.jpg?resize=150%2C119 150w, https:\/\/i0.wp.com\/www.tvturk.com\/wp-content\/uploads\/2019\/02\/zeynep-isman-yeni-nesil-anneligi-anlatacak_4e3b050.jpg?resize=300%2C239 300w, https:\/\/i0.wp.com\/www.tvturk.com\/wp-content\/uploads\/2019\/02\/zeynep-isman-yeni-nesil-anneligi-anlatacak_4e3b050.jpg?resize=768%2C611 768w\" width=\"496\" height=\"394\" loading=\"lazy\" data-original-width=\"496\" data-original-height=\"394\" itemprop=\"http:\/\/schema.org\/image\" title=\"Zeynep \u0130\u015fman \u2018yeni nesil anne\u2019li\u011fi anlatacak\" alt=\"Zeynep \u0130\u015fman \u2018yeni nesil anne\u2019li\u011fi anlatacak\" style=\"width: 496px; height: 394px;\" \/> <\/a> <\/div> <\/div> <!-- close group --> <\/div> <!-- close row --> <\/div><\/p>\n","protected":false},"excerpt":{"rendered":"<p>TUN\u00c7 BERKMAN<\/p>\n","protected":false},"author":1,"featured_media":44184,"comment_status":"closed","ping_status":"open","sticky":false,"template":"","format":"standard","meta":{"jetpack_post_was_ever_published":false,"_jetpack_newsletter_access":"","_jetpack_dont_email_post_to_subs":false,"_jetpack_newsletter_tier_id":0,"_jetpack_memberships_contains_paywalled_content":false,"_jetpack_memberships_contains_paid_content":false,"footnotes":"","jetpack_publicize_message":"","jetpack_publicize_feature_enabled":true,"jetpack_social_post_already_shared":false,"jetpack_social_options":{"image_generator_settings":{"template":"highway","default_image_id":0,"font":"","enabled":false},"version":2}},"categories":[656],"tags":[15314,15313,15312,390,87,11857],"class_list":["post-44183","post","type-post","status-publish","format-standard","has-post-thumbnail","hentry","category-kultur-sanat","tag-anlatacak","tag-anneligi","tag-isman","tag-nesil","tag-yeni","tag-zeynep"],"jetpack_publicize_connections":[],"jetpack_featured_media_url":"https:\/\/i0.wp.com\/www.tvturk.com\/wp-content\/uploads\/2019\/02\/zeynep-isman-yeni-nesil-anneligi-anlatacak_0b85351.jpg?fit=1000%2C666","jetpack_sharing_enabled":true,"jetpack_shortlink":"https:\/\/wp.me\/paKIfm-buD","_links":{"self":[{"href":"http:\/\/www.tvturk.com\/index.php\/wp-json\/wp\/v2\/posts\/44183","targetHints":{"allow":["GET"]}}],"collection":[{"href":"http:\/\/www.tvturk.com\/index.php\/wp-json\/wp\/v2\/posts"}],"about":[{"href":"http:\/\/www.tvturk.com\/index.php\/wp-json\/wp\/v2\/types\/post"}],"author":[{"embeddable":true,"href":"http:\/\/www.tvturk.com\/index.php\/wp-json\/wp\/v2\/users\/1"}],"replies":[{"embeddable":true,"href":"http:\/\/www.tvturk.com\/index.php\/wp-json\/wp\/v2\/comments?post=44183"}],"version-history":[{"count":1,"href":"http:\/\/www.tvturk.com\/index.php\/wp-json\/wp\/v2\/posts\/44183\/revisions"}],"predecessor-version":[{"id":44186,"href":"http:\/\/www.tvturk.com\/index.php\/wp-json\/wp\/v2\/posts\/44183\/revisions\/44186"}],"wp:featuredmedia":[{"embeddable":true,"href":"http:\/\/www.tvturk.com\/index.php\/wp-json\/wp\/v2\/media\/44184"}],"wp:attachment":[{"href":"http:\/\/www.tvturk.com\/index.php\/wp-json\/wp\/v2\/media?parent=44183"}],"wp:term":[{"taxonomy":"category","embeddable":true,"href":"http:\/\/www.tvturk.com\/index.php\/wp-json\/wp\/v2\/categories?post=44183"},{"taxonomy":"post_tag","embeddable":true,"href":"http:\/\/www.tvturk.com\/index.php\/wp-json\/wp\/v2\/tags?post=44183"}],"curies":[{"name":"wp","href":"https:\/\/api.w.org\/{rel}","templated":true}]}}