{"id":44240,"date":"2019-02-18T12:21:11","date_gmt":"2019-02-18T09:21:11","guid":{"rendered":"http:\/\/www.tvturk.com\/index.php\/bisikletli-japon-turist-osmaniyede-mola-verdi\/"},"modified":"2019-02-18T12:21:15","modified_gmt":"2019-02-18T09:21:15","slug":"bisikletli-japon-turist-osmaniyede-mola-verdi","status":"publish","type":"post","link":"http:\/\/www.tvturk.com\/index.php\/bisikletli-japon-turist-osmaniyede-mola-verdi\/","title":{"rendered":"Bisikletli Japon turist Osmaniye\u2019de mola verdi"},"content":{"rendered":"<p>Japonya\u2019ya gitmek i\u00e7in Almanya\u2019dan bisikletle yola \u00e7\u0131kan 26 ya\u015f\u0131ndaki \u0130\u00e7 Mimar Kanji Matsumoto, Osmaniye\u2019de mola verdi.<\/p>\n<p>Japonya\u2019dan \u00e7al\u0131\u015fmak i\u00e7in Almanya\u2019ya giden 26 ya\u015f\u0131ndaki \u0130\u00e7 Mimar Kanji Matsumoto, bir y\u0131l Almanya\u2019da kald\u0131ktan sonra bisiklet ile \u00fclkesine d\u00f6nmeye karar verdi. Almanya\u2019da haz\u0131rl\u0131klar\u0131n\u0131 yapt\u0131ktan sonra bisikletiyle yola \u00e7\u0131kan Kanji, Edirne \u00fczerinden T\u00fcrkiye\u2019ye giri\u015f yapt\u0131.<\/p>\n<p>T\u00fcrkiye\u2019de Edirne, \u0130stanbul, Bursa, Mu\u011fla, \u0130zmir ve Adana gibi illeri bisikletiyle gezdikten sonra Osmaniye\u2019de mola verdi. Do\u011fu Akdeniz Bisiklet Do\u011fa Sporlar\u0131 Kul\u00fcb\u00fc Ba\u015fkan\u0131 Sava\u015f \u00d6zdemir Japon turisti Osmaniye\u2019de bir gece misafir etti. Tekrardan yola \u00e7\u0131kan Kanji Matsumoto Gaziantep, \u015eanl\u0131urfa, Mardin, Diyarbak\u0131r ve Erzurum \u00fczerinden G\u00fcrcistan\u2019a ge\u00e7mek i\u00e7in pedal \u00e7evirecek.<\/p>\n<p>Almanya\u2019dan bisikletiyle Japonya\u2018ya gitmeye \u00e7al\u0131\u015ft\u0131\u011f\u0131n\u0131 ifade eden Kanji Matsumoto, \u201c26 ya\u015f\u0131nday\u0131m, Almanya\u2019da i\u00e7 mimar olarak \u00e7al\u0131yordum. Almanya\u2019dan bisikletle geliyorum. Japonya\u2019ya da bisikletle gidiyorum. Osmaniye, Gaziantep, \u015eanl\u0131urfa, Mardin, Diyarbak\u0131r ve Erzurum \u00fczerinden G\u00fcrcistan\u2019a gidiyorum. \u0130ki ayd\u0131r T\u00fcrkiye\u2019deyim. T\u00fcrkiye \u00e7ok g\u00fczel. Edirne, \u0130stanbul, Bursa, \u0130zmir, Antalya\u2019y\u0131 gezmeye geldim. Buralar \u00e7ok g\u00fczel\u201d dedi.<\/p>\n<p>Do\u011fu Akdeniz Bisiklet Do\u011fa Sporlar\u0131 Kul\u00fcb\u00fc Ba\u015fkan\u0131 Sava\u015f \u00d6zdemir, \u201cKanji i\u00e7in Adana\u2019dan arkada\u015flar bize bilgi verdiler. Adana\u2019dan Osmaniye\u2019ye geldi. D\u00fcn ak\u015fam da Kanji\u2019yi Osmaniye\u2019de a\u011f\u0131rlad\u0131k. Kendisi Almanya\u2019dan geliyor. Ak\u015fam g\u00fczel bir \u015fekilde a\u011f\u0131rlad\u0131k. Buradan da Gaziantep\u2019e gidiyor. Her zaman bisiklet\u00e7ilerin yan\u0131nday\u0131z. Kanji\u2019yi de bir tur bisiklet\u00e7isi olarak Osmaniye\u2019de a\u011f\u0131rlam\u0131\u015f olduk\u201d diye konu\u015ftu.<div class=\"tiled-gallery type-rectangular tiled-gallery-unresized\" data-original-width=\"500\" data-carousel-extra='null' itemscope itemtype=\"http:\/\/schema.org\/ImageGallery\" > <div class=\"gallery-row\" style=\"width: 500px; height: 222px;\" data-original-width=\"500\" data-original-height=\"222\" > <div class=\"gallery-group images-1\" style=\"width: 334px; height: 222px;\" data-original-width=\"334\" data-original-height=\"222\" > <div class=\"tiled-gallery-item tiled-gallery-item-large\" itemprop=\"associatedMedia\" itemscope itemtype=\"http:\/\/schema.org\/ImageObject\"> <a href=\"http:\/\/www.tvturk.com\/index.php\/bisikletli-japon-turist-osmaniyede-mola-verdi\/bisikletli-japon-turist-osmaniyede-mola-verdi-3\/\" border=\"0\" itemprop=\"url\"> <meta itemprop=\"width\" content=\"330\"> <meta itemprop=\"height\" content=\"218\"> <img decoding=\"async\" class=\"\" data-attachment-id=\"44242\" data-orig-file=\"http:\/\/www.tvturk.com\/wp-content\/uploads\/2019\/02\/bisikletli-japon-turist-osmaniyede-mola-verdi_a22728b.jpg\" data-orig-size=\"1000,662\" data-comments-opened=\"\" data-image-meta=\"{&quot;aperture&quot;:&quot;0&quot;,&quot;credit&quot;:&quot;IHA&quot;,&quot;camera&quot;:&quot;&quot;,&quot;caption&quot;:&quot;JAPONYA\\u2019YA G\\u0130TMEK \\u0130\\u00c7\\u0130N ALMANYA\\u2019DAN B\\u0130S\\u0130KLETLE YOLA \\u00c7IKAN 26 YA\\u015eINDAK\\u0130 \\u0130\\u00c7 M\\u0130MAR KANJ\\u0130 MATSUMOTO, OSMAN\\u0130YE\\u2019DE MOLA VERD\\u0130. (\\u0130BRAH\\u0130M \\u0130MAT\\\/OSMAN\\u0130YE-\\u0130HA)&quot;,&quot;created_timestamp&quot;:&quot;0&quot;,&quot;copyright&quot;:&quot;\\u0130HLAS HABER AJANSI, www.iha.com.tr&quot;,&quot;focal_length&quot;:&quot;0&quot;,&quot;iso&quot;:&quot;0&quot;,&quot;shutter_speed&quot;:&quot;0&quot;,&quot;title&quot;:&quot;B\\u0130S\\u0130KLETL\\u0130 JAPON TUR\\u0130ST OSMAN\\u0130YE\\u2019DE MOLA VERD\\u0130 ALMANYA\\u2019DAN B\\u0130S\\u0130KLETLE YOLA \\u00c7IKAN 26 YA\\u015eINDAK\\u0130 \\u0130\\u00c7 M\\u0130MAR KANJ\\u0130 MATSUMOTO, GAZ\\u0130ANTEP, \\u015eANLIURFA, MARD\\u0130N, D\\u0130YARBAKIR VE ERZURUM \\u00dcZER\\u0130NDEN G\\u00dcRC\\u0130STAN\\u2019A G\\u0130DECE\\u011e\\u0130N\\u0130 BEL\\u0130RTT\\u0130&quot;,&quot;orientation&quot;:&quot;0&quot;}\" data-image-title=\"Bisikletli Japon turist Osmaniye\u2019de mola verdi\" data-image-description=\"&lt;p&gt;Bisikletli Japon turist Osmaniye\u2019de mola verdi&lt;\/p&gt; \" data-medium-file=\"https:\/\/i0.wp.com\/www.tvturk.com\/wp-content\/uploads\/2019\/02\/bisikletli-japon-turist-osmaniyede-mola-verdi_a22728b.jpg?fit=300%2C199\" data-large-file=\"https:\/\/i0.wp.com\/www.tvturk.com\/wp-content\/uploads\/2019\/02\/bisikletli-japon-turist-osmaniyede-mola-verdi_a22728b.jpg?fit=1000%2C662\" src=\"https:\/\/i0.wp.com\/www.tvturk.com\/wp-content\/uploads\/2019\/02\/bisikletli-japon-turist-osmaniyede-mola-verdi_a22728b.jpg?w=330&#038;h=218\" srcset=\"https:\/\/i0.wp.com\/www.tvturk.com\/wp-content\/uploads\/2019\/02\/bisikletli-japon-turist-osmaniyede-mola-verdi_a22728b.jpg?w=1000 1000w, https:\/\/i0.wp.com\/www.tvturk.com\/wp-content\/uploads\/2019\/02\/bisikletli-japon-turist-osmaniyede-mola-verdi_a22728b.jpg?resize=150%2C99 150w, https:\/\/i0.wp.com\/www.tvturk.com\/wp-content\/uploads\/2019\/02\/bisikletli-japon-turist-osmaniyede-mola-verdi_a22728b.jpg?resize=300%2C199 300w, https:\/\/i0.wp.com\/www.tvturk.com\/wp-content\/uploads\/2019\/02\/bisikletli-japon-turist-osmaniyede-mola-verdi_a22728b.jpg?resize=768%2C508 768w, https:\/\/i0.wp.com\/www.tvturk.com\/wp-content\/uploads\/2019\/02\/bisikletli-japon-turist-osmaniyede-mola-verdi_a22728b.jpg?resize=170%2C113 170w, https:\/\/i0.wp.com\/www.tvturk.com\/wp-content\/uploads\/2019\/02\/bisikletli-japon-turist-osmaniyede-mola-verdi_a22728b.jpg?resize=120%2C80 120w\" width=\"330\" height=\"218\" loading=\"lazy\" data-original-width=\"330\" data-original-height=\"218\" itemprop=\"http:\/\/schema.org\/image\" title=\"Bisikletli Japon turist Osmaniye\u2019de mola verdi\" alt=\"Bisikletli Japon turist Osmaniye\u2019de mola verdi\" style=\"width: 330px; height: 218px;\" \/> <\/a> <\/div> <\/div> <!-- close group --> <div class=\"gallery-group images-2\" style=\"width: 166px; height: 222px;\" data-original-width=\"166\" data-original-height=\"222\" > <div class=\"tiled-gallery-item tiled-gallery-item-small\" itemprop=\"associatedMedia\" itemscope itemtype=\"http:\/\/schema.org\/ImageObject\"> <a href=\"http:\/\/www.tvturk.com\/index.php\/bisikletli-japon-turist-osmaniyede-mola-verdi\/bisikletli-japon-turist-osmaniyede-mola-verdi-4\/\" border=\"0\" itemprop=\"url\"> <meta itemprop=\"width\" content=\"162\"> <meta itemprop=\"height\" content=\"107\"> <img decoding=\"async\" class=\"\" data-attachment-id=\"44243\" data-orig-file=\"http:\/\/www.tvturk.com\/wp-content\/uploads\/2019\/02\/bisikletli-japon-turist-osmaniyede-mola-verdi_65a721e.jpg\" data-orig-size=\"1000,662\" data-comments-opened=\"\" data-image-meta=\"{&quot;aperture&quot;:&quot;0&quot;,&quot;credit&quot;:&quot;IHA&quot;,&quot;camera&quot;:&quot;&quot;,&quot;caption&quot;:&quot;JAPONYA\\u2019YA G\\u0130TMEK \\u0130\\u00c7\\u0130N ALMANYA\\u2019DAN B\\u0130S\\u0130KLETLE YOLA \\u00c7IKAN 26 YA\\u015eINDAK\\u0130 \\u0130\\u00c7 M\\u0130MAR KANJ\\u0130 MATSUMOTO, OSMAN\\u0130YE\\u2019DE MOLA VERD\\u0130. (\\u0130BRAH\\u0130M \\u0130MAT\\\/OSMAN\\u0130YE-\\u0130HA)&quot;,&quot;created_timestamp&quot;:&quot;0&quot;,&quot;copyright&quot;:&quot;\\u0130HLAS HABER AJANSI, www.iha.com.tr&quot;,&quot;focal_length&quot;:&quot;0&quot;,&quot;iso&quot;:&quot;0&quot;,&quot;shutter_speed&quot;:&quot;0&quot;,&quot;title&quot;:&quot;B\\u0130S\\u0130KLETL\\u0130 JAPON TUR\\u0130ST OSMAN\\u0130YE\\u2019DE MOLA VERD\\u0130 ALMANYA\\u2019DAN B\\u0130S\\u0130KLETLE YOLA \\u00c7IKAN 26 YA\\u015eINDAK\\u0130 \\u0130\\u00c7 M\\u0130MAR KANJ\\u0130 MATSUMOTO, GAZ\\u0130ANTEP, \\u015eANLIURFA, MARD\\u0130N, D\\u0130YARBAKIR VE ERZURUM \\u00dcZER\\u0130NDEN G\\u00dcRC\\u0130STAN\\u2019A G\\u0130DECE\\u011e\\u0130N\\u0130 BEL\\u0130RTT\\u0130&quot;,&quot;orientation&quot;:&quot;0&quot;}\" data-image-title=\"Bisikletli Japon turist Osmaniye\u2019de mola verdi\" data-image-description=\"&lt;p&gt;Bisikletli Japon turist Osmaniye\u2019de mola verdi&lt;\/p&gt; \" data-medium-file=\"https:\/\/i0.wp.com\/www.tvturk.com\/wp-content\/uploads\/2019\/02\/bisikletli-japon-turist-osmaniyede-mola-verdi_65a721e.jpg?fit=300%2C199\" data-large-file=\"https:\/\/i0.wp.com\/www.tvturk.com\/wp-content\/uploads\/2019\/02\/bisikletli-japon-turist-osmaniyede-mola-verdi_65a721e.jpg?fit=1000%2C662\" src=\"https:\/\/i0.wp.com\/www.tvturk.com\/wp-content\/uploads\/2019\/02\/bisikletli-japon-turist-osmaniyede-mola-verdi_65a721e.jpg?w=162&#038;h=107\" srcset=\"https:\/\/i0.wp.com\/www.tvturk.com\/wp-content\/uploads\/2019\/02\/bisikletli-japon-turist-osmaniyede-mola-verdi_65a721e.jpg?w=1000 1000w, https:\/\/i0.wp.com\/www.tvturk.com\/wp-content\/uploads\/2019\/02\/bisikletli-japon-turist-osmaniyede-mola-verdi_65a721e.jpg?resize=150%2C99 150w, https:\/\/i0.wp.com\/www.tvturk.com\/wp-content\/uploads\/2019\/02\/bisikletli-japon-turist-osmaniyede-mola-verdi_65a721e.jpg?resize=300%2C200 300w, https:\/\/i0.wp.com\/www.tvturk.com\/wp-content\/uploads\/2019\/02\/bisikletli-japon-turist-osmaniyede-mola-verdi_65a721e.jpg?resize=768%2C508 768w, https:\/\/i0.wp.com\/www.tvturk.com\/wp-content\/uploads\/2019\/02\/bisikletli-japon-turist-osmaniyede-mola-verdi_65a721e.jpg?resize=170%2C113 170w, https:\/\/i0.wp.com\/www.tvturk.com\/wp-content\/uploads\/2019\/02\/bisikletli-japon-turist-osmaniyede-mola-verdi_65a721e.jpg?resize=120%2C80 120w\" width=\"162\" height=\"107\" loading=\"lazy\" data-original-width=\"162\" data-original-height=\"107\" itemprop=\"http:\/\/schema.org\/image\" title=\"Bisikletli Japon turist Osmaniye\u2019de mola verdi\" alt=\"Bisikletli Japon turist Osmaniye\u2019de mola verdi\" style=\"width: 162px; height: 107px;\" \/> <\/a> <\/div> <div class=\"tiled-gallery-item tiled-gallery-item-small\" itemprop=\"associatedMedia\" itemscope itemtype=\"http:\/\/schema.org\/ImageObject\"> <a href=\"http:\/\/www.tvturk.com\/index.php\/bisikletli-japon-turist-osmaniyede-mola-verdi\/bisikletli-japon-turist-osmaniyede-mola-verdi-5\/\" border=\"0\" itemprop=\"url\"> <meta itemprop=\"width\" content=\"162\"> <meta itemprop=\"height\" content=\"107\"> <img decoding=\"async\" class=\"\" data-attachment-id=\"44244\" data-orig-file=\"http:\/\/www.tvturk.com\/wp-content\/uploads\/2019\/02\/bisikletli-japon-turist-osmaniyede-mola-verdi_8cce2e2.jpg\" data-orig-size=\"1000,662\" data-comments-opened=\"\" data-image-meta=\"{&quot;aperture&quot;:&quot;0&quot;,&quot;credit&quot;:&quot;IHA&quot;,&quot;camera&quot;:&quot;&quot;,&quot;caption&quot;:&quot;JAPONYA\\u2019YA G\\u0130TMEK \\u0130\\u00c7\\u0130N ALMANYA\\u2019DAN B\\u0130S\\u0130KLETLE YOLA \\u00c7IKAN 26 YA\\u015eINDAK\\u0130 \\u0130\\u00c7 M\\u0130MAR KANJ\\u0130 MATSUMOTO, OSMAN\\u0130YE\\u2019DE MOLA VERD\\u0130. (\\u0130BRAH\\u0130M \\u0130MAT\\\/OSMAN\\u0130YE-\\u0130HA)&quot;,&quot;created_timestamp&quot;:&quot;0&quot;,&quot;copyright&quot;:&quot;\\u0130HLAS HABER AJANSI, www.iha.com.tr&quot;,&quot;focal_length&quot;:&quot;0&quot;,&quot;iso&quot;:&quot;0&quot;,&quot;shutter_speed&quot;:&quot;0&quot;,&quot;title&quot;:&quot;B\\u0130S\\u0130KLETL\\u0130 JAPON TUR\\u0130ST OSMAN\\u0130YE\\u2019DE MOLA VERD\\u0130 ALMANYA\\u2019DAN B\\u0130S\\u0130KLETLE YOLA \\u00c7IKAN 26 YA\\u015eINDAK\\u0130 \\u0130\\u00c7 M\\u0130MAR KANJ\\u0130 MATSUMOTO, GAZ\\u0130ANTEP, \\u015eANLIURFA, MARD\\u0130N, D\\u0130YARBAKIR VE ERZURUM \\u00dcZER\\u0130NDEN G\\u00dcRC\\u0130STAN\\u2019A G\\u0130DECE\\u011e\\u0130N\\u0130 BEL\\u0130RTT\\u0130&quot;,&quot;orientation&quot;:&quot;0&quot;}\" data-image-title=\"Bisikletli Japon turist Osmaniye\u2019de mola verdi\" data-image-description=\"&lt;p&gt;Bisikletli Japon turist Osmaniye\u2019de mola verdi&lt;\/p&gt; \" data-medium-file=\"https:\/\/i0.wp.com\/www.tvturk.com\/wp-content\/uploads\/2019\/02\/bisikletli-japon-turist-osmaniyede-mola-verdi_8cce2e2.jpg?fit=300%2C199\" data-large-file=\"https:\/\/i0.wp.com\/www.tvturk.com\/wp-content\/uploads\/2019\/02\/bisikletli-japon-turist-osmaniyede-mola-verdi_8cce2e2.jpg?fit=1000%2C662\" src=\"https:\/\/i0.wp.com\/www.tvturk.com\/wp-content\/uploads\/2019\/02\/bisikletli-japon-turist-osmaniyede-mola-verdi_8cce2e2.jpg?w=162&#038;h=107\" srcset=\"https:\/\/i0.wp.com\/www.tvturk.com\/wp-content\/uploads\/2019\/02\/bisikletli-japon-turist-osmaniyede-mola-verdi_8cce2e2.jpg?w=1000 1000w, https:\/\/i0.wp.com\/www.tvturk.com\/wp-content\/uploads\/2019\/02\/bisikletli-japon-turist-osmaniyede-mola-verdi_8cce2e2.jpg?resize=150%2C99 150w, https:\/\/i0.wp.com\/www.tvturk.com\/wp-content\/uploads\/2019\/02\/bisikletli-japon-turist-osmaniyede-mola-verdi_8cce2e2.jpg?resize=300%2C200 300w, https:\/\/i0.wp.com\/www.tvturk.com\/wp-content\/uploads\/2019\/02\/bisikletli-japon-turist-osmaniyede-mola-verdi_8cce2e2.jpg?resize=768%2C508 768w, https:\/\/i0.wp.com\/www.tvturk.com\/wp-content\/uploads\/2019\/02\/bisikletli-japon-turist-osmaniyede-mola-verdi_8cce2e2.jpg?resize=170%2C113 170w, https:\/\/i0.wp.com\/www.tvturk.com\/wp-content\/uploads\/2019\/02\/bisikletli-japon-turist-osmaniyede-mola-verdi_8cce2e2.jpg?resize=120%2C80 120w\" width=\"162\" height=\"107\" loading=\"lazy\" data-original-width=\"162\" data-original-height=\"107\" itemprop=\"http:\/\/schema.org\/image\" title=\"Bisikletli Japon turist Osmaniye\u2019de mola verdi\" alt=\"Bisikletli Japon turist Osmaniye\u2019de mola verdi\" style=\"width: 162px; height: 107px;\" \/> <\/a> <\/div> <\/div> <!-- close group --> <\/div> <!-- close row --> <div class=\"gallery-row\" style=\"width: 500px; height: 332px;\" data-original-width=\"500\" data-original-height=\"332\" > <div class=\"gallery-group images-1\" style=\"width: 500px; height: 332px;\" data-original-width=\"500\" data-original-height=\"332\" > <div class=\"tiled-gallery-item tiled-gallery-item-large\" itemprop=\"associatedMedia\" itemscope itemtype=\"http:\/\/schema.org\/ImageObject\"> <a href=\"http:\/\/www.tvturk.com\/index.php\/bisikletli-japon-turist-osmaniyede-mola-verdi\/bisikletli-japon-turist-osmaniyede-mola-verdi-6\/\" border=\"0\" itemprop=\"url\"> <meta itemprop=\"width\" content=\"496\"> <meta itemprop=\"height\" content=\"328\"> <img decoding=\"async\" class=\"\" data-attachment-id=\"44245\" data-orig-file=\"http:\/\/www.tvturk.com\/wp-content\/uploads\/2019\/02\/bisikletli-japon-turist-osmaniyede-mola-verdi_66600c3.jpg\" data-orig-size=\"1000,662\" data-comments-opened=\"\" data-image-meta=\"{&quot;aperture&quot;:&quot;0&quot;,&quot;credit&quot;:&quot;IHA&quot;,&quot;camera&quot;:&quot;&quot;,&quot;caption&quot;:&quot;JAPONYA\\u2019YA G\\u0130TMEK \\u0130\\u00c7\\u0130N ALMANYA\\u2019DAN B\\u0130S\\u0130KLETLE YOLA \\u00c7IKAN 26 YA\\u015eINDAK\\u0130 \\u0130\\u00c7 M\\u0130MAR KANJ\\u0130 MATSUMOTO, OSMAN\\u0130YE\\u2019DE MOLA VERD\\u0130. (\\u0130BRAH\\u0130M \\u0130MAT\\\/OSMAN\\u0130YE-\\u0130HA)&quot;,&quot;created_timestamp&quot;:&quot;0&quot;,&quot;copyright&quot;:&quot;\\u0130HLAS HABER AJANSI, www.iha.com.tr&quot;,&quot;focal_length&quot;:&quot;0&quot;,&quot;iso&quot;:&quot;0&quot;,&quot;shutter_speed&quot;:&quot;0&quot;,&quot;title&quot;:&quot;B\\u0130S\\u0130KLETL\\u0130 JAPON TUR\\u0130ST OSMAN\\u0130YE\\u2019DE MOLA VERD\\u0130 ALMANYA\\u2019DAN B\\u0130S\\u0130KLETLE YOLA \\u00c7IKAN 26 YA\\u015eINDAK\\u0130 \\u0130\\u00c7 M\\u0130MAR KANJ\\u0130 MATSUMOTO, GAZ\\u0130ANTEP, \\u015eANLIURFA, MARD\\u0130N, D\\u0130YARBAKIR VE ERZURUM \\u00dcZER\\u0130NDEN G\\u00dcRC\\u0130STAN\\u2019A G\\u0130DECE\\u011e\\u0130N\\u0130 BEL\\u0130RTT\\u0130&quot;,&quot;orientation&quot;:&quot;0&quot;}\" data-image-title=\"Bisikletli Japon turist Osmaniye\u2019de mola verdi\" data-image-description=\"&lt;p&gt;Bisikletli Japon turist Osmaniye\u2019de mola verdi&lt;\/p&gt; \" data-medium-file=\"https:\/\/i0.wp.com\/www.tvturk.com\/wp-content\/uploads\/2019\/02\/bisikletli-japon-turist-osmaniyede-mola-verdi_66600c3.jpg?fit=300%2C199\" data-large-file=\"https:\/\/i0.wp.com\/www.tvturk.com\/wp-content\/uploads\/2019\/02\/bisikletli-japon-turist-osmaniyede-mola-verdi_66600c3.jpg?fit=1000%2C662\" src=\"https:\/\/i0.wp.com\/www.tvturk.com\/wp-content\/uploads\/2019\/02\/bisikletli-japon-turist-osmaniyede-mola-verdi_66600c3.jpg?w=496&#038;h=328\" srcset=\"https:\/\/i0.wp.com\/www.tvturk.com\/wp-content\/uploads\/2019\/02\/bisikletli-japon-turist-osmaniyede-mola-verdi_66600c3.jpg?w=1000 1000w, https:\/\/i0.wp.com\/www.tvturk.com\/wp-content\/uploads\/2019\/02\/bisikletli-japon-turist-osmaniyede-mola-verdi_66600c3.jpg?resize=150%2C99 150w, https:\/\/i0.wp.com\/www.tvturk.com\/wp-content\/uploads\/2019\/02\/bisikletli-japon-turist-osmaniyede-mola-verdi_66600c3.jpg?resize=300%2C199 300w, https:\/\/i0.wp.com\/www.tvturk.com\/wp-content\/uploads\/2019\/02\/bisikletli-japon-turist-osmaniyede-mola-verdi_66600c3.jpg?resize=768%2C508 768w, https:\/\/i0.wp.com\/www.tvturk.com\/wp-content\/uploads\/2019\/02\/bisikletli-japon-turist-osmaniyede-mola-verdi_66600c3.jpg?resize=170%2C113 170w, https:\/\/i0.wp.com\/www.tvturk.com\/wp-content\/uploads\/2019\/02\/bisikletli-japon-turist-osmaniyede-mola-verdi_66600c3.jpg?resize=120%2C80 120w\" width=\"496\" height=\"328\" loading=\"lazy\" data-original-width=\"496\" data-original-height=\"328\" itemprop=\"http:\/\/schema.org\/image\" title=\"Bisikletli Japon turist Osmaniye\u2019de mola verdi\" alt=\"Bisikletli Japon turist Osmaniye\u2019de mola verdi\" style=\"width: 496px; height: 328px;\" \/> <\/a> <\/div> <\/div> <!-- close group --> <\/div> <!-- close row --> <\/div><\/p>\n","protected":false},"excerpt":{"rendered":"<p>JAPONYA\u2019YA G\u0130TMEK \u0130\u00c7\u0130N ALMANYA\u2019DAN B\u0130S\u0130KLETLE YOLA \u00c7IKAN 26 YA\u015eINDAK\u0130 \u0130\u00c7 M\u0130MAR KANJ\u0130 MATSUMOTO, OSMAN\u0130YE\u2019DE MOLA VERD\u0130.<\/p>\n","protected":false},"author":1,"featured_media":44241,"comment_status":"closed","ping_status":"open","sticky":false,"template":"","format":"standard","meta":{"jetpack_post_was_ever_published":false,"_jetpack_newsletter_access":"","_jetpack_dont_email_post_to_subs":false,"_jetpack_newsletter_tier_id":0,"_jetpack_memberships_contains_paywalled_content":false,"_jetpack_memberships_contains_paid_content":false,"footnotes":"","jetpack_publicize_message":"","jetpack_publicize_feature_enabled":true,"jetpack_social_post_already_shared":false,"jetpack_social_options":{"image_generator_settings":{"template":"highway","default_image_id":0,"font":"","enabled":false},"version":2}},"categories":[655],"tags":[15331,1711,786,10083,215,386],"class_list":["post-44240","post","type-post","status-publish","format-standard","has-post-thumbnail","hentry","category-son-dakika","tag-bisikletli","tag-japon","tag-mola","tag-osmaniyede","tag-turist","tag-verdi"],"jetpack_publicize_connections":[],"jetpack_featured_media_url":"https:\/\/i0.wp.com\/www.tvturk.com\/wp-content\/uploads\/2019\/02\/bisikletli-japon-turist-osmaniyede-mola-verdi_38f8dc0.jpg?fit=1000%2C662","jetpack_sharing_enabled":true,"jetpack_shortlink":"https:\/\/wp.me\/paKIfm-bvy","_links":{"self":[{"href":"http:\/\/www.tvturk.com\/index.php\/wp-json\/wp\/v2\/posts\/44240","targetHints":{"allow":["GET"]}}],"collection":[{"href":"http:\/\/www.tvturk.com\/index.php\/wp-json\/wp\/v2\/posts"}],"about":[{"href":"http:\/\/www.tvturk.com\/index.php\/wp-json\/wp\/v2\/types\/post"}],"author":[{"embeddable":true,"href":"http:\/\/www.tvturk.com\/index.php\/wp-json\/wp\/v2\/users\/1"}],"replies":[{"embeddable":true,"href":"http:\/\/www.tvturk.com\/index.php\/wp-json\/wp\/v2\/comments?post=44240"}],"version-history":[{"count":1,"href":"http:\/\/www.tvturk.com\/index.php\/wp-json\/wp\/v2\/posts\/44240\/revisions"}],"predecessor-version":[{"id":44246,"href":"http:\/\/www.tvturk.com\/index.php\/wp-json\/wp\/v2\/posts\/44240\/revisions\/44246"}],"wp:featuredmedia":[{"embeddable":true,"href":"http:\/\/www.tvturk.com\/index.php\/wp-json\/wp\/v2\/media\/44241"}],"wp:attachment":[{"href":"http:\/\/www.tvturk.com\/index.php\/wp-json\/wp\/v2\/media?parent=44240"}],"wp:term":[{"taxonomy":"category","embeddable":true,"href":"http:\/\/www.tvturk.com\/index.php\/wp-json\/wp\/v2\/categories?post=44240"},{"taxonomy":"post_tag","embeddable":true,"href":"http:\/\/www.tvturk.com\/index.php\/wp-json\/wp\/v2\/tags?post=44240"}],"curies":[{"name":"wp","href":"https:\/\/api.w.org\/{rel}","templated":true}]}}