{"id":44665,"date":"2019-02-18T13:31:23","date_gmt":"2019-02-18T10:31:23","guid":{"rendered":"http:\/\/www.tvturk.com\/index.php\/imamoglundan-tusiada-ziyaret\/"},"modified":"2019-02-18T13:31:28","modified_gmt":"2019-02-18T10:31:28","slug":"imamoglundan-tusiada-ziyaret","status":"publish","type":"post","link":"http:\/\/www.tvturk.com\/index.php\/imamoglundan-tusiada-ziyaret\/","title":{"rendered":"\u0130mamo\u011flu\u2019ndan T\u00dcS\u0130AD\u2019a ziyaret"},"content":{"rendered":"<p>CHP\u2019nin \u0130stanbul B\u00fcy\u00fck\u015fehir Belediye Ba\u015fkan aday\u0131 Ekrem \u0130mamo\u011flu, se\u00e7im \u00e7al\u0131\u015fmalar\u0131 kapsam\u0131nda T\u00dcS\u0130AD\u2019a ger\u00e7ekle\u015ftirdi\u011fi ziyarette, \u201cBu kentin i\u015f d\u00fcnyas\u0131n\u0131 ilgilendiren ekonomik sorunlar\u0131 da var. \u00c7\u00fcnk\u00fc \u0130stanbul bir d\u00fcnya kenti, \u0130stanbul her anlamda T\u00fcrkiye\u2019nin lokomotifi\u201d dedi.<\/p>\n<p>31 Mart Yerel Se\u00e7im \u00e7al\u0131\u015fmalar\u0131n\u0131 s\u00fcrd\u00fcren Cumhuriyet Halk Partisi (CHP) \u0130stanbul B\u00fcy\u00fck\u015fehir Belediye Ba\u015fkan aday\u0131 Ekrem \u0130mamo\u011flu, bu kapsamda T\u00fcrk Sanayicileri ve \u0130\u015f \u0130nsanlar\u0131 Derne\u011fini (T\u00dcS\u0130AD) ziyaret etti. \u0130mamo\u011flu\u2019nu Beyo\u011flu\u2019ndaki T\u00dcS\u0130AD Genel Sekreterlik binas\u0131 \u00f6n\u00fcnde T\u00dcS\u0130AD Ba\u015fkan\u0131 Erol Bilecik kar\u015f\u0131lad\u0131. Ziyaret kapsam\u0131nda bas\u0131n mensuplar\u0131n\u0131n kar\u015f\u0131s\u0131na ge\u00e7en ikili, yerel se\u00e7im ve \u00fclke ekonomisine ili\u015fkin de\u011ferlendirmelerde bulundu.<\/p>\n<p>T\u00dcS\u0130AD ziyareti s\u0131ras\u0131nda a\u00e7\u0131klamalarda bulunan Ba\u015fkan aday\u0131 \u0130mamo\u011flu, \u201cT\u00dcS\u0130AD gibi bir kurumun, \u0130stanbul\u2019un hangi sorunu ya da \u00e7\u00f6z\u00fcm\u00fc olursa olsun d\u0131\u015f\u0131nda kalmamas\u0131 gereken, hatta farkl\u0131 bir modelle \u00e7okta i\u00e7inde olmas\u0131 gerekti\u011fini d\u00fc\u015f\u00fcnd\u00fc\u011f\u00fcm kurumlardan bir tanesi. Bu sadece se\u00e7im \u00f6ncesi bir ziyaret de\u011fil sadece, y\u00f6netmeye talip oldu\u011fumuz bu kentin y\u00f6netim s\u00fcrecinde de s\u00fcrd\u00fcr\u00fclebilir bir ili\u015fkiyi nas\u0131l kuraca\u011f\u0131m\u0131z\u0131n bir \u00f6n bulu\u015fmas\u0131 da diyebiliriz. T\u00dcS\u0130AD gibi bir kurumdan, burada bulunan i\u015f insanlar\u0131ndan, hatta ekonomi de yoktan var etmeyi bilen insanlardan, hatta s\u00fcrd\u00fcr\u00fclebilirlik ve inovasyon a\u00e7\u0131s\u0131ndan birka\u00e7 nesildir ekonomiyi, kurumlar\u0131, kurulu\u015flar\u0131 \u00e7ok iyi bilen insanlardan bir kent, hele hele \u0130stanbul faydalanm\u0131yorsa burada bir a\u00e7\u0131k var demektir. A\u00e7\u0131k niyetimiz k\u0131ymetli kurumumuz T\u00dcS\u0130AD ve say\u0131n ba\u015fkanla payla\u015fmaya geldik. \u0130\u00e7eri\u011finde olduk\u00e7a fazla konumuz var. Vakit el verdik\u00e7e bu \u00f6n bulu\u015fmaya dair konular\u0131 kendilerine a\u00e7aca\u011f\u0131z ve g\u00f6r\u00fc\u015flerini alaca\u011f\u0131z. \u0130nan\u0131yorum ki bize y\u00f6n verecek ba\u015fl\u0131klar i\u00e7inden \u00e7\u0131kacakt\u0131r\u201d dedi.<\/p>\n<p>&#8220;\u0130stanbul her anlamda T\u00fcrkiye\u2019nin lokomotifi\u201d<\/p>\n<p>\u0130stanbul\u2019daki ekonomik sorunlar\u0131n da oldu\u011funu s\u00f6yleyerek konu\u015fmas\u0131na devam eden \u0130mamo\u011flu, \u201cNe kadar g\u00fcndemimizde b\u00fcy\u00fck\u015fehir belediye se\u00e7imi varsa da, \u0130stanbul\u2019un \u00e7ok yo\u011fun ya\u015fad\u0131\u011f\u0131 sorunlar var. Bu sorunlar aras\u0131nda ne yaz\u0131k ki ekonomi de var. Bu kent ekonomisi, i\u015f d\u00fcnyas\u0131n\u0131 ilgilendiren ekonomi sorunlar\u0131 da var. Elbette bu ba\u015fl\u0131klara da girmemiz gerekecektir. \u00c7\u00fcnk\u00fc \u0130stanbul bir d\u00fcnya kenti, \u0130stanbul her anlamda T\u00fcrkiye\u2019nin lokomotifi i\u00e7inde bir\u00e7ok konun da olaca\u011f\u0131n\u0131 d\u00fc\u015f\u00fcn\u00fcyorum\u201d diye konu\u015ftu.<\/p>\n<p>&#8220;\u0130stanbul\u2019u y\u00f6netmekle T\u00fcrkiye\u2019yi y\u00f6netmek aras\u0131nda \u00f6nemli bir ba\u011flant\u0131 var\u201d<\/p>\n<p>T\u00dcS\u0130AD Ba\u015fkan\u0131 Erol Bilecik ise &#8220;T\u00dcS\u0130AD\u2019\u0131n kurulu\u015fundan bu yana gerek genel se\u00e7imlerde, gerekse yerel se\u00e7imlerde siyasi partilerin adaylar\u0131n\u0131 a\u015fa\u011f\u0131 yukar\u0131 d\u00fcnden bu yana benimsemi\u015f oldu\u011fumuz gelenektir. Bug\u00fcn de Cumhuriyet Halk Partisi \u0130stanbul B\u00fcy\u00fck\u015fehir Belediye Ba\u015fkan aday\u0131 Ekrem \u0130mamo\u011flu\u2019nu sizlerle birlikte a\u011f\u0131rlamaktan duydu\u011fum memnuniyeti payla\u015fmak istiyorum. \u0130stanbul sadece T\u00fcrkiyemizin de\u011fil, d\u00fcnyan\u0131n en k\u0131ymetli \u015fehirlerinden bir tanesi. Yani T\u00fcrkiye \u00f6zelinde bakt\u0131\u011f\u0131m\u0131z zaman, yani \u0130stanbul\u2019u y\u00f6netmekle T\u00fcrkiye\u2019yi y\u00f6netmek aras\u0131nda \u00e7okta \u00f6nemli bir ba\u011flant\u0131 var gibi g\u00f6z\u00fck\u00fcyor. \u0130\u015fini ekonomi baca\u011f\u0131ndan, finans baca\u011f\u0131na kadar, k\u00fclt\u00fcrden sanat baca\u011f\u0131na kadar \u0130stanbul\u2019un toplam \u00fcretmi\u015f oldu\u011fu de\u011fer ger\u00e7ekten T\u00fcrkiye i\u00e7inde \u00e7ok \u00f6nemli, hatta b\u00f6lgemiz i\u00e7inde \u00e7ok \u00f6nemli. O bak\u0131mdan \u0130stanbul B\u00fcy\u00fck\u015fehir Belediye Ba\u015fkanl\u0131\u011f\u0131 da bir o kadar de\u011ferli bir sorumluluk\u201d diye konu\u015ftu.<\/p>\n<p>Yap\u0131lan a\u00e7\u0131klamalar\u0131n ard\u0131ndan Ekrem \u0130mamo\u011flu ve Erol Bilecik, bas\u0131na kapal\u0131 g\u00f6r\u00fc\u015fme ger\u00e7ekle\u015ftirdi.<div class=\"tiled-gallery type-rectangular tiled-gallery-unresized\" data-original-width=\"500\" data-carousel-extra='null' itemscope itemtype=\"http:\/\/schema.org\/ImageGallery\" > <div class=\"gallery-row\" style=\"width: 500px; height: 224px;\" data-original-width=\"500\" data-original-height=\"224\" > <div class=\"gallery-group images-1\" style=\"width: 334px; height: 224px;\" data-original-width=\"334\" data-original-height=\"224\" > <div class=\"tiled-gallery-item tiled-gallery-item-large\" itemprop=\"associatedMedia\" itemscope itemtype=\"http:\/\/schema.org\/ImageObject\"> <a href=\"http:\/\/www.tvturk.com\/index.php\/imamoglundan-tusiada-ziyaret\/imamoglundan-tusiada-ziyaret-3\/\" border=\"0\" itemprop=\"url\"> <meta itemprop=\"width\" content=\"330\"> <meta itemprop=\"height\" content=\"220\"> <img decoding=\"async\" class=\"\" data-attachment-id=\"44667\" data-orig-file=\"http:\/\/www.tvturk.com\/wp-content\/uploads\/2019\/02\/imamoglundan-tusiada-ziyaret_ecca5ed.jpg\" data-orig-size=\"1000,666\" data-comments-opened=\"\" data-image-meta=\"{&quot;aperture&quot;:&quot;0&quot;,&quot;credit&quot;:&quot;IHA&quot;,&quot;camera&quot;:&quot;&quot;,&quot;caption&quot;:&quot;31 MART YEREL SE\\u00c7\\u0130M \\u00c7ALI\\u015eMALARINI S\\u00dcRD\\u00dcREN CUMHUR\\u0130YET HALK PART\\u0130S\\u0130 (CHP) \\u0130STANBUL B\\u00dcY\\u00dcK\\u015eEH\\u0130R BELED\\u0130YE BA\\u015eKAN ADAYI EKREM \\u0130MAMO\\u011eLU, BU KAPSAMDA T\\u00dcRK SANAY\\u0130C\\u0130LER\\u0130 VE \\u0130\\u015e \\u0130NSANLARI DERNE\\u011e\\u0130N\\u0130 (T\\u00dcS\\u0130AD) Z\\u0130YARET ETT\\u0130. (FERHAT YASAK - MEHMET BA\\u015eA\\\/\\u0130STANBUL-\\u0130HA)&quot;,&quot;created_timestamp&quot;:&quot;0&quot;,&quot;copyright&quot;:&quot;\\u0130HLAS HABER AJANSI, www.iha.com.tr&quot;,&quot;focal_length&quot;:&quot;0&quot;,&quot;iso&quot;:&quot;0&quot;,&quot;shutter_speed&quot;:&quot;0&quot;,&quot;title&quot;:&quot;\\u0130MAMO\\u011eLU\\u2019NDAN T\\u00dcS\\u0130AD\\u2019A Z\\u0130YARET CHP\\u2019N\\u0130N \\u0130STANBUL B\\u00dcY\\u00dcK\\u015eEH\\u0130R BELED\\u0130YE BA\\u015eKAN ADAYI EKREM \\u0130MAMO\\u011eLU, SE\\u00c7\\u0130M \\u00c7ALI\\u015eMALARI KAPSAMINDA T\\u00dcS\\u0130AD\\u2019I Z\\u0130YARET ETT\\u0130&quot;,&quot;orientation&quot;:&quot;0&quot;}\" data-image-title=\"\u0130mamo\u011flu\u2019ndan T\u00dcS\u0130AD\u2019a ziyaret\" data-image-description=\"&lt;p&gt;\u0130mamo\u011flu\u2019ndan T\u00dcS\u0130AD\u2019a ziyaret&lt;\/p&gt; \" data-medium-file=\"https:\/\/i0.wp.com\/www.tvturk.com\/wp-content\/uploads\/2019\/02\/imamoglundan-tusiada-ziyaret_ecca5ed.jpg?fit=300%2C200\" data-large-file=\"https:\/\/i0.wp.com\/www.tvturk.com\/wp-content\/uploads\/2019\/02\/imamoglundan-tusiada-ziyaret_ecca5ed.jpg?fit=1000%2C666\" src=\"https:\/\/i0.wp.com\/www.tvturk.com\/wp-content\/uploads\/2019\/02\/imamoglundan-tusiada-ziyaret_ecca5ed.jpg?w=330&#038;h=220\" srcset=\"https:\/\/i0.wp.com\/www.tvturk.com\/wp-content\/uploads\/2019\/02\/imamoglundan-tusiada-ziyaret_ecca5ed.jpg?w=1000 1000w, https:\/\/i0.wp.com\/www.tvturk.com\/wp-content\/uploads\/2019\/02\/imamoglundan-tusiada-ziyaret_ecca5ed.jpg?resize=150%2C100 150w, https:\/\/i0.wp.com\/www.tvturk.com\/wp-content\/uploads\/2019\/02\/imamoglundan-tusiada-ziyaret_ecca5ed.jpg?resize=300%2C200 300w, https:\/\/i0.wp.com\/www.tvturk.com\/wp-content\/uploads\/2019\/02\/imamoglundan-tusiada-ziyaret_ecca5ed.jpg?resize=768%2C511 768w, https:\/\/i0.wp.com\/www.tvturk.com\/wp-content\/uploads\/2019\/02\/imamoglundan-tusiada-ziyaret_ecca5ed.jpg?resize=170%2C113 170w, https:\/\/i0.wp.com\/www.tvturk.com\/wp-content\/uploads\/2019\/02\/imamoglundan-tusiada-ziyaret_ecca5ed.jpg?resize=120%2C80 120w\" width=\"330\" height=\"220\" loading=\"lazy\" data-original-width=\"330\" data-original-height=\"220\" itemprop=\"http:\/\/schema.org\/image\" title=\"\u0130mamo\u011flu\u2019ndan T\u00dcS\u0130AD\u2019a ziyaret\" alt=\"\u0130mamo\u011flu\u2019ndan T\u00dcS\u0130AD\u2019a ziyaret\" style=\"width: 330px; height: 220px;\" \/> <\/a> <\/div> <\/div> <!-- close group --> <div class=\"gallery-group images-2\" style=\"width: 166px; height: 224px;\" data-original-width=\"166\" data-original-height=\"224\" > <div class=\"tiled-gallery-item tiled-gallery-item-small\" itemprop=\"associatedMedia\" itemscope itemtype=\"http:\/\/schema.org\/ImageObject\"> <a href=\"http:\/\/www.tvturk.com\/index.php\/imamoglundan-tusiada-ziyaret\/imamoglundan-tusiada-ziyaret-4\/\" border=\"0\" itemprop=\"url\"> <meta itemprop=\"width\" content=\"162\"> <meta itemprop=\"height\" content=\"108\"> <img decoding=\"async\" class=\"\" data-attachment-id=\"44668\" data-orig-file=\"http:\/\/www.tvturk.com\/wp-content\/uploads\/2019\/02\/imamoglundan-tusiada-ziyaret_fe13a5d.jpg\" data-orig-size=\"1000,666\" data-comments-opened=\"\" data-image-meta=\"{&quot;aperture&quot;:&quot;0&quot;,&quot;credit&quot;:&quot;IHA&quot;,&quot;camera&quot;:&quot;&quot;,&quot;caption&quot;:&quot;31 MART YEREL SE\\u00c7\\u0130M \\u00c7ALI\\u015eMALARINI S\\u00dcRD\\u00dcREN CUMHUR\\u0130YET HALK PART\\u0130S\\u0130 (CHP) \\u0130STANBUL B\\u00dcY\\u00dcK\\u015eEH\\u0130R BELED\\u0130YE BA\\u015eKAN ADAYI EKREM \\u0130MAMO\\u011eLU, BU KAPSAMDA T\\u00dcRK SANAY\\u0130C\\u0130LER\\u0130 VE \\u0130\\u015e \\u0130NSANLARI DERNE\\u011e\\u0130N\\u0130 (T\\u00dcS\\u0130AD) Z\\u0130YARET ETT\\u0130. (FERHAT YASAK - MEHMET BA\\u015eA\\\/\\u0130STANBUL-\\u0130HA)&quot;,&quot;created_timestamp&quot;:&quot;0&quot;,&quot;copyright&quot;:&quot;\\u0130HLAS HABER AJANSI, www.iha.com.tr&quot;,&quot;focal_length&quot;:&quot;0&quot;,&quot;iso&quot;:&quot;0&quot;,&quot;shutter_speed&quot;:&quot;0&quot;,&quot;title&quot;:&quot;\\u0130MAMO\\u011eLU\\u2019NDAN T\\u00dcS\\u0130AD\\u2019A Z\\u0130YARET CHP\\u2019N\\u0130N \\u0130STANBUL B\\u00dcY\\u00dcK\\u015eEH\\u0130R BELED\\u0130YE BA\\u015eKAN ADAYI EKREM \\u0130MAMO\\u011eLU, SE\\u00c7\\u0130M \\u00c7ALI\\u015eMALARI KAPSAMINDA T\\u00dcS\\u0130AD\\u2019I Z\\u0130YARET ETT\\u0130&quot;,&quot;orientation&quot;:&quot;0&quot;}\" data-image-title=\"\u0130mamo\u011flu\u2019ndan T\u00dcS\u0130AD\u2019a ziyaret\" data-image-description=\"&lt;p&gt;\u0130mamo\u011flu\u2019ndan T\u00dcS\u0130AD\u2019a ziyaret&lt;\/p&gt; \" data-medium-file=\"https:\/\/i0.wp.com\/www.tvturk.com\/wp-content\/uploads\/2019\/02\/imamoglundan-tusiada-ziyaret_fe13a5d.jpg?fit=300%2C200\" data-large-file=\"https:\/\/i0.wp.com\/www.tvturk.com\/wp-content\/uploads\/2019\/02\/imamoglundan-tusiada-ziyaret_fe13a5d.jpg?fit=1000%2C666\" src=\"https:\/\/i0.wp.com\/www.tvturk.com\/wp-content\/uploads\/2019\/02\/imamoglundan-tusiada-ziyaret_fe13a5d.jpg?w=162&#038;h=108\" srcset=\"https:\/\/i0.wp.com\/www.tvturk.com\/wp-content\/uploads\/2019\/02\/imamoglundan-tusiada-ziyaret_fe13a5d.jpg?w=1000 1000w, https:\/\/i0.wp.com\/www.tvturk.com\/wp-content\/uploads\/2019\/02\/imamoglundan-tusiada-ziyaret_fe13a5d.jpg?resize=150%2C100 150w, https:\/\/i0.wp.com\/www.tvturk.com\/wp-content\/uploads\/2019\/02\/imamoglundan-tusiada-ziyaret_fe13a5d.jpg?resize=300%2C200 300w, https:\/\/i0.wp.com\/www.tvturk.com\/wp-content\/uploads\/2019\/02\/imamoglundan-tusiada-ziyaret_fe13a5d.jpg?resize=768%2C511 768w, https:\/\/i0.wp.com\/www.tvturk.com\/wp-content\/uploads\/2019\/02\/imamoglundan-tusiada-ziyaret_fe13a5d.jpg?resize=170%2C113 170w, https:\/\/i0.wp.com\/www.tvturk.com\/wp-content\/uploads\/2019\/02\/imamoglundan-tusiada-ziyaret_fe13a5d.jpg?resize=120%2C80 120w\" width=\"162\" height=\"108\" loading=\"lazy\" data-original-width=\"162\" data-original-height=\"108\" itemprop=\"http:\/\/schema.org\/image\" title=\"\u0130mamo\u011flu\u2019ndan T\u00dcS\u0130AD\u2019a ziyaret\" alt=\"\u0130mamo\u011flu\u2019ndan T\u00dcS\u0130AD\u2019a ziyaret\" style=\"width: 162px; height: 108px;\" \/> <\/a> <\/div> <div class=\"tiled-gallery-item tiled-gallery-item-small\" itemprop=\"associatedMedia\" itemscope itemtype=\"http:\/\/schema.org\/ImageObject\"> <a href=\"http:\/\/www.tvturk.com\/index.php\/imamoglundan-tusiada-ziyaret\/imamoglundan-tusiada-ziyaret-5\/\" border=\"0\" itemprop=\"url\"> <meta itemprop=\"width\" content=\"162\"> <meta itemprop=\"height\" content=\"108\"> <img decoding=\"async\" class=\"\" data-attachment-id=\"44669\" data-orig-file=\"http:\/\/www.tvturk.com\/wp-content\/uploads\/2019\/02\/imamoglundan-tusiada-ziyaret_f571e25.jpg\" data-orig-size=\"1000,666\" data-comments-opened=\"\" data-image-meta=\"{&quot;aperture&quot;:&quot;0&quot;,&quot;credit&quot;:&quot;IHA&quot;,&quot;camera&quot;:&quot;&quot;,&quot;caption&quot;:&quot;31 MART YEREL SE\\u00c7\\u0130M \\u00c7ALI\\u015eMALARINI S\\u00dcRD\\u00dcREN CUMHUR\\u0130YET HALK PART\\u0130S\\u0130 (CHP) \\u0130STANBUL B\\u00dcY\\u00dcK\\u015eEH\\u0130R BELED\\u0130YE BA\\u015eKAN ADAYI EKREM \\u0130MAMO\\u011eLU, BU KAPSAMDA T\\u00dcRK SANAY\\u0130C\\u0130LER\\u0130 VE \\u0130\\u015e \\u0130NSANLARI DERNE\\u011e\\u0130N\\u0130 (T\\u00dcS\\u0130AD) Z\\u0130YARET ETT\\u0130. (FERHAT YASAK - MEHMET BA\\u015eA\\\/\\u0130STANBUL-\\u0130HA)&quot;,&quot;created_timestamp&quot;:&quot;0&quot;,&quot;copyright&quot;:&quot;\\u0130HLAS HABER AJANSI, www.iha.com.tr&quot;,&quot;focal_length&quot;:&quot;0&quot;,&quot;iso&quot;:&quot;0&quot;,&quot;shutter_speed&quot;:&quot;0&quot;,&quot;title&quot;:&quot;\\u0130MAMO\\u011eLU\\u2019NDAN T\\u00dcS\\u0130AD\\u2019A Z\\u0130YARET CHP\\u2019N\\u0130N \\u0130STANBUL B\\u00dcY\\u00dcK\\u015eEH\\u0130R BELED\\u0130YE BA\\u015eKAN ADAYI EKREM \\u0130MAMO\\u011eLU, SE\\u00c7\\u0130M \\u00c7ALI\\u015eMALARI KAPSAMINDA T\\u00dcS\\u0130AD\\u2019I Z\\u0130YARET ETT\\u0130&quot;,&quot;orientation&quot;:&quot;0&quot;}\" data-image-title=\"\u0130mamo\u011flu\u2019ndan T\u00dcS\u0130AD\u2019a ziyaret\" data-image-description=\"&lt;p&gt;\u0130mamo\u011flu\u2019ndan T\u00dcS\u0130AD\u2019a ziyaret&lt;\/p&gt; \" data-medium-file=\"https:\/\/i0.wp.com\/www.tvturk.com\/wp-content\/uploads\/2019\/02\/imamoglundan-tusiada-ziyaret_f571e25.jpg?fit=300%2C200\" data-large-file=\"https:\/\/i0.wp.com\/www.tvturk.com\/wp-content\/uploads\/2019\/02\/imamoglundan-tusiada-ziyaret_f571e25.jpg?fit=1000%2C666\" src=\"https:\/\/i0.wp.com\/www.tvturk.com\/wp-content\/uploads\/2019\/02\/imamoglundan-tusiada-ziyaret_f571e25.jpg?w=162&#038;h=108\" srcset=\"https:\/\/i0.wp.com\/www.tvturk.com\/wp-content\/uploads\/2019\/02\/imamoglundan-tusiada-ziyaret_f571e25.jpg?w=1000 1000w, https:\/\/i0.wp.com\/www.tvturk.com\/wp-content\/uploads\/2019\/02\/imamoglundan-tusiada-ziyaret_f571e25.jpg?resize=150%2C100 150w, https:\/\/i0.wp.com\/www.tvturk.com\/wp-content\/uploads\/2019\/02\/imamoglundan-tusiada-ziyaret_f571e25.jpg?resize=300%2C200 300w, https:\/\/i0.wp.com\/www.tvturk.com\/wp-content\/uploads\/2019\/02\/imamoglundan-tusiada-ziyaret_f571e25.jpg?resize=768%2C511 768w, https:\/\/i0.wp.com\/www.tvturk.com\/wp-content\/uploads\/2019\/02\/imamoglundan-tusiada-ziyaret_f571e25.jpg?resize=170%2C113 170w, https:\/\/i0.wp.com\/www.tvturk.com\/wp-content\/uploads\/2019\/02\/imamoglundan-tusiada-ziyaret_f571e25.jpg?resize=120%2C80 120w\" width=\"162\" height=\"108\" loading=\"lazy\" data-original-width=\"162\" data-original-height=\"108\" itemprop=\"http:\/\/schema.org\/image\" title=\"\u0130mamo\u011flu\u2019ndan T\u00dcS\u0130AD\u2019a ziyaret\" alt=\"\u0130mamo\u011flu\u2019ndan T\u00dcS\u0130AD\u2019a ziyaret\" style=\"width: 162px; height: 108px;\" \/> <\/a> <\/div> <\/div> <!-- close group --> <\/div> <!-- close row --> <div class=\"gallery-row\" style=\"width: 500px; height: 112px;\" data-original-width=\"500\" data-original-height=\"112\" > <div class=\"gallery-group images-1\" style=\"width: 167px; height: 112px;\" data-original-width=\"167\" data-original-height=\"112\" > <div class=\"tiled-gallery-item tiled-gallery-item-small\" itemprop=\"associatedMedia\" itemscope itemtype=\"http:\/\/schema.org\/ImageObject\"> <a href=\"http:\/\/www.tvturk.com\/index.php\/imamoglundan-tusiada-ziyaret\/imamoglundan-tusiada-ziyaret-6\/\" border=\"0\" itemprop=\"url\"> <meta itemprop=\"width\" content=\"163\"> <meta itemprop=\"height\" content=\"108\"> <img decoding=\"async\" class=\"\" data-attachment-id=\"44670\" data-orig-file=\"http:\/\/www.tvturk.com\/wp-content\/uploads\/2019\/02\/imamoglundan-tusiada-ziyaret_a87cfca.jpg\" data-orig-size=\"1000,666\" data-comments-opened=\"\" data-image-meta=\"{&quot;aperture&quot;:&quot;0&quot;,&quot;credit&quot;:&quot;IHA&quot;,&quot;camera&quot;:&quot;&quot;,&quot;caption&quot;:&quot;31 MART YEREL SE\\u00c7\\u0130M \\u00c7ALI\\u015eMALARINI S\\u00dcRD\\u00dcREN CUMHUR\\u0130YET HALK PART\\u0130S\\u0130 (CHP) \\u0130STANBUL B\\u00dcY\\u00dcK\\u015eEH\\u0130R BELED\\u0130YE BA\\u015eKAN ADAYI EKREM \\u0130MAMO\\u011eLU, BU KAPSAMDA T\\u00dcRK SANAY\\u0130C\\u0130LER\\u0130 VE \\u0130\\u015e \\u0130NSANLARI DERNE\\u011e\\u0130N\\u0130 (T\\u00dcS\\u0130AD) Z\\u0130YARET ETT\\u0130. (FERHAT YASAK - MEHMET BA\\u015eA\\\/\\u0130STANBUL-\\u0130HA)&quot;,&quot;created_timestamp&quot;:&quot;0&quot;,&quot;copyright&quot;:&quot;\\u0130HLAS HABER AJANSI, www.iha.com.tr&quot;,&quot;focal_length&quot;:&quot;0&quot;,&quot;iso&quot;:&quot;0&quot;,&quot;shutter_speed&quot;:&quot;0&quot;,&quot;title&quot;:&quot;\\u0130MAMO\\u011eLU\\u2019NDAN T\\u00dcS\\u0130AD\\u2019A Z\\u0130YARET CHP\\u2019N\\u0130N \\u0130STANBUL B\\u00dcY\\u00dcK\\u015eEH\\u0130R BELED\\u0130YE BA\\u015eKAN ADAYI EKREM \\u0130MAMO\\u011eLU, SE\\u00c7\\u0130M \\u00c7ALI\\u015eMALARI KAPSAMINDA T\\u00dcS\\u0130AD\\u2019I Z\\u0130YARET ETT\\u0130&quot;,&quot;orientation&quot;:&quot;0&quot;}\" data-image-title=\"\u0130mamo\u011flu\u2019ndan T\u00dcS\u0130AD\u2019a ziyaret\" data-image-description=\"&lt;p&gt;\u0130mamo\u011flu\u2019ndan T\u00dcS\u0130AD\u2019a ziyaret&lt;\/p&gt; \" data-medium-file=\"https:\/\/i0.wp.com\/www.tvturk.com\/wp-content\/uploads\/2019\/02\/imamoglundan-tusiada-ziyaret_a87cfca.jpg?fit=300%2C200\" data-large-file=\"https:\/\/i0.wp.com\/www.tvturk.com\/wp-content\/uploads\/2019\/02\/imamoglundan-tusiada-ziyaret_a87cfca.jpg?fit=1000%2C666\" src=\"https:\/\/i0.wp.com\/www.tvturk.com\/wp-content\/uploads\/2019\/02\/imamoglundan-tusiada-ziyaret_a87cfca.jpg?w=163&#038;h=108\" srcset=\"https:\/\/i0.wp.com\/www.tvturk.com\/wp-content\/uploads\/2019\/02\/imamoglundan-tusiada-ziyaret_a87cfca.jpg?w=1000 1000w, https:\/\/i0.wp.com\/www.tvturk.com\/wp-content\/uploads\/2019\/02\/imamoglundan-tusiada-ziyaret_a87cfca.jpg?resize=150%2C100 150w, https:\/\/i0.wp.com\/www.tvturk.com\/wp-content\/uploads\/2019\/02\/imamoglundan-tusiada-ziyaret_a87cfca.jpg?resize=300%2C200 300w, https:\/\/i0.wp.com\/www.tvturk.com\/wp-content\/uploads\/2019\/02\/imamoglundan-tusiada-ziyaret_a87cfca.jpg?resize=768%2C511 768w, https:\/\/i0.wp.com\/www.tvturk.com\/wp-content\/uploads\/2019\/02\/imamoglundan-tusiada-ziyaret_a87cfca.jpg?resize=170%2C113 170w, https:\/\/i0.wp.com\/www.tvturk.com\/wp-content\/uploads\/2019\/02\/imamoglundan-tusiada-ziyaret_a87cfca.jpg?resize=120%2C80 120w\" width=\"163\" height=\"108\" loading=\"lazy\" data-original-width=\"163\" data-original-height=\"108\" itemprop=\"http:\/\/schema.org\/image\" title=\"\u0130mamo\u011flu\u2019ndan T\u00dcS\u0130AD\u2019a ziyaret\" alt=\"\u0130mamo\u011flu\u2019ndan T\u00dcS\u0130AD\u2019a ziyaret\" style=\"width: 163px; height: 108px;\" \/> <\/a> <\/div> <\/div> <!-- close group --> <div class=\"gallery-group images-1\" style=\"width: 167px; height: 112px;\" data-original-width=\"167\" data-original-height=\"112\" > <div class=\"tiled-gallery-item tiled-gallery-item-small\" itemprop=\"associatedMedia\" itemscope itemtype=\"http:\/\/schema.org\/ImageObject\"> <a href=\"http:\/\/www.tvturk.com\/index.php\/imamoglundan-tusiada-ziyaret\/imamoglundan-tusiada-ziyaret-7\/\" border=\"0\" itemprop=\"url\"> <meta itemprop=\"width\" content=\"163\"> <meta itemprop=\"height\" content=\"108\"> <img decoding=\"async\" class=\"\" data-attachment-id=\"44671\" data-orig-file=\"http:\/\/www.tvturk.com\/wp-content\/uploads\/2019\/02\/imamoglundan-tusiada-ziyaret_8040da2.jpg\" data-orig-size=\"1000,666\" data-comments-opened=\"\" data-image-meta=\"{&quot;aperture&quot;:&quot;0&quot;,&quot;credit&quot;:&quot;IHA&quot;,&quot;camera&quot;:&quot;&quot;,&quot;caption&quot;:&quot;31 MART YEREL SE\\u00c7\\u0130M \\u00c7ALI\\u015eMALARINI S\\u00dcRD\\u00dcREN CUMHUR\\u0130YET HALK PART\\u0130S\\u0130 (CHP) \\u0130STANBUL B\\u00dcY\\u00dcK\\u015eEH\\u0130R BELED\\u0130YE BA\\u015eKAN ADAYI EKREM \\u0130MAMO\\u011eLU, BU KAPSAMDA T\\u00dcRK SANAY\\u0130C\\u0130LER\\u0130 VE \\u0130\\u015e \\u0130NSANLARI DERNE\\u011e\\u0130N\\u0130 (T\\u00dcS\\u0130AD) Z\\u0130YARET ETT\\u0130. (FERHAT YASAK - MEHMET BA\\u015eA\\\/\\u0130STANBUL-\\u0130HA)&quot;,&quot;created_timestamp&quot;:&quot;0&quot;,&quot;copyright&quot;:&quot;\\u0130HLAS HABER AJANSI, www.iha.com.tr&quot;,&quot;focal_length&quot;:&quot;0&quot;,&quot;iso&quot;:&quot;0&quot;,&quot;shutter_speed&quot;:&quot;0&quot;,&quot;title&quot;:&quot;\\u0130MAMO\\u011eLU\\u2019NDAN T\\u00dcS\\u0130AD\\u2019A Z\\u0130YARET CHP\\u2019N\\u0130N \\u0130STANBUL B\\u00dcY\\u00dcK\\u015eEH\\u0130R BELED\\u0130YE BA\\u015eKAN ADAYI EKREM \\u0130MAMO\\u011eLU, SE\\u00c7\\u0130M \\u00c7ALI\\u015eMALARI KAPSAMINDA T\\u00dcS\\u0130AD\\u2019I Z\\u0130YARET ETT\\u0130&quot;,&quot;orientation&quot;:&quot;0&quot;}\" data-image-title=\"\u0130mamo\u011flu\u2019ndan T\u00dcS\u0130AD\u2019a ziyaret\" data-image-description=\"&lt;p&gt;\u0130mamo\u011flu\u2019ndan T\u00dcS\u0130AD\u2019a ziyaret&lt;\/p&gt; \" data-medium-file=\"https:\/\/i0.wp.com\/www.tvturk.com\/wp-content\/uploads\/2019\/02\/imamoglundan-tusiada-ziyaret_8040da2.jpg?fit=300%2C200\" data-large-file=\"https:\/\/i0.wp.com\/www.tvturk.com\/wp-content\/uploads\/2019\/02\/imamoglundan-tusiada-ziyaret_8040da2.jpg?fit=1000%2C666\" src=\"https:\/\/i0.wp.com\/www.tvturk.com\/wp-content\/uploads\/2019\/02\/imamoglundan-tusiada-ziyaret_8040da2.jpg?w=163&#038;h=108\" srcset=\"https:\/\/i0.wp.com\/www.tvturk.com\/wp-content\/uploads\/2019\/02\/imamoglundan-tusiada-ziyaret_8040da2.jpg?w=1000 1000w, https:\/\/i0.wp.com\/www.tvturk.com\/wp-content\/uploads\/2019\/02\/imamoglundan-tusiada-ziyaret_8040da2.jpg?resize=150%2C100 150w, https:\/\/i0.wp.com\/www.tvturk.com\/wp-content\/uploads\/2019\/02\/imamoglundan-tusiada-ziyaret_8040da2.jpg?resize=300%2C200 300w, https:\/\/i0.wp.com\/www.tvturk.com\/wp-content\/uploads\/2019\/02\/imamoglundan-tusiada-ziyaret_8040da2.jpg?resize=768%2C511 768w, https:\/\/i0.wp.com\/www.tvturk.com\/wp-content\/uploads\/2019\/02\/imamoglundan-tusiada-ziyaret_8040da2.jpg?resize=170%2C113 170w, https:\/\/i0.wp.com\/www.tvturk.com\/wp-content\/uploads\/2019\/02\/imamoglundan-tusiada-ziyaret_8040da2.jpg?resize=120%2C80 120w\" width=\"163\" height=\"108\" loading=\"lazy\" data-original-width=\"163\" data-original-height=\"108\" itemprop=\"http:\/\/schema.org\/image\" title=\"\u0130mamo\u011flu\u2019ndan T\u00dcS\u0130AD\u2019a ziyaret\" alt=\"\u0130mamo\u011flu\u2019ndan T\u00dcS\u0130AD\u2019a ziyaret\" style=\"width: 163px; height: 108px;\" \/> <\/a> <\/div> <\/div> <!-- close group --> <div class=\"gallery-group images-1\" style=\"width: 166px; height: 112px;\" data-original-width=\"166\" data-original-height=\"112\" > <div class=\"tiled-gallery-item tiled-gallery-item-small\" itemprop=\"associatedMedia\" itemscope itemtype=\"http:\/\/schema.org\/ImageObject\"> <a href=\"http:\/\/www.tvturk.com\/index.php\/imamoglundan-tusiada-ziyaret\/imamoglundan-tusiada-ziyaret-8\/\" border=\"0\" itemprop=\"url\"> <meta itemprop=\"width\" content=\"162\"> <meta itemprop=\"height\" content=\"108\"> <img decoding=\"async\" class=\"\" data-attachment-id=\"44672\" data-orig-file=\"http:\/\/www.tvturk.com\/wp-content\/uploads\/2019\/02\/imamoglundan-tusiada-ziyaret_4b112a4.jpg\" data-orig-size=\"1000,666\" data-comments-opened=\"\" data-image-meta=\"{&quot;aperture&quot;:&quot;0&quot;,&quot;credit&quot;:&quot;IHA&quot;,&quot;camera&quot;:&quot;&quot;,&quot;caption&quot;:&quot;31 MART YEREL SE\\u00c7\\u0130M \\u00c7ALI\\u015eMALARINI S\\u00dcRD\\u00dcREN CUMHUR\\u0130YET HALK PART\\u0130S\\u0130 (CHP) \\u0130STANBUL B\\u00dcY\\u00dcK\\u015eEH\\u0130R BELED\\u0130YE BA\\u015eKAN ADAYI EKREM \\u0130MAMO\\u011eLU, BU KAPSAMDA T\\u00dcRK SANAY\\u0130C\\u0130LER\\u0130 VE \\u0130\\u015e \\u0130NSANLARI DERNE\\u011e\\u0130N\\u0130 (T\\u00dcS\\u0130AD) Z\\u0130YARET ETT\\u0130. (FERHAT YASAK - MEHMET BA\\u015eA\\\/\\u0130STANBUL-\\u0130HA)&quot;,&quot;created_timestamp&quot;:&quot;0&quot;,&quot;copyright&quot;:&quot;\\u0130HLAS HABER AJANSI, www.iha.com.tr&quot;,&quot;focal_length&quot;:&quot;0&quot;,&quot;iso&quot;:&quot;0&quot;,&quot;shutter_speed&quot;:&quot;0&quot;,&quot;title&quot;:&quot;\\u0130MAMO\\u011eLU\\u2019NDAN T\\u00dcS\\u0130AD\\u2019A Z\\u0130YARET CHP\\u2019N\\u0130N \\u0130STANBUL B\\u00dcY\\u00dcK\\u015eEH\\u0130R BELED\\u0130YE BA\\u015eKAN ADAYI EKREM \\u0130MAMO\\u011eLU, SE\\u00c7\\u0130M \\u00c7ALI\\u015eMALARI KAPSAMINDA T\\u00dcS\\u0130AD\\u2019I Z\\u0130YARET ETT\\u0130&quot;,&quot;orientation&quot;:&quot;0&quot;}\" data-image-title=\"\u0130mamo\u011flu\u2019ndan T\u00dcS\u0130AD\u2019a ziyaret\" data-image-description=\"&lt;p&gt;\u0130mamo\u011flu\u2019ndan T\u00dcS\u0130AD\u2019a ziyaret&lt;\/p&gt; \" data-medium-file=\"https:\/\/i0.wp.com\/www.tvturk.com\/wp-content\/uploads\/2019\/02\/imamoglundan-tusiada-ziyaret_4b112a4.jpg?fit=300%2C200\" data-large-file=\"https:\/\/i0.wp.com\/www.tvturk.com\/wp-content\/uploads\/2019\/02\/imamoglundan-tusiada-ziyaret_4b112a4.jpg?fit=1000%2C666\" src=\"https:\/\/i0.wp.com\/www.tvturk.com\/wp-content\/uploads\/2019\/02\/imamoglundan-tusiada-ziyaret_4b112a4.jpg?w=162&#038;h=108\" srcset=\"https:\/\/i0.wp.com\/www.tvturk.com\/wp-content\/uploads\/2019\/02\/imamoglundan-tusiada-ziyaret_4b112a4.jpg?w=1000 1000w, https:\/\/i0.wp.com\/www.tvturk.com\/wp-content\/uploads\/2019\/02\/imamoglundan-tusiada-ziyaret_4b112a4.jpg?resize=150%2C100 150w, https:\/\/i0.wp.com\/www.tvturk.com\/wp-content\/uploads\/2019\/02\/imamoglundan-tusiada-ziyaret_4b112a4.jpg?resize=300%2C200 300w, https:\/\/i0.wp.com\/www.tvturk.com\/wp-content\/uploads\/2019\/02\/imamoglundan-tusiada-ziyaret_4b112a4.jpg?resize=768%2C511 768w, https:\/\/i0.wp.com\/www.tvturk.com\/wp-content\/uploads\/2019\/02\/imamoglundan-tusiada-ziyaret_4b112a4.jpg?resize=170%2C113 170w, https:\/\/i0.wp.com\/www.tvturk.com\/wp-content\/uploads\/2019\/02\/imamoglundan-tusiada-ziyaret_4b112a4.jpg?resize=120%2C80 120w\" width=\"162\" height=\"108\" loading=\"lazy\" data-original-width=\"162\" data-original-height=\"108\" itemprop=\"http:\/\/schema.org\/image\" title=\"\u0130mamo\u011flu\u2019ndan T\u00dcS\u0130AD\u2019a ziyaret\" alt=\"\u0130mamo\u011flu\u2019ndan T\u00dcS\u0130AD\u2019a ziyaret\" style=\"width: 162px; height: 108px;\" \/> <\/a> <\/div> <\/div> <!-- close group --> <\/div> <!-- close row --> <\/div><\/p>\n","protected":false},"excerpt":{"rendered":"<p>31 MART YEREL SE\u00c7\u0130M \u00c7ALI\u015eMALARINI S\u00dcRD\u00dcREN CUMHUR\u0130YET HALK PART\u0130S\u0130 (CHP) \u0130STANBUL B\u00dcY\u00dcK\u015eEH\u0130R BELED\u0130YE BA\u015eKAN ADAYI EKREM \u0130MAMO\u011eLU, BU KAPSAMDA T\u00dcRK SANAY\u0130C\u0130LER\u0130 VE \u0130\u015e \u0130NSANLARI DERNE\u011e\u0130N\u0130 (T\u00dcS\u0130AD) Z\u0130YARET ETT\u0130.<\/p>\n","protected":false},"author":1,"featured_media":44666,"comment_status":"closed","ping_status":"open","sticky":false,"template":"","format":"standard","meta":{"jetpack_post_was_ever_published":false,"_jetpack_newsletter_access":"","_jetpack_dont_email_post_to_subs":false,"_jetpack_newsletter_tier_id":0,"_jetpack_memberships_contains_paywalled_content":false,"_jetpack_memberships_contains_paid_content":false,"footnotes":"","jetpack_publicize_message":"","jetpack_publicize_feature_enabled":true,"jetpack_social_post_already_shared":false,"jetpack_social_options":{"image_generator_settings":{"template":"highway","default_image_id":0,"font":"","enabled":false},"version":2}},"categories":[655],"tags":[6134,15431,150],"class_list":["post-44665","post","type-post","status-publish","format-standard","has-post-thumbnail","hentry","category-son-dakika","tag-imamoglundan","tag-tusiada","tag-ziyaret"],"jetpack_publicize_connections":[],"jetpack_featured_media_url":"https:\/\/i0.wp.com\/www.tvturk.com\/wp-content\/uploads\/2019\/02\/imamoglundan-tusiada-ziyaret_003ef13.jpg?fit=1000%2C666","jetpack_sharing_enabled":true,"jetpack_shortlink":"https:\/\/wp.me\/paKIfm-bCp","_links":{"self":[{"href":"http:\/\/www.tvturk.com\/index.php\/wp-json\/wp\/v2\/posts\/44665","targetHints":{"allow":["GET"]}}],"collection":[{"href":"http:\/\/www.tvturk.com\/index.php\/wp-json\/wp\/v2\/posts"}],"about":[{"href":"http:\/\/www.tvturk.com\/index.php\/wp-json\/wp\/v2\/types\/post"}],"author":[{"embeddable":true,"href":"http:\/\/www.tvturk.com\/index.php\/wp-json\/wp\/v2\/users\/1"}],"replies":[{"embeddable":true,"href":"http:\/\/www.tvturk.com\/index.php\/wp-json\/wp\/v2\/comments?post=44665"}],"version-history":[{"count":1,"href":"http:\/\/www.tvturk.com\/index.php\/wp-json\/wp\/v2\/posts\/44665\/revisions"}],"predecessor-version":[{"id":44673,"href":"http:\/\/www.tvturk.com\/index.php\/wp-json\/wp\/v2\/posts\/44665\/revisions\/44673"}],"wp:featuredmedia":[{"embeddable":true,"href":"http:\/\/www.tvturk.com\/index.php\/wp-json\/wp\/v2\/media\/44666"}],"wp:attachment":[{"href":"http:\/\/www.tvturk.com\/index.php\/wp-json\/wp\/v2\/media?parent=44665"}],"wp:term":[{"taxonomy":"category","embeddable":true,"href":"http:\/\/www.tvturk.com\/index.php\/wp-json\/wp\/v2\/categories?post=44665"},{"taxonomy":"post_tag","embeddable":true,"href":"http:\/\/www.tvturk.com\/index.php\/wp-json\/wp\/v2\/tags?post=44665"}],"curies":[{"name":"wp","href":"https:\/\/api.w.org\/{rel}","templated":true}]}}