{"id":44713,"date":"2019-02-18T13:40:57","date_gmt":"2019-02-18T10:40:57","guid":{"rendered":"http:\/\/www.tvturk.com\/index.php\/okul-hirsizlari-adliyeye-sevk-edildi\/"},"modified":"2019-02-18T13:41:00","modified_gmt":"2019-02-18T10:41:00","slug":"okul-hirsizlari-adliyeye-sevk-edildi","status":"publish","type":"post","link":"http:\/\/www.tvturk.com\/index.php\/okul-hirsizlari-adliyeye-sevk-edildi\/","title":{"rendered":"Okul h\u0131rs\u0131zlar\u0131 adliyeye sevk edildi"},"content":{"rendered":"<p>Ad\u0131yaman\u2019\u0131n Besni il\u00e7esinde 4 okula girerek h\u0131rs\u0131zl\u0131k yapt\u0131klar\u0131 iddia edilen 4 \u015fah\u0131s adliyeye sevk edildi.<\/p>\n<p>Edinilen bilgiye g\u00f6re, Besni K\u0131z Anadolu \u0130mam Hatip Lisesi, Safy\u00fcn Hatice G\u00f6lba\u015f\u0131 Ortaokulu, \u015eehit Mehmet Ya\u011fmur Anadolu \u0130mam Hatip Lisesi ve Besni Mustafa Erdemo\u011flu Anadolu Lisesine girerek h\u0131rs\u0131zl\u0131k yapt\u0131klar\u0131 iddia edilen \u0130.G.(28), H.B.(44), H.K.(21) ve F.B. (17), \u00e7ald\u0131klar\u0131 3 bin 250 TL nakit para, bilgisayar, televizyon, kamera kay\u0131t cihazlar\u0131 ve cep telefonu ile yakaland\u0131.  Emniyete g\u00f6t\u00fcr\u00fclerek burada sorgular\u0131 tamamlanan 4 \u015fah\u0131s daha sonra Besni Adliyesine sevk edildi.<\/p>\n<p>\u00d6te yandan H.B., ile F.B\u2019nin baba o\u011ful olduklar\u0131 yakalanan 4 \u015fahs\u0131n da nitelikli doland\u0131r\u0131c\u0131l\u0131k, uyu\u015fturucu, h\u0131rs\u0131zl\u0131k ve mala zarar verme gibi olaylardan su\u00e7 kay\u0131tlar\u0131n\u0131n olduklar\u0131 \u00f6\u011frenildi.<\/p>\n<p>Konuyla ilgili soru\u015fturma s\u00fcr\u00fcyor.<div class=\"tiled-gallery type-rectangular tiled-gallery-unresized\" data-original-width=\"500\" data-carousel-extra='null' itemscope itemtype=\"http:\/\/schema.org\/ImageGallery\" > <div class=\"gallery-row\" style=\"width: 500px; height: 177px;\" data-original-width=\"500\" data-original-height=\"177\" > <div class=\"gallery-group images-1\" style=\"width: 265px; height: 177px;\" data-original-width=\"265\" data-original-height=\"177\" > <div class=\"tiled-gallery-item tiled-gallery-item-large\" itemprop=\"associatedMedia\" itemscope itemtype=\"http:\/\/schema.org\/ImageObject\"> <a href=\"http:\/\/www.tvturk.com\/index.php\/okul-hirsizlari-adliyeye-sevk-edildi\/okul-hirsizlari-adliyeye-sevk-edildi-3\/\" border=\"0\" itemprop=\"url\"> <meta itemprop=\"width\" content=\"261\"> <meta itemprop=\"height\" content=\"173\"> <img decoding=\"async\" class=\"\" data-attachment-id=\"44715\" data-orig-file=\"http:\/\/www.tvturk.com\/wp-content\/uploads\/2019\/02\/okul-hirsizlari-adliyeye-sevk-edildi_2f81e6a.jpg\" data-orig-size=\"1000,664\" data-comments-opened=\"\" data-image-meta=\"{&quot;aperture&quot;:&quot;0&quot;,&quot;credit&quot;:&quot;IHA&quot;,&quot;camera&quot;:&quot;&quot;,&quot;caption&quot;:&quot;ADIYAMAN\\u2019IN BESN\\u0130 \\u0130L\\u00c7ES\\u0130NDE 4 OKULA G\\u0130REREK HIRSIZLIK YAPTIKLARI \\u0130DD\\u0130A ED\\u0130LEN 4 \\u015eAHIS ADL\\u0130YEYE SEVK ED\\u0130LD\\u0130. (RAMAZAN KUYU\\\/ADIYAMAN-\\u0130HA)&quot;,&quot;created_timestamp&quot;:&quot;0&quot;,&quot;copyright&quot;:&quot;\\u0130HLAS HABER AJANSI, www.iha.com.tr&quot;,&quot;focal_length&quot;:&quot;0&quot;,&quot;iso&quot;:&quot;0&quot;,&quot;shutter_speed&quot;:&quot;0&quot;,&quot;title&quot;:&quot;OKUL HIRSIZLARI ADL\\u0130YEYE SEVK ED\\u0130LD\\u0130&quot;,&quot;orientation&quot;:&quot;0&quot;}\" data-image-title=\"Okul h\u0131rs\u0131zlar\u0131 adliyeye sevk edildi\" data-image-description=\"&lt;p&gt;Okul h\u0131rs\u0131zlar\u0131 adliyeye sevk edildi&lt;\/p&gt; \" data-medium-file=\"https:\/\/i0.wp.com\/www.tvturk.com\/wp-content\/uploads\/2019\/02\/okul-hirsizlari-adliyeye-sevk-edildi_2f81e6a.jpg?fit=300%2C199\" data-large-file=\"https:\/\/i0.wp.com\/www.tvturk.com\/wp-content\/uploads\/2019\/02\/okul-hirsizlari-adliyeye-sevk-edildi_2f81e6a.jpg?fit=1000%2C664\" src=\"https:\/\/i0.wp.com\/www.tvturk.com\/wp-content\/uploads\/2019\/02\/okul-hirsizlari-adliyeye-sevk-edildi_2f81e6a.jpg?w=261&#038;h=173\" srcset=\"https:\/\/i0.wp.com\/www.tvturk.com\/wp-content\/uploads\/2019\/02\/okul-hirsizlari-adliyeye-sevk-edildi_2f81e6a.jpg?w=1000 1000w, https:\/\/i0.wp.com\/www.tvturk.com\/wp-content\/uploads\/2019\/02\/okul-hirsizlari-adliyeye-sevk-edildi_2f81e6a.jpg?resize=150%2C100 150w, https:\/\/i0.wp.com\/www.tvturk.com\/wp-content\/uploads\/2019\/02\/okul-hirsizlari-adliyeye-sevk-edildi_2f81e6a.jpg?resize=300%2C200 300w, https:\/\/i0.wp.com\/www.tvturk.com\/wp-content\/uploads\/2019\/02\/okul-hirsizlari-adliyeye-sevk-edildi_2f81e6a.jpg?resize=768%2C510 768w, https:\/\/i0.wp.com\/www.tvturk.com\/wp-content\/uploads\/2019\/02\/okul-hirsizlari-adliyeye-sevk-edildi_2f81e6a.jpg?resize=170%2C113 170w, https:\/\/i0.wp.com\/www.tvturk.com\/wp-content\/uploads\/2019\/02\/okul-hirsizlari-adliyeye-sevk-edildi_2f81e6a.jpg?resize=120%2C80 120w\" width=\"261\" height=\"173\" loading=\"lazy\" data-original-width=\"261\" data-original-height=\"173\" itemprop=\"http:\/\/schema.org\/image\" title=\"Okul h\u0131rs\u0131zlar\u0131 adliyeye sevk edildi\" alt=\"Okul h\u0131rs\u0131zlar\u0131 adliyeye sevk edildi\" style=\"width: 261px; height: 173px;\" \/> <\/a> <\/div> <\/div> <!-- close group --> <div class=\"gallery-group images-1\" style=\"width: 235px; height: 177px;\" data-original-width=\"235\" data-original-height=\"177\" > <div class=\"tiled-gallery-item tiled-gallery-item-small\" itemprop=\"associatedMedia\" itemscope itemtype=\"http:\/\/schema.org\/ImageObject\"> <a href=\"http:\/\/www.tvturk.com\/index.php\/okul-hirsizlari-adliyeye-sevk-edildi\/okul-hirsizlari-adliyeye-sevk-edildi-4\/\" border=\"0\" itemprop=\"url\"> <meta itemprop=\"width\" content=\"231\"> <meta itemprop=\"height\" content=\"173\"> <img decoding=\"async\" class=\"\" data-attachment-id=\"44716\" data-orig-file=\"http:\/\/www.tvturk.com\/wp-content\/uploads\/2019\/02\/okul-hirsizlari-adliyeye-sevk-edildi_59938ba.jpg\" data-orig-size=\"1000,750\" data-comments-opened=\"\" data-image-meta=\"{&quot;aperture&quot;:&quot;0&quot;,&quot;credit&quot;:&quot;IHA&quot;,&quot;camera&quot;:&quot;&quot;,&quot;caption&quot;:&quot;ADIYAMAN\\u2019IN BESN\\u0130 \\u0130L\\u00c7ES\\u0130NDE 4 OKULA G\\u0130REREK HIRSIZLIK YAPTIKLARI \\u0130DD\\u0130A ED\\u0130LEN 4 \\u015eAHIS ADL\\u0130YEYE SEVK ED\\u0130LD\\u0130. (RAMAZAN KUYU\\\/ADIYAMAN-\\u0130HA)&quot;,&quot;created_timestamp&quot;:&quot;0&quot;,&quot;copyright&quot;:&quot;\\u0130HLAS HABER AJANSI, www.iha.com.tr&quot;,&quot;focal_length&quot;:&quot;0&quot;,&quot;iso&quot;:&quot;0&quot;,&quot;shutter_speed&quot;:&quot;0&quot;,&quot;title&quot;:&quot;OKUL HIRSIZLARI ADL\\u0130YEYE SEVK ED\\u0130LD\\u0130&quot;,&quot;orientation&quot;:&quot;0&quot;}\" data-image-title=\"Okul h\u0131rs\u0131zlar\u0131 adliyeye sevk edildi\" data-image-description=\"&lt;p&gt;Okul h\u0131rs\u0131zlar\u0131 adliyeye sevk edildi&lt;\/p&gt; \" data-medium-file=\"https:\/\/i0.wp.com\/www.tvturk.com\/wp-content\/uploads\/2019\/02\/okul-hirsizlari-adliyeye-sevk-edildi_59938ba.jpg?fit=300%2C225\" data-large-file=\"https:\/\/i0.wp.com\/www.tvturk.com\/wp-content\/uploads\/2019\/02\/okul-hirsizlari-adliyeye-sevk-edildi_59938ba.jpg?fit=1000%2C750\" src=\"https:\/\/i0.wp.com\/www.tvturk.com\/wp-content\/uploads\/2019\/02\/okul-hirsizlari-adliyeye-sevk-edildi_59938ba.jpg?w=231&#038;h=173\" srcset=\"https:\/\/i0.wp.com\/www.tvturk.com\/wp-content\/uploads\/2019\/02\/okul-hirsizlari-adliyeye-sevk-edildi_59938ba.jpg?w=1000 1000w, https:\/\/i0.wp.com\/www.tvturk.com\/wp-content\/uploads\/2019\/02\/okul-hirsizlari-adliyeye-sevk-edildi_59938ba.jpg?resize=150%2C113 150w, https:\/\/i0.wp.com\/www.tvturk.com\/wp-content\/uploads\/2019\/02\/okul-hirsizlari-adliyeye-sevk-edildi_59938ba.jpg?resize=300%2C225 300w, https:\/\/i0.wp.com\/www.tvturk.com\/wp-content\/uploads\/2019\/02\/okul-hirsizlari-adliyeye-sevk-edildi_59938ba.jpg?resize=768%2C576 768w\" width=\"231\" height=\"173\" loading=\"lazy\" data-original-width=\"231\" data-original-height=\"173\" itemprop=\"http:\/\/schema.org\/image\" title=\"Okul h\u0131rs\u0131zlar\u0131 adliyeye sevk edildi\" alt=\"Okul h\u0131rs\u0131zlar\u0131 adliyeye sevk edildi\" style=\"width: 231px; height: 173px;\" \/> <\/a> <\/div> <\/div> <!-- close group --> <\/div> <!-- close row --> <\/div><\/p>\n","protected":false},"excerpt":{"rendered":"<p>ADIYAMAN\u2019IN BESN\u0130 \u0130L\u00c7ES\u0130NDE 4 OKULA G\u0130REREK HIRSIZLIK YAPTIKLARI \u0130DD\u0130A ED\u0130LEN 4 \u015eAHIS ADL\u0130YEYE SEVK ED\u0130LD\u0130.<\/p>\n","protected":false},"author":1,"featured_media":44714,"comment_status":"closed","ping_status":"open","sticky":false,"template":"","format":"standard","meta":{"jetpack_post_was_ever_published":false,"_jetpack_newsletter_access":"","_jetpack_dont_email_post_to_subs":false,"_jetpack_newsletter_tier_id":0,"_jetpack_memberships_contains_paywalled_content":false,"_jetpack_memberships_contains_paid_content":false,"footnotes":"","jetpack_publicize_message":"","jetpack_publicize_feature_enabled":true,"jetpack_social_post_already_shared":false,"jetpack_social_options":{"image_generator_settings":{"template":"highway","default_image_id":0,"font":"","enabled":false},"version":2}},"categories":[655],"tags":[2394,857,2464,120,856],"class_list":["post-44713","post","type-post","status-publish","format-standard","has-post-thumbnail","hentry","category-son-dakika","tag-adliyeye","tag-edildi","tag-hirsizlari","tag-okul","tag-sevk"],"jetpack_publicize_connections":[],"jetpack_featured_media_url":"https:\/\/i0.wp.com\/www.tvturk.com\/wp-content\/uploads\/2019\/02\/okul-hirsizlari-adliyeye-sevk-edildi_9677a59.jpg?fit=1000%2C750","jetpack_sharing_enabled":true,"jetpack_shortlink":"https:\/\/wp.me\/paKIfm-bDb","_links":{"self":[{"href":"http:\/\/www.tvturk.com\/index.php\/wp-json\/wp\/v2\/posts\/44713","targetHints":{"allow":["GET"]}}],"collection":[{"href":"http:\/\/www.tvturk.com\/index.php\/wp-json\/wp\/v2\/posts"}],"about":[{"href":"http:\/\/www.tvturk.com\/index.php\/wp-json\/wp\/v2\/types\/post"}],"author":[{"embeddable":true,"href":"http:\/\/www.tvturk.com\/index.php\/wp-json\/wp\/v2\/users\/1"}],"replies":[{"embeddable":true,"href":"http:\/\/www.tvturk.com\/index.php\/wp-json\/wp\/v2\/comments?post=44713"}],"version-history":[{"count":1,"href":"http:\/\/www.tvturk.com\/index.php\/wp-json\/wp\/v2\/posts\/44713\/revisions"}],"predecessor-version":[{"id":44717,"href":"http:\/\/www.tvturk.com\/index.php\/wp-json\/wp\/v2\/posts\/44713\/revisions\/44717"}],"wp:featuredmedia":[{"embeddable":true,"href":"http:\/\/www.tvturk.com\/index.php\/wp-json\/wp\/v2\/media\/44714"}],"wp:attachment":[{"href":"http:\/\/www.tvturk.com\/index.php\/wp-json\/wp\/v2\/media?parent=44713"}],"wp:term":[{"taxonomy":"category","embeddable":true,"href":"http:\/\/www.tvturk.com\/index.php\/wp-json\/wp\/v2\/categories?post=44713"},{"taxonomy":"post_tag","embeddable":true,"href":"http:\/\/www.tvturk.com\/index.php\/wp-json\/wp\/v2\/tags?post=44713"}],"curies":[{"name":"wp","href":"https:\/\/api.w.org\/{rel}","templated":true}]}}