{"id":44898,"date":"2019-02-18T14:11:44","date_gmt":"2019-02-18T11:11:44","guid":{"rendered":"http:\/\/www.tvturk.com\/index.php\/benficaya-salviodan-kotu-haber\/"},"modified":"2019-02-18T14:11:44","modified_gmt":"2019-02-18T11:11:44","slug":"benficaya-salviodan-kotu-haber","status":"publish","type":"post","link":"http:\/\/www.tvturk.com\/index.php\/benficaya-salviodan-kotu-haber\/","title":{"rendered":"Benfica\u2019ya Salvio\u2019dan k\u00f6t\u00fc haber"},"content":{"rendered":"<p>Portekiz bas\u0131n\u0131, Galatasaray\u2019\u0131n UEFA Avrupa Ligi Son 32 Turu\u2019nda rakibi olan Benfica\u2019n\u0131n Arjantinli oyuncusu Eduardo Salvio\u2019nun sakatl\u0131\u011f\u0131 nedeniyle 4 hafta sahalardan uzak kalaca\u011f\u0131n\u0131 a\u00e7\u0131klad\u0131.<\/p>\n<p>UEFA Avrupa Ligi Son 32 Turu\u2019nun ilk ma\u00e7\u0131nda T\u00fcrk Telekom Stadyumu\u2019nda oynanan m\u00fccadelede 48. dakikada sakatlanarak oyundan al\u0131nan Benfica\u2019n\u0131n Arjantinli forveti Eduardo Salvio\u2019dan Portekiz temsilcisine k\u00f6t\u00fc haber geldi. Portekiz bas\u0131n\u0131, sa\u011f uyluk kas\u0131nda sakatl\u0131k ya\u015fayan oyuncunun en az 4 hafta sahalardan uzak kalaca\u011f\u0131 yazd\u0131. Galatasaray m\u00fccadelesinde 27. dakikada penalt\u0131dan tak\u0131m\u0131n\u0131n ilk gol\u00fcn\u00fc kaydeden Salvio, per\u015fembe g\u00fcnk\u00fc r\u00f6van\u015f ma\u00e7\u0131nda forma giymemesi bekleniyor.<\/p>\n","protected":false},"excerpt":{"rendered":"<p>PORTEK\u0130Z BASINI, GALATASARAY\u2019IN UEFA AVRUPA L\u0130G\u0130 SON 32 TURU\u2019NDA RAK\u0130B\u0130 OLAN BENF\u0130CA\u2019NIN ARJANT\u0130NL\u0130 OYUNCUSU EDUARDO SALV\u0130O\u2019NUN SAKATLI\u011eI NEDEN\u0130YLE 4 HAFTA SAHALARDAN UZAK KALACA\u011eI A\u00c7IKLADI.<\/p>\n","protected":false},"author":1,"featured_media":44899,"comment_status":"closed","ping_status":"open","sticky":false,"template":"","format":"standard","meta":{"jetpack_post_was_ever_published":false,"_jetpack_newsletter_access":"","_jetpack_dont_email_post_to_subs":false,"_jetpack_newsletter_tier_id":0,"_jetpack_memberships_contains_paywalled_content":false,"_jetpack_memberships_contains_paid_content":false,"footnotes":"","jetpack_publicize_message":"","jetpack_publicize_feature_enabled":true,"jetpack_social_post_already_shared":false,"jetpack_social_options":{"image_generator_settings":{"template":"highway","default_image_id":0,"font":"","enabled":false},"version":2}},"categories":[657],"tags":[8562,15477,1545,15478],"class_list":["post-44898","post","type-post","status-publish","format-standard","has-post-thumbnail","hentry","category-spor","tag-kotu","tag-benficaya","tag-haber","tag-salviodan"],"jetpack_publicize_connections":[],"jetpack_featured_media_url":"https:\/\/i0.wp.com\/www.tvturk.com\/wp-content\/uploads\/2019\/02\/benficaya-salviodan-kotu-haber_ead94f5.jpg?fit=1000%2C666","jetpack_sharing_enabled":true,"jetpack_shortlink":"https:\/\/wp.me\/paKIfm-bGa","_links":{"self":[{"href":"http:\/\/www.tvturk.com\/index.php\/wp-json\/wp\/v2\/posts\/44898","targetHints":{"allow":["GET"]}}],"collection":[{"href":"http:\/\/www.tvturk.com\/index.php\/wp-json\/wp\/v2\/posts"}],"about":[{"href":"http:\/\/www.tvturk.com\/index.php\/wp-json\/wp\/v2\/types\/post"}],"author":[{"embeddable":true,"href":"http:\/\/www.tvturk.com\/index.php\/wp-json\/wp\/v2\/users\/1"}],"replies":[{"embeddable":true,"href":"http:\/\/www.tvturk.com\/index.php\/wp-json\/wp\/v2\/comments?post=44898"}],"version-history":[{"count":0,"href":"http:\/\/www.tvturk.com\/index.php\/wp-json\/wp\/v2\/posts\/44898\/revisions"}],"wp:featuredmedia":[{"embeddable":true,"href":"http:\/\/www.tvturk.com\/index.php\/wp-json\/wp\/v2\/media\/44899"}],"wp:attachment":[{"href":"http:\/\/www.tvturk.com\/index.php\/wp-json\/wp\/v2\/media?parent=44898"}],"wp:term":[{"taxonomy":"category","embeddable":true,"href":"http:\/\/www.tvturk.com\/index.php\/wp-json\/wp\/v2\/categories?post=44898"},{"taxonomy":"post_tag","embeddable":true,"href":"http:\/\/www.tvturk.com\/index.php\/wp-json\/wp\/v2\/tags?post=44898"}],"curies":[{"name":"wp","href":"https:\/\/api.w.org\/{rel}","templated":true}]}}