{"id":45158,"date":"2019-02-18T15:10:58","date_gmt":"2019-02-18T12:10:58","guid":{"rendered":"http:\/\/www.tvturk.com\/index.php\/kalp-krizi-gecirerek-vefat-eden-polis-memuru-son-yolculuguna-ugurlandi\/"},"modified":"2019-02-18T15:11:00","modified_gmt":"2019-02-18T12:11:00","slug":"kalp-krizi-gecirerek-vefat-eden-polis-memuru-son-yolculuguna-ugurlandi","status":"publish","type":"post","link":"http:\/\/www.tvturk.com\/index.php\/kalp-krizi-gecirerek-vefat-eden-polis-memuru-son-yolculuguna-ugurlandi\/","title":{"rendered":"Kalp krizi ge\u00e7irerek vefat eden polis memuru son yolculu\u011funa u\u011furland\u0131"},"content":{"rendered":"<p>Sakarya \u0130l Emniyet M\u00fcd\u00fcrl\u00fc\u011f\u00fc S\u00f6\u011f\u00fctl\u00fc \u0130l\u00e7e Emniyet M\u00fcd\u00fcrl\u00fc\u011f\u00fcnde \u00e7al\u0131\u015fan ve kalp krizi sonucu hayat\u0131n\u0131 kaybeden polis memuru Ta\u015fk\u0131n \u0130skender, d\u00fczenlenen cenaze namaz\u0131yla son yolculu\u011funa u\u011furland\u0131.<\/p>\n<p>Adapazar\u0131 il\u00e7esi \u015eeker Mahallesi 808. Sokak\u2019ta oturan, Sakarya \u0130l Emniyet M\u00fcd\u00fcrl\u00fc\u011f\u00fc S\u00f6\u011f\u00fctl\u00fc \u0130l\u00e7e Emniyet M\u00fcd\u00fcrl\u00fc\u011f\u00fcnde \u00e7al\u0131\u015fan Ta\u015fk\u0131n \u0130skender\u2019den (45) haber alamayan yak\u0131nlar\u0131 durumu polise bildirmi\u015f, polis ekipleri \u0130skender\u2019i hareketsiz halde bulmas\u0131 sonras\u0131 durumu 112 ekiplerine bildirmi\u015fti. Olay yerine gelen sa\u011fl\u0131k ekipleri ekiplerinin ilk yapt\u0131\u011f\u0131 incelemede polis memurunun kalp krizinden dolay\u0131 hayat\u0131n\u0131 kaybetti\u011fi belirlenmi\u015fti.<\/p>\n<p>Polis memuru \u0130skender i\u00e7in Karasu il\u00e7esi Kuyumculu Merkez camisinde cenaze namaz\u0131 d\u00fczenlendi. Namaza Sakarya \u0130l Emniyet M\u00fcd\u00fcr\u00fc Fatih Kaya, \u0130l Emniyet M\u00fcd\u00fcr yard\u0131mc\u0131lar\u0131, polis ekipleri ve sevenleri kat\u0131ld\u0131. \u00d6\u011flen namaz\u0131na m\u00fcteakip k\u0131l\u0131nan cenaze namaz\u0131 sonras\u0131 \u0130skender, Kuyumculu Mahallesi mezarl\u0131\u011f\u0131na defnedildi.<div class=\"tiled-gallery type-rectangular tiled-gallery-unresized\" data-original-width=\"500\" data-carousel-extra='null' itemscope itemtype=\"http:\/\/schema.org\/ImageGallery\" > <div class=\"gallery-row\" style=\"width: 500px; height: 142px;\" data-original-width=\"500\" data-original-height=\"142\" > <div class=\"gallery-group images-1\" style=\"width: 250px; height: 142px;\" data-original-width=\"250\" data-original-height=\"142\" > <div class=\"tiled-gallery-item tiled-gallery-item-small\" itemprop=\"associatedMedia\" itemscope itemtype=\"http:\/\/schema.org\/ImageObject\"> <a href=\"http:\/\/www.tvturk.com\/index.php\/kalp-krizi-gecirerek-vefat-eden-polis-memuru-son-yolculuguna-ugurlandi\/kalp-krizi-gecirerek-vefat-eden-polis-memuru-son-yolculuguna-ugurlandi-3\/\" border=\"0\" itemprop=\"url\"> <meta itemprop=\"width\" content=\"246\"> <meta itemprop=\"height\" content=\"138\"> <img decoding=\"async\" class=\"\" data-attachment-id=\"45160\" data-orig-file=\"http:\/\/www.tvturk.com\/wp-content\/uploads\/2019\/02\/kalp-krizi-gecirerek-vefat-eden-polis-memuru-son-yolculuguna-ugurlandi_a82ad27.jpg\" data-orig-size=\"1000,562\" data-comments-opened=\"\" data-image-meta=\"{&quot;aperture&quot;:&quot;0&quot;,&quot;credit&quot;:&quot;IHA&quot;,&quot;camera&quot;:&quot;&quot;,&quot;caption&quot;:&quot;SAKARYA \\u0130L EMN\\u0130YET M\\u00dcD\\u00dcRL\\u00dc\\u011e\\u00dc S\\u00d6\\u011e\\u00dcTL\\u00dc \\u0130L\\u00c7E EMN\\u0130YET M\\u00dcD\\u00dcRL\\u00dc\\u011e\\u00dcNDE \\u00c7ALI\\u015eAN VE KALP KR\\u0130Z\\u0130 GE\\u00c7\\u0130RMES\\u0130 SONUCU HAYATINI KAYBEDEN POL\\u0130S MEMURU TA\\u015eKIN \\u0130SKENDER, D\\u00dcZENLENEN CENAZE NAMAZIYLA SON YOLCULU\\u011eUNA U\\u011eURLANDI. (MET\\u0130N N\\u0130\\u015eANCIK\\\/SAKARYA-\\u0130HA)&quot;,&quot;created_timestamp&quot;:&quot;0&quot;,&quot;copyright&quot;:&quot;\\u0130HLAS HABER AJANSI, www.iha.com.tr&quot;,&quot;focal_length&quot;:&quot;0&quot;,&quot;iso&quot;:&quot;0&quot;,&quot;shutter_speed&quot;:&quot;0&quot;,&quot;title&quot;:&quot;KALP KR\\u0130Z\\u0130 GE\\u00c7\\u0130REREK VEFAT EDEN POL\\u0130S MEMURU SON YOLCULU\\u011eUNA U\\u011eURLANDI&quot;,&quot;orientation&quot;:&quot;0&quot;}\" data-image-title=\"Kalp krizi ge\u00e7irerek vefat eden polis memuru son yolculu\u011funa u\u011furland\u0131\" data-image-description=\"&lt;p&gt;Kalp krizi ge\u00e7irerek vefat eden polis memuru son yolculu\u011funa u\u011furland\u0131&lt;\/p&gt; \" data-medium-file=\"https:\/\/i0.wp.com\/www.tvturk.com\/wp-content\/uploads\/2019\/02\/kalp-krizi-gecirerek-vefat-eden-polis-memuru-son-yolculuguna-ugurlandi_a82ad27.jpg?fit=300%2C169\" data-large-file=\"https:\/\/i0.wp.com\/www.tvturk.com\/wp-content\/uploads\/2019\/02\/kalp-krizi-gecirerek-vefat-eden-polis-memuru-son-yolculuguna-ugurlandi_a82ad27.jpg?fit=1000%2C562\" src=\"https:\/\/i0.wp.com\/www.tvturk.com\/wp-content\/uploads\/2019\/02\/kalp-krizi-gecirerek-vefat-eden-polis-memuru-son-yolculuguna-ugurlandi_a82ad27.jpg?w=246&#038;h=138\" srcset=\"https:\/\/i0.wp.com\/www.tvturk.com\/wp-content\/uploads\/2019\/02\/kalp-krizi-gecirerek-vefat-eden-polis-memuru-son-yolculuguna-ugurlandi_a82ad27.jpg?w=1000 1000w, https:\/\/i0.wp.com\/www.tvturk.com\/wp-content\/uploads\/2019\/02\/kalp-krizi-gecirerek-vefat-eden-polis-memuru-son-yolculuguna-ugurlandi_a82ad27.jpg?resize=150%2C84 150w, https:\/\/i0.wp.com\/www.tvturk.com\/wp-content\/uploads\/2019\/02\/kalp-krizi-gecirerek-vefat-eden-polis-memuru-son-yolculuguna-ugurlandi_a82ad27.jpg?resize=300%2C169 300w, https:\/\/i0.wp.com\/www.tvturk.com\/wp-content\/uploads\/2019\/02\/kalp-krizi-gecirerek-vefat-eden-polis-memuru-son-yolculuguna-ugurlandi_a82ad27.jpg?resize=768%2C432 768w, https:\/\/i0.wp.com\/www.tvturk.com\/wp-content\/uploads\/2019\/02\/kalp-krizi-gecirerek-vefat-eden-polis-memuru-son-yolculuguna-ugurlandi_a82ad27.jpg?resize=200%2C113 200w\" width=\"246\" height=\"138\" loading=\"lazy\" data-original-width=\"246\" data-original-height=\"138\" itemprop=\"http:\/\/schema.org\/image\" title=\"Kalp krizi ge\u00e7irerek vefat eden polis memuru son yolculu\u011funa u\u011furland\u0131\" alt=\"Kalp krizi ge\u00e7irerek vefat eden polis memuru son yolculu\u011funa u\u011furland\u0131\" style=\"width: 246px; height: 138px;\" \/> <\/a> <\/div> <\/div> <!-- close group --> <div class=\"gallery-group images-1\" style=\"width: 250px; height: 142px;\" data-original-width=\"250\" data-original-height=\"142\" > <div class=\"tiled-gallery-item tiled-gallery-item-small\" itemprop=\"associatedMedia\" itemscope itemtype=\"http:\/\/schema.org\/ImageObject\"> <a href=\"http:\/\/www.tvturk.com\/index.php\/kalp-krizi-gecirerek-vefat-eden-polis-memuru-son-yolculuguna-ugurlandi\/kalp-krizi-gecirerek-vefat-eden-polis-memuru-son-yolculuguna-ugurlandi-4\/\" border=\"0\" itemprop=\"url\"> <meta itemprop=\"width\" content=\"246\"> <meta itemprop=\"height\" content=\"138\"> <img decoding=\"async\" class=\"\" data-attachment-id=\"45161\" data-orig-file=\"http:\/\/www.tvturk.com\/wp-content\/uploads\/2019\/02\/kalp-krizi-gecirerek-vefat-eden-polis-memuru-son-yolculuguna-ugurlandi_90e8976.jpg\" data-orig-size=\"1000,562\" data-comments-opened=\"\" data-image-meta=\"{&quot;aperture&quot;:&quot;0&quot;,&quot;credit&quot;:&quot;IHA&quot;,&quot;camera&quot;:&quot;&quot;,&quot;caption&quot;:&quot;SAKARYA \\u0130L EMN\\u0130YET M\\u00dcD\\u00dcRL\\u00dc\\u011e\\u00dc S\\u00d6\\u011e\\u00dcTL\\u00dc \\u0130L\\u00c7E EMN\\u0130YET M\\u00dcD\\u00dcRL\\u00dc\\u011e\\u00dcNDE \\u00c7ALI\\u015eAN VE KALP KR\\u0130Z\\u0130 GE\\u00c7\\u0130RMES\\u0130 SONUCU HAYATINI KAYBEDEN POL\\u0130S MEMURU TA\\u015eKIN \\u0130SKENDER, D\\u00dcZENLENEN CENAZE NAMAZIYLA SON YOLCULU\\u011eUNA U\\u011eURLANDI. (MET\\u0130N N\\u0130\\u015eANCIK\\\/SAKARYA-\\u0130HA)&quot;,&quot;created_timestamp&quot;:&quot;0&quot;,&quot;copyright&quot;:&quot;\\u0130HLAS HABER AJANSI, www.iha.com.tr&quot;,&quot;focal_length&quot;:&quot;0&quot;,&quot;iso&quot;:&quot;0&quot;,&quot;shutter_speed&quot;:&quot;0&quot;,&quot;title&quot;:&quot;KALP KR\\u0130Z\\u0130 GE\\u00c7\\u0130REREK VEFAT EDEN POL\\u0130S MEMURU SON YOLCULU\\u011eUNA U\\u011eURLANDI&quot;,&quot;orientation&quot;:&quot;0&quot;}\" data-image-title=\"Kalp krizi ge\u00e7irerek vefat eden polis memuru son yolculu\u011funa u\u011furland\u0131\" data-image-description=\"&lt;p&gt;Kalp krizi ge\u00e7irerek vefat eden polis memuru son yolculu\u011funa u\u011furland\u0131&lt;\/p&gt; \" data-medium-file=\"https:\/\/i0.wp.com\/www.tvturk.com\/wp-content\/uploads\/2019\/02\/kalp-krizi-gecirerek-vefat-eden-polis-memuru-son-yolculuguna-ugurlandi_90e8976.jpg?fit=300%2C169\" data-large-file=\"https:\/\/i0.wp.com\/www.tvturk.com\/wp-content\/uploads\/2019\/02\/kalp-krizi-gecirerek-vefat-eden-polis-memuru-son-yolculuguna-ugurlandi_90e8976.jpg?fit=1000%2C562\" src=\"https:\/\/i0.wp.com\/www.tvturk.com\/wp-content\/uploads\/2019\/02\/kalp-krizi-gecirerek-vefat-eden-polis-memuru-son-yolculuguna-ugurlandi_90e8976.jpg?w=246&#038;h=138\" srcset=\"https:\/\/i0.wp.com\/www.tvturk.com\/wp-content\/uploads\/2019\/02\/kalp-krizi-gecirerek-vefat-eden-polis-memuru-son-yolculuguna-ugurlandi_90e8976.jpg?w=1000 1000w, https:\/\/i0.wp.com\/www.tvturk.com\/wp-content\/uploads\/2019\/02\/kalp-krizi-gecirerek-vefat-eden-polis-memuru-son-yolculuguna-ugurlandi_90e8976.jpg?resize=150%2C84 150w, https:\/\/i0.wp.com\/www.tvturk.com\/wp-content\/uploads\/2019\/02\/kalp-krizi-gecirerek-vefat-eden-polis-memuru-son-yolculuguna-ugurlandi_90e8976.jpg?resize=300%2C169 300w, https:\/\/i0.wp.com\/www.tvturk.com\/wp-content\/uploads\/2019\/02\/kalp-krizi-gecirerek-vefat-eden-polis-memuru-son-yolculuguna-ugurlandi_90e8976.jpg?resize=768%2C432 768w, https:\/\/i0.wp.com\/www.tvturk.com\/wp-content\/uploads\/2019\/02\/kalp-krizi-gecirerek-vefat-eden-polis-memuru-son-yolculuguna-ugurlandi_90e8976.jpg?resize=200%2C113 200w\" width=\"246\" height=\"138\" loading=\"lazy\" data-original-width=\"246\" data-original-height=\"138\" itemprop=\"http:\/\/schema.org\/image\" title=\"Kalp krizi ge\u00e7irerek vefat eden polis memuru son yolculu\u011funa u\u011furland\u0131\" alt=\"Kalp krizi ge\u00e7irerek vefat eden polis memuru son yolculu\u011funa u\u011furland\u0131\" style=\"width: 246px; height: 138px;\" \/> <\/a> <\/div> <\/div> <!-- close group --> <\/div> <!-- close row --> <div class=\"gallery-row\" style=\"width: 500px; height: 283px;\" data-original-width=\"500\" data-original-height=\"283\" > <div class=\"gallery-group images-1\" style=\"width: 500px; height: 283px;\" data-original-width=\"500\" data-original-height=\"283\" > <div class=\"tiled-gallery-item tiled-gallery-item-large\" itemprop=\"associatedMedia\" itemscope itemtype=\"http:\/\/schema.org\/ImageObject\"> <a href=\"http:\/\/www.tvturk.com\/index.php\/kalp-krizi-gecirerek-vefat-eden-polis-memuru-son-yolculuguna-ugurlandi\/kalp-krizi-gecirerek-vefat-eden-polis-memuru-son-yolculuguna-ugurlandi-5\/\" border=\"0\" itemprop=\"url\"> <meta itemprop=\"width\" content=\"496\"> <meta itemprop=\"height\" content=\"279\"> <img decoding=\"async\" class=\"\" data-attachment-id=\"45162\" data-orig-file=\"http:\/\/www.tvturk.com\/wp-content\/uploads\/2019\/02\/kalp-krizi-gecirerek-vefat-eden-polis-memuru-son-yolculuguna-ugurlandi_9fc4b0f.jpg\" data-orig-size=\"1000,562\" data-comments-opened=\"\" data-image-meta=\"{&quot;aperture&quot;:&quot;0&quot;,&quot;credit&quot;:&quot;IHA&quot;,&quot;camera&quot;:&quot;&quot;,&quot;caption&quot;:&quot;SAKARYA \\u0130L EMN\\u0130YET M\\u00dcD\\u00dcRL\\u00dc\\u011e\\u00dc S\\u00d6\\u011e\\u00dcTL\\u00dc \\u0130L\\u00c7E EMN\\u0130YET M\\u00dcD\\u00dcRL\\u00dc\\u011e\\u00dcNDE \\u00c7ALI\\u015eAN VE KALP KR\\u0130Z\\u0130 GE\\u00c7\\u0130RMES\\u0130 SONUCU HAYATINI KAYBEDEN POL\\u0130S MEMURU TA\\u015eKIN \\u0130SKENDER, D\\u00dcZENLENEN CENAZE NAMAZIYLA SON YOLCULU\\u011eUNA U\\u011eURLANDI. (MET\\u0130N N\\u0130\\u015eANCIK\\\/SAKARYA-\\u0130HA)&quot;,&quot;created_timestamp&quot;:&quot;0&quot;,&quot;copyright&quot;:&quot;\\u0130HLAS HABER AJANSI, www.iha.com.tr&quot;,&quot;focal_length&quot;:&quot;0&quot;,&quot;iso&quot;:&quot;0&quot;,&quot;shutter_speed&quot;:&quot;0&quot;,&quot;title&quot;:&quot;KALP KR\\u0130Z\\u0130 GE\\u00c7\\u0130REREK VEFAT EDEN POL\\u0130S MEMURU SON YOLCULU\\u011eUNA U\\u011eURLANDI&quot;,&quot;orientation&quot;:&quot;0&quot;}\" data-image-title=\"Kalp krizi ge\u00e7irerek vefat eden polis memuru son yolculu\u011funa u\u011furland\u0131\" data-image-description=\"&lt;p&gt;Kalp krizi ge\u00e7irerek vefat eden polis memuru son yolculu\u011funa u\u011furland\u0131&lt;\/p&gt; \" data-medium-file=\"https:\/\/i0.wp.com\/www.tvturk.com\/wp-content\/uploads\/2019\/02\/kalp-krizi-gecirerek-vefat-eden-polis-memuru-son-yolculuguna-ugurlandi_9fc4b0f.jpg?fit=300%2C169\" data-large-file=\"https:\/\/i0.wp.com\/www.tvturk.com\/wp-content\/uploads\/2019\/02\/kalp-krizi-gecirerek-vefat-eden-polis-memuru-son-yolculuguna-ugurlandi_9fc4b0f.jpg?fit=1000%2C562\" src=\"https:\/\/i0.wp.com\/www.tvturk.com\/wp-content\/uploads\/2019\/02\/kalp-krizi-gecirerek-vefat-eden-polis-memuru-son-yolculuguna-ugurlandi_9fc4b0f.jpg?w=496&#038;h=279\" srcset=\"https:\/\/i0.wp.com\/www.tvturk.com\/wp-content\/uploads\/2019\/02\/kalp-krizi-gecirerek-vefat-eden-polis-memuru-son-yolculuguna-ugurlandi_9fc4b0f.jpg?w=1000 1000w, https:\/\/i0.wp.com\/www.tvturk.com\/wp-content\/uploads\/2019\/02\/kalp-krizi-gecirerek-vefat-eden-polis-memuru-son-yolculuguna-ugurlandi_9fc4b0f.jpg?resize=150%2C84 150w, https:\/\/i0.wp.com\/www.tvturk.com\/wp-content\/uploads\/2019\/02\/kalp-krizi-gecirerek-vefat-eden-polis-memuru-son-yolculuguna-ugurlandi_9fc4b0f.jpg?resize=300%2C169 300w, https:\/\/i0.wp.com\/www.tvturk.com\/wp-content\/uploads\/2019\/02\/kalp-krizi-gecirerek-vefat-eden-polis-memuru-son-yolculuguna-ugurlandi_9fc4b0f.jpg?resize=768%2C432 768w, https:\/\/i0.wp.com\/www.tvturk.com\/wp-content\/uploads\/2019\/02\/kalp-krizi-gecirerek-vefat-eden-polis-memuru-son-yolculuguna-ugurlandi_9fc4b0f.jpg?resize=200%2C113 200w\" width=\"496\" height=\"279\" loading=\"lazy\" data-original-width=\"496\" data-original-height=\"279\" itemprop=\"http:\/\/schema.org\/image\" title=\"Kalp krizi ge\u00e7irerek vefat eden polis memuru son yolculu\u011funa u\u011furland\u0131\" alt=\"Kalp krizi ge\u00e7irerek vefat eden polis memuru son yolculu\u011funa u\u011furland\u0131\" style=\"width: 496px; height: 279px;\" \/> <\/a> <\/div> <\/div> <!-- close group --> <\/div> <!-- close row --> <\/div><\/p>\n","protected":false},"excerpt":{"rendered":"<p>SAKARYA \u0130L EMN\u0130YET M\u00dcD\u00dcRL\u00dc\u011e\u00dc S\u00d6\u011e\u00dcTL\u00dc \u0130L\u00c7E EMN\u0130YET M\u00dcD\u00dcRL\u00dc\u011e\u00dcNDE \u00c7ALI\u015eAN VE KALP KR\u0130Z\u0130 GE\u00c7\u0130RMES\u0130 SONUCU HAYATINI KAYBEDEN POL\u0130S MEMURU TA\u015eKIN \u0130SKENDER, D\u00dcZENLENEN CENAZE NAMAZIYLA SON YOLCULU\u011eUNA U\u011eURLANDI.<\/p>\n","protected":false},"author":1,"featured_media":45159,"comment_status":"closed","ping_status":"open","sticky":false,"template":"","format":"standard","meta":{"jetpack_post_was_ever_published":false,"_jetpack_newsletter_access":"","_jetpack_dont_email_post_to_subs":false,"_jetpack_newsletter_tier_id":0,"_jetpack_memberships_contains_paywalled_content":false,"_jetpack_memberships_contains_paid_content":false,"footnotes":"","jetpack_publicize_message":"","jetpack_publicize_feature_enabled":true,"jetpack_social_post_already_shared":false,"jetpack_social_options":{"image_generator_settings":{"template":"highway","default_image_id":0,"font":"","enabled":false},"version":2}},"categories":[655],"tags":[2393,8121,2120,2121,3258,996,1240,2516,15559,2515],"class_list":["post-45158","post","type-post","status-publish","format-standard","has-post-thumbnail","hentry","category-son-dakika","tag-eden","tag-gecirerek","tag-kalp","tag-krizi","tag-memuru","tag-polis","tag-son","tag-ugurlandi","tag-vefat","tag-yolculuguna"],"jetpack_publicize_connections":[],"jetpack_featured_media_url":"https:\/\/i0.wp.com\/www.tvturk.com\/wp-content\/uploads\/2019\/02\/kalp-krizi-gecirerek-vefat-eden-polis-memuru-son-yolculuguna-ugurlandi_b2a746e.jpg?fit=1000%2C750","jetpack_sharing_enabled":true,"jetpack_shortlink":"https:\/\/wp.me\/paKIfm-bKm","_links":{"self":[{"href":"http:\/\/www.tvturk.com\/index.php\/wp-json\/wp\/v2\/posts\/45158","targetHints":{"allow":["GET"]}}],"collection":[{"href":"http:\/\/www.tvturk.com\/index.php\/wp-json\/wp\/v2\/posts"}],"about":[{"href":"http:\/\/www.tvturk.com\/index.php\/wp-json\/wp\/v2\/types\/post"}],"author":[{"embeddable":true,"href":"http:\/\/www.tvturk.com\/index.php\/wp-json\/wp\/v2\/users\/1"}],"replies":[{"embeddable":true,"href":"http:\/\/www.tvturk.com\/index.php\/wp-json\/wp\/v2\/comments?post=45158"}],"version-history":[{"count":1,"href":"http:\/\/www.tvturk.com\/index.php\/wp-json\/wp\/v2\/posts\/45158\/revisions"}],"predecessor-version":[{"id":45163,"href":"http:\/\/www.tvturk.com\/index.php\/wp-json\/wp\/v2\/posts\/45158\/revisions\/45163"}],"wp:featuredmedia":[{"embeddable":true,"href":"http:\/\/www.tvturk.com\/index.php\/wp-json\/wp\/v2\/media\/45159"}],"wp:attachment":[{"href":"http:\/\/www.tvturk.com\/index.php\/wp-json\/wp\/v2\/media?parent=45158"}],"wp:term":[{"taxonomy":"category","embeddable":true,"href":"http:\/\/www.tvturk.com\/index.php\/wp-json\/wp\/v2\/categories?post=45158"},{"taxonomy":"post_tag","embeddable":true,"href":"http:\/\/www.tvturk.com\/index.php\/wp-json\/wp\/v2\/tags?post=45158"}],"curies":[{"name":"wp","href":"https:\/\/api.w.org\/{rel}","templated":true}]}}