{"id":45385,"date":"2019-02-18T15:50:53","date_gmt":"2019-02-18T12:50:53","guid":{"rendered":"http:\/\/www.tvturk.com\/index.php\/otomobilin-carptigi-kadin-hastanede-hayatini-kaybetti\/"},"modified":"2019-02-18T15:50:56","modified_gmt":"2019-02-18T12:50:56","slug":"otomobilin-carptigi-kadin-hastanede-hayatini-kaybetti","status":"publish","type":"post","link":"http:\/\/www.tvturk.com\/index.php\/otomobilin-carptigi-kadin-hastanede-hayatini-kaybetti\/","title":{"rendered":"Otomobilin \u00e7arpt\u0131\u011f\u0131 kad\u0131n hastanede hayat\u0131n\u0131 kaybetti"},"content":{"rendered":"<p>Sakarya\u2019n\u0131n Erenler il\u00e7esinde D-100 karayolunda yolun kar\u015f\u0131s\u0131na ge\u00e7mek isteyen 70 ya\u015f\u0131ndaki kad\u0131na otomobil \u00e7arpt\u0131. Yaral\u0131 kad\u0131n kald\u0131r\u0131ld\u0131\u011f\u0131 hastanede hayat\u0131n\u0131 kaybetti.<\/p>\n<p>Kaza, Erenler il\u00e7esi D-100 Karayolu Pirahmetler Mahallesi mevki\u2019inde meydana geldi. Edinilen bilgiye g\u00f6re, Adapazar\u0131 istikametinden Akyaz\u0131 istikametine seyir halinde olan ve s\u00fcr\u00fcc\u00fcs\u00fcn\u00fcn ismi hen\u00fcz \u00f6\u011frenilemeyen 34 SL 2209 plakal\u0131 otomobil, yolun kar\u015f\u0131s\u0131na ge\u00e7mek isteyen 70 ya\u015f\u0131ndaki Nadire Korucuo\u011flu\u2019na \u00e7arpt\u0131. \u00c7arpman\u0131n etkisiyle ya\u015fl\u0131 kad\u0131n yola savruldu. Kazan\u0131n haber verilmesi \u00fczerine olay yerine sa\u011fl\u0131k ekibi sevk edildi. Ekiplerce ilk m\u00fcdahalesi olay yerinde yap\u0131lan yaral\u0131 kad\u0131n daha sonras\u0131nda Sakarya \u00dcniversitesi E\u011fitim ve Ara\u015ft\u0131rma Hastanesine kald\u0131r\u0131larak tedavi alt\u0131na al\u0131nd\u0131. Korucuo\u011flu burada yap\u0131lan t\u00fcm m\u00fcdahalelere ra\u011fmen kurtar\u0131lamayarak  hayat\u0131n\u0131 kaybetti.<\/p>\n<p>Polis kazayla ilgili inceleme ba\u015flatt\u0131.<div class=\"tiled-gallery type-rectangular tiled-gallery-unresized\" data-original-width=\"500\" data-carousel-extra='null' itemscope itemtype=\"http:\/\/schema.org\/ImageGallery\" > <div class=\"gallery-row\" style=\"width: 500px; height: 173px;\" data-original-width=\"500\" data-original-height=\"173\" > <div class=\"gallery-group images-1\" style=\"width: 131px; height: 173px;\" data-original-width=\"131\" data-original-height=\"173\" > <div class=\"tiled-gallery-item tiled-gallery-item-small\" itemprop=\"associatedMedia\" itemscope itemtype=\"http:\/\/schema.org\/ImageObject\"> <a href=\"http:\/\/www.tvturk.com\/index.php\/otomobilin-carptigi-kadin-hastanede-hayatini-kaybetti\/otomobilin-carptigi-kadin-hastanede-hayatini-kaybetti-3\/\" border=\"0\" itemprop=\"url\"> <meta itemprop=\"width\" content=\"127\"> <meta itemprop=\"height\" content=\"169\"> <img decoding=\"async\" class=\"\" data-attachment-id=\"45387\" data-orig-file=\"http:\/\/www.tvturk.com\/wp-content\/uploads\/2019\/02\/otomobilin-carptigi-kadin-hastanede-hayatini-kaybetti_94baaf3.jpg\" data-orig-size=\"750,1000\" data-comments-opened=\"\" data-image-meta=\"{&quot;aperture&quot;:&quot;0&quot;,&quot;credit&quot;:&quot;IHA&quot;,&quot;camera&quot;:&quot;&quot;,&quot;caption&quot;:&quot;SAKARYA\\u0027NIN ERENLER \\u0130L\\u00c7ES\\u0130NDE D-100 KARAYOLUNDA YOLUN KAR\\u015eISINA GE\\u00c7MEK \\u0130STEYEN 70 YA\\u015eINDAK\\u0130 KADINA OTOMOB\\u0130L \\u00c7ARPTI. YARALI KADIN KALDIRILDI\\u011eI HASTANEDE HAYATINI KAYBETT\\u0130. (AL\\u0130 YILDIRIM\\\/SAKARYA-\\u0130HA)&quot;,&quot;created_timestamp&quot;:&quot;0&quot;,&quot;copyright&quot;:&quot;\\u0130HLAS HABER AJANSI, www.iha.com.tr&quot;,&quot;focal_length&quot;:&quot;0&quot;,&quot;iso&quot;:&quot;0&quot;,&quot;shutter_speed&quot;:&quot;0&quot;,&quot;title&quot;:&quot;OTOMOB\\u0130L\\u0130N \\u00c7ARPTI\\u011eI KADIN HASTANEDE HAYATINI KAYBETT\\u0130&quot;,&quot;orientation&quot;:&quot;0&quot;}\" data-image-title=\"Otomobilin \u00e7arpt\u0131\u011f\u0131 kad\u0131n hastanede hayat\u0131n\u0131 kaybetti\" data-image-description=\"&lt;p&gt;Otomobilin \u00e7arpt\u0131\u011f\u0131 kad\u0131n hastanede hayat\u0131n\u0131 kaybetti&lt;\/p&gt; \" data-medium-file=\"https:\/\/i0.wp.com\/www.tvturk.com\/wp-content\/uploads\/2019\/02\/otomobilin-carptigi-kadin-hastanede-hayatini-kaybetti_94baaf3.jpg?fit=225%2C300\" data-large-file=\"https:\/\/i0.wp.com\/www.tvturk.com\/wp-content\/uploads\/2019\/02\/otomobilin-carptigi-kadin-hastanede-hayatini-kaybetti_94baaf3.jpg?fit=750%2C1000\" src=\"https:\/\/i0.wp.com\/www.tvturk.com\/wp-content\/uploads\/2019\/02\/otomobilin-carptigi-kadin-hastanede-hayatini-kaybetti_94baaf3.jpg?w=127&#038;h=169\" srcset=\"https:\/\/i0.wp.com\/www.tvturk.com\/wp-content\/uploads\/2019\/02\/otomobilin-carptigi-kadin-hastanede-hayatini-kaybetti_94baaf3.jpg?w=750 750w, https:\/\/i0.wp.com\/www.tvturk.com\/wp-content\/uploads\/2019\/02\/otomobilin-carptigi-kadin-hastanede-hayatini-kaybetti_94baaf3.jpg?resize=113%2C150 113w, https:\/\/i0.wp.com\/www.tvturk.com\/wp-content\/uploads\/2019\/02\/otomobilin-carptigi-kadin-hastanede-hayatini-kaybetti_94baaf3.jpg?resize=225%2C300 225w\" width=\"127\" height=\"169\" loading=\"lazy\" data-original-width=\"127\" data-original-height=\"169\" itemprop=\"http:\/\/schema.org\/image\" title=\"Otomobilin \u00e7arpt\u0131\u011f\u0131 kad\u0131n hastanede hayat\u0131n\u0131 kaybetti\" alt=\"Otomobilin \u00e7arpt\u0131\u011f\u0131 kad\u0131n hastanede hayat\u0131n\u0131 kaybetti\" style=\"width: 127px; height: 169px;\" \/> <\/a> <\/div> <\/div> <!-- close group --> <div class=\"gallery-group images-1\" style=\"width: 130px; height: 173px;\" data-original-width=\"130\" data-original-height=\"173\" > <div class=\"tiled-gallery-item tiled-gallery-item-small\" itemprop=\"associatedMedia\" itemscope itemtype=\"http:\/\/schema.org\/ImageObject\"> <a href=\"http:\/\/www.tvturk.com\/index.php\/otomobilin-carptigi-kadin-hastanede-hayatini-kaybetti\/otomobilin-carptigi-kadin-hastanede-hayatini-kaybetti-4\/\" border=\"0\" itemprop=\"url\"> <meta itemprop=\"width\" content=\"126\"> <meta itemprop=\"height\" content=\"169\"> <img decoding=\"async\" class=\"\" data-attachment-id=\"45388\" data-orig-file=\"http:\/\/www.tvturk.com\/wp-content\/uploads\/2019\/02\/otomobilin-carptigi-kadin-hastanede-hayatini-kaybetti_2afb467.jpg\" data-orig-size=\"750,1000\" data-comments-opened=\"\" data-image-meta=\"{&quot;aperture&quot;:&quot;0&quot;,&quot;credit&quot;:&quot;IHA&quot;,&quot;camera&quot;:&quot;&quot;,&quot;caption&quot;:&quot;SAKARYA\\u0027NIN ERENLER \\u0130L\\u00c7ES\\u0130NDE D-100 KARAYOLUNDA YOLUN KAR\\u015eISINA GE\\u00c7MEK \\u0130STEYEN 70 YA\\u015eINDAK\\u0130 KADINA OTOMOB\\u0130L \\u00c7ARPTI. YARALI KADIN KALDIRILDI\\u011eI HASTANEDE HAYATINI KAYBETT\\u0130. (AL\\u0130 YILDIRIM\\\/SAKARYA-\\u0130HA)&quot;,&quot;created_timestamp&quot;:&quot;0&quot;,&quot;copyright&quot;:&quot;\\u0130HLAS HABER AJANSI, www.iha.com.tr&quot;,&quot;focal_length&quot;:&quot;0&quot;,&quot;iso&quot;:&quot;0&quot;,&quot;shutter_speed&quot;:&quot;0&quot;,&quot;title&quot;:&quot;OTOMOB\\u0130L\\u0130N \\u00c7ARPTI\\u011eI KADIN HASTANEDE HAYATINI KAYBETT\\u0130&quot;,&quot;orientation&quot;:&quot;0&quot;}\" data-image-title=\"Otomobilin \u00e7arpt\u0131\u011f\u0131 kad\u0131n hastanede hayat\u0131n\u0131 kaybetti\" data-image-description=\"&lt;p&gt;Otomobilin \u00e7arpt\u0131\u011f\u0131 kad\u0131n hastanede hayat\u0131n\u0131 kaybetti&lt;\/p&gt; \" data-medium-file=\"https:\/\/i0.wp.com\/www.tvturk.com\/wp-content\/uploads\/2019\/02\/otomobilin-carptigi-kadin-hastanede-hayatini-kaybetti_2afb467.jpg?fit=225%2C300\" data-large-file=\"https:\/\/i0.wp.com\/www.tvturk.com\/wp-content\/uploads\/2019\/02\/otomobilin-carptigi-kadin-hastanede-hayatini-kaybetti_2afb467.jpg?fit=750%2C1000\" src=\"https:\/\/i0.wp.com\/www.tvturk.com\/wp-content\/uploads\/2019\/02\/otomobilin-carptigi-kadin-hastanede-hayatini-kaybetti_2afb467.jpg?w=126&#038;h=169\" srcset=\"https:\/\/i0.wp.com\/www.tvturk.com\/wp-content\/uploads\/2019\/02\/otomobilin-carptigi-kadin-hastanede-hayatini-kaybetti_2afb467.jpg?w=750 750w, https:\/\/i0.wp.com\/www.tvturk.com\/wp-content\/uploads\/2019\/02\/otomobilin-carptigi-kadin-hastanede-hayatini-kaybetti_2afb467.jpg?resize=225%2C300 225w\" width=\"126\" height=\"169\" loading=\"lazy\" data-original-width=\"126\" data-original-height=\"169\" itemprop=\"http:\/\/schema.org\/image\" title=\"Otomobilin \u00e7arpt\u0131\u011f\u0131 kad\u0131n hastanede hayat\u0131n\u0131 kaybetti\" alt=\"Otomobilin \u00e7arpt\u0131\u011f\u0131 kad\u0131n hastanede hayat\u0131n\u0131 kaybetti\" style=\"width: 126px; height: 169px;\" \/> <\/a> <\/div> <\/div> <!-- close group --> <div class=\"gallery-group images-1\" style=\"width: 140px; height: 173px;\" data-original-width=\"140\" data-original-height=\"173\" > <div class=\"tiled-gallery-item tiled-gallery-item-small\" itemprop=\"associatedMedia\" itemscope itemtype=\"http:\/\/schema.org\/ImageObject\"> <a href=\"http:\/\/www.tvturk.com\/index.php\/otomobilin-carptigi-kadin-hastanede-hayatini-kaybetti\/otomobilin-carptigi-kadin-hastanede-hayatini-kaybetti-5\/\" border=\"0\" itemprop=\"url\"> <meta itemprop=\"width\" content=\"136\"> <meta itemprop=\"height\" content=\"169\"> <img decoding=\"async\" class=\"\" data-attachment-id=\"45389\" data-orig-file=\"http:\/\/www.tvturk.com\/wp-content\/uploads\/2019\/02\/otomobilin-carptigi-kadin-hastanede-hayatini-kaybetti_67d6291.jpg\" data-orig-size=\"670,828\" data-comments-opened=\"\" data-image-meta=\"{&quot;aperture&quot;:&quot;0&quot;,&quot;credit&quot;:&quot;IHA&quot;,&quot;camera&quot;:&quot;&quot;,&quot;caption&quot;:&quot;SAKARYA\\u0027NIN ERENLER \\u0130L\\u00c7ES\\u0130NDE D-100 KARAYOLUNDA YOLUN KAR\\u015eISINA GE\\u00c7MEK \\u0130STEYEN 70 YA\\u015eINDAK\\u0130 KADINA OTOMOB\\u0130L \\u00c7ARPTI. YARALI KADIN KALDIRILDI\\u011eI HASTANEDE HAYATINI KAYBETT\\u0130. (AL\\u0130 YILDIRIM\\\/SAKARYA-\\u0130HA)&quot;,&quot;created_timestamp&quot;:&quot;1550533140&quot;,&quot;copyright&quot;:&quot;\\u0130HLAS HABER AJANSI, www.iha.com.tr&quot;,&quot;focal_length&quot;:&quot;0&quot;,&quot;iso&quot;:&quot;0&quot;,&quot;shutter_speed&quot;:&quot;0&quot;,&quot;title&quot;:&quot;OTOMOB\\u0130L\\u0130N \\u00c7ARPTI\\u011eI KADIN HASTANEDE HAYATINI KAYBETT\\u0130&quot;,&quot;orientation&quot;:&quot;0&quot;}\" data-image-title=\"Otomobilin \u00e7arpt\u0131\u011f\u0131 kad\u0131n hastanede hayat\u0131n\u0131 kaybetti\" data-image-description=\"&lt;p&gt;Otomobilin \u00e7arpt\u0131\u011f\u0131 kad\u0131n hastanede hayat\u0131n\u0131 kaybetti&lt;\/p&gt; \" data-medium-file=\"https:\/\/i0.wp.com\/www.tvturk.com\/wp-content\/uploads\/2019\/02\/otomobilin-carptigi-kadin-hastanede-hayatini-kaybetti_67d6291.jpg?fit=243%2C300\" data-large-file=\"https:\/\/i0.wp.com\/www.tvturk.com\/wp-content\/uploads\/2019\/02\/otomobilin-carptigi-kadin-hastanede-hayatini-kaybetti_67d6291.jpg?fit=670%2C828\" src=\"https:\/\/i0.wp.com\/www.tvturk.com\/wp-content\/uploads\/2019\/02\/otomobilin-carptigi-kadin-hastanede-hayatini-kaybetti_67d6291.jpg?w=136&#038;h=169\" srcset=\"https:\/\/i0.wp.com\/www.tvturk.com\/wp-content\/uploads\/2019\/02\/otomobilin-carptigi-kadin-hastanede-hayatini-kaybetti_67d6291.jpg?w=670 670w, https:\/\/i0.wp.com\/www.tvturk.com\/wp-content\/uploads\/2019\/02\/otomobilin-carptigi-kadin-hastanede-hayatini-kaybetti_67d6291.jpg?resize=121%2C150 121w, https:\/\/i0.wp.com\/www.tvturk.com\/wp-content\/uploads\/2019\/02\/otomobilin-carptigi-kadin-hastanede-hayatini-kaybetti_67d6291.jpg?resize=243%2C300 243w\" width=\"136\" height=\"169\" loading=\"lazy\" data-original-width=\"136\" data-original-height=\"169\" itemprop=\"http:\/\/schema.org\/image\" title=\"Otomobilin \u00e7arpt\u0131\u011f\u0131 kad\u0131n hastanede hayat\u0131n\u0131 kaybetti\" alt=\"Otomobilin \u00e7arpt\u0131\u011f\u0131 kad\u0131n hastanede hayat\u0131n\u0131 kaybetti\" style=\"width: 136px; height: 169px;\" \/> <\/a> <\/div> <\/div> <!-- close group --> <div class=\"gallery-group images-1\" style=\"width: 99px; height: 173px;\" data-original-width=\"99\" data-original-height=\"173\" > <div class=\"tiled-gallery-item tiled-gallery-item-small\" itemprop=\"associatedMedia\" itemscope itemtype=\"http:\/\/schema.org\/ImageObject\"> <a href=\"http:\/\/www.tvturk.com\/index.php\/otomobilin-carptigi-kadin-hastanede-hayatini-kaybetti\/otomobilin-carptigi-kadin-hastanede-hayatini-kaybetti-6\/\" border=\"0\" itemprop=\"url\"> <meta itemprop=\"width\" content=\"95\"> <meta itemprop=\"height\" content=\"169\"> <img decoding=\"async\" class=\"\" data-attachment-id=\"45390\" data-orig-file=\"http:\/\/www.tvturk.com\/wp-content\/uploads\/2019\/02\/otomobilin-carptigi-kadin-hastanede-hayatini-kaybetti_cd308f1.jpg\" data-orig-size=\"562,1000\" data-comments-opened=\"\" data-image-meta=\"{&quot;aperture&quot;:&quot;0&quot;,&quot;credit&quot;:&quot;IHA&quot;,&quot;camera&quot;:&quot;&quot;,&quot;caption&quot;:&quot;SAKARYA\\u0027NIN ERENLER \\u0130L\\u00c7ES\\u0130NDE D-100 KARAYOLUNDA YOLUN KAR\\u015eISINA GE\\u00c7MEK \\u0130STEYEN 70 YA\\u015eINDAK\\u0130 KADINA OTOMOB\\u0130L \\u00c7ARPTI. YARALI KADIN KALDIRILDI\\u011eI HASTANEDE HAYATINI KAYBETT\\u0130. (AL\\u0130 YILDIRIM\\\/SAKARYA-\\u0130HA)&quot;,&quot;created_timestamp&quot;:&quot;0&quot;,&quot;copyright&quot;:&quot;\\u0130HLAS HABER AJANSI, www.iha.com.tr&quot;,&quot;focal_length&quot;:&quot;0&quot;,&quot;iso&quot;:&quot;0&quot;,&quot;shutter_speed&quot;:&quot;0&quot;,&quot;title&quot;:&quot;OTOMOB\\u0130L\\u0130N \\u00c7ARPTI\\u011eI KADIN HASTANEDE HAYATINI KAYBETT\\u0130&quot;,&quot;orientation&quot;:&quot;0&quot;}\" data-image-title=\"Otomobilin \u00e7arpt\u0131\u011f\u0131 kad\u0131n hastanede hayat\u0131n\u0131 kaybetti\" data-image-description=\"&lt;p&gt;Otomobilin \u00e7arpt\u0131\u011f\u0131 kad\u0131n hastanede hayat\u0131n\u0131 kaybetti&lt;\/p&gt; \" data-medium-file=\"https:\/\/i0.wp.com\/www.tvturk.com\/wp-content\/uploads\/2019\/02\/otomobilin-carptigi-kadin-hastanede-hayatini-kaybetti_cd308f1.jpg?fit=169%2C300\" data-large-file=\"https:\/\/i0.wp.com\/www.tvturk.com\/wp-content\/uploads\/2019\/02\/otomobilin-carptigi-kadin-hastanede-hayatini-kaybetti_cd308f1.jpg?fit=562%2C1000\" src=\"https:\/\/i0.wp.com\/www.tvturk.com\/wp-content\/uploads\/2019\/02\/otomobilin-carptigi-kadin-hastanede-hayatini-kaybetti_cd308f1.jpg?w=95&#038;h=169\" srcset=\"https:\/\/i0.wp.com\/www.tvturk.com\/wp-content\/uploads\/2019\/02\/otomobilin-carptigi-kadin-hastanede-hayatini-kaybetti_cd308f1.jpg?w=562 562w, https:\/\/i0.wp.com\/www.tvturk.com\/wp-content\/uploads\/2019\/02\/otomobilin-carptigi-kadin-hastanede-hayatini-kaybetti_cd308f1.jpg?resize=84%2C150 84w, https:\/\/i0.wp.com\/www.tvturk.com\/wp-content\/uploads\/2019\/02\/otomobilin-carptigi-kadin-hastanede-hayatini-kaybetti_cd308f1.jpg?resize=169%2C300 169w\" width=\"95\" height=\"169\" loading=\"lazy\" data-original-width=\"95\" data-original-height=\"169\" itemprop=\"http:\/\/schema.org\/image\" title=\"Otomobilin \u00e7arpt\u0131\u011f\u0131 kad\u0131n hastanede hayat\u0131n\u0131 kaybetti\" alt=\"Otomobilin \u00e7arpt\u0131\u011f\u0131 kad\u0131n hastanede hayat\u0131n\u0131 kaybetti\" style=\"width: 95px; height: 169px;\" \/> <\/a> <\/div> <\/div> <!-- close group --> <\/div> <!-- close row --> <div class=\"gallery-row\" style=\"width: 500px; height: 286px;\" data-original-width=\"500\" data-original-height=\"286\" > <div class=\"gallery-group images-1\" style=\"width: 216px; height: 286px;\" data-original-width=\"216\" data-original-height=\"286\" > <div class=\"tiled-gallery-item tiled-gallery-item-small\" itemprop=\"associatedMedia\" itemscope itemtype=\"http:\/\/schema.org\/ImageObject\"> <a href=\"http:\/\/www.tvturk.com\/index.php\/otomobilin-carptigi-kadin-hastanede-hayatini-kaybetti\/otomobilin-carptigi-kadin-hastanede-hayatini-kaybetti-7\/\" border=\"0\" itemprop=\"url\"> <meta itemprop=\"width\" content=\"212\"> <meta itemprop=\"height\" content=\"282\"> <img decoding=\"async\" class=\"\" data-attachment-id=\"45391\" data-orig-file=\"http:\/\/www.tvturk.com\/wp-content\/uploads\/2019\/02\/otomobilin-carptigi-kadin-hastanede-hayatini-kaybetti_524fbf3.jpg\" data-orig-size=\"750,1000\" data-comments-opened=\"\" data-image-meta=\"{&quot;aperture&quot;:&quot;0&quot;,&quot;credit&quot;:&quot;IHA&quot;,&quot;camera&quot;:&quot;&quot;,&quot;caption&quot;:&quot;SAKARYA\\u0027NIN ERENLER \\u0130L\\u00c7ES\\u0130NDE D-100 KARAYOLUNDA YOLUN KAR\\u015eISINA GE\\u00c7MEK \\u0130STEYEN 70 YA\\u015eINDAK\\u0130 KADINA OTOMOB\\u0130L \\u00c7ARPTI. YARALI KADIN KALDIRILDI\\u011eI HASTANEDE HAYATINI KAYBETT\\u0130. (AL\\u0130 YILDIRIM\\\/SAKARYA-\\u0130HA)&quot;,&quot;created_timestamp&quot;:&quot;0&quot;,&quot;copyright&quot;:&quot;\\u0130HLAS HABER AJANSI, www.iha.com.tr&quot;,&quot;focal_length&quot;:&quot;0&quot;,&quot;iso&quot;:&quot;0&quot;,&quot;shutter_speed&quot;:&quot;0&quot;,&quot;title&quot;:&quot;OTOMOB\\u0130L\\u0130N \\u00c7ARPTI\\u011eI KADIN HASTANEDE HAYATINI KAYBETT\\u0130&quot;,&quot;orientation&quot;:&quot;0&quot;}\" data-image-title=\"Otomobilin \u00e7arpt\u0131\u011f\u0131 kad\u0131n hastanede hayat\u0131n\u0131 kaybetti\" data-image-description=\"&lt;p&gt;Otomobilin \u00e7arpt\u0131\u011f\u0131 kad\u0131n hastanede hayat\u0131n\u0131 kaybetti&lt;\/p&gt; \" data-medium-file=\"https:\/\/i0.wp.com\/www.tvturk.com\/wp-content\/uploads\/2019\/02\/otomobilin-carptigi-kadin-hastanede-hayatini-kaybetti_524fbf3.jpg?fit=225%2C300\" data-large-file=\"https:\/\/i0.wp.com\/www.tvturk.com\/wp-content\/uploads\/2019\/02\/otomobilin-carptigi-kadin-hastanede-hayatini-kaybetti_524fbf3.jpg?fit=750%2C1000\" src=\"https:\/\/i0.wp.com\/www.tvturk.com\/wp-content\/uploads\/2019\/02\/otomobilin-carptigi-kadin-hastanede-hayatini-kaybetti_524fbf3.jpg?w=212&#038;h=282\" srcset=\"https:\/\/i0.wp.com\/www.tvturk.com\/wp-content\/uploads\/2019\/02\/otomobilin-carptigi-kadin-hastanede-hayatini-kaybetti_524fbf3.jpg?w=750 750w, https:\/\/i0.wp.com\/www.tvturk.com\/wp-content\/uploads\/2019\/02\/otomobilin-carptigi-kadin-hastanede-hayatini-kaybetti_524fbf3.jpg?resize=113%2C150 113w, https:\/\/i0.wp.com\/www.tvturk.com\/wp-content\/uploads\/2019\/02\/otomobilin-carptigi-kadin-hastanede-hayatini-kaybetti_524fbf3.jpg?resize=225%2C300 225w\" width=\"212\" height=\"282\" loading=\"lazy\" data-original-width=\"212\" data-original-height=\"282\" itemprop=\"http:\/\/schema.org\/image\" title=\"Otomobilin \u00e7arpt\u0131\u011f\u0131 kad\u0131n hastanede hayat\u0131n\u0131 kaybetti\" alt=\"Otomobilin \u00e7arpt\u0131\u011f\u0131 kad\u0131n hastanede hayat\u0131n\u0131 kaybetti\" style=\"width: 212px; height: 282px;\" \/> <\/a> <\/div> <\/div> <!-- close group --> <div class=\"gallery-group images-1\" style=\"width: 284px; height: 286px;\" data-original-width=\"284\" data-original-height=\"286\" > <div class=\"tiled-gallery-item tiled-gallery-item-large\" itemprop=\"associatedMedia\" itemscope itemtype=\"http:\/\/schema.org\/ImageObject\"> <a href=\"http:\/\/www.tvturk.com\/index.php\/otomobilin-carptigi-kadin-hastanede-hayatini-kaybetti\/otomobilin-carptigi-kadin-hastanede-hayatini-kaybetti-8\/\" border=\"0\" itemprop=\"url\"> <meta itemprop=\"width\" content=\"280\"> <meta itemprop=\"height\" content=\"282\"> <img decoding=\"async\" class=\"\" data-attachment-id=\"45392\" data-orig-file=\"http:\/\/www.tvturk.com\/wp-content\/uploads\/2019\/02\/otomobilin-carptigi-kadin-hastanede-hayatini-kaybetti_fa9b25f.jpg\" data-orig-size=\"660,665\" data-comments-opened=\"\" data-image-meta=\"{&quot;aperture&quot;:&quot;0&quot;,&quot;credit&quot;:&quot;IHA&quot;,&quot;camera&quot;:&quot;&quot;,&quot;caption&quot;:&quot;SAKARYA\\u0027NIN ERENLER \\u0130L\\u00c7ES\\u0130NDE D-100 KARAYOLUNDA YOLUN KAR\\u015eISINA GE\\u00c7MEK \\u0130STEYEN 70 YA\\u015eINDAK\\u0130 KADINA OTOMOB\\u0130L \\u00c7ARPTI. YARALI KADIN KALDIRILDI\\u011eI HASTANEDE HAYATINI KAYBETT\\u0130. (AL\\u0130 YILDIRIM\\\/SAKARYA-\\u0130HA)&quot;,&quot;created_timestamp&quot;:&quot;1550533140&quot;,&quot;copyright&quot;:&quot;\\u0130HLAS HABER AJANSI, www.iha.com.tr&quot;,&quot;focal_length&quot;:&quot;0&quot;,&quot;iso&quot;:&quot;0&quot;,&quot;shutter_speed&quot;:&quot;0&quot;,&quot;title&quot;:&quot;OTOMOB\\u0130L\\u0130N \\u00c7ARPTI\\u011eI KADIN HASTANEDE HAYATINI KAYBETT\\u0130&quot;,&quot;orientation&quot;:&quot;0&quot;}\" data-image-title=\"Otomobilin \u00e7arpt\u0131\u011f\u0131 kad\u0131n hastanede hayat\u0131n\u0131 kaybetti\" data-image-description=\"&lt;p&gt;Otomobilin \u00e7arpt\u0131\u011f\u0131 kad\u0131n hastanede hayat\u0131n\u0131 kaybetti&lt;\/p&gt; \" data-medium-file=\"https:\/\/i0.wp.com\/www.tvturk.com\/wp-content\/uploads\/2019\/02\/otomobilin-carptigi-kadin-hastanede-hayatini-kaybetti_fa9b25f.jpg?fit=298%2C300\" data-large-file=\"https:\/\/i0.wp.com\/www.tvturk.com\/wp-content\/uploads\/2019\/02\/otomobilin-carptigi-kadin-hastanede-hayatini-kaybetti_fa9b25f.jpg?fit=660%2C665\" src=\"https:\/\/i0.wp.com\/www.tvturk.com\/wp-content\/uploads\/2019\/02\/otomobilin-carptigi-kadin-hastanede-hayatini-kaybetti_fa9b25f.jpg?w=280&#038;h=282\" srcset=\"https:\/\/i0.wp.com\/www.tvturk.com\/wp-content\/uploads\/2019\/02\/otomobilin-carptigi-kadin-hastanede-hayatini-kaybetti_fa9b25f.jpg?w=660 660w, https:\/\/i0.wp.com\/www.tvturk.com\/wp-content\/uploads\/2019\/02\/otomobilin-carptigi-kadin-hastanede-hayatini-kaybetti_fa9b25f.jpg?resize=150%2C150 150w, https:\/\/i0.wp.com\/www.tvturk.com\/wp-content\/uploads\/2019\/02\/otomobilin-carptigi-kadin-hastanede-hayatini-kaybetti_fa9b25f.jpg?resize=298%2C300 298w\" width=\"280\" height=\"282\" loading=\"lazy\" data-original-width=\"280\" data-original-height=\"282\" itemprop=\"http:\/\/schema.org\/image\" title=\"Otomobilin \u00e7arpt\u0131\u011f\u0131 kad\u0131n hastanede hayat\u0131n\u0131 kaybetti\" alt=\"Otomobilin \u00e7arpt\u0131\u011f\u0131 kad\u0131n hastanede hayat\u0131n\u0131 kaybetti\" style=\"width: 280px; height: 282px;\" \/> <\/a> <\/div> <\/div> <!-- close group --> <\/div> <!-- close row --> <\/div><\/p>\n","protected":false},"excerpt":{"rendered":"<p>SAKARYA&#8217;NIN ERENLER \u0130L\u00c7ES\u0130NDE D-100 KARAYOLUNDA YOLUN KAR\u015eISINA GE\u00c7MEK \u0130STEYEN 70 YA\u015eINDAK\u0130 KADINA OTOMOB\u0130L \u00c7ARPTI. YARALI KADIN KALDIRILDI\u011eI HASTANEDE HAYATINI KAYBETT\u0130.<\/p>\n","protected":false},"author":1,"featured_media":45386,"comment_status":"closed","ping_status":"open","sticky":false,"template":"","format":"standard","meta":{"jetpack_post_was_ever_published":false,"_jetpack_newsletter_access":"","_jetpack_dont_email_post_to_subs":false,"_jetpack_newsletter_tier_id":0,"_jetpack_memberships_contains_paywalled_content":false,"_jetpack_memberships_contains_paid_content":false,"footnotes":"","jetpack_publicize_message":"","jetpack_publicize_feature_enabled":true,"jetpack_social_post_already_shared":false,"jetpack_social_options":{"image_generator_settings":{"template":"highway","default_image_id":0,"font":"","enabled":false},"version":2}},"categories":[655],"tags":[3516,7219,848,108,849,3515],"class_list":["post-45385","post","type-post","status-publish","format-standard","has-post-thumbnail","hentry","category-son-dakika","tag-carptigi","tag-hastanede","tag-hayatini","tag-kadin","tag-kaybetti","tag-otomobilin"],"jetpack_publicize_connections":[],"jetpack_featured_media_url":"https:\/\/i0.wp.com\/www.tvturk.com\/wp-content\/uploads\/2019\/02\/otomobilin-carptigi-kadin-hastanede-hayatini-kaybetti_4fc1ab6.jpg?fit=645%2C814","jetpack_sharing_enabled":true,"jetpack_shortlink":"https:\/\/wp.me\/paKIfm-bO1","_links":{"self":[{"href":"http:\/\/www.tvturk.com\/index.php\/wp-json\/wp\/v2\/posts\/45385","targetHints":{"allow":["GET"]}}],"collection":[{"href":"http:\/\/www.tvturk.com\/index.php\/wp-json\/wp\/v2\/posts"}],"about":[{"href":"http:\/\/www.tvturk.com\/index.php\/wp-json\/wp\/v2\/types\/post"}],"author":[{"embeddable":true,"href":"http:\/\/www.tvturk.com\/index.php\/wp-json\/wp\/v2\/users\/1"}],"replies":[{"embeddable":true,"href":"http:\/\/www.tvturk.com\/index.php\/wp-json\/wp\/v2\/comments?post=45385"}],"version-history":[{"count":1,"href":"http:\/\/www.tvturk.com\/index.php\/wp-json\/wp\/v2\/posts\/45385\/revisions"}],"predecessor-version":[{"id":45393,"href":"http:\/\/www.tvturk.com\/index.php\/wp-json\/wp\/v2\/posts\/45385\/revisions\/45393"}],"wp:featuredmedia":[{"embeddable":true,"href":"http:\/\/www.tvturk.com\/index.php\/wp-json\/wp\/v2\/media\/45386"}],"wp:attachment":[{"href":"http:\/\/www.tvturk.com\/index.php\/wp-json\/wp\/v2\/media?parent=45385"}],"wp:term":[{"taxonomy":"category","embeddable":true,"href":"http:\/\/www.tvturk.com\/index.php\/wp-json\/wp\/v2\/categories?post=45385"},{"taxonomy":"post_tag","embeddable":true,"href":"http:\/\/www.tvturk.com\/index.php\/wp-json\/wp\/v2\/tags?post=45385"}],"curies":[{"name":"wp","href":"https:\/\/api.w.org\/{rel}","templated":true}]}}