{"id":45936,"date":"2019-02-18T17:41:22","date_gmt":"2019-02-18T14:41:22","guid":{"rendered":"http:\/\/www.tvturk.com\/index.php\/okullar-arasi-spor-festivalinin-galasi-yapildi\/"},"modified":"2019-02-18T17:41:27","modified_gmt":"2019-02-18T14:41:27","slug":"okullar-arasi-spor-festivalinin-galasi-yapildi","status":"publish","type":"post","link":"http:\/\/www.tvturk.com\/index.php\/okullar-arasi-spor-festivalinin-galasi-yapildi\/","title":{"rendered":"Okullar Aras\u0131 Spor Festivalinin galas\u0131 yap\u0131ld\u0131"},"content":{"rendered":"<p>\u0130neg\u00f6l Belediyesi\u2019nin bu y\u0131l \u2019Okullar Aras\u0131 Spor Festivali\u2019 ismiyle 4\u2019\u00fcnc\u00fcs\u00fc d\u00fczenlenen organizasyonun galas\u0131 bug\u00fcn yap\u0131ld\u0131. 7 bran\u015fta 34 ayr\u0131 kategoride d\u00fczenlenen Okullar Aras\u0131 Spor Festivalinde, 66 okuldan 4 bin 200 \u00f6\u011frenci m\u00fccadele edecek.<\/p>\n<p>\u0130neg\u00f6l Belediyesi, 3 y\u0131ld\u0131r Ba\u015fkanl\u0131k Kupas\u0131 ad\u0131 alt\u0131nda d\u00fczenledi\u011fi organizasyonu bu y\u0131l Okullar Aras\u0131 Spor Festivali ad\u0131yla hayata ge\u00e7iriyor. 4\u2019\u00fcnc\u00fc kez d\u00fczenlenecek olan organizasyonun galas\u0131, \u0130neg\u00f6l Belediyesi Spor Salonunda d\u00fczenlenen t\u00f6renle ger\u00e7ekle\u015ftirildi. 7 bran\u015fta 34 ayr\u0131 kategoride d\u00fczenlenen Okullar Aras\u0131 Spor Festivalinde 36 ortaokul ve 30 lise olmak \u00fczere toplam 66 okuldan 4 bin 200 \u00f6\u011frenci m\u00fccadele edecek. Bursa\u2019n\u0131n en b\u00fcy\u00fck spor organizasyonu olma \u00f6zelli\u011fi ta\u015f\u0131yan Okullar Aras\u0131 Spor Festivalinin galas\u0131na, Kaymakam \u015e\u00fckr\u00fc G\u00f6r\u00fcc\u00fc, Belediye Ba\u015fkan\u0131 Alper Taban, Ba\u015fkan Yard\u0131mc\u0131s\u0131 E\u015fref Yi\u011fit, AK Parti \u0130l\u00e7e Ba\u015fkan\u0131 Mustafa Ersan ve parti y\u00f6neticileri, Milli E\u011fitim M\u00fcd\u00fcr\u00fc Fatih Bilican, \u0130l\u00e7e Spor M\u00fcd\u00fcr\u00fc Yusuf \u015eevki Y\u00fccel, okul m\u00fcd\u00fcrleri, beden e\u011fitimi \u00f6\u011fretmenleri ve \u00f6\u011frenciler kat\u0131ld\u0131.<\/p>\n<p>\u0130neg\u00f6l Belediye Ba\u015fkan\u0131 Alper Taban, yakla\u015f\u0131k 14-15 ayd\u0131r g\u00f6revde oldu\u011funu hat\u0131rlatarak, \u201cBu zaman zarf\u0131nda yeri geldi okullarda sizlerle bir araya gelmeye \u00e7al\u0131\u015ft\u0131k, belirli organizasyonlarda bulu\u015fmaya \u00e7al\u0131\u015ft\u0131k. Biz \u00e7ok b\u00fcy\u00fck bir potansiyele sahibiz. Hem gen\u00e7 n\u00fcfus anlam\u0131nda hem de \u00f6\u011frenci anlam\u0131nda ciddi bir potansiyelimiz var. Bunu in\u015fallah f\u0131rsata \u00e7eviririz diye d\u00fc\u015f\u00fcnd\u00fck. Gen\u00e7lerimizin enerjisinden, dinamizminden faydalan\u0131r\u0131z. Bu fayda kar\u015f\u0131l\u0131kl\u0131 kazan-kazana d\u00f6n\u00fc\u015febilir diye d\u00fc\u015f\u00fcnerek bir tak\u0131m planlamalar yapt\u0131k. Ge\u00e7mi\u015fte de benzer organizasyonlar\u0131 yapm\u0131\u015ft\u0131k. Ama bu y\u0131l biraz daha geli\u015fmi\u015f, biraz daha derinlemesine hareket ederek bunu spor festivaline d\u00f6n\u00fc\u015ft\u00fcrelim istedik. Bizler bu \u015fehirde k\u00fclt\u00fcr sanat anlam\u0131nda festivaller ger\u00e7ekle\u015ftiriyoruz. \u0130n\u015fallah buna spor festivalini de eklemi\u015f oluyoruz\u201d dedi.<\/p>\n<p>Okullar Aras\u0131 Spor Festivali hakk\u0131nda bilgiler de veren Taban, \u201cFestivalde 7 bran\u015f, 34 ayr\u0131 kategoride 4 bin 200 \u00f6\u011frencimizin kat\u0131laca\u011f\u0131 dolu dolu m\u00fcsabakalar olacak. Bug\u00fcn a\u00e7\u0131l\u0131\u015f organizasyonumuzu ger\u00e7ekle\u015ftiriyoruz. Kazas\u0131z belas\u0131z, sakatl\u0131klar\u0131n olmad\u0131\u011f\u0131 bir spor festivali diliyorum. Ancak \u00f6nceli\u011fin e\u011fitiminiz ve dersleriniz oldu\u011funu da unutmay\u0131n. Gelecekte in\u015fallah daha donan\u0131ml\u0131 spor merkezleri hayata ge\u00e7irerek sizlerin buralardan faydalanmas\u0131n\u0131 istiyoruz. Payda\u015flar\u0131m\u0131z olan Milli E\u011fitim M\u00fcd\u00fcrl\u00fc\u011f\u00fcm\u00fcze, \u0130l\u00e7e Spor M\u00fcd\u00fcrl\u00fc\u011f\u00fcm\u00fcz ve Kaymakam\u0131m\u0131za da katk\u0131lar\u0131ndan dolay\u0131 te\u015fekk\u00fcr ediyorum\u201d diye konu\u015ftu.<\/p>\n<p>Ba\u015fkan Taban, konu\u015fmas\u0131n\u0131n sonunda Efeler Liginde m\u00fccadele eden \u0130neg\u00f6l Belediyespor voleybol tak\u0131m\u0131n\u0131n \u00e7ar\u015famba g\u00fcn\u00fc oynayaca\u011f\u0131 ma\u00e7a ili\u015fkin de konu\u015farak salondaki konuklar\u0131 davet etti. Taban, \u201cBelediyespor voleybol tak\u0131m\u0131m\u0131z \u00e7ar\u015famba g\u00fcn\u00fc 18.30\u2019da \u0130neg\u00f6l Kapal\u0131 Spor Salonunda Tokat Belediye Plevne ile kar\u015f\u0131la\u015facak. 19. Hafta m\u00fcsabakalar\u0131 kapsam\u0131nda oynayaca\u011f\u0131m\u0131z bu ma\u00e7a da t\u00fcm il\u00e7e halk\u0131m\u0131z\u0131, \u00f6zellikle gen\u00e7lerimizi bekledi\u011fimizi ifade etmek istiyorum\u201d dedi.<\/p>\n<p>Gala program\u0131nda Kaymakam \u015e\u00fckr\u00fc G\u00f6r\u00fcc\u00fc de, &#8220;B\u00f6yle g\u00fczel bir g\u00fcnde sizlerle birlikte olmaktan dolay\u0131 mutluyum. Bug\u00fcn gen\u00e7lerimizle, okul m\u00fcd\u00fcrlerimizle, gelece\u011fin sporcular\u0131yla birlikteyiz. Belediyemizin ba\u015flatt\u0131\u011f\u0131 bu program vesilesiyle sizlerleyiz. Bizim i\u00e7in \u00f6ncelik e\u011fitim. Sizlerin e\u011fitimlerinizi aksatmadan spor yapman\u0131z\u0131 istiyoruz. Kitap fuar\u0131na da \u00f6\u011frencilerimizin ilgisi olduk\u00e7a yo\u011fun. \u00d6\u011frencilerimiz burada spor yaparken ayn\u0131 zamanda okuyacak. \u00c7\u00fcnk\u00fc bu \u00fclkenin gelece\u011fi sizlersiniz. Gelece\u011fe \u00e7ok iyi haz\u0131rlanmak durumundas\u0131n\u0131z. Sporun birlik beraberlik ve karde\u015flik duygusu i\u00e7erisinde yap\u0131lmas\u0131 gerekti\u011fini de \u00f6\u011frencilerimiz bilmeli. Bu organizasyonda okullar\u0131m\u0131z aras\u0131nda kar\u015f\u0131l\u0131kl\u0131 sevgi ve sayg\u0131 olmal\u0131. Tabi ki bu yar\u0131\u015ft\u0131r. Sporda mutlaka rekabet vard\u0131r. Ama sporun birlik beraberlik ve karde\u015flik duygular\u0131n\u0131 geli\u015ftirdi\u011fini de bilmeliyiz. Organizasyonda eme\u011fi ge\u00e7en herkese te\u015fekk\u00fcr ediyorum\u201d \u015feklinde konu\u015ftu.<\/p>\n<p>Konu\u015fmalar\u0131n ard\u0131ndan festivale kat\u0131lan 66 okulun temsilcisine spor seti hediye edildi. Gala program\u0131 hediye takdimi ile son buldu.<div class=\"tiled-gallery type-rectangular tiled-gallery-unresized\" data-original-width=\"500\" data-carousel-extra='null' itemscope itemtype=\"http:\/\/schema.org\/ImageGallery\" > <div class=\"gallery-row\" style=\"width: 500px; height: 224px;\" data-original-width=\"500\" data-original-height=\"224\" > <div class=\"gallery-group images-1\" style=\"width: 334px; height: 224px;\" data-original-width=\"334\" data-original-height=\"224\" > <div class=\"tiled-gallery-item tiled-gallery-item-large\" itemprop=\"associatedMedia\" itemscope itemtype=\"http:\/\/schema.org\/ImageObject\"> <a href=\"http:\/\/www.tvturk.com\/index.php\/okullar-arasi-spor-festivalinin-galasi-yapildi\/okullar-arasi-spor-festivalinin-galasi-yapildi-3\/\" border=\"0\" itemprop=\"url\"> <meta itemprop=\"width\" content=\"330\"> <meta itemprop=\"height\" content=\"220\"> <img decoding=\"async\" class=\"\" data-attachment-id=\"45938\" data-orig-file=\"http:\/\/www.tvturk.com\/wp-content\/uploads\/2019\/02\/okullar-arasi-spor-festivalinin-galasi-yapildi_a1e7ce5.jpg\" data-orig-size=\"1000,666\" data-comments-opened=\"\" data-image-meta=\"{&quot;aperture&quot;:&quot;0&quot;,&quot;credit&quot;:&quot;IHA&quot;,&quot;camera&quot;:&quot;&quot;,&quot;caption&quot;:&quot;\\u0130NEG\\u00d6L BELED\\u0130YES\\u0130\\u2019N\\u0130N BU YIL \\u0027OKULLAR ARASI SPOR FEST\\u0130VAL\\u0130\\u0027 \\u0130SM\\u0130YLE 4\\u2019\\u00dcNC\\u00dcS\\u00dc D\\u00dcZENLENEN ORGAN\\u0130ZASYONUN GALASI BUG\\u00dcN YAPILDI. 7 BRAN\\u015eTA 34 AYRI KATEGOR\\u0130DE D\\u00dcZENLENEN OKULLAR ARASI SPOR FEST\\u0130VAL\\u0130NDE, 66 OKULDAN 4200 \\u00d6\\u011eRENC\\u0130 M\\u00dcCADELE EDECEK. (SEYFETT\\u0130N ARAS\\\/BURSA-\\u0130HA)&quot;,&quot;created_timestamp&quot;:&quot;0&quot;,&quot;copyright&quot;:&quot;\\u0130HLAS HABER AJANSI, www.iha.com.tr&quot;,&quot;focal_length&quot;:&quot;0&quot;,&quot;iso&quot;:&quot;0&quot;,&quot;shutter_speed&quot;:&quot;0&quot;,&quot;title&quot;:&quot;OKULLAR ARASI SPOR FEST\\u0130VAL\\u0130N\\u0130N GALASI YAPILDI&quot;,&quot;orientation&quot;:&quot;0&quot;}\" data-image-title=\"Okullar Aras\u0131 Spor Festivalinin galas\u0131 yap\u0131ld\u0131\" data-image-description=\"&lt;p&gt;Okullar Aras\u0131 Spor Festivalinin galas\u0131 yap\u0131ld\u0131&lt;\/p&gt; \" data-medium-file=\"https:\/\/i0.wp.com\/www.tvturk.com\/wp-content\/uploads\/2019\/02\/okullar-arasi-spor-festivalinin-galasi-yapildi_a1e7ce5.jpg?fit=300%2C200\" data-large-file=\"https:\/\/i0.wp.com\/www.tvturk.com\/wp-content\/uploads\/2019\/02\/okullar-arasi-spor-festivalinin-galasi-yapildi_a1e7ce5.jpg?fit=1000%2C666\" src=\"https:\/\/i0.wp.com\/www.tvturk.com\/wp-content\/uploads\/2019\/02\/okullar-arasi-spor-festivalinin-galasi-yapildi_a1e7ce5.jpg?w=330&#038;h=220\" srcset=\"https:\/\/i0.wp.com\/www.tvturk.com\/wp-content\/uploads\/2019\/02\/okullar-arasi-spor-festivalinin-galasi-yapildi_a1e7ce5.jpg?w=1000 1000w, https:\/\/i0.wp.com\/www.tvturk.com\/wp-content\/uploads\/2019\/02\/okullar-arasi-spor-festivalinin-galasi-yapildi_a1e7ce5.jpg?resize=150%2C100 150w, https:\/\/i0.wp.com\/www.tvturk.com\/wp-content\/uploads\/2019\/02\/okullar-arasi-spor-festivalinin-galasi-yapildi_a1e7ce5.jpg?resize=300%2C200 300w, https:\/\/i0.wp.com\/www.tvturk.com\/wp-content\/uploads\/2019\/02\/okullar-arasi-spor-festivalinin-galasi-yapildi_a1e7ce5.jpg?resize=768%2C511 768w, https:\/\/i0.wp.com\/www.tvturk.com\/wp-content\/uploads\/2019\/02\/okullar-arasi-spor-festivalinin-galasi-yapildi_a1e7ce5.jpg?resize=170%2C113 170w, https:\/\/i0.wp.com\/www.tvturk.com\/wp-content\/uploads\/2019\/02\/okullar-arasi-spor-festivalinin-galasi-yapildi_a1e7ce5.jpg?resize=120%2C80 120w\" width=\"330\" height=\"220\" loading=\"lazy\" data-original-width=\"330\" data-original-height=\"220\" itemprop=\"http:\/\/schema.org\/image\" title=\"Okullar Aras\u0131 Spor Festivalinin galas\u0131 yap\u0131ld\u0131\" alt=\"Okullar Aras\u0131 Spor Festivalinin galas\u0131 yap\u0131ld\u0131\" style=\"width: 330px; height: 220px;\" \/> <\/a> <\/div> <\/div> <!-- close group --> <div class=\"gallery-group images-2\" style=\"width: 166px; height: 224px;\" data-original-width=\"166\" data-original-height=\"224\" > <div class=\"tiled-gallery-item tiled-gallery-item-small\" itemprop=\"associatedMedia\" itemscope itemtype=\"http:\/\/schema.org\/ImageObject\"> <a href=\"http:\/\/www.tvturk.com\/index.php\/okullar-arasi-spor-festivalinin-galasi-yapildi\/okullar-arasi-spor-festivalinin-galasi-yapildi-4\/\" border=\"0\" itemprop=\"url\"> <meta itemprop=\"width\" content=\"162\"> <meta itemprop=\"height\" content=\"108\"> <img decoding=\"async\" class=\"\" data-attachment-id=\"45939\" data-orig-file=\"http:\/\/www.tvturk.com\/wp-content\/uploads\/2019\/02\/okullar-arasi-spor-festivalinin-galasi-yapildi_0680a69.jpg\" data-orig-size=\"1000,666\" data-comments-opened=\"\" data-image-meta=\"{&quot;aperture&quot;:&quot;0&quot;,&quot;credit&quot;:&quot;IHA&quot;,&quot;camera&quot;:&quot;&quot;,&quot;caption&quot;:&quot;\\u0130NEG\\u00d6L BELED\\u0130YES\\u0130\\u2019N\\u0130N BU YIL \\u0027OKULLAR ARASI SPOR FEST\\u0130VAL\\u0130\\u0027 \\u0130SM\\u0130YLE 4\\u2019\\u00dcNC\\u00dcS\\u00dc D\\u00dcZENLENEN ORGAN\\u0130ZASYONUN GALASI BUG\\u00dcN YAPILDI. 7 BRAN\\u015eTA 34 AYRI KATEGOR\\u0130DE D\\u00dcZENLENEN OKULLAR ARASI SPOR FEST\\u0130VAL\\u0130NDE, 66 OKULDAN 4200 \\u00d6\\u011eRENC\\u0130 M\\u00dcCADELE EDECEK. (SEYFETT\\u0130N ARAS\\\/BURSA-\\u0130HA)&quot;,&quot;created_timestamp&quot;:&quot;0&quot;,&quot;copyright&quot;:&quot;\\u0130HLAS HABER AJANSI, www.iha.com.tr&quot;,&quot;focal_length&quot;:&quot;0&quot;,&quot;iso&quot;:&quot;0&quot;,&quot;shutter_speed&quot;:&quot;0&quot;,&quot;title&quot;:&quot;OKULLAR ARASI SPOR FEST\\u0130VAL\\u0130N\\u0130N GALASI YAPILDI&quot;,&quot;orientation&quot;:&quot;0&quot;}\" data-image-title=\"Okullar Aras\u0131 Spor Festivalinin galas\u0131 yap\u0131ld\u0131\" data-image-description=\"&lt;p&gt;Okullar Aras\u0131 Spor Festivalinin galas\u0131 yap\u0131ld\u0131&lt;\/p&gt; \" data-medium-file=\"https:\/\/i0.wp.com\/www.tvturk.com\/wp-content\/uploads\/2019\/02\/okullar-arasi-spor-festivalinin-galasi-yapildi_0680a69.jpg?fit=300%2C200\" data-large-file=\"https:\/\/i0.wp.com\/www.tvturk.com\/wp-content\/uploads\/2019\/02\/okullar-arasi-spor-festivalinin-galasi-yapildi_0680a69.jpg?fit=1000%2C666\" src=\"https:\/\/i0.wp.com\/www.tvturk.com\/wp-content\/uploads\/2019\/02\/okullar-arasi-spor-festivalinin-galasi-yapildi_0680a69.jpg?w=162&#038;h=108\" srcset=\"https:\/\/i0.wp.com\/www.tvturk.com\/wp-content\/uploads\/2019\/02\/okullar-arasi-spor-festivalinin-galasi-yapildi_0680a69.jpg?w=1000 1000w, https:\/\/i0.wp.com\/www.tvturk.com\/wp-content\/uploads\/2019\/02\/okullar-arasi-spor-festivalinin-galasi-yapildi_0680a69.jpg?resize=150%2C100 150w, https:\/\/i0.wp.com\/www.tvturk.com\/wp-content\/uploads\/2019\/02\/okullar-arasi-spor-festivalinin-galasi-yapildi_0680a69.jpg?resize=300%2C200 300w, https:\/\/i0.wp.com\/www.tvturk.com\/wp-content\/uploads\/2019\/02\/okullar-arasi-spor-festivalinin-galasi-yapildi_0680a69.jpg?resize=768%2C511 768w, https:\/\/i0.wp.com\/www.tvturk.com\/wp-content\/uploads\/2019\/02\/okullar-arasi-spor-festivalinin-galasi-yapildi_0680a69.jpg?resize=170%2C113 170w, https:\/\/i0.wp.com\/www.tvturk.com\/wp-content\/uploads\/2019\/02\/okullar-arasi-spor-festivalinin-galasi-yapildi_0680a69.jpg?resize=120%2C80 120w\" width=\"162\" height=\"108\" loading=\"lazy\" data-original-width=\"162\" data-original-height=\"108\" itemprop=\"http:\/\/schema.org\/image\" title=\"Okullar Aras\u0131 Spor Festivalinin galas\u0131 yap\u0131ld\u0131\" alt=\"Okullar Aras\u0131 Spor Festivalinin galas\u0131 yap\u0131ld\u0131\" style=\"width: 162px; height: 108px;\" \/> <\/a> <\/div> <div class=\"tiled-gallery-item tiled-gallery-item-small\" itemprop=\"associatedMedia\" itemscope itemtype=\"http:\/\/schema.org\/ImageObject\"> <a href=\"http:\/\/www.tvturk.com\/index.php\/okullar-arasi-spor-festivalinin-galasi-yapildi\/okullar-arasi-spor-festivalinin-galasi-yapildi-5\/\" border=\"0\" itemprop=\"url\"> <meta itemprop=\"width\" content=\"162\"> <meta itemprop=\"height\" content=\"108\"> <img decoding=\"async\" class=\"\" data-attachment-id=\"45940\" data-orig-file=\"http:\/\/www.tvturk.com\/wp-content\/uploads\/2019\/02\/okullar-arasi-spor-festivalinin-galasi-yapildi_807d0d9.jpg\" data-orig-size=\"1000,666\" data-comments-opened=\"\" data-image-meta=\"{&quot;aperture&quot;:&quot;0&quot;,&quot;credit&quot;:&quot;IHA&quot;,&quot;camera&quot;:&quot;&quot;,&quot;caption&quot;:&quot;\\u0130NEG\\u00d6L BELED\\u0130YES\\u0130\\u2019N\\u0130N BU YIL \\u0027OKULLAR ARASI SPOR FEST\\u0130VAL\\u0130\\u0027 \\u0130SM\\u0130YLE 4\\u2019\\u00dcNC\\u00dcS\\u00dc D\\u00dcZENLENEN ORGAN\\u0130ZASYONUN GALASI BUG\\u00dcN YAPILDI. 7 BRAN\\u015eTA 34 AYRI KATEGOR\\u0130DE D\\u00dcZENLENEN OKULLAR ARASI SPOR FEST\\u0130VAL\\u0130NDE, 66 OKULDAN 4200 \\u00d6\\u011eRENC\\u0130 M\\u00dcCADELE EDECEK. (SEYFETT\\u0130N ARAS\\\/BURSA-\\u0130HA)&quot;,&quot;created_timestamp&quot;:&quot;0&quot;,&quot;copyright&quot;:&quot;\\u0130HLAS HABER AJANSI, www.iha.com.tr&quot;,&quot;focal_length&quot;:&quot;0&quot;,&quot;iso&quot;:&quot;0&quot;,&quot;shutter_speed&quot;:&quot;0&quot;,&quot;title&quot;:&quot;OKULLAR ARASI SPOR FEST\\u0130VAL\\u0130N\\u0130N GALASI YAPILDI&quot;,&quot;orientation&quot;:&quot;0&quot;}\" data-image-title=\"Okullar Aras\u0131 Spor Festivalinin galas\u0131 yap\u0131ld\u0131\" data-image-description=\"&lt;p&gt;Okullar Aras\u0131 Spor Festivalinin galas\u0131 yap\u0131ld\u0131&lt;\/p&gt; \" data-medium-file=\"https:\/\/i0.wp.com\/www.tvturk.com\/wp-content\/uploads\/2019\/02\/okullar-arasi-spor-festivalinin-galasi-yapildi_807d0d9.jpg?fit=300%2C200\" data-large-file=\"https:\/\/i0.wp.com\/www.tvturk.com\/wp-content\/uploads\/2019\/02\/okullar-arasi-spor-festivalinin-galasi-yapildi_807d0d9.jpg?fit=1000%2C666\" src=\"https:\/\/i0.wp.com\/www.tvturk.com\/wp-content\/uploads\/2019\/02\/okullar-arasi-spor-festivalinin-galasi-yapildi_807d0d9.jpg?w=162&#038;h=108\" srcset=\"https:\/\/i0.wp.com\/www.tvturk.com\/wp-content\/uploads\/2019\/02\/okullar-arasi-spor-festivalinin-galasi-yapildi_807d0d9.jpg?w=1000 1000w, https:\/\/i0.wp.com\/www.tvturk.com\/wp-content\/uploads\/2019\/02\/okullar-arasi-spor-festivalinin-galasi-yapildi_807d0d9.jpg?resize=150%2C100 150w, https:\/\/i0.wp.com\/www.tvturk.com\/wp-content\/uploads\/2019\/02\/okullar-arasi-spor-festivalinin-galasi-yapildi_807d0d9.jpg?resize=300%2C200 300w, https:\/\/i0.wp.com\/www.tvturk.com\/wp-content\/uploads\/2019\/02\/okullar-arasi-spor-festivalinin-galasi-yapildi_807d0d9.jpg?resize=768%2C511 768w, https:\/\/i0.wp.com\/www.tvturk.com\/wp-content\/uploads\/2019\/02\/okullar-arasi-spor-festivalinin-galasi-yapildi_807d0d9.jpg?resize=170%2C113 170w, https:\/\/i0.wp.com\/www.tvturk.com\/wp-content\/uploads\/2019\/02\/okullar-arasi-spor-festivalinin-galasi-yapildi_807d0d9.jpg?resize=120%2C80 120w\" width=\"162\" height=\"108\" loading=\"lazy\" data-original-width=\"162\" data-original-height=\"108\" itemprop=\"http:\/\/schema.org\/image\" title=\"Okullar Aras\u0131 Spor Festivalinin galas\u0131 yap\u0131ld\u0131\" alt=\"Okullar Aras\u0131 Spor Festivalinin galas\u0131 yap\u0131ld\u0131\" style=\"width: 162px; height: 108px;\" \/> <\/a> <\/div> <\/div> <!-- close group --> <\/div> <!-- close row --> <div class=\"gallery-row\" style=\"width: 500px; height: 168px;\" data-original-width=\"500\" data-original-height=\"168\" > <div class=\"gallery-group images-1\" style=\"width: 250px; height: 168px;\" data-original-width=\"250\" data-original-height=\"168\" > <div class=\"tiled-gallery-item tiled-gallery-item-small\" itemprop=\"associatedMedia\" itemscope itemtype=\"http:\/\/schema.org\/ImageObject\"> <a href=\"http:\/\/www.tvturk.com\/index.php\/okullar-arasi-spor-festivalinin-galasi-yapildi\/okullar-arasi-spor-festivalinin-galasi-yapildi-6\/\" border=\"0\" itemprop=\"url\"> <meta itemprop=\"width\" content=\"246\"> <meta itemprop=\"height\" content=\"164\"> <img decoding=\"async\" class=\"\" data-attachment-id=\"45941\" data-orig-file=\"http:\/\/www.tvturk.com\/wp-content\/uploads\/2019\/02\/okullar-arasi-spor-festivalinin-galasi-yapildi_41195b2.jpg\" data-orig-size=\"1000,666\" data-comments-opened=\"\" data-image-meta=\"{&quot;aperture&quot;:&quot;0&quot;,&quot;credit&quot;:&quot;IHA&quot;,&quot;camera&quot;:&quot;&quot;,&quot;caption&quot;:&quot;\\u0130NEG\\u00d6L BELED\\u0130YES\\u0130\\u2019N\\u0130N BU YIL \\u0027OKULLAR ARASI SPOR FEST\\u0130VAL\\u0130\\u0027 \\u0130SM\\u0130YLE 4\\u2019\\u00dcNC\\u00dcS\\u00dc D\\u00dcZENLENEN ORGAN\\u0130ZASYONUN GALASI BUG\\u00dcN YAPILDI. 7 BRAN\\u015eTA 34 AYRI KATEGOR\\u0130DE D\\u00dcZENLENEN OKULLAR ARASI SPOR FEST\\u0130VAL\\u0130NDE, 66 OKULDAN 4200 \\u00d6\\u011eRENC\\u0130 M\\u00dcCADELE EDECEK. (SEYFETT\\u0130N ARAS\\\/BURSA-\\u0130HA)&quot;,&quot;created_timestamp&quot;:&quot;0&quot;,&quot;copyright&quot;:&quot;\\u0130HLAS HABER AJANSI, www.iha.com.tr&quot;,&quot;focal_length&quot;:&quot;0&quot;,&quot;iso&quot;:&quot;0&quot;,&quot;shutter_speed&quot;:&quot;0&quot;,&quot;title&quot;:&quot;OKULLAR ARASI SPOR FEST\\u0130VAL\\u0130N\\u0130N GALASI YAPILDI&quot;,&quot;orientation&quot;:&quot;0&quot;}\" data-image-title=\"Okullar Aras\u0131 Spor Festivalinin galas\u0131 yap\u0131ld\u0131\" data-image-description=\"&lt;p&gt;Okullar Aras\u0131 Spor Festivalinin galas\u0131 yap\u0131ld\u0131&lt;\/p&gt; \" data-medium-file=\"https:\/\/i0.wp.com\/www.tvturk.com\/wp-content\/uploads\/2019\/02\/okullar-arasi-spor-festivalinin-galasi-yapildi_41195b2.jpg?fit=300%2C200\" data-large-file=\"https:\/\/i0.wp.com\/www.tvturk.com\/wp-content\/uploads\/2019\/02\/okullar-arasi-spor-festivalinin-galasi-yapildi_41195b2.jpg?fit=1000%2C666\" src=\"https:\/\/i0.wp.com\/www.tvturk.com\/wp-content\/uploads\/2019\/02\/okullar-arasi-spor-festivalinin-galasi-yapildi_41195b2.jpg?w=246&#038;h=164\" srcset=\"https:\/\/i0.wp.com\/www.tvturk.com\/wp-content\/uploads\/2019\/02\/okullar-arasi-spor-festivalinin-galasi-yapildi_41195b2.jpg?w=1000 1000w, https:\/\/i0.wp.com\/www.tvturk.com\/wp-content\/uploads\/2019\/02\/okullar-arasi-spor-festivalinin-galasi-yapildi_41195b2.jpg?resize=150%2C100 150w, https:\/\/i0.wp.com\/www.tvturk.com\/wp-content\/uploads\/2019\/02\/okullar-arasi-spor-festivalinin-galasi-yapildi_41195b2.jpg?resize=300%2C200 300w, https:\/\/i0.wp.com\/www.tvturk.com\/wp-content\/uploads\/2019\/02\/okullar-arasi-spor-festivalinin-galasi-yapildi_41195b2.jpg?resize=768%2C511 768w, https:\/\/i0.wp.com\/www.tvturk.com\/wp-content\/uploads\/2019\/02\/okullar-arasi-spor-festivalinin-galasi-yapildi_41195b2.jpg?resize=170%2C113 170w, https:\/\/i0.wp.com\/www.tvturk.com\/wp-content\/uploads\/2019\/02\/okullar-arasi-spor-festivalinin-galasi-yapildi_41195b2.jpg?resize=120%2C80 120w\" width=\"246\" height=\"164\" loading=\"lazy\" data-original-width=\"246\" data-original-height=\"164\" itemprop=\"http:\/\/schema.org\/image\" title=\"Okullar Aras\u0131 Spor Festivalinin galas\u0131 yap\u0131ld\u0131\" alt=\"Okullar Aras\u0131 Spor Festivalinin galas\u0131 yap\u0131ld\u0131\" style=\"width: 246px; height: 164px;\" \/> <\/a> <\/div> <\/div> <!-- close group --> <div class=\"gallery-group images-1\" style=\"width: 250px; height: 168px;\" data-original-width=\"250\" data-original-height=\"168\" > <div class=\"tiled-gallery-item tiled-gallery-item-small\" itemprop=\"associatedMedia\" itemscope itemtype=\"http:\/\/schema.org\/ImageObject\"> <a href=\"http:\/\/www.tvturk.com\/index.php\/okullar-arasi-spor-festivalinin-galasi-yapildi\/okullar-arasi-spor-festivalinin-galasi-yapildi-7\/\" border=\"0\" itemprop=\"url\"> <meta itemprop=\"width\" content=\"246\"> <meta itemprop=\"height\" content=\"164\"> <img decoding=\"async\" class=\"\" data-attachment-id=\"45942\" data-orig-file=\"http:\/\/www.tvturk.com\/wp-content\/uploads\/2019\/02\/okullar-arasi-spor-festivalinin-galasi-yapildi_f66ddb7.jpg\" data-orig-size=\"1000,666\" data-comments-opened=\"\" data-image-meta=\"{&quot;aperture&quot;:&quot;0&quot;,&quot;credit&quot;:&quot;IHA&quot;,&quot;camera&quot;:&quot;&quot;,&quot;caption&quot;:&quot;\\u0130NEG\\u00d6L BELED\\u0130YES\\u0130\\u2019N\\u0130N BU YIL \\u0027OKULLAR ARASI SPOR FEST\\u0130VAL\\u0130\\u0027 \\u0130SM\\u0130YLE 4\\u2019\\u00dcNC\\u00dcS\\u00dc D\\u00dcZENLENEN ORGAN\\u0130ZASYONUN GALASI BUG\\u00dcN YAPILDI. 7 BRAN\\u015eTA 34 AYRI KATEGOR\\u0130DE D\\u00dcZENLENEN OKULLAR ARASI SPOR FEST\\u0130VAL\\u0130NDE, 66 OKULDAN 4200 \\u00d6\\u011eRENC\\u0130 M\\u00dcCADELE EDECEK. (SEYFETT\\u0130N ARAS\\\/BURSA-\\u0130HA)&quot;,&quot;created_timestamp&quot;:&quot;0&quot;,&quot;copyright&quot;:&quot;\\u0130HLAS HABER AJANSI, www.iha.com.tr&quot;,&quot;focal_length&quot;:&quot;0&quot;,&quot;iso&quot;:&quot;0&quot;,&quot;shutter_speed&quot;:&quot;0&quot;,&quot;title&quot;:&quot;OKULLAR ARASI SPOR FEST\\u0130VAL\\u0130N\\u0130N GALASI YAPILDI&quot;,&quot;orientation&quot;:&quot;0&quot;}\" data-image-title=\"Okullar Aras\u0131 Spor Festivalinin galas\u0131 yap\u0131ld\u0131\" data-image-description=\"&lt;p&gt;Okullar Aras\u0131 Spor Festivalinin galas\u0131 yap\u0131ld\u0131&lt;\/p&gt; \" data-medium-file=\"https:\/\/i0.wp.com\/www.tvturk.com\/wp-content\/uploads\/2019\/02\/okullar-arasi-spor-festivalinin-galasi-yapildi_f66ddb7.jpg?fit=300%2C200\" data-large-file=\"https:\/\/i0.wp.com\/www.tvturk.com\/wp-content\/uploads\/2019\/02\/okullar-arasi-spor-festivalinin-galasi-yapildi_f66ddb7.jpg?fit=1000%2C666\" src=\"https:\/\/i0.wp.com\/www.tvturk.com\/wp-content\/uploads\/2019\/02\/okullar-arasi-spor-festivalinin-galasi-yapildi_f66ddb7.jpg?w=246&#038;h=164\" srcset=\"https:\/\/i0.wp.com\/www.tvturk.com\/wp-content\/uploads\/2019\/02\/okullar-arasi-spor-festivalinin-galasi-yapildi_f66ddb7.jpg?w=1000 1000w, https:\/\/i0.wp.com\/www.tvturk.com\/wp-content\/uploads\/2019\/02\/okullar-arasi-spor-festivalinin-galasi-yapildi_f66ddb7.jpg?resize=150%2C100 150w, https:\/\/i0.wp.com\/www.tvturk.com\/wp-content\/uploads\/2019\/02\/okullar-arasi-spor-festivalinin-galasi-yapildi_f66ddb7.jpg?resize=300%2C200 300w, https:\/\/i0.wp.com\/www.tvturk.com\/wp-content\/uploads\/2019\/02\/okullar-arasi-spor-festivalinin-galasi-yapildi_f66ddb7.jpg?resize=768%2C511 768w, https:\/\/i0.wp.com\/www.tvturk.com\/wp-content\/uploads\/2019\/02\/okullar-arasi-spor-festivalinin-galasi-yapildi_f66ddb7.jpg?resize=170%2C113 170w, https:\/\/i0.wp.com\/www.tvturk.com\/wp-content\/uploads\/2019\/02\/okullar-arasi-spor-festivalinin-galasi-yapildi_f66ddb7.jpg?resize=120%2C80 120w\" width=\"246\" height=\"164\" loading=\"lazy\" data-original-width=\"246\" data-original-height=\"164\" itemprop=\"http:\/\/schema.org\/image\" title=\"Okullar Aras\u0131 Spor Festivalinin galas\u0131 yap\u0131ld\u0131\" alt=\"Okullar Aras\u0131 Spor Festivalinin galas\u0131 yap\u0131ld\u0131\" style=\"width: 246px; height: 164px;\" \/> <\/a> <\/div> <\/div> <!-- close group --> <\/div> <!-- close row --> <\/div><\/p>\n","protected":false},"excerpt":{"rendered":"<p>\u0130NEG\u00d6L BELED\u0130YES\u0130\u2019N\u0130N BU YIL &#8216;OKULLAR ARASI SPOR FEST\u0130VAL\u0130&#8217; \u0130SM\u0130YLE 4\u2019\u00dcNC\u00dcS\u00dc D\u00dcZENLENEN ORGAN\u0130ZASYONUN GALASI BUG\u00dcN YAPILDI. 7 BRAN\u015eTA 34 AYRI KATEGOR\u0130DE D\u00dcZENLENEN OKULLAR ARASI SPOR FEST\u0130VAL\u0130NDE, 66 OKULDAN 4200 \u00d6\u011eRENC\u0130 M\u00dcCADELE EDECEK.<\/p>\n","protected":false},"author":1,"featured_media":45937,"comment_status":"closed","ping_status":"open","sticky":false,"template":"","format":"standard","meta":{"jetpack_post_was_ever_published":false,"_jetpack_newsletter_access":"","_jetpack_dont_email_post_to_subs":false,"_jetpack_newsletter_tier_id":0,"_jetpack_memberships_contains_paywalled_content":false,"_jetpack_memberships_contains_paid_content":false,"footnotes":"","jetpack_publicize_message":"","jetpack_publicize_feature_enabled":true,"jetpack_social_post_already_shared":false,"jetpack_social_options":{"image_generator_settings":{"template":"highway","default_image_id":0,"font":"","enabled":false},"version":2}},"categories":[657],"tags":[5765,1951,10526,3574,1619,117],"class_list":["post-45936","post","type-post","status-publish","format-standard","has-post-thumbnail","hentry","category-spor","tag-arasi","tag-festivalinin","tag-galasi","tag-okullar","tag-spor","tag-yapildi"],"jetpack_publicize_connections":[],"jetpack_featured_media_url":"https:\/\/i0.wp.com\/www.tvturk.com\/wp-content\/uploads\/2019\/02\/okullar-arasi-spor-festivalinin-galasi-yapildi_61af90c.jpg?fit=1000%2C666","jetpack_sharing_enabled":true,"jetpack_shortlink":"https:\/\/wp.me\/paKIfm-bWU","_links":{"self":[{"href":"http:\/\/www.tvturk.com\/index.php\/wp-json\/wp\/v2\/posts\/45936","targetHints":{"allow":["GET"]}}],"collection":[{"href":"http:\/\/www.tvturk.com\/index.php\/wp-json\/wp\/v2\/posts"}],"about":[{"href":"http:\/\/www.tvturk.com\/index.php\/wp-json\/wp\/v2\/types\/post"}],"author":[{"embeddable":true,"href":"http:\/\/www.tvturk.com\/index.php\/wp-json\/wp\/v2\/users\/1"}],"replies":[{"embeddable":true,"href":"http:\/\/www.tvturk.com\/index.php\/wp-json\/wp\/v2\/comments?post=45936"}],"version-history":[{"count":1,"href":"http:\/\/www.tvturk.com\/index.php\/wp-json\/wp\/v2\/posts\/45936\/revisions"}],"predecessor-version":[{"id":45943,"href":"http:\/\/www.tvturk.com\/index.php\/wp-json\/wp\/v2\/posts\/45936\/revisions\/45943"}],"wp:featuredmedia":[{"embeddable":true,"href":"http:\/\/www.tvturk.com\/index.php\/wp-json\/wp\/v2\/media\/45937"}],"wp:attachment":[{"href":"http:\/\/www.tvturk.com\/index.php\/wp-json\/wp\/v2\/media?parent=45936"}],"wp:term":[{"taxonomy":"category","embeddable":true,"href":"http:\/\/www.tvturk.com\/index.php\/wp-json\/wp\/v2\/categories?post=45936"},{"taxonomy":"post_tag","embeddable":true,"href":"http:\/\/www.tvturk.com\/index.php\/wp-json\/wp\/v2\/tags?post=45936"}],"curies":[{"name":"wp","href":"https:\/\/api.w.org\/{rel}","templated":true}]}}