{"id":46170,"date":"2019-02-18T18:41:31","date_gmt":"2019-02-18T15:41:31","guid":{"rendered":"http:\/\/www.tvturk.com\/index.php\/akhisarspor-galatasaray-maci-hazirliklarina-basladi\/"},"modified":"2019-02-18T18:41:36","modified_gmt":"2019-02-18T15:41:36","slug":"akhisarspor-galatasaray-maci-hazirliklarina-basladi","status":"publish","type":"post","link":"http:\/\/www.tvturk.com\/index.php\/akhisarspor-galatasaray-maci-hazirliklarina-basladi\/","title":{"rendered":"Akhisarspor, Galatasaray ma\u00e7\u0131 haz\u0131rl\u0131klar\u0131na ba\u015flad\u0131"},"content":{"rendered":"<p>Spor Toto S\u00fcper Lig\u2019in 23. haftas\u0131nda Galatasaray\u2019a konuk olacak Akhisarspor, 1 g\u00fcnl\u00fck iznin ard\u0131ndan haz\u0131rl\u0131klara ba\u015flad\u0131.<\/p>\n<p>Akhisar Belediyespor Y\u0131lmaz Atabarut Tesislerinde saat 17.00\u2019de Teknik Direkt\u00f6r Cem Kav\u00e7ak \u00f6nderli\u011finde ba\u015flayan idmana sakatl\u0131klar\u0131 s\u00fcren Mustafa Yumlu, Hasan Ali Kald\u0131r\u0131m, Miguel Lopes, G\u00fcray Vural ve Eray Ataseven kat\u0131lamad\u0131.<\/p>\n<p>\u00d6te yandan sakatl\u0131klar\u0131 s\u00fcren Mustafa Yumlu, Hasan Ali Kald\u0131r\u0131m, Miguel Lopes, G\u00fcray Vural, Dany ve Eray Ataseven ile cezal\u0131 bulunan Josue ve Serginho Galatasaray ma\u00e7\u0131 kadrosunda yer alamayacak. \u0130dman \u00f6ncesi bas\u0131n mensuplar\u0131n\u0131n sorular\u0131n\u0131 yan\u0131tlayan Akhisarspor Teknik Direkt\u00f6r\u00fc Cem Kav\u00e7ak, \u201cCumartesi g\u00fcn\u00fc Ankarag\u00fcc\u00fc ile ma\u00e7 yapt\u0131k, onlar da d\u00fc\u015fme hatt\u0131ndaki rakiplerimizden bir tanesiydi. \u0130\u00e7eride 6 ma\u00e7\u0131m\u0131z vard\u0131, bu ma\u00e7lar\u0131 kazan\u0131p ligde kalmay\u0131 hedefliyorduk. Ama maalesef beraber kald\u0131k. Ma\u00e7ta oynatmamaya gelen oynamak istemeyen bir rakibe kar\u015f\u0131 oynad\u0131k. Oyuncular\u0131m\u0131z elinden gelen her \u015feyi yapt\u0131lar. Tabii ki bu sonu\u00e7larda stresi beraberinde getiriyor ve bunun sonucunu da ma\u00e7ta ya\u015fad\u0131k. Sakat ve cezal\u0131 oyuncular\u0131m\u0131z\u0131n olmas\u0131 da hamle yapmam\u0131zda s\u0131k\u0131nt\u0131 oldu. Bokila bile 2 g\u00fcnl\u00fck idmanla son 10 dakika oynatabildik. Doktor ma\u00e7 \u00f6ncesi oynatmamam\u0131z\u0131 s\u00f6yledi\u011fi halde o riski ald\u0131k, kendisi de bu riski ald\u0131. Kendisine de te\u015fekk\u00fcr ediyoruz\u201d dedi.<\/p>\n<p>&#8220;Bu kul\u00fcp bunu daha \u00f6nce ba\u015fard\u0131&#8221;<\/p>\n<p>Kul\u00fcb\u00fcn daha \u00f6nceki y\u0131llarda ayn\u0131 durumdan \u00e7ok iyi bir \u00e7\u0131k\u0131\u015f yaparak kurtuldu\u011funu ifade eden Kav\u00e7ak, \u201cDaha bitmi\u015f bir \u015fey yok, \u00f6n\u00fcm\u00fczde 12 ma\u00e7 var. M\u00fccadelede sonuna kadar devam edece\u011fiz. Daha \u00f6nce bu kul\u00fcp bunu ba\u015fard\u0131. \u0130n\u015fallah bu sene de camia, y\u00f6netim ve taraftar olarak ba\u015faracak g\u00fc\u00e7teyiz. Tecr\u00fcbemiz de var bu y\u00f6nde. Ama biraz daha birlik ve beraberlik i\u00e7inde olmas\u0131 gerekiyor. Taraftar\u0131m\u0131z\u0131n cezal\u0131 olmas\u0131 bir art\u0131 g\u00fc\u00e7 olamad\u0131 maalesef ma\u00e7ta. Onlar\u0131n bize \u00e7ok ma\u00e7 kazand\u0131rd\u0131\u011f\u0131 ma\u00e7lar\u0131 biliriz. \u0130n\u015fallah bundan sonra ki ma\u00e7larda da o g\u00fcc\u00fc arkam\u0131zda hissederek bu ligde tutunuruz\u201d dedi.<\/p>\n<p>&#8220;Tak\u0131m yap\u0131lanmas\u0131n\u0131 bir t\u00fcrl\u00fc oturtamad\u0131k&#8221;<\/p>\n<p>Galatasaray ma\u00e7\u0131 kadrosunda sakatl\u0131klardan dolay\u0131 ya\u015fayaca\u011f\u0131 s\u0131k\u0131nt\u0131 sorusuna Kav\u00e7ak, \u201cTak\u0131m kurman\u0131n m\u00fchendislik ile e\u015fde\u011fer g\u00f6r\u00fcld\u00fc\u011f\u00fc \u015fu zamanda maalesef bu sene biz bu s\u0131k\u0131nt\u0131lar\u0131 \u00e7ok ya\u015f\u0131yoruz. Bir t\u00fcrl\u00fc sezon ba\u015f\u0131 olsun devre aras\u0131 olsun bu tak\u0131m\u0131n yap\u0131lanmas\u0131n\u0131 kuramad\u0131k. Sonu\u00e7ta oyuncular\u0131m\u0131z var, bir \u015fekilde \u00e7\u0131kaca\u011f\u0131z, oynayan oynamayan herkes elinden geleni yapaca\u011f\u0131n\u0131 d\u00fc\u015f\u00fcn\u00fcyorum. Art\u0131k hay\u0131rl\u0131s\u0131\u201d dedi.<\/p>\n<p>&#8220;\u015eahsi durumlara bak\u0131lmadan herkesin bu kul\u00fcbe sahip \u00e7\u0131kmas\u0131 gerekir&#8221;<\/p>\n<p>Kul\u00fcple sezon sonuna kadar herhangi bir anla\u015fma yapmad\u0131\u011f\u0131n\u0131 kaydeden Kav\u00e7ak, \u201cCihat hocam\u0131z ile ge\u00e7en hafta yollar ayr\u0131ld\u0131. Ma\u00e7a biz \u00e7\u0131kt\u0131k, \u015fu an i\u00e7in bu b\u00f6yle geli\u015fti. Sezon sonuna kadar bir anla\u015fma s\u00f6z konusu de\u011fil. Biz sonu\u00e7ta kul\u00fcb\u00fcn antren\u00f6r\u00fcy\u00fcz. Bana burada gel denilse de gelece\u011fim, git dense de gelece\u011fim. Sonu\u00e7ta baki kalan kul\u00fcb\u00fcm\u00fcz, kul\u00fcb\u00fcm\u00fcz\u00fcn ya\u015famas\u0131 laz\u0131m. Buna da herkesin b\u00f6yle bakmas\u0131 laz\u0131m. \u015eahsi durumlara bak\u0131lmadan herkesin bu kul\u00fcbe sahip \u00e7\u0131kmas\u0131 gerekir\u201d dedi.<\/p>\n<p>&#8220;Asl\u0131nda o kadar \u00e7ok karamsarl\u0131k yok&#8221;<\/p>\n<p>\u0130\u00e7eride kazanaca\u011f\u0131 ma\u00e7lar ile lige tutunacaklar\u0131n\u0131 ifade eden Kav\u00e7ak, \u201c\u0130\u00e7eride 5 ma\u00e7\u0131m\u0131z var, d\u0131\u015far\u0131dan getirece\u011fimiz, 1 beraberlik ve 1 galibiyet veya 2 galibiyet bizi ligde tutacakt\u0131r. O y\u00fczden biz Ba\u015fak\u015fehir ve Be\u015fikta\u015f ile oynad\u0131k ki zirve tak\u0131mlar\u0131yla bu ma\u00e7lar\u0131 ge\u00e7mi\u015f olduk sonu\u00e7ta. Her \u015fey b\u00f6yle karamsar bir havada g\u00f6z\u00fckse de asl\u0131nda o kadar \u00e7ok karamsarl\u0131k yok. Sadece biraz motive olmak ve arzulamak, istemek gerekiyor gibi geliyor bana\u201d dedi.<\/p>\n<p>&#8220;Daha \u00f6nce Galatasaray\u2019\u0131 yendik&#8221;<\/p>\n<p>Galatasaray ma\u00e7\u0131n\u0131 de\u011ferlendiren Kav\u00e7ak, \u201cBunu yapt\u0131k daha \u00f6nce biz, kupada finalde de yendik, i\u00e7eride de yendik. Yani sonu\u00e7ta dedi\u011fim gibi ruhen ve bedenen biraz inanmak ve istemek laz\u0131m. \u0130stersek yenebiliriz, neden olmas\u0131n\u201d dedi.<\/p>\n<p>&#8220;VAR sisteminden vazge\u00e7ilsin&#8221;<\/p>\n<p>Ge\u00e7en hafta Ankarag\u00fcc\u00fc ma\u00e7\u0131nda verilmeyen penalt\u0131ya de\u011finen Kav\u00e7ak, \u201cSon haftaki ma\u00e7a de\u011finmek istiyorum. Hakem son dakika penalt\u0131m\u0131z\u0131 diyece\u011fim, g\u00f6rd\u00fc\u011f\u00fc halde \u00e7alamamas\u0131 \u00e7ok enteresan. O penalt\u0131y\u0131 \u00e7alsa \u015fuan biz \u00e7ok farkl\u0131 \u015feyler konu\u015fuyor olacakt\u0131k. Ama maalesef VAR sistemini bu kadar k\u00f6t\u00fc kullanan bir \u00fclke yoktur herhalde. Bence bir an \u00f6nce VAR sisteminde vazge\u00e7ilip, eski d\u00fczene d\u00f6ns\u00fcn. \u00c7\u00fcnk\u00fc eskiden hakemler g\u00f6rm\u00fcyordu diyorduk, \u015fimdi g\u00f6rd\u00fcklerini \u00e7alam\u0131yorlar. O y\u00fczden \u00e7ok komik oluyor, bence \u00f6n\u00fcm\u00fczdeki seneden itibaren bundan vazge\u00e7ilsin diye d\u00fc\u015f\u00fcn\u00fcyorum\u201d dedi.<div class=\"tiled-gallery type-rectangular tiled-gallery-unresized\" data-original-width=\"500\" data-carousel-extra='null' itemscope itemtype=\"http:\/\/schema.org\/ImageGallery\" > <div class=\"gallery-row\" style=\"width: 500px; height: 224px;\" data-original-width=\"500\" data-original-height=\"224\" > <div class=\"gallery-group images-1\" style=\"width: 334px; height: 224px;\" data-original-width=\"334\" data-original-height=\"224\" > <div class=\"tiled-gallery-item tiled-gallery-item-large\" itemprop=\"associatedMedia\" itemscope itemtype=\"http:\/\/schema.org\/ImageObject\"> <a href=\"http:\/\/www.tvturk.com\/index.php\/akhisarspor-galatasaray-maci-hazirliklarina-basladi\/akhisarspor-galatasaray-maci-hazirliklarina-basladi-3\/\" border=\"0\" itemprop=\"url\"> <meta itemprop=\"width\" content=\"330\"> <meta itemprop=\"height\" content=\"220\"> <img decoding=\"async\" class=\"\" data-attachment-id=\"46172\" data-orig-file=\"http:\/\/www.tvturk.com\/wp-content\/uploads\/2019\/02\/akhisarspor-galatasaray-maci-hazirliklarina-basladi_93be8c7.jpg\" data-orig-size=\"1000,666\" data-comments-opened=\"\" data-image-meta=\"{&quot;aperture&quot;:&quot;0&quot;,&quot;credit&quot;:&quot;IHA&quot;,&quot;camera&quot;:&quot;&quot;,&quot;caption&quot;:&quot;SPOR TOTO S\\u00dcPER L\\u0130G\\u0130 23\\u2019\\u00dcNC\\u00dc HAFTASINDA GALATASARAY\\u2019A KONUK OLACAK EGE TEMS\\u0130LC\\u0130S\\u0130 AKH\\u0130SARSPOR, 1 G\\u00dcNL\\u00dcK \\u0130ZN\\u0130N ARDINDAN HAZIRLIKLARA BA\\u015eLADI. AKH\\u0130SAR BELED\\u0130YESPOR YILMAZ ATABARUT TES\\u0130SLER\\u0130NDE SAAT 17.00\\u2019DE TEKN\\u0130K D\\u0130REKT\\u00d6R CEM KAV\\u00c7AK \\u00d6NDERL\\u0130\\u011e\\u0130NDE BA\\u015eLAYAN \\u0130DMANA SAKATLIKLARI S\\u00dcREN MUSTAFA YUMLU, HASAN AL\\u0130 KALDIRIM, M\\u0130GUEL LOPES, G\\u00dcRAY VURAL VE ERAY ATASEVEN KATILAMADI. (BARI\\u015e GEZ\\u0130C\\u0130\\\/MAN\\u0130SA-\\u0130HA)&quot;,&quot;created_timestamp&quot;:&quot;0&quot;,&quot;copyright&quot;:&quot;\\u0130HLAS HABER AJANSI, www.iha.com.tr&quot;,&quot;focal_length&quot;:&quot;0&quot;,&quot;iso&quot;:&quot;0&quot;,&quot;shutter_speed&quot;:&quot;0&quot;,&quot;title&quot;:&quot;AKH\\u0130SARSPOR, GALATASARAY MA\\u00c7I HAZIRLIKLARINA BA\\u015eLADI AKH\\u0130SARSPOR, GALATASARAY MA\\u00c7I KADROSUNA 8 OYUNCUDAN EKS\\u0130K \\u00c7IKACAK AKH\\u0130SARSPOR TEKN\\u0130K D\\u0130REKT\\u00d6R\\u00dc CEM KAV\\u00c7AK: \\u201cDAHA \\u00d6NCE GALATASARAY\\u2019I YEND\\u0130K\\u201d \\u0022ASLINDA O KADAR \\u00c7OK KARAMSARLIK YOK\\u0022&quot;,&quot;orientation&quot;:&quot;0&quot;}\" data-image-title=\"Akhisarspor, Galatasaray ma\u00e7\u0131 haz\u0131rl\u0131klar\u0131na ba\u015flad\u0131\" data-image-description=\"&lt;p&gt;Akhisarspor, Galatasaray ma\u00e7\u0131 haz\u0131rl\u0131klar\u0131na ba\u015flad\u0131&lt;\/p&gt; \" data-medium-file=\"https:\/\/i0.wp.com\/www.tvturk.com\/wp-content\/uploads\/2019\/02\/akhisarspor-galatasaray-maci-hazirliklarina-basladi_93be8c7.jpg?fit=300%2C200\" data-large-file=\"https:\/\/i0.wp.com\/www.tvturk.com\/wp-content\/uploads\/2019\/02\/akhisarspor-galatasaray-maci-hazirliklarina-basladi_93be8c7.jpg?fit=1000%2C666\" src=\"https:\/\/i0.wp.com\/www.tvturk.com\/wp-content\/uploads\/2019\/02\/akhisarspor-galatasaray-maci-hazirliklarina-basladi_93be8c7.jpg?w=330&#038;h=220\" srcset=\"https:\/\/i0.wp.com\/www.tvturk.com\/wp-content\/uploads\/2019\/02\/akhisarspor-galatasaray-maci-hazirliklarina-basladi_93be8c7.jpg?w=1000 1000w, https:\/\/i0.wp.com\/www.tvturk.com\/wp-content\/uploads\/2019\/02\/akhisarspor-galatasaray-maci-hazirliklarina-basladi_93be8c7.jpg?resize=150%2C100 150w, https:\/\/i0.wp.com\/www.tvturk.com\/wp-content\/uploads\/2019\/02\/akhisarspor-galatasaray-maci-hazirliklarina-basladi_93be8c7.jpg?resize=300%2C200 300w, https:\/\/i0.wp.com\/www.tvturk.com\/wp-content\/uploads\/2019\/02\/akhisarspor-galatasaray-maci-hazirliklarina-basladi_93be8c7.jpg?resize=768%2C511 768w, https:\/\/i0.wp.com\/www.tvturk.com\/wp-content\/uploads\/2019\/02\/akhisarspor-galatasaray-maci-hazirliklarina-basladi_93be8c7.jpg?resize=170%2C113 170w, https:\/\/i0.wp.com\/www.tvturk.com\/wp-content\/uploads\/2019\/02\/akhisarspor-galatasaray-maci-hazirliklarina-basladi_93be8c7.jpg?resize=120%2C80 120w\" width=\"330\" height=\"220\" loading=\"lazy\" data-original-width=\"330\" data-original-height=\"220\" itemprop=\"http:\/\/schema.org\/image\" title=\"Akhisarspor, Galatasaray ma\u00e7\u0131 haz\u0131rl\u0131klar\u0131na ba\u015flad\u0131\" alt=\"Akhisarspor, Galatasaray ma\u00e7\u0131 haz\u0131rl\u0131klar\u0131na ba\u015flad\u0131\" style=\"width: 330px; height: 220px;\" \/> <\/a> <\/div> <\/div> <!-- close group --> <div class=\"gallery-group images-2\" style=\"width: 166px; height: 224px;\" data-original-width=\"166\" data-original-height=\"224\" > <div class=\"tiled-gallery-item tiled-gallery-item-small\" itemprop=\"associatedMedia\" itemscope itemtype=\"http:\/\/schema.org\/ImageObject\"> <a href=\"http:\/\/www.tvturk.com\/index.php\/akhisarspor-galatasaray-maci-hazirliklarina-basladi\/akhisarspor-galatasaray-maci-hazirliklarina-basladi-4\/\" border=\"0\" itemprop=\"url\"> <meta itemprop=\"width\" content=\"162\"> <meta itemprop=\"height\" content=\"108\"> <img decoding=\"async\" class=\"\" data-attachment-id=\"46173\" data-orig-file=\"http:\/\/www.tvturk.com\/wp-content\/uploads\/2019\/02\/akhisarspor-galatasaray-maci-hazirliklarina-basladi_b06952c.jpg\" data-orig-size=\"1000,666\" data-comments-opened=\"\" data-image-meta=\"{&quot;aperture&quot;:&quot;0&quot;,&quot;credit&quot;:&quot;IHA&quot;,&quot;camera&quot;:&quot;&quot;,&quot;caption&quot;:&quot;SPOR TOTO S\\u00dcPER L\\u0130G\\u0130 23\\u2019\\u00dcNC\\u00dc HAFTASINDA GALATASARAY\\u2019A KONUK OLACAK EGE TEMS\\u0130LC\\u0130S\\u0130 AKH\\u0130SARSPOR, 1 G\\u00dcNL\\u00dcK \\u0130ZN\\u0130N ARDINDAN HAZIRLIKLARA BA\\u015eLADI. AKH\\u0130SAR BELED\\u0130YESPOR YILMAZ ATABARUT TES\\u0130SLER\\u0130NDE SAAT 17.00\\u2019DE TEKN\\u0130K D\\u0130REKT\\u00d6R CEM KAV\\u00c7AK \\u00d6NDERL\\u0130\\u011e\\u0130NDE BA\\u015eLAYAN \\u0130DMANA SAKATLIKLARI S\\u00dcREN MUSTAFA YUMLU, HASAN AL\\u0130 KALDIRIM, M\\u0130GUEL LOPES, G\\u00dcRAY VURAL VE ERAY ATASEVEN KATILAMADI. (BARI\\u015e GEZ\\u0130C\\u0130\\\/MAN\\u0130SA-\\u0130HA)&quot;,&quot;created_timestamp&quot;:&quot;0&quot;,&quot;copyright&quot;:&quot;\\u0130HLAS HABER AJANSI, www.iha.com.tr&quot;,&quot;focal_length&quot;:&quot;0&quot;,&quot;iso&quot;:&quot;0&quot;,&quot;shutter_speed&quot;:&quot;0&quot;,&quot;title&quot;:&quot;AKH\\u0130SARSPOR, GALATASARAY MA\\u00c7I HAZIRLIKLARINA BA\\u015eLADI AKH\\u0130SARSPOR, GALATASARAY MA\\u00c7I KADROSUNA 8 OYUNCUDAN EKS\\u0130K \\u00c7IKACAK AKH\\u0130SARSPOR TEKN\\u0130K D\\u0130REKT\\u00d6R\\u00dc CEM KAV\\u00c7AK: \\u201cDAHA \\u00d6NCE GALATASARAY\\u2019I YEND\\u0130K\\u201d \\u0022ASLINDA O KADAR \\u00c7OK KARAMSARLIK YOK\\u0022&quot;,&quot;orientation&quot;:&quot;0&quot;}\" data-image-title=\"Akhisarspor, Galatasaray ma\u00e7\u0131 haz\u0131rl\u0131klar\u0131na ba\u015flad\u0131\" data-image-description=\"&lt;p&gt;Akhisarspor, Galatasaray ma\u00e7\u0131 haz\u0131rl\u0131klar\u0131na ba\u015flad\u0131&lt;\/p&gt; \" data-medium-file=\"https:\/\/i0.wp.com\/www.tvturk.com\/wp-content\/uploads\/2019\/02\/akhisarspor-galatasaray-maci-hazirliklarina-basladi_b06952c.jpg?fit=300%2C200\" data-large-file=\"https:\/\/i0.wp.com\/www.tvturk.com\/wp-content\/uploads\/2019\/02\/akhisarspor-galatasaray-maci-hazirliklarina-basladi_b06952c.jpg?fit=1000%2C666\" src=\"https:\/\/i0.wp.com\/www.tvturk.com\/wp-content\/uploads\/2019\/02\/akhisarspor-galatasaray-maci-hazirliklarina-basladi_b06952c.jpg?w=162&#038;h=108\" srcset=\"https:\/\/i0.wp.com\/www.tvturk.com\/wp-content\/uploads\/2019\/02\/akhisarspor-galatasaray-maci-hazirliklarina-basladi_b06952c.jpg?w=1000 1000w, https:\/\/i0.wp.com\/www.tvturk.com\/wp-content\/uploads\/2019\/02\/akhisarspor-galatasaray-maci-hazirliklarina-basladi_b06952c.jpg?resize=150%2C100 150w, https:\/\/i0.wp.com\/www.tvturk.com\/wp-content\/uploads\/2019\/02\/akhisarspor-galatasaray-maci-hazirliklarina-basladi_b06952c.jpg?resize=300%2C200 300w, https:\/\/i0.wp.com\/www.tvturk.com\/wp-content\/uploads\/2019\/02\/akhisarspor-galatasaray-maci-hazirliklarina-basladi_b06952c.jpg?resize=768%2C511 768w, https:\/\/i0.wp.com\/www.tvturk.com\/wp-content\/uploads\/2019\/02\/akhisarspor-galatasaray-maci-hazirliklarina-basladi_b06952c.jpg?resize=170%2C113 170w, https:\/\/i0.wp.com\/www.tvturk.com\/wp-content\/uploads\/2019\/02\/akhisarspor-galatasaray-maci-hazirliklarina-basladi_b06952c.jpg?resize=120%2C80 120w\" width=\"162\" height=\"108\" loading=\"lazy\" data-original-width=\"162\" data-original-height=\"108\" itemprop=\"http:\/\/schema.org\/image\" title=\"Akhisarspor, Galatasaray ma\u00e7\u0131 haz\u0131rl\u0131klar\u0131na ba\u015flad\u0131\" alt=\"Akhisarspor, Galatasaray ma\u00e7\u0131 haz\u0131rl\u0131klar\u0131na ba\u015flad\u0131\" style=\"width: 162px; height: 108px;\" \/> <\/a> <\/div> <div class=\"tiled-gallery-item tiled-gallery-item-small\" itemprop=\"associatedMedia\" itemscope itemtype=\"http:\/\/schema.org\/ImageObject\"> <a href=\"http:\/\/www.tvturk.com\/index.php\/akhisarspor-galatasaray-maci-hazirliklarina-basladi\/akhisarspor-galatasaray-maci-hazirliklarina-basladi-5\/\" border=\"0\" itemprop=\"url\"> <meta itemprop=\"width\" content=\"162\"> <meta itemprop=\"height\" content=\"108\"> <img decoding=\"async\" class=\"\" data-attachment-id=\"46174\" data-orig-file=\"http:\/\/www.tvturk.com\/wp-content\/uploads\/2019\/02\/akhisarspor-galatasaray-maci-hazirliklarina-basladi_29696f7.jpg\" data-orig-size=\"1000,666\" data-comments-opened=\"\" data-image-meta=\"{&quot;aperture&quot;:&quot;0&quot;,&quot;credit&quot;:&quot;IHA&quot;,&quot;camera&quot;:&quot;&quot;,&quot;caption&quot;:&quot;SPOR TOTO S\\u00dcPER L\\u0130G\\u0130 23\\u2019\\u00dcNC\\u00dc HAFTASINDA GALATASARAY\\u2019A KONUK OLACAK EGE TEMS\\u0130LC\\u0130S\\u0130 AKH\\u0130SARSPOR, 1 G\\u00dcNL\\u00dcK \\u0130ZN\\u0130N ARDINDAN HAZIRLIKLARA BA\\u015eLADI. AKH\\u0130SAR BELED\\u0130YESPOR YILMAZ ATABARUT TES\\u0130SLER\\u0130NDE SAAT 17.00\\u2019DE TEKN\\u0130K D\\u0130REKT\\u00d6R CEM KAV\\u00c7AK \\u00d6NDERL\\u0130\\u011e\\u0130NDE BA\\u015eLAYAN \\u0130DMANA SAKATLIKLARI S\\u00dcREN MUSTAFA YUMLU, HASAN AL\\u0130 KALDIRIM, M\\u0130GUEL LOPES, G\\u00dcRAY VURAL VE ERAY ATASEVEN KATILAMADI. (BARI\\u015e GEZ\\u0130C\\u0130\\\/MAN\\u0130SA-\\u0130HA)&quot;,&quot;created_timestamp&quot;:&quot;0&quot;,&quot;copyright&quot;:&quot;\\u0130HLAS HABER AJANSI, www.iha.com.tr&quot;,&quot;focal_length&quot;:&quot;0&quot;,&quot;iso&quot;:&quot;0&quot;,&quot;shutter_speed&quot;:&quot;0&quot;,&quot;title&quot;:&quot;AKH\\u0130SARSPOR, GALATASARAY MA\\u00c7I HAZIRLIKLARINA BA\\u015eLADI AKH\\u0130SARSPOR, GALATASARAY MA\\u00c7I KADROSUNA 8 OYUNCUDAN EKS\\u0130K \\u00c7IKACAK AKH\\u0130SARSPOR TEKN\\u0130K D\\u0130REKT\\u00d6R\\u00dc CEM KAV\\u00c7AK: \\u201cDAHA \\u00d6NCE GALATASARAY\\u2019I YEND\\u0130K\\u201d \\u0022ASLINDA O KADAR \\u00c7OK KARAMSARLIK YOK\\u0022&quot;,&quot;orientation&quot;:&quot;0&quot;}\" data-image-title=\"Akhisarspor, Galatasaray ma\u00e7\u0131 haz\u0131rl\u0131klar\u0131na ba\u015flad\u0131\" data-image-description=\"&lt;p&gt;Akhisarspor, Galatasaray ma\u00e7\u0131 haz\u0131rl\u0131klar\u0131na ba\u015flad\u0131&lt;\/p&gt; \" data-medium-file=\"https:\/\/i0.wp.com\/www.tvturk.com\/wp-content\/uploads\/2019\/02\/akhisarspor-galatasaray-maci-hazirliklarina-basladi_29696f7.jpg?fit=300%2C200\" data-large-file=\"https:\/\/i0.wp.com\/www.tvturk.com\/wp-content\/uploads\/2019\/02\/akhisarspor-galatasaray-maci-hazirliklarina-basladi_29696f7.jpg?fit=1000%2C666\" src=\"https:\/\/i0.wp.com\/www.tvturk.com\/wp-content\/uploads\/2019\/02\/akhisarspor-galatasaray-maci-hazirliklarina-basladi_29696f7.jpg?w=162&#038;h=108\" srcset=\"https:\/\/i0.wp.com\/www.tvturk.com\/wp-content\/uploads\/2019\/02\/akhisarspor-galatasaray-maci-hazirliklarina-basladi_29696f7.jpg?w=1000 1000w, https:\/\/i0.wp.com\/www.tvturk.com\/wp-content\/uploads\/2019\/02\/akhisarspor-galatasaray-maci-hazirliklarina-basladi_29696f7.jpg?resize=150%2C100 150w, https:\/\/i0.wp.com\/www.tvturk.com\/wp-content\/uploads\/2019\/02\/akhisarspor-galatasaray-maci-hazirliklarina-basladi_29696f7.jpg?resize=300%2C200 300w, https:\/\/i0.wp.com\/www.tvturk.com\/wp-content\/uploads\/2019\/02\/akhisarspor-galatasaray-maci-hazirliklarina-basladi_29696f7.jpg?resize=768%2C511 768w, https:\/\/i0.wp.com\/www.tvturk.com\/wp-content\/uploads\/2019\/02\/akhisarspor-galatasaray-maci-hazirliklarina-basladi_29696f7.jpg?resize=170%2C113 170w, https:\/\/i0.wp.com\/www.tvturk.com\/wp-content\/uploads\/2019\/02\/akhisarspor-galatasaray-maci-hazirliklarina-basladi_29696f7.jpg?resize=120%2C80 120w\" width=\"162\" height=\"108\" loading=\"lazy\" data-original-width=\"162\" data-original-height=\"108\" itemprop=\"http:\/\/schema.org\/image\" title=\"Akhisarspor, Galatasaray ma\u00e7\u0131 haz\u0131rl\u0131klar\u0131na ba\u015flad\u0131\" alt=\"Akhisarspor, Galatasaray ma\u00e7\u0131 haz\u0131rl\u0131klar\u0131na ba\u015flad\u0131\" style=\"width: 162px; height: 108px;\" \/> <\/a> <\/div> <\/div> <!-- close group --> <\/div> <!-- close row --> <div class=\"gallery-row\" style=\"width: 500px; height: 112px;\" data-original-width=\"500\" data-original-height=\"112\" > <div class=\"gallery-group images-1\" style=\"width: 167px; height: 112px;\" data-original-width=\"167\" data-original-height=\"112\" > <div class=\"tiled-gallery-item tiled-gallery-item-small\" itemprop=\"associatedMedia\" itemscope itemtype=\"http:\/\/schema.org\/ImageObject\"> <a href=\"http:\/\/www.tvturk.com\/index.php\/akhisarspor-galatasaray-maci-hazirliklarina-basladi\/akhisarspor-galatasaray-maci-hazirliklarina-basladi-6\/\" border=\"0\" itemprop=\"url\"> <meta itemprop=\"width\" content=\"163\"> <meta itemprop=\"height\" content=\"108\"> <img decoding=\"async\" class=\"\" data-attachment-id=\"46175\" data-orig-file=\"http:\/\/www.tvturk.com\/wp-content\/uploads\/2019\/02\/akhisarspor-galatasaray-maci-hazirliklarina-basladi_7fa078c.jpg\" data-orig-size=\"1000,666\" data-comments-opened=\"\" data-image-meta=\"{&quot;aperture&quot;:&quot;0&quot;,&quot;credit&quot;:&quot;IHA&quot;,&quot;camera&quot;:&quot;&quot;,&quot;caption&quot;:&quot;SPOR TOTO S\\u00dcPER L\\u0130G\\u0130 23\\u2019\\u00dcNC\\u00dc HAFTASINDA GALATASARAY\\u2019A KONUK OLACAK EGE TEMS\\u0130LC\\u0130S\\u0130 AKH\\u0130SARSPOR, 1 G\\u00dcNL\\u00dcK \\u0130ZN\\u0130N ARDINDAN HAZIRLIKLARA BA\\u015eLADI. AKH\\u0130SAR BELED\\u0130YESPOR YILMAZ ATABARUT TES\\u0130SLER\\u0130NDE SAAT 17.00\\u2019DE TEKN\\u0130K D\\u0130REKT\\u00d6R CEM KAV\\u00c7AK \\u00d6NDERL\\u0130\\u011e\\u0130NDE BA\\u015eLAYAN \\u0130DMANA SAKATLIKLARI S\\u00dcREN MUSTAFA YUMLU, HASAN AL\\u0130 KALDIRIM, M\\u0130GUEL LOPES, G\\u00dcRAY VURAL VE ERAY ATASEVEN KATILAMADI. (BARI\\u015e GEZ\\u0130C\\u0130\\\/MAN\\u0130SA-\\u0130HA)&quot;,&quot;created_timestamp&quot;:&quot;0&quot;,&quot;copyright&quot;:&quot;\\u0130HLAS HABER AJANSI, www.iha.com.tr&quot;,&quot;focal_length&quot;:&quot;0&quot;,&quot;iso&quot;:&quot;0&quot;,&quot;shutter_speed&quot;:&quot;0&quot;,&quot;title&quot;:&quot;AKH\\u0130SARSPOR, GALATASARAY MA\\u00c7I HAZIRLIKLARINA BA\\u015eLADI AKH\\u0130SARSPOR, GALATASARAY MA\\u00c7I KADROSUNA 8 OYUNCUDAN EKS\\u0130K \\u00c7IKACAK AKH\\u0130SARSPOR TEKN\\u0130K D\\u0130REKT\\u00d6R\\u00dc CEM KAV\\u00c7AK: \\u201cDAHA \\u00d6NCE GALATASARAY\\u2019I YEND\\u0130K\\u201d \\u0022ASLINDA O KADAR \\u00c7OK KARAMSARLIK YOK\\u0022&quot;,&quot;orientation&quot;:&quot;0&quot;}\" data-image-title=\"Akhisarspor, Galatasaray ma\u00e7\u0131 haz\u0131rl\u0131klar\u0131na ba\u015flad\u0131\" data-image-description=\"&lt;p&gt;Akhisarspor, Galatasaray ma\u00e7\u0131 haz\u0131rl\u0131klar\u0131na ba\u015flad\u0131&lt;\/p&gt; \" data-medium-file=\"https:\/\/i0.wp.com\/www.tvturk.com\/wp-content\/uploads\/2019\/02\/akhisarspor-galatasaray-maci-hazirliklarina-basladi_7fa078c.jpg?fit=300%2C200\" data-large-file=\"https:\/\/i0.wp.com\/www.tvturk.com\/wp-content\/uploads\/2019\/02\/akhisarspor-galatasaray-maci-hazirliklarina-basladi_7fa078c.jpg?fit=1000%2C666\" src=\"https:\/\/i0.wp.com\/www.tvturk.com\/wp-content\/uploads\/2019\/02\/akhisarspor-galatasaray-maci-hazirliklarina-basladi_7fa078c.jpg?w=163&#038;h=108\" srcset=\"https:\/\/i0.wp.com\/www.tvturk.com\/wp-content\/uploads\/2019\/02\/akhisarspor-galatasaray-maci-hazirliklarina-basladi_7fa078c.jpg?w=1000 1000w, https:\/\/i0.wp.com\/www.tvturk.com\/wp-content\/uploads\/2019\/02\/akhisarspor-galatasaray-maci-hazirliklarina-basladi_7fa078c.jpg?resize=150%2C100 150w, https:\/\/i0.wp.com\/www.tvturk.com\/wp-content\/uploads\/2019\/02\/akhisarspor-galatasaray-maci-hazirliklarina-basladi_7fa078c.jpg?resize=300%2C200 300w, https:\/\/i0.wp.com\/www.tvturk.com\/wp-content\/uploads\/2019\/02\/akhisarspor-galatasaray-maci-hazirliklarina-basladi_7fa078c.jpg?resize=768%2C511 768w, https:\/\/i0.wp.com\/www.tvturk.com\/wp-content\/uploads\/2019\/02\/akhisarspor-galatasaray-maci-hazirliklarina-basladi_7fa078c.jpg?resize=170%2C113 170w, https:\/\/i0.wp.com\/www.tvturk.com\/wp-content\/uploads\/2019\/02\/akhisarspor-galatasaray-maci-hazirliklarina-basladi_7fa078c.jpg?resize=120%2C80 120w\" width=\"163\" height=\"108\" loading=\"lazy\" data-original-width=\"163\" data-original-height=\"108\" itemprop=\"http:\/\/schema.org\/image\" title=\"Akhisarspor, Galatasaray ma\u00e7\u0131 haz\u0131rl\u0131klar\u0131na ba\u015flad\u0131\" alt=\"Akhisarspor, Galatasaray ma\u00e7\u0131 haz\u0131rl\u0131klar\u0131na ba\u015flad\u0131\" style=\"width: 163px; height: 108px;\" \/> <\/a> <\/div> <\/div> <!-- close group --> <div class=\"gallery-group images-1\" style=\"width: 167px; height: 112px;\" data-original-width=\"167\" data-original-height=\"112\" > <div class=\"tiled-gallery-item tiled-gallery-item-small\" itemprop=\"associatedMedia\" itemscope itemtype=\"http:\/\/schema.org\/ImageObject\"> <a href=\"http:\/\/www.tvturk.com\/index.php\/akhisarspor-galatasaray-maci-hazirliklarina-basladi\/akhisarspor-galatasaray-maci-hazirliklarina-basladi-7\/\" border=\"0\" itemprop=\"url\"> <meta itemprop=\"width\" content=\"163\"> <meta itemprop=\"height\" content=\"108\"> <img decoding=\"async\" class=\"\" data-attachment-id=\"46176\" data-orig-file=\"http:\/\/www.tvturk.com\/wp-content\/uploads\/2019\/02\/akhisarspor-galatasaray-maci-hazirliklarina-basladi_babae15.jpg\" data-orig-size=\"1000,666\" data-comments-opened=\"\" data-image-meta=\"{&quot;aperture&quot;:&quot;0&quot;,&quot;credit&quot;:&quot;IHA&quot;,&quot;camera&quot;:&quot;&quot;,&quot;caption&quot;:&quot;SPOR TOTO S\\u00dcPER L\\u0130G\\u0130 23\\u2019\\u00dcNC\\u00dc HAFTASINDA GALATASARAY\\u2019A KONUK OLACAK EGE TEMS\\u0130LC\\u0130S\\u0130 AKH\\u0130SARSPOR, 1 G\\u00dcNL\\u00dcK \\u0130ZN\\u0130N ARDINDAN HAZIRLIKLARA BA\\u015eLADI. AKH\\u0130SAR BELED\\u0130YESPOR YILMAZ ATABARUT TES\\u0130SLER\\u0130NDE SAAT 17.00\\u2019DE TEKN\\u0130K D\\u0130REKT\\u00d6R CEM KAV\\u00c7AK \\u00d6NDERL\\u0130\\u011e\\u0130NDE BA\\u015eLAYAN \\u0130DMANA SAKATLIKLARI S\\u00dcREN MUSTAFA YUMLU, HASAN AL\\u0130 KALDIRIM, M\\u0130GUEL LOPES, G\\u00dcRAY VURAL VE ERAY ATASEVEN KATILAMADI. (BARI\\u015e GEZ\\u0130C\\u0130\\\/MAN\\u0130SA-\\u0130HA)&quot;,&quot;created_timestamp&quot;:&quot;0&quot;,&quot;copyright&quot;:&quot;\\u0130HLAS HABER AJANSI, www.iha.com.tr&quot;,&quot;focal_length&quot;:&quot;0&quot;,&quot;iso&quot;:&quot;0&quot;,&quot;shutter_speed&quot;:&quot;0&quot;,&quot;title&quot;:&quot;AKH\\u0130SARSPOR, GALATASARAY MA\\u00c7I HAZIRLIKLARINA BA\\u015eLADI AKH\\u0130SARSPOR, GALATASARAY MA\\u00c7I KADROSUNA 8 OYUNCUDAN EKS\\u0130K \\u00c7IKACAK AKH\\u0130SARSPOR TEKN\\u0130K D\\u0130REKT\\u00d6R\\u00dc CEM KAV\\u00c7AK: \\u201cDAHA \\u00d6NCE GALATASARAY\\u2019I YEND\\u0130K\\u201d \\u0022ASLINDA O KADAR \\u00c7OK KARAMSARLIK YOK\\u0022&quot;,&quot;orientation&quot;:&quot;0&quot;}\" data-image-title=\"Akhisarspor, Galatasaray ma\u00e7\u0131 haz\u0131rl\u0131klar\u0131na ba\u015flad\u0131\" data-image-description=\"&lt;p&gt;Akhisarspor, Galatasaray ma\u00e7\u0131 haz\u0131rl\u0131klar\u0131na ba\u015flad\u0131&lt;\/p&gt; \" data-medium-file=\"https:\/\/i0.wp.com\/www.tvturk.com\/wp-content\/uploads\/2019\/02\/akhisarspor-galatasaray-maci-hazirliklarina-basladi_babae15.jpg?fit=300%2C200\" data-large-file=\"https:\/\/i0.wp.com\/www.tvturk.com\/wp-content\/uploads\/2019\/02\/akhisarspor-galatasaray-maci-hazirliklarina-basladi_babae15.jpg?fit=1000%2C666\" src=\"https:\/\/i0.wp.com\/www.tvturk.com\/wp-content\/uploads\/2019\/02\/akhisarspor-galatasaray-maci-hazirliklarina-basladi_babae15.jpg?w=163&#038;h=108\" srcset=\"https:\/\/i0.wp.com\/www.tvturk.com\/wp-content\/uploads\/2019\/02\/akhisarspor-galatasaray-maci-hazirliklarina-basladi_babae15.jpg?w=1000 1000w, https:\/\/i0.wp.com\/www.tvturk.com\/wp-content\/uploads\/2019\/02\/akhisarspor-galatasaray-maci-hazirliklarina-basladi_babae15.jpg?resize=150%2C100 150w, https:\/\/i0.wp.com\/www.tvturk.com\/wp-content\/uploads\/2019\/02\/akhisarspor-galatasaray-maci-hazirliklarina-basladi_babae15.jpg?resize=300%2C200 300w, https:\/\/i0.wp.com\/www.tvturk.com\/wp-content\/uploads\/2019\/02\/akhisarspor-galatasaray-maci-hazirliklarina-basladi_babae15.jpg?resize=768%2C511 768w, https:\/\/i0.wp.com\/www.tvturk.com\/wp-content\/uploads\/2019\/02\/akhisarspor-galatasaray-maci-hazirliklarina-basladi_babae15.jpg?resize=170%2C113 170w, https:\/\/i0.wp.com\/www.tvturk.com\/wp-content\/uploads\/2019\/02\/akhisarspor-galatasaray-maci-hazirliklarina-basladi_babae15.jpg?resize=120%2C80 120w\" width=\"163\" height=\"108\" loading=\"lazy\" data-original-width=\"163\" data-original-height=\"108\" itemprop=\"http:\/\/schema.org\/image\" title=\"Akhisarspor, Galatasaray ma\u00e7\u0131 haz\u0131rl\u0131klar\u0131na ba\u015flad\u0131\" alt=\"Akhisarspor, Galatasaray ma\u00e7\u0131 haz\u0131rl\u0131klar\u0131na ba\u015flad\u0131\" style=\"width: 163px; height: 108px;\" \/> <\/a> <\/div> <\/div> <!-- close group --> <div class=\"gallery-group images-1\" style=\"width: 166px; height: 112px;\" data-original-width=\"166\" data-original-height=\"112\" > <div class=\"tiled-gallery-item tiled-gallery-item-small\" itemprop=\"associatedMedia\" itemscope itemtype=\"http:\/\/schema.org\/ImageObject\"> <a href=\"http:\/\/www.tvturk.com\/index.php\/akhisarspor-galatasaray-maci-hazirliklarina-basladi\/akhisarspor-galatasaray-maci-hazirliklarina-basladi-8\/\" border=\"0\" itemprop=\"url\"> <meta itemprop=\"width\" content=\"162\"> <meta itemprop=\"height\" content=\"108\"> <img decoding=\"async\" class=\"\" data-attachment-id=\"46177\" data-orig-file=\"http:\/\/www.tvturk.com\/wp-content\/uploads\/2019\/02\/akhisarspor-galatasaray-maci-hazirliklarina-basladi_421110b.jpg\" data-orig-size=\"1000,666\" data-comments-opened=\"\" data-image-meta=\"{&quot;aperture&quot;:&quot;0&quot;,&quot;credit&quot;:&quot;IHA&quot;,&quot;camera&quot;:&quot;&quot;,&quot;caption&quot;:&quot;SPOR TOTO S\\u00dcPER L\\u0130G\\u0130 23\\u2019\\u00dcNC\\u00dc HAFTASINDA GALATASARAY\\u2019A KONUK OLACAK EGE TEMS\\u0130LC\\u0130S\\u0130 AKH\\u0130SARSPOR, 1 G\\u00dcNL\\u00dcK \\u0130ZN\\u0130N ARDINDAN HAZIRLIKLARA BA\\u015eLADI. AKH\\u0130SAR BELED\\u0130YESPOR YILMAZ ATABARUT TES\\u0130SLER\\u0130NDE SAAT 17.00\\u2019DE TEKN\\u0130K D\\u0130REKT\\u00d6R CEM KAV\\u00c7AK \\u00d6NDERL\\u0130\\u011e\\u0130NDE BA\\u015eLAYAN \\u0130DMANA SAKATLIKLARI S\\u00dcREN MUSTAFA YUMLU, HASAN AL\\u0130 KALDIRIM, M\\u0130GUEL LOPES, G\\u00dcRAY VURAL VE ERAY ATASEVEN KATILAMADI. (BARI\\u015e GEZ\\u0130C\\u0130\\\/MAN\\u0130SA-\\u0130HA)&quot;,&quot;created_timestamp&quot;:&quot;0&quot;,&quot;copyright&quot;:&quot;\\u0130HLAS HABER AJANSI, www.iha.com.tr&quot;,&quot;focal_length&quot;:&quot;0&quot;,&quot;iso&quot;:&quot;0&quot;,&quot;shutter_speed&quot;:&quot;0&quot;,&quot;title&quot;:&quot;AKH\\u0130SARSPOR, GALATASARAY MA\\u00c7I HAZIRLIKLARINA BA\\u015eLADI AKH\\u0130SARSPOR, GALATASARAY MA\\u00c7I KADROSUNA 8 OYUNCUDAN EKS\\u0130K \\u00c7IKACAK AKH\\u0130SARSPOR TEKN\\u0130K D\\u0130REKT\\u00d6R\\u00dc CEM KAV\\u00c7AK: \\u201cDAHA \\u00d6NCE GALATASARAY\\u2019I YEND\\u0130K\\u201d \\u0022ASLINDA O KADAR \\u00c7OK KARAMSARLIK YOK\\u0022&quot;,&quot;orientation&quot;:&quot;0&quot;}\" data-image-title=\"Akhisarspor, Galatasaray ma\u00e7\u0131 haz\u0131rl\u0131klar\u0131na ba\u015flad\u0131\" data-image-description=\"&lt;p&gt;Akhisarspor, Galatasaray ma\u00e7\u0131 haz\u0131rl\u0131klar\u0131na ba\u015flad\u0131&lt;\/p&gt; \" data-medium-file=\"https:\/\/i0.wp.com\/www.tvturk.com\/wp-content\/uploads\/2019\/02\/akhisarspor-galatasaray-maci-hazirliklarina-basladi_421110b.jpg?fit=300%2C200\" data-large-file=\"https:\/\/i0.wp.com\/www.tvturk.com\/wp-content\/uploads\/2019\/02\/akhisarspor-galatasaray-maci-hazirliklarina-basladi_421110b.jpg?fit=1000%2C666\" src=\"https:\/\/i0.wp.com\/www.tvturk.com\/wp-content\/uploads\/2019\/02\/akhisarspor-galatasaray-maci-hazirliklarina-basladi_421110b.jpg?w=162&#038;h=108\" srcset=\"https:\/\/i0.wp.com\/www.tvturk.com\/wp-content\/uploads\/2019\/02\/akhisarspor-galatasaray-maci-hazirliklarina-basladi_421110b.jpg?w=1000 1000w, https:\/\/i0.wp.com\/www.tvturk.com\/wp-content\/uploads\/2019\/02\/akhisarspor-galatasaray-maci-hazirliklarina-basladi_421110b.jpg?resize=150%2C100 150w, https:\/\/i0.wp.com\/www.tvturk.com\/wp-content\/uploads\/2019\/02\/akhisarspor-galatasaray-maci-hazirliklarina-basladi_421110b.jpg?resize=300%2C200 300w, https:\/\/i0.wp.com\/www.tvturk.com\/wp-content\/uploads\/2019\/02\/akhisarspor-galatasaray-maci-hazirliklarina-basladi_421110b.jpg?resize=768%2C511 768w, https:\/\/i0.wp.com\/www.tvturk.com\/wp-content\/uploads\/2019\/02\/akhisarspor-galatasaray-maci-hazirliklarina-basladi_421110b.jpg?resize=170%2C113 170w, https:\/\/i0.wp.com\/www.tvturk.com\/wp-content\/uploads\/2019\/02\/akhisarspor-galatasaray-maci-hazirliklarina-basladi_421110b.jpg?resize=120%2C80 120w\" width=\"162\" height=\"108\" loading=\"lazy\" data-original-width=\"162\" data-original-height=\"108\" itemprop=\"http:\/\/schema.org\/image\" title=\"Akhisarspor, Galatasaray ma\u00e7\u0131 haz\u0131rl\u0131klar\u0131na ba\u015flad\u0131\" alt=\"Akhisarspor, Galatasaray ma\u00e7\u0131 haz\u0131rl\u0131klar\u0131na ba\u015flad\u0131\" style=\"width: 162px; height: 108px;\" \/> <\/a> <\/div> <\/div> <!-- close group --> <\/div> <!-- close row --> <\/div><\/p>\n","protected":false},"excerpt":{"rendered":"<p>SPOR TOTO S\u00dcPER L\u0130G\u0130 23\u2019\u00dcNC\u00dc HAFTASINDA GALATASARAY\u2019A KONUK OLACAK EGE TEMS\u0130LC\u0130S\u0130 AKH\u0130SARSPOR, 1 G\u00dcNL\u00dcK \u0130ZN\u0130N ARDINDAN HAZIRLIKLARA BA\u015eLADI. AKH\u0130SAR BELED\u0130YESPOR YILMAZ ATABARUT TES\u0130SLER\u0130NDE SAAT 17.00\u2019DE TEKN\u0130K D\u0130REKT\u00d6R CEM KAV\u00c7AK \u00d6NDERL\u0130\u011e\u0130NDE BA\u015eLAYAN \u0130DMANA SAKATLIKLARI S\u00dcREN MUSTAFA YUMLU, HASAN AL\u0130 KALDIRIM, M\u0130GUEL LOPES, G\u00dcRAY VURAL VE ERAY ATASEVEN KATILAMADI.<\/p>\n","protected":false},"author":1,"featured_media":46171,"comment_status":"closed","ping_status":"open","sticky":false,"template":"","format":"standard","meta":{"jetpack_post_was_ever_published":false,"_jetpack_newsletter_access":"","_jetpack_dont_email_post_to_subs":false,"_jetpack_newsletter_tier_id":0,"_jetpack_memberships_contains_paywalled_content":false,"_jetpack_memberships_contains_paid_content":false,"footnotes":"","jetpack_publicize_message":"","jetpack_publicize_feature_enabled":true,"jetpack_social_post_already_shared":false,"jetpack_social_options":{"image_generator_settings":{"template":"highway","default_image_id":0,"font":"","enabled":false},"version":2}},"categories":[657],"tags":[1284,55,1976,778,777],"class_list":["post-46170","post","type-post","status-publish","format-standard","has-post-thumbnail","hentry","category-spor","tag-akhisarspor","tag-basladi","tag-galatasaray","tag-hazirliklarina","tag-maci"],"jetpack_publicize_connections":[],"jetpack_featured_media_url":"https:\/\/i0.wp.com\/www.tvturk.com\/wp-content\/uploads\/2019\/02\/akhisarspor-galatasaray-maci-hazirliklarina-basladi_c1e107f.jpg?fit=1000%2C666","jetpack_sharing_enabled":true,"jetpack_shortlink":"https:\/\/wp.me\/paKIfm-c0G","_links":{"self":[{"href":"http:\/\/www.tvturk.com\/index.php\/wp-json\/wp\/v2\/posts\/46170","targetHints":{"allow":["GET"]}}],"collection":[{"href":"http:\/\/www.tvturk.com\/index.php\/wp-json\/wp\/v2\/posts"}],"about":[{"href":"http:\/\/www.tvturk.com\/index.php\/wp-json\/wp\/v2\/types\/post"}],"author":[{"embeddable":true,"href":"http:\/\/www.tvturk.com\/index.php\/wp-json\/wp\/v2\/users\/1"}],"replies":[{"embeddable":true,"href":"http:\/\/www.tvturk.com\/index.php\/wp-json\/wp\/v2\/comments?post=46170"}],"version-history":[{"count":1,"href":"http:\/\/www.tvturk.com\/index.php\/wp-json\/wp\/v2\/posts\/46170\/revisions"}],"predecessor-version":[{"id":46178,"href":"http:\/\/www.tvturk.com\/index.php\/wp-json\/wp\/v2\/posts\/46170\/revisions\/46178"}],"wp:featuredmedia":[{"embeddable":true,"href":"http:\/\/www.tvturk.com\/index.php\/wp-json\/wp\/v2\/media\/46171"}],"wp:attachment":[{"href":"http:\/\/www.tvturk.com\/index.php\/wp-json\/wp\/v2\/media?parent=46170"}],"wp:term":[{"taxonomy":"category","embeddable":true,"href":"http:\/\/www.tvturk.com\/index.php\/wp-json\/wp\/v2\/categories?post=46170"},{"taxonomy":"post_tag","embeddable":true,"href":"http:\/\/www.tvturk.com\/index.php\/wp-json\/wp\/v2\/tags?post=46170"}],"curies":[{"name":"wp","href":"https:\/\/api.w.org\/{rel}","templated":true}]}}