{"id":46596,"date":"2019-02-19T07:20:52","date_gmt":"2019-02-19T04:20:52","guid":{"rendered":"http:\/\/www.tvturk.com\/index.php\/adana-merkezli-11-ilde-dev-operasyon-146-gozalti-karari\/"},"modified":"2019-02-19T07:21:04","modified_gmt":"2019-02-19T04:21:04","slug":"adana-merkezli-11-ilde-dev-operasyon-146-gozalti-karari","status":"publish","type":"post","link":"http:\/\/www.tvturk.com\/index.php\/adana-merkezli-11-ilde-dev-operasyon-146-gozalti-karari\/","title":{"rendered":"Adana merkezli 11 ilde dev operasyon: 146 g\u00f6zalt\u0131 karar\u0131"},"content":{"rendered":"<p>Adana merkezli 11 ilde olmak \u00fczere 146 \u015f\u00fcpheli hakk\u0131nda yasad\u0131\u015f\u0131 bahis oynatma su\u00e7undan g\u00f6zalt\u0131 karar\u0131 verildi.<\/p>\n<p>Al\u0131nan  bilgiye g\u00f6re, Adana Emniyet M\u00fcd\u00fcrl\u00fc\u011f\u00fc Siber Su\u00e7larla M\u00fccadele \u015eube M\u00fcd\u00fcrl\u00fc\u011f\u00fc ekipleri, Adana merkezli \u015e\u0131rnak, Konya, Antalya, Gaziantep, \u0130zmir, \u00c7anakkale, \u0130stanbul, Konya, Ayd\u0131n, Mersin ve Ad\u0131yaman illerinde yasa d\u0131\u015f\u0131 bahis oynatan \u015fah\u0131slara y\u00f6nelik \u015fafak vakti operasyon d\u00fczenlendi. \u00d6zel hareket timleri s\u00f6z konusu \u015fah\u0131slar\u0131n evlerine ko\u00e7ba\u015flar\u0131yla kap\u0131y\u0131 k\u0131rarak i\u00e7eri girdi. Evler didik aran\u0131rken \u015f\u00fcphelilere ait cep telefonu, bilgisayar ve dijital malzemeler el konularak incelenmek \u00fczere emniyete g\u00f6t\u00fcr\u00fcld\u00fc. \u00e7ok say\u0131da dijital materyal ele ge\u00e7irildi.  G\u00f6zalt\u0131na al\u0131nan zanl\u0131lar adli t\u0131p birimindeki sa\u011fl\u0131k kontrollerinin ard\u0131ndan sorgulanmak \u00fczere emniyete g\u00f6t\u00fcr\u00fcld\u00fc.<div class=\"tiled-gallery type-rectangular tiled-gallery-unresized\" data-original-width=\"500\" data-carousel-extra='null' itemscope itemtype=\"http:\/\/schema.org\/ImageGallery\" > <div class=\"gallery-row\" style=\"width: 500px; height: 224px;\" data-original-width=\"500\" data-original-height=\"224\" > <div class=\"gallery-group images-1\" style=\"width: 334px; height: 224px;\" data-original-width=\"334\" data-original-height=\"224\" > <div class=\"tiled-gallery-item tiled-gallery-item-large\" itemprop=\"associatedMedia\" itemscope itemtype=\"http:\/\/schema.org\/ImageObject\"> <a href=\"http:\/\/www.tvturk.com\/index.php\/adana-merkezli-11-ilde-dev-operasyon-146-gozalti-karari\/adana-merkezli-11-ilde-dev-operasyon-146-gozalti-karari-3\/\" border=\"0\" itemprop=\"url\"> <meta itemprop=\"width\" content=\"330\"> <meta itemprop=\"height\" content=\"220\"> <img decoding=\"async\" class=\"\" data-attachment-id=\"46598\" data-orig-file=\"http:\/\/www.tvturk.com\/wp-content\/uploads\/2019\/02\/adana-merkezli-11-ilde-dev-operasyon-146-gozalti-karari_4b0af34.jpg\" data-orig-size=\"1000,666\" data-comments-opened=\"\" data-image-meta=\"{&quot;aperture&quot;:&quot;0&quot;,&quot;credit&quot;:&quot;IHA&quot;,&quot;camera&quot;:&quot;&quot;,&quot;caption&quot;:&quot;ADANA MERKEZL\\u0130 12 \\u0130LDE OLMAK \\u00dcZERE 146 \\u015e\\u00dcPHEL\\u0130 HAKKINDA YASADI\\u015eI BAH\\u0130S OYNATMA SU\\u00c7UNDAN G\\u00d6ZALTI KARARI VER\\u0130LD\\u0130. (S\\u00dcLEYMAN CENK \\u0130DAYE\\\/ADANA-\\u0130HA)&quot;,&quot;created_timestamp&quot;:&quot;0&quot;,&quot;copyright&quot;:&quot;\\u0130HLAS HABER AJANSI, www.iha.com.tr&quot;,&quot;focal_length&quot;:&quot;0&quot;,&quot;iso&quot;:&quot;0&quot;,&quot;shutter_speed&quot;:&quot;0&quot;,&quot;title&quot;:&quot;ADANA MERKEZL\\u0130 12 \\u0130LDE DEV OPERASYON: 146 G\\u00d6ZALTI KARARI ADANA MERKEZL\\u0130 12 \\u0130LDE YASA DI\\u015eI BAH\\u0130S OYNATTI\\u011eI \\u00d6NE S\\u00dcR\\u00dcLEN K\\u0130\\u015e\\u0130LERE Y\\u00d6NEL\\u0130K OPERASYON D\\u00dcZENLEND\\u0130&quot;,&quot;orientation&quot;:&quot;0&quot;}\" data-image-title=\"Adana merkezli 11 ilde dev operasyon: 146 g\u00f6zalt\u0131 karar\u0131\" data-image-description=\"&lt;p&gt;Adana merkezli 11 ilde dev operasyon: 146 g\u00f6zalt\u0131 karar\u0131&lt;\/p&gt; \" data-medium-file=\"https:\/\/i0.wp.com\/www.tvturk.com\/wp-content\/uploads\/2019\/02\/adana-merkezli-11-ilde-dev-operasyon-146-gozalti-karari_4b0af34.jpg?fit=300%2C200\" data-large-file=\"https:\/\/i0.wp.com\/www.tvturk.com\/wp-content\/uploads\/2019\/02\/adana-merkezli-11-ilde-dev-operasyon-146-gozalti-karari_4b0af34.jpg?fit=1000%2C666\" src=\"https:\/\/i0.wp.com\/www.tvturk.com\/wp-content\/uploads\/2019\/02\/adana-merkezli-11-ilde-dev-operasyon-146-gozalti-karari_4b0af34.jpg?w=330&#038;h=220\" srcset=\"https:\/\/i0.wp.com\/www.tvturk.com\/wp-content\/uploads\/2019\/02\/adana-merkezli-11-ilde-dev-operasyon-146-gozalti-karari_4b0af34.jpg?w=1000 1000w, https:\/\/i0.wp.com\/www.tvturk.com\/wp-content\/uploads\/2019\/02\/adana-merkezli-11-ilde-dev-operasyon-146-gozalti-karari_4b0af34.jpg?resize=150%2C100 150w, https:\/\/i0.wp.com\/www.tvturk.com\/wp-content\/uploads\/2019\/02\/adana-merkezli-11-ilde-dev-operasyon-146-gozalti-karari_4b0af34.jpg?resize=300%2C200 300w, https:\/\/i0.wp.com\/www.tvturk.com\/wp-content\/uploads\/2019\/02\/adana-merkezli-11-ilde-dev-operasyon-146-gozalti-karari_4b0af34.jpg?resize=768%2C511 768w, https:\/\/i0.wp.com\/www.tvturk.com\/wp-content\/uploads\/2019\/02\/adana-merkezli-11-ilde-dev-operasyon-146-gozalti-karari_4b0af34.jpg?resize=170%2C113 170w, https:\/\/i0.wp.com\/www.tvturk.com\/wp-content\/uploads\/2019\/02\/adana-merkezli-11-ilde-dev-operasyon-146-gozalti-karari_4b0af34.jpg?resize=120%2C80 120w\" width=\"330\" height=\"220\" loading=\"lazy\" data-original-width=\"330\" data-original-height=\"220\" itemprop=\"http:\/\/schema.org\/image\" title=\"Adana merkezli 11 ilde dev operasyon: 146 g\u00f6zalt\u0131 karar\u0131\" alt=\"Adana merkezli 11 ilde dev operasyon: 146 g\u00f6zalt\u0131 karar\u0131\" style=\"width: 330px; height: 220px;\" \/> <\/a> <\/div> <\/div> <!-- close group --> <div class=\"gallery-group images-2\" style=\"width: 166px; height: 224px;\" data-original-width=\"166\" data-original-height=\"224\" > <div class=\"tiled-gallery-item tiled-gallery-item-small\" itemprop=\"associatedMedia\" itemscope itemtype=\"http:\/\/schema.org\/ImageObject\"> <a href=\"http:\/\/www.tvturk.com\/index.php\/adana-merkezli-11-ilde-dev-operasyon-146-gozalti-karari\/adana-merkezli-11-ilde-dev-operasyon-146-gozalti-karari-4\/\" border=\"0\" itemprop=\"url\"> <meta itemprop=\"width\" content=\"162\"> <meta itemprop=\"height\" content=\"108\"> <img decoding=\"async\" class=\"\" data-attachment-id=\"46599\" data-orig-file=\"http:\/\/www.tvturk.com\/wp-content\/uploads\/2019\/02\/adana-merkezli-11-ilde-dev-operasyon-146-gozalti-karari_fcd754a.jpg\" data-orig-size=\"1000,666\" data-comments-opened=\"\" data-image-meta=\"{&quot;aperture&quot;:&quot;0&quot;,&quot;credit&quot;:&quot;IHA&quot;,&quot;camera&quot;:&quot;&quot;,&quot;caption&quot;:&quot;ADANA MERKEZL\\u0130 12 \\u0130LDE OLMAK \\u00dcZERE 146 \\u015e\\u00dcPHEL\\u0130 HAKKINDA YASADI\\u015eI BAH\\u0130S OYNATMA SU\\u00c7UNDAN G\\u00d6ZALTI KARARI VER\\u0130LD\\u0130. (S\\u00dcLEYMAN CENK \\u0130DAYE\\\/ADANA-\\u0130HA)&quot;,&quot;created_timestamp&quot;:&quot;0&quot;,&quot;copyright&quot;:&quot;\\u0130HLAS HABER AJANSI, www.iha.com.tr&quot;,&quot;focal_length&quot;:&quot;0&quot;,&quot;iso&quot;:&quot;0&quot;,&quot;shutter_speed&quot;:&quot;0&quot;,&quot;title&quot;:&quot;ADANA MERKEZL\\u0130 12 \\u0130LDE DEV OPERASYON: 146 G\\u00d6ZALTI KARARI ADANA MERKEZL\\u0130 12 \\u0130LDE YASA DI\\u015eI BAH\\u0130S OYNATTI\\u011eI \\u00d6NE S\\u00dcR\\u00dcLEN K\\u0130\\u015e\\u0130LERE Y\\u00d6NEL\\u0130K OPERASYON D\\u00dcZENLEND\\u0130&quot;,&quot;orientation&quot;:&quot;0&quot;}\" data-image-title=\"Adana merkezli 11 ilde dev operasyon: 146 g\u00f6zalt\u0131 karar\u0131\" data-image-description=\"&lt;p&gt;Adana merkezli 11 ilde dev operasyon: 146 g\u00f6zalt\u0131 karar\u0131&lt;\/p&gt; \" data-medium-file=\"https:\/\/i0.wp.com\/www.tvturk.com\/wp-content\/uploads\/2019\/02\/adana-merkezli-11-ilde-dev-operasyon-146-gozalti-karari_fcd754a.jpg?fit=300%2C200\" data-large-file=\"https:\/\/i0.wp.com\/www.tvturk.com\/wp-content\/uploads\/2019\/02\/adana-merkezli-11-ilde-dev-operasyon-146-gozalti-karari_fcd754a.jpg?fit=1000%2C666\" src=\"https:\/\/i0.wp.com\/www.tvturk.com\/wp-content\/uploads\/2019\/02\/adana-merkezli-11-ilde-dev-operasyon-146-gozalti-karari_fcd754a.jpg?w=162&#038;h=108\" srcset=\"https:\/\/i0.wp.com\/www.tvturk.com\/wp-content\/uploads\/2019\/02\/adana-merkezli-11-ilde-dev-operasyon-146-gozalti-karari_fcd754a.jpg?w=1000 1000w, https:\/\/i0.wp.com\/www.tvturk.com\/wp-content\/uploads\/2019\/02\/adana-merkezli-11-ilde-dev-operasyon-146-gozalti-karari_fcd754a.jpg?resize=150%2C100 150w, https:\/\/i0.wp.com\/www.tvturk.com\/wp-content\/uploads\/2019\/02\/adana-merkezli-11-ilde-dev-operasyon-146-gozalti-karari_fcd754a.jpg?resize=300%2C200 300w, https:\/\/i0.wp.com\/www.tvturk.com\/wp-content\/uploads\/2019\/02\/adana-merkezli-11-ilde-dev-operasyon-146-gozalti-karari_fcd754a.jpg?resize=768%2C511 768w, https:\/\/i0.wp.com\/www.tvturk.com\/wp-content\/uploads\/2019\/02\/adana-merkezli-11-ilde-dev-operasyon-146-gozalti-karari_fcd754a.jpg?resize=170%2C113 170w, https:\/\/i0.wp.com\/www.tvturk.com\/wp-content\/uploads\/2019\/02\/adana-merkezli-11-ilde-dev-operasyon-146-gozalti-karari_fcd754a.jpg?resize=120%2C80 120w\" width=\"162\" height=\"108\" loading=\"lazy\" data-original-width=\"162\" data-original-height=\"108\" itemprop=\"http:\/\/schema.org\/image\" title=\"Adana merkezli 11 ilde dev operasyon: 146 g\u00f6zalt\u0131 karar\u0131\" alt=\"Adana merkezli 11 ilde dev operasyon: 146 g\u00f6zalt\u0131 karar\u0131\" style=\"width: 162px; height: 108px;\" \/> <\/a> <\/div> <div class=\"tiled-gallery-item tiled-gallery-item-small\" itemprop=\"associatedMedia\" itemscope itemtype=\"http:\/\/schema.org\/ImageObject\"> <a href=\"http:\/\/www.tvturk.com\/index.php\/adana-merkezli-11-ilde-dev-operasyon-146-gozalti-karari\/adana-merkezli-11-ilde-dev-operasyon-146-gozalti-karari-5\/\" border=\"0\" itemprop=\"url\"> <meta itemprop=\"width\" content=\"162\"> <meta itemprop=\"height\" content=\"108\"> <img decoding=\"async\" class=\"\" data-attachment-id=\"46600\" data-orig-file=\"http:\/\/www.tvturk.com\/wp-content\/uploads\/2019\/02\/adana-merkezli-11-ilde-dev-operasyon-146-gozalti-karari_7062e9a.jpg\" data-orig-size=\"1000,666\" data-comments-opened=\"\" data-image-meta=\"{&quot;aperture&quot;:&quot;0&quot;,&quot;credit&quot;:&quot;IHA&quot;,&quot;camera&quot;:&quot;&quot;,&quot;caption&quot;:&quot;ADANA MERKEZL\\u0130 12 \\u0130LDE OLMAK \\u00dcZERE 146 \\u015e\\u00dcPHEL\\u0130 HAKKINDA YASADI\\u015eI BAH\\u0130S OYNATMA SU\\u00c7UNDAN G\\u00d6ZALTI KARARI VER\\u0130LD\\u0130. (S\\u00dcLEYMAN CENK \\u0130DAYE\\\/ADANA-\\u0130HA)&quot;,&quot;created_timestamp&quot;:&quot;0&quot;,&quot;copyright&quot;:&quot;\\u0130HLAS HABER AJANSI, www.iha.com.tr&quot;,&quot;focal_length&quot;:&quot;0&quot;,&quot;iso&quot;:&quot;0&quot;,&quot;shutter_speed&quot;:&quot;0&quot;,&quot;title&quot;:&quot;ADANA MERKEZL\\u0130 12 \\u0130LDE DEV OPERASYON: 146 G\\u00d6ZALTI KARARI ADANA MERKEZL\\u0130 12 \\u0130LDE YASA DI\\u015eI BAH\\u0130S OYNATTI\\u011eI \\u00d6NE S\\u00dcR\\u00dcLEN K\\u0130\\u015e\\u0130LERE Y\\u00d6NEL\\u0130K OPERASYON D\\u00dcZENLEND\\u0130&quot;,&quot;orientation&quot;:&quot;0&quot;}\" data-image-title=\"Adana merkezli 11 ilde dev operasyon: 146 g\u00f6zalt\u0131 karar\u0131\" data-image-description=\"&lt;p&gt;Adana merkezli 11 ilde dev operasyon: 146 g\u00f6zalt\u0131 karar\u0131&lt;\/p&gt; \" data-medium-file=\"https:\/\/i0.wp.com\/www.tvturk.com\/wp-content\/uploads\/2019\/02\/adana-merkezli-11-ilde-dev-operasyon-146-gozalti-karari_7062e9a.jpg?fit=300%2C200\" data-large-file=\"https:\/\/i0.wp.com\/www.tvturk.com\/wp-content\/uploads\/2019\/02\/adana-merkezli-11-ilde-dev-operasyon-146-gozalti-karari_7062e9a.jpg?fit=1000%2C666\" src=\"https:\/\/i0.wp.com\/www.tvturk.com\/wp-content\/uploads\/2019\/02\/adana-merkezli-11-ilde-dev-operasyon-146-gozalti-karari_7062e9a.jpg?w=162&#038;h=108\" srcset=\"https:\/\/i0.wp.com\/www.tvturk.com\/wp-content\/uploads\/2019\/02\/adana-merkezli-11-ilde-dev-operasyon-146-gozalti-karari_7062e9a.jpg?w=1000 1000w, https:\/\/i0.wp.com\/www.tvturk.com\/wp-content\/uploads\/2019\/02\/adana-merkezli-11-ilde-dev-operasyon-146-gozalti-karari_7062e9a.jpg?resize=150%2C100 150w, https:\/\/i0.wp.com\/www.tvturk.com\/wp-content\/uploads\/2019\/02\/adana-merkezli-11-ilde-dev-operasyon-146-gozalti-karari_7062e9a.jpg?resize=300%2C200 300w, https:\/\/i0.wp.com\/www.tvturk.com\/wp-content\/uploads\/2019\/02\/adana-merkezli-11-ilde-dev-operasyon-146-gozalti-karari_7062e9a.jpg?resize=768%2C511 768w, https:\/\/i0.wp.com\/www.tvturk.com\/wp-content\/uploads\/2019\/02\/adana-merkezli-11-ilde-dev-operasyon-146-gozalti-karari_7062e9a.jpg?resize=170%2C113 170w, https:\/\/i0.wp.com\/www.tvturk.com\/wp-content\/uploads\/2019\/02\/adana-merkezli-11-ilde-dev-operasyon-146-gozalti-karari_7062e9a.jpg?resize=120%2C80 120w\" width=\"162\" height=\"108\" loading=\"lazy\" data-original-width=\"162\" data-original-height=\"108\" itemprop=\"http:\/\/schema.org\/image\" title=\"Adana merkezli 11 ilde dev operasyon: 146 g\u00f6zalt\u0131 karar\u0131\" alt=\"Adana merkezli 11 ilde dev operasyon: 146 g\u00f6zalt\u0131 karar\u0131\" style=\"width: 162px; height: 108px;\" \/> <\/a> <\/div> <\/div> <!-- close group --> <\/div> <!-- close row --> <div class=\"gallery-row\" style=\"width: 500px; height: 112px;\" data-original-width=\"500\" data-original-height=\"112\" > <div class=\"gallery-group images-1\" style=\"width: 167px; height: 112px;\" data-original-width=\"167\" data-original-height=\"112\" > <div class=\"tiled-gallery-item tiled-gallery-item-small\" itemprop=\"associatedMedia\" itemscope itemtype=\"http:\/\/schema.org\/ImageObject\"> <a href=\"http:\/\/www.tvturk.com\/index.php\/adana-merkezli-11-ilde-dev-operasyon-146-gozalti-karari\/adana-merkezli-11-ilde-dev-operasyon-146-gozalti-karari-6\/\" border=\"0\" itemprop=\"url\"> <meta itemprop=\"width\" content=\"163\"> <meta itemprop=\"height\" content=\"108\"> <img decoding=\"async\" class=\"\" data-attachment-id=\"46601\" data-orig-file=\"http:\/\/www.tvturk.com\/wp-content\/uploads\/2019\/02\/adana-merkezli-11-ilde-dev-operasyon-146-gozalti-karari_d4786c3.jpg\" data-orig-size=\"1000,666\" data-comments-opened=\"\" data-image-meta=\"{&quot;aperture&quot;:&quot;0&quot;,&quot;credit&quot;:&quot;IHA&quot;,&quot;camera&quot;:&quot;&quot;,&quot;caption&quot;:&quot;ADANA MERKEZL\\u0130 12 \\u0130LDE OLMAK \\u00dcZERE 146 \\u015e\\u00dcPHEL\\u0130 HAKKINDA YASADI\\u015eI BAH\\u0130S OYNATMA SU\\u00c7UNDAN G\\u00d6ZALTI KARARI VER\\u0130LD\\u0130. (S\\u00dcLEYMAN CENK \\u0130DAYE\\\/ADANA-\\u0130HA)&quot;,&quot;created_timestamp&quot;:&quot;0&quot;,&quot;copyright&quot;:&quot;\\u0130HLAS HABER AJANSI, www.iha.com.tr&quot;,&quot;focal_length&quot;:&quot;0&quot;,&quot;iso&quot;:&quot;0&quot;,&quot;shutter_speed&quot;:&quot;0&quot;,&quot;title&quot;:&quot;ADANA MERKEZL\\u0130 12 \\u0130LDE DEV OPERASYON: 146 G\\u00d6ZALTI KARARI ADANA MERKEZL\\u0130 12 \\u0130LDE YASA DI\\u015eI BAH\\u0130S OYNATTI\\u011eI \\u00d6NE S\\u00dcR\\u00dcLEN K\\u0130\\u015e\\u0130LERE Y\\u00d6NEL\\u0130K OPERASYON D\\u00dcZENLEND\\u0130&quot;,&quot;orientation&quot;:&quot;0&quot;}\" data-image-title=\"Adana merkezli 11 ilde dev operasyon: 146 g\u00f6zalt\u0131 karar\u0131\" data-image-description=\"&lt;p&gt;Adana merkezli 11 ilde dev operasyon: 146 g\u00f6zalt\u0131 karar\u0131&lt;\/p&gt; \" data-medium-file=\"https:\/\/i0.wp.com\/www.tvturk.com\/wp-content\/uploads\/2019\/02\/adana-merkezli-11-ilde-dev-operasyon-146-gozalti-karari_d4786c3.jpg?fit=300%2C200\" data-large-file=\"https:\/\/i0.wp.com\/www.tvturk.com\/wp-content\/uploads\/2019\/02\/adana-merkezli-11-ilde-dev-operasyon-146-gozalti-karari_d4786c3.jpg?fit=1000%2C666\" src=\"https:\/\/i0.wp.com\/www.tvturk.com\/wp-content\/uploads\/2019\/02\/adana-merkezli-11-ilde-dev-operasyon-146-gozalti-karari_d4786c3.jpg?w=163&#038;h=108\" srcset=\"https:\/\/i0.wp.com\/www.tvturk.com\/wp-content\/uploads\/2019\/02\/adana-merkezli-11-ilde-dev-operasyon-146-gozalti-karari_d4786c3.jpg?w=1000 1000w, https:\/\/i0.wp.com\/www.tvturk.com\/wp-content\/uploads\/2019\/02\/adana-merkezli-11-ilde-dev-operasyon-146-gozalti-karari_d4786c3.jpg?resize=150%2C100 150w, https:\/\/i0.wp.com\/www.tvturk.com\/wp-content\/uploads\/2019\/02\/adana-merkezli-11-ilde-dev-operasyon-146-gozalti-karari_d4786c3.jpg?resize=300%2C200 300w, https:\/\/i0.wp.com\/www.tvturk.com\/wp-content\/uploads\/2019\/02\/adana-merkezli-11-ilde-dev-operasyon-146-gozalti-karari_d4786c3.jpg?resize=768%2C511 768w, https:\/\/i0.wp.com\/www.tvturk.com\/wp-content\/uploads\/2019\/02\/adana-merkezli-11-ilde-dev-operasyon-146-gozalti-karari_d4786c3.jpg?resize=170%2C113 170w, https:\/\/i0.wp.com\/www.tvturk.com\/wp-content\/uploads\/2019\/02\/adana-merkezli-11-ilde-dev-operasyon-146-gozalti-karari_d4786c3.jpg?resize=120%2C80 120w\" width=\"163\" height=\"108\" loading=\"lazy\" data-original-width=\"163\" data-original-height=\"108\" itemprop=\"http:\/\/schema.org\/image\" title=\"Adana merkezli 11 ilde dev operasyon: 146 g\u00f6zalt\u0131 karar\u0131\" alt=\"Adana merkezli 11 ilde dev operasyon: 146 g\u00f6zalt\u0131 karar\u0131\" style=\"width: 163px; height: 108px;\" \/> <\/a> <\/div> <\/div> <!-- close group --> <div class=\"gallery-group images-1\" style=\"width: 167px; height: 112px;\" data-original-width=\"167\" data-original-height=\"112\" > <div class=\"tiled-gallery-item tiled-gallery-item-small\" itemprop=\"associatedMedia\" itemscope itemtype=\"http:\/\/schema.org\/ImageObject\"> <a href=\"http:\/\/www.tvturk.com\/index.php\/adana-merkezli-11-ilde-dev-operasyon-146-gozalti-karari\/adana-merkezli-11-ilde-dev-operasyon-146-gozalti-karari-7\/\" border=\"0\" itemprop=\"url\"> <meta itemprop=\"width\" content=\"163\"> <meta itemprop=\"height\" content=\"108\"> <img decoding=\"async\" class=\"\" data-attachment-id=\"46602\" data-orig-file=\"http:\/\/www.tvturk.com\/wp-content\/uploads\/2019\/02\/adana-merkezli-11-ilde-dev-operasyon-146-gozalti-karari_91a404d.jpg\" data-orig-size=\"1000,666\" data-comments-opened=\"\" data-image-meta=\"{&quot;aperture&quot;:&quot;0&quot;,&quot;credit&quot;:&quot;IHA&quot;,&quot;camera&quot;:&quot;&quot;,&quot;caption&quot;:&quot;ADANA MERKEZL\\u0130 12 \\u0130LDE OLMAK \\u00dcZERE 146 \\u015e\\u00dcPHEL\\u0130 HAKKINDA YASADI\\u015eI BAH\\u0130S OYNATMA SU\\u00c7UNDAN G\\u00d6ZALTI KARARI VER\\u0130LD\\u0130. (S\\u00dcLEYMAN CENK \\u0130DAYE\\\/ADANA-\\u0130HA)&quot;,&quot;created_timestamp&quot;:&quot;0&quot;,&quot;copyright&quot;:&quot;\\u0130HLAS HABER AJANSI, www.iha.com.tr&quot;,&quot;focal_length&quot;:&quot;0&quot;,&quot;iso&quot;:&quot;0&quot;,&quot;shutter_speed&quot;:&quot;0&quot;,&quot;title&quot;:&quot;ADANA MERKEZL\\u0130 12 \\u0130LDE DEV OPERASYON: 146 G\\u00d6ZALTI KARARI ADANA MERKEZL\\u0130 12 \\u0130LDE YASA DI\\u015eI BAH\\u0130S OYNATTI\\u011eI \\u00d6NE S\\u00dcR\\u00dcLEN K\\u0130\\u015e\\u0130LERE Y\\u00d6NEL\\u0130K OPERASYON D\\u00dcZENLEND\\u0130&quot;,&quot;orientation&quot;:&quot;0&quot;}\" data-image-title=\"Adana merkezli 11 ilde dev operasyon: 146 g\u00f6zalt\u0131 karar\u0131\" data-image-description=\"&lt;p&gt;Adana merkezli 11 ilde dev operasyon: 146 g\u00f6zalt\u0131 karar\u0131&lt;\/p&gt; \" data-medium-file=\"https:\/\/i0.wp.com\/www.tvturk.com\/wp-content\/uploads\/2019\/02\/adana-merkezli-11-ilde-dev-operasyon-146-gozalti-karari_91a404d.jpg?fit=300%2C200\" data-large-file=\"https:\/\/i0.wp.com\/www.tvturk.com\/wp-content\/uploads\/2019\/02\/adana-merkezli-11-ilde-dev-operasyon-146-gozalti-karari_91a404d.jpg?fit=1000%2C666\" src=\"https:\/\/i0.wp.com\/www.tvturk.com\/wp-content\/uploads\/2019\/02\/adana-merkezli-11-ilde-dev-operasyon-146-gozalti-karari_91a404d.jpg?w=163&#038;h=108\" srcset=\"https:\/\/i0.wp.com\/www.tvturk.com\/wp-content\/uploads\/2019\/02\/adana-merkezli-11-ilde-dev-operasyon-146-gozalti-karari_91a404d.jpg?w=1000 1000w, https:\/\/i0.wp.com\/www.tvturk.com\/wp-content\/uploads\/2019\/02\/adana-merkezli-11-ilde-dev-operasyon-146-gozalti-karari_91a404d.jpg?resize=150%2C100 150w, https:\/\/i0.wp.com\/www.tvturk.com\/wp-content\/uploads\/2019\/02\/adana-merkezli-11-ilde-dev-operasyon-146-gozalti-karari_91a404d.jpg?resize=300%2C200 300w, https:\/\/i0.wp.com\/www.tvturk.com\/wp-content\/uploads\/2019\/02\/adana-merkezli-11-ilde-dev-operasyon-146-gozalti-karari_91a404d.jpg?resize=768%2C511 768w, https:\/\/i0.wp.com\/www.tvturk.com\/wp-content\/uploads\/2019\/02\/adana-merkezli-11-ilde-dev-operasyon-146-gozalti-karari_91a404d.jpg?resize=170%2C113 170w, https:\/\/i0.wp.com\/www.tvturk.com\/wp-content\/uploads\/2019\/02\/adana-merkezli-11-ilde-dev-operasyon-146-gozalti-karari_91a404d.jpg?resize=120%2C80 120w\" width=\"163\" height=\"108\" loading=\"lazy\" data-original-width=\"163\" data-original-height=\"108\" itemprop=\"http:\/\/schema.org\/image\" title=\"Adana merkezli 11 ilde dev operasyon: 146 g\u00f6zalt\u0131 karar\u0131\" alt=\"Adana merkezli 11 ilde dev operasyon: 146 g\u00f6zalt\u0131 karar\u0131\" style=\"width: 163px; height: 108px;\" \/> <\/a> <\/div> <\/div> <!-- close group --> <div class=\"gallery-group images-1\" style=\"width: 166px; height: 112px;\" data-original-width=\"166\" data-original-height=\"112\" > <div class=\"tiled-gallery-item tiled-gallery-item-small\" itemprop=\"associatedMedia\" itemscope itemtype=\"http:\/\/schema.org\/ImageObject\"> <a href=\"http:\/\/www.tvturk.com\/index.php\/adana-merkezli-11-ilde-dev-operasyon-146-gozalti-karari\/adana-merkezli-11-ilde-dev-operasyon-146-gozalti-karari-8\/\" border=\"0\" itemprop=\"url\"> <meta itemprop=\"width\" content=\"162\"> <meta itemprop=\"height\" content=\"108\"> <img decoding=\"async\" class=\"\" data-attachment-id=\"46603\" data-orig-file=\"http:\/\/www.tvturk.com\/wp-content\/uploads\/2019\/02\/adana-merkezli-11-ilde-dev-operasyon-146-gozalti-karari_c48b743.jpg\" data-orig-size=\"1000,666\" data-comments-opened=\"\" data-image-meta=\"{&quot;aperture&quot;:&quot;0&quot;,&quot;credit&quot;:&quot;IHA&quot;,&quot;camera&quot;:&quot;&quot;,&quot;caption&quot;:&quot;ADANA MERKEZL\\u0130 12 \\u0130LDE OLMAK \\u00dcZERE 146 \\u015e\\u00dcPHEL\\u0130 HAKKINDA YASADI\\u015eI BAH\\u0130S OYNATMA SU\\u00c7UNDAN G\\u00d6ZALTI KARARI VER\\u0130LD\\u0130. (S\\u00dcLEYMAN CENK \\u0130DAYE\\\/ADANA-\\u0130HA)&quot;,&quot;created_timestamp&quot;:&quot;0&quot;,&quot;copyright&quot;:&quot;\\u0130HLAS HABER AJANSI, www.iha.com.tr&quot;,&quot;focal_length&quot;:&quot;0&quot;,&quot;iso&quot;:&quot;0&quot;,&quot;shutter_speed&quot;:&quot;0&quot;,&quot;title&quot;:&quot;ADANA MERKEZL\\u0130 12 \\u0130LDE DEV OPERASYON: 146 G\\u00d6ZALTI KARARI ADANA MERKEZL\\u0130 12 \\u0130LDE YASA DI\\u015eI BAH\\u0130S OYNATTI\\u011eI \\u00d6NE S\\u00dcR\\u00dcLEN K\\u0130\\u015e\\u0130LERE Y\\u00d6NEL\\u0130K OPERASYON D\\u00dcZENLEND\\u0130&quot;,&quot;orientation&quot;:&quot;0&quot;}\" data-image-title=\"Adana merkezli 11 ilde dev operasyon: 146 g\u00f6zalt\u0131 karar\u0131\" data-image-description=\"&lt;p&gt;Adana merkezli 11 ilde dev operasyon: 146 g\u00f6zalt\u0131 karar\u0131&lt;\/p&gt; \" data-medium-file=\"https:\/\/i0.wp.com\/www.tvturk.com\/wp-content\/uploads\/2019\/02\/adana-merkezli-11-ilde-dev-operasyon-146-gozalti-karari_c48b743.jpg?fit=300%2C200\" data-large-file=\"https:\/\/i0.wp.com\/www.tvturk.com\/wp-content\/uploads\/2019\/02\/adana-merkezli-11-ilde-dev-operasyon-146-gozalti-karari_c48b743.jpg?fit=1000%2C666\" src=\"https:\/\/i0.wp.com\/www.tvturk.com\/wp-content\/uploads\/2019\/02\/adana-merkezli-11-ilde-dev-operasyon-146-gozalti-karari_c48b743.jpg?w=162&#038;h=108\" srcset=\"https:\/\/i0.wp.com\/www.tvturk.com\/wp-content\/uploads\/2019\/02\/adana-merkezli-11-ilde-dev-operasyon-146-gozalti-karari_c48b743.jpg?w=1000 1000w, https:\/\/i0.wp.com\/www.tvturk.com\/wp-content\/uploads\/2019\/02\/adana-merkezli-11-ilde-dev-operasyon-146-gozalti-karari_c48b743.jpg?resize=150%2C100 150w, https:\/\/i0.wp.com\/www.tvturk.com\/wp-content\/uploads\/2019\/02\/adana-merkezli-11-ilde-dev-operasyon-146-gozalti-karari_c48b743.jpg?resize=300%2C200 300w, https:\/\/i0.wp.com\/www.tvturk.com\/wp-content\/uploads\/2019\/02\/adana-merkezli-11-ilde-dev-operasyon-146-gozalti-karari_c48b743.jpg?resize=768%2C511 768w, https:\/\/i0.wp.com\/www.tvturk.com\/wp-content\/uploads\/2019\/02\/adana-merkezli-11-ilde-dev-operasyon-146-gozalti-karari_c48b743.jpg?resize=170%2C113 170w, https:\/\/i0.wp.com\/www.tvturk.com\/wp-content\/uploads\/2019\/02\/adana-merkezli-11-ilde-dev-operasyon-146-gozalti-karari_c48b743.jpg?resize=120%2C80 120w\" width=\"162\" height=\"108\" loading=\"lazy\" data-original-width=\"162\" data-original-height=\"108\" itemprop=\"http:\/\/schema.org\/image\" title=\"Adana merkezli 11 ilde dev operasyon: 146 g\u00f6zalt\u0131 karar\u0131\" alt=\"Adana merkezli 11 ilde dev operasyon: 146 g\u00f6zalt\u0131 karar\u0131\" style=\"width: 162px; height: 108px;\" \/> <\/a> <\/div> <\/div> <!-- close group --> <\/div> <!-- close row --> <div class=\"gallery-row\" style=\"width: 500px; height: 224px;\" data-original-width=\"500\" data-original-height=\"224\" > <div class=\"gallery-group images-2\" style=\"width: 166px; height: 224px;\" data-original-width=\"166\" data-original-height=\"224\" > <div class=\"tiled-gallery-item tiled-gallery-item-small\" itemprop=\"associatedMedia\" itemscope itemtype=\"http:\/\/schema.org\/ImageObject\"> <a href=\"http:\/\/www.tvturk.com\/index.php\/adana-merkezli-11-ilde-dev-operasyon-146-gozalti-karari\/adana-merkezli-11-ilde-dev-operasyon-146-gozalti-karari-9\/\" border=\"0\" itemprop=\"url\"> <meta itemprop=\"width\" content=\"162\"> <meta itemprop=\"height\" content=\"108\"> <img decoding=\"async\" class=\"\" data-attachment-id=\"46604\" data-orig-file=\"http:\/\/www.tvturk.com\/wp-content\/uploads\/2019\/02\/adana-merkezli-11-ilde-dev-operasyon-146-gozalti-karari_f10e8fc.jpg\" data-orig-size=\"1000,666\" data-comments-opened=\"\" data-image-meta=\"{&quot;aperture&quot;:&quot;0&quot;,&quot;credit&quot;:&quot;IHA&quot;,&quot;camera&quot;:&quot;&quot;,&quot;caption&quot;:&quot;ADANA MERKEZL\\u0130 12 \\u0130LDE OLMAK \\u00dcZERE 146 \\u015e\\u00dcPHEL\\u0130 HAKKINDA YASADI\\u015eI BAH\\u0130S OYNATMA SU\\u00c7UNDAN G\\u00d6ZALTI KARARI VER\\u0130LD\\u0130. (S\\u00dcLEYMAN CENK \\u0130DAYE\\\/ADANA-\\u0130HA)&quot;,&quot;created_timestamp&quot;:&quot;0&quot;,&quot;copyright&quot;:&quot;\\u0130HLAS HABER AJANSI, www.iha.com.tr&quot;,&quot;focal_length&quot;:&quot;0&quot;,&quot;iso&quot;:&quot;0&quot;,&quot;shutter_speed&quot;:&quot;0&quot;,&quot;title&quot;:&quot;ADANA MERKEZL\\u0130 12 \\u0130LDE DEV OPERASYON: 146 G\\u00d6ZALTI KARARI ADANA MERKEZL\\u0130 12 \\u0130LDE YASA DI\\u015eI BAH\\u0130S OYNATTI\\u011eI \\u00d6NE S\\u00dcR\\u00dcLEN K\\u0130\\u015e\\u0130LERE Y\\u00d6NEL\\u0130K OPERASYON D\\u00dcZENLEND\\u0130&quot;,&quot;orientation&quot;:&quot;0&quot;}\" data-image-title=\"Adana merkezli 11 ilde dev operasyon: 146 g\u00f6zalt\u0131 karar\u0131\" data-image-description=\"&lt;p&gt;Adana merkezli 11 ilde dev operasyon: 146 g\u00f6zalt\u0131 karar\u0131&lt;\/p&gt; \" data-medium-file=\"https:\/\/i0.wp.com\/www.tvturk.com\/wp-content\/uploads\/2019\/02\/adana-merkezli-11-ilde-dev-operasyon-146-gozalti-karari_f10e8fc.jpg?fit=300%2C200\" data-large-file=\"https:\/\/i0.wp.com\/www.tvturk.com\/wp-content\/uploads\/2019\/02\/adana-merkezli-11-ilde-dev-operasyon-146-gozalti-karari_f10e8fc.jpg?fit=1000%2C666\" src=\"https:\/\/i0.wp.com\/www.tvturk.com\/wp-content\/uploads\/2019\/02\/adana-merkezli-11-ilde-dev-operasyon-146-gozalti-karari_f10e8fc.jpg?w=162&#038;h=108\" srcset=\"https:\/\/i0.wp.com\/www.tvturk.com\/wp-content\/uploads\/2019\/02\/adana-merkezli-11-ilde-dev-operasyon-146-gozalti-karari_f10e8fc.jpg?w=1000 1000w, https:\/\/i0.wp.com\/www.tvturk.com\/wp-content\/uploads\/2019\/02\/adana-merkezli-11-ilde-dev-operasyon-146-gozalti-karari_f10e8fc.jpg?resize=150%2C100 150w, https:\/\/i0.wp.com\/www.tvturk.com\/wp-content\/uploads\/2019\/02\/adana-merkezli-11-ilde-dev-operasyon-146-gozalti-karari_f10e8fc.jpg?resize=300%2C200 300w, https:\/\/i0.wp.com\/www.tvturk.com\/wp-content\/uploads\/2019\/02\/adana-merkezli-11-ilde-dev-operasyon-146-gozalti-karari_f10e8fc.jpg?resize=768%2C511 768w, https:\/\/i0.wp.com\/www.tvturk.com\/wp-content\/uploads\/2019\/02\/adana-merkezli-11-ilde-dev-operasyon-146-gozalti-karari_f10e8fc.jpg?resize=170%2C113 170w, https:\/\/i0.wp.com\/www.tvturk.com\/wp-content\/uploads\/2019\/02\/adana-merkezli-11-ilde-dev-operasyon-146-gozalti-karari_f10e8fc.jpg?resize=120%2C80 120w\" width=\"162\" height=\"108\" loading=\"lazy\" data-original-width=\"162\" data-original-height=\"108\" itemprop=\"http:\/\/schema.org\/image\" title=\"Adana merkezli 11 ilde dev operasyon: 146 g\u00f6zalt\u0131 karar\u0131\" alt=\"Adana merkezli 11 ilde dev operasyon: 146 g\u00f6zalt\u0131 karar\u0131\" style=\"width: 162px; height: 108px;\" \/> <\/a> <\/div> <div class=\"tiled-gallery-item tiled-gallery-item-small\" itemprop=\"associatedMedia\" itemscope itemtype=\"http:\/\/schema.org\/ImageObject\"> <a href=\"http:\/\/www.tvturk.com\/index.php\/adana-merkezli-11-ilde-dev-operasyon-146-gozalti-karari\/adana-merkezli-11-ilde-dev-operasyon-146-gozalti-karari-10\/\" border=\"0\" itemprop=\"url\"> <meta itemprop=\"width\" content=\"162\"> <meta itemprop=\"height\" content=\"108\"> <img decoding=\"async\" class=\"\" data-attachment-id=\"46605\" data-orig-file=\"http:\/\/www.tvturk.com\/wp-content\/uploads\/2019\/02\/adana-merkezli-11-ilde-dev-operasyon-146-gozalti-karari_2c7955c.jpg\" data-orig-size=\"1000,666\" data-comments-opened=\"\" data-image-meta=\"{&quot;aperture&quot;:&quot;0&quot;,&quot;credit&quot;:&quot;IHA&quot;,&quot;camera&quot;:&quot;&quot;,&quot;caption&quot;:&quot;ADANA MERKEZL\\u0130 12 \\u0130LDE OLMAK \\u00dcZERE 146 \\u015e\\u00dcPHEL\\u0130 HAKKINDA YASADI\\u015eI BAH\\u0130S OYNATMA SU\\u00c7UNDAN G\\u00d6ZALTI KARARI VER\\u0130LD\\u0130. (S\\u00dcLEYMAN CENK \\u0130DAYE\\\/ADANA-\\u0130HA)&quot;,&quot;created_timestamp&quot;:&quot;0&quot;,&quot;copyright&quot;:&quot;\\u0130HLAS HABER AJANSI, www.iha.com.tr&quot;,&quot;focal_length&quot;:&quot;0&quot;,&quot;iso&quot;:&quot;0&quot;,&quot;shutter_speed&quot;:&quot;0&quot;,&quot;title&quot;:&quot;ADANA MERKEZL\\u0130 12 \\u0130LDE DEV OPERASYON: 146 G\\u00d6ZALTI KARARI ADANA MERKEZL\\u0130 12 \\u0130LDE YASA DI\\u015eI BAH\\u0130S OYNATTI\\u011eI \\u00d6NE S\\u00dcR\\u00dcLEN K\\u0130\\u015e\\u0130LERE Y\\u00d6NEL\\u0130K OPERASYON D\\u00dcZENLEND\\u0130&quot;,&quot;orientation&quot;:&quot;0&quot;}\" data-image-title=\"Adana merkezli 11 ilde dev operasyon: 146 g\u00f6zalt\u0131 karar\u0131\" data-image-description=\"&lt;p&gt;Adana merkezli 11 ilde dev operasyon: 146 g\u00f6zalt\u0131 karar\u0131&lt;\/p&gt; \" data-medium-file=\"https:\/\/i0.wp.com\/www.tvturk.com\/wp-content\/uploads\/2019\/02\/adana-merkezli-11-ilde-dev-operasyon-146-gozalti-karari_2c7955c.jpg?fit=300%2C200\" data-large-file=\"https:\/\/i0.wp.com\/www.tvturk.com\/wp-content\/uploads\/2019\/02\/adana-merkezli-11-ilde-dev-operasyon-146-gozalti-karari_2c7955c.jpg?fit=1000%2C666\" src=\"https:\/\/i0.wp.com\/www.tvturk.com\/wp-content\/uploads\/2019\/02\/adana-merkezli-11-ilde-dev-operasyon-146-gozalti-karari_2c7955c.jpg?w=162&#038;h=108\" srcset=\"https:\/\/i0.wp.com\/www.tvturk.com\/wp-content\/uploads\/2019\/02\/adana-merkezli-11-ilde-dev-operasyon-146-gozalti-karari_2c7955c.jpg?w=1000 1000w, https:\/\/i0.wp.com\/www.tvturk.com\/wp-content\/uploads\/2019\/02\/adana-merkezli-11-ilde-dev-operasyon-146-gozalti-karari_2c7955c.jpg?resize=150%2C100 150w, https:\/\/i0.wp.com\/www.tvturk.com\/wp-content\/uploads\/2019\/02\/adana-merkezli-11-ilde-dev-operasyon-146-gozalti-karari_2c7955c.jpg?resize=300%2C200 300w, https:\/\/i0.wp.com\/www.tvturk.com\/wp-content\/uploads\/2019\/02\/adana-merkezli-11-ilde-dev-operasyon-146-gozalti-karari_2c7955c.jpg?resize=768%2C511 768w, https:\/\/i0.wp.com\/www.tvturk.com\/wp-content\/uploads\/2019\/02\/adana-merkezli-11-ilde-dev-operasyon-146-gozalti-karari_2c7955c.jpg?resize=170%2C113 170w, https:\/\/i0.wp.com\/www.tvturk.com\/wp-content\/uploads\/2019\/02\/adana-merkezli-11-ilde-dev-operasyon-146-gozalti-karari_2c7955c.jpg?resize=120%2C80 120w\" width=\"162\" height=\"108\" loading=\"lazy\" data-original-width=\"162\" data-original-height=\"108\" itemprop=\"http:\/\/schema.org\/image\" title=\"Adana merkezli 11 ilde dev operasyon: 146 g\u00f6zalt\u0131 karar\u0131\" alt=\"Adana merkezli 11 ilde dev operasyon: 146 g\u00f6zalt\u0131 karar\u0131\" style=\"width: 162px; height: 108px;\" \/> <\/a> <\/div> <\/div> <!-- close group --> <div class=\"gallery-group images-1\" style=\"width: 334px; height: 224px;\" data-original-width=\"334\" data-original-height=\"224\" > <div class=\"tiled-gallery-item tiled-gallery-item-large\" itemprop=\"associatedMedia\" itemscope itemtype=\"http:\/\/schema.org\/ImageObject\"> <a href=\"http:\/\/www.tvturk.com\/index.php\/adana-merkezli-11-ilde-dev-operasyon-146-gozalti-karari\/adana-merkezli-11-ilde-dev-operasyon-146-gozalti-karari-11\/\" border=\"0\" itemprop=\"url\"> <meta itemprop=\"width\" content=\"330\"> <meta itemprop=\"height\" content=\"220\"> <img decoding=\"async\" class=\"\" data-attachment-id=\"46606\" data-orig-file=\"http:\/\/www.tvturk.com\/wp-content\/uploads\/2019\/02\/adana-merkezli-11-ilde-dev-operasyon-146-gozalti-karari_28ac89c.jpg\" data-orig-size=\"1000,666\" data-comments-opened=\"\" data-image-meta=\"{&quot;aperture&quot;:&quot;0&quot;,&quot;credit&quot;:&quot;IHA&quot;,&quot;camera&quot;:&quot;&quot;,&quot;caption&quot;:&quot;ADANA MERKEZL\\u0130 12 \\u0130LDE OLMAK \\u00dcZERE 146 \\u015e\\u00dcPHEL\\u0130 HAKKINDA YASADI\\u015eI BAH\\u0130S OYNATMA SU\\u00c7UNDAN G\\u00d6ZALTI KARARI VER\\u0130LD\\u0130. (S\\u00dcLEYMAN CENK \\u0130DAYE\\\/ADANA-\\u0130HA)&quot;,&quot;created_timestamp&quot;:&quot;0&quot;,&quot;copyright&quot;:&quot;\\u0130HLAS HABER AJANSI, www.iha.com.tr&quot;,&quot;focal_length&quot;:&quot;0&quot;,&quot;iso&quot;:&quot;0&quot;,&quot;shutter_speed&quot;:&quot;0&quot;,&quot;title&quot;:&quot;ADANA MERKEZL\\u0130 12 \\u0130LDE DEV OPERASYON: 146 G\\u00d6ZALTI KARARI ADANA MERKEZL\\u0130 12 \\u0130LDE YASA DI\\u015eI BAH\\u0130S OYNATTI\\u011eI \\u00d6NE S\\u00dcR\\u00dcLEN K\\u0130\\u015e\\u0130LERE Y\\u00d6NEL\\u0130K OPERASYON D\\u00dcZENLEND\\u0130&quot;,&quot;orientation&quot;:&quot;0&quot;}\" data-image-title=\"Adana merkezli 11 ilde dev operasyon: 146 g\u00f6zalt\u0131 karar\u0131\" data-image-description=\"&lt;p&gt;Adana merkezli 11 ilde dev operasyon: 146 g\u00f6zalt\u0131 karar\u0131&lt;\/p&gt; \" data-medium-file=\"https:\/\/i0.wp.com\/www.tvturk.com\/wp-content\/uploads\/2019\/02\/adana-merkezli-11-ilde-dev-operasyon-146-gozalti-karari_28ac89c.jpg?fit=300%2C200\" data-large-file=\"https:\/\/i0.wp.com\/www.tvturk.com\/wp-content\/uploads\/2019\/02\/adana-merkezli-11-ilde-dev-operasyon-146-gozalti-karari_28ac89c.jpg?fit=1000%2C666\" src=\"https:\/\/i0.wp.com\/www.tvturk.com\/wp-content\/uploads\/2019\/02\/adana-merkezli-11-ilde-dev-operasyon-146-gozalti-karari_28ac89c.jpg?w=330&#038;h=220\" srcset=\"https:\/\/i0.wp.com\/www.tvturk.com\/wp-content\/uploads\/2019\/02\/adana-merkezli-11-ilde-dev-operasyon-146-gozalti-karari_28ac89c.jpg?w=1000 1000w, https:\/\/i0.wp.com\/www.tvturk.com\/wp-content\/uploads\/2019\/02\/adana-merkezli-11-ilde-dev-operasyon-146-gozalti-karari_28ac89c.jpg?resize=150%2C100 150w, https:\/\/i0.wp.com\/www.tvturk.com\/wp-content\/uploads\/2019\/02\/adana-merkezli-11-ilde-dev-operasyon-146-gozalti-karari_28ac89c.jpg?resize=300%2C200 300w, https:\/\/i0.wp.com\/www.tvturk.com\/wp-content\/uploads\/2019\/02\/adana-merkezli-11-ilde-dev-operasyon-146-gozalti-karari_28ac89c.jpg?resize=768%2C511 768w, https:\/\/i0.wp.com\/www.tvturk.com\/wp-content\/uploads\/2019\/02\/adana-merkezli-11-ilde-dev-operasyon-146-gozalti-karari_28ac89c.jpg?resize=170%2C113 170w, https:\/\/i0.wp.com\/www.tvturk.com\/wp-content\/uploads\/2019\/02\/adana-merkezli-11-ilde-dev-operasyon-146-gozalti-karari_28ac89c.jpg?resize=120%2C80 120w\" width=\"330\" height=\"220\" loading=\"lazy\" data-original-width=\"330\" data-original-height=\"220\" itemprop=\"http:\/\/schema.org\/image\" title=\"Adana merkezli 11 ilde dev operasyon: 146 g\u00f6zalt\u0131 karar\u0131\" alt=\"Adana merkezli 11 ilde dev operasyon: 146 g\u00f6zalt\u0131 karar\u0131\" style=\"width: 330px; height: 220px;\" \/> <\/a> <\/div> <\/div> <!-- close group --> <\/div> <!-- close row --> <div class=\"gallery-row\" style=\"width: 500px; height: 168px;\" data-original-width=\"500\" data-original-height=\"168\" > <div class=\"gallery-group images-1\" style=\"width: 250px; height: 168px;\" data-original-width=\"250\" data-original-height=\"168\" > <div class=\"tiled-gallery-item tiled-gallery-item-small\" itemprop=\"associatedMedia\" itemscope itemtype=\"http:\/\/schema.org\/ImageObject\"> <a href=\"http:\/\/www.tvturk.com\/index.php\/adana-merkezli-11-ilde-dev-operasyon-146-gozalti-karari\/adana-merkezli-11-ilde-dev-operasyon-146-gozalti-karari-12\/\" border=\"0\" itemprop=\"url\"> <meta itemprop=\"width\" content=\"246\"> <meta itemprop=\"height\" content=\"164\"> <img decoding=\"async\" class=\"\" data-attachment-id=\"46607\" data-orig-file=\"http:\/\/www.tvturk.com\/wp-content\/uploads\/2019\/02\/adana-merkezli-11-ilde-dev-operasyon-146-gozalti-karari_e8fc195.jpg\" data-orig-size=\"1000,666\" data-comments-opened=\"\" data-image-meta=\"{&quot;aperture&quot;:&quot;0&quot;,&quot;credit&quot;:&quot;IHA&quot;,&quot;camera&quot;:&quot;&quot;,&quot;caption&quot;:&quot;ADANA MERKEZL\\u0130 12 \\u0130LDE OLMAK \\u00dcZERE 146 \\u015e\\u00dcPHEL\\u0130 HAKKINDA YASADI\\u015eI BAH\\u0130S OYNATMA SU\\u00c7UNDAN G\\u00d6ZALTI KARARI VER\\u0130LD\\u0130. (S\\u00dcLEYMAN CENK \\u0130DAYE\\\/ADANA-\\u0130HA)&quot;,&quot;created_timestamp&quot;:&quot;0&quot;,&quot;copyright&quot;:&quot;\\u0130HLAS HABER AJANSI, www.iha.com.tr&quot;,&quot;focal_length&quot;:&quot;0&quot;,&quot;iso&quot;:&quot;0&quot;,&quot;shutter_speed&quot;:&quot;0&quot;,&quot;title&quot;:&quot;ADANA MERKEZL\\u0130 12 \\u0130LDE DEV OPERASYON: 146 G\\u00d6ZALTI KARARI ADANA MERKEZL\\u0130 12 \\u0130LDE YASA DI\\u015eI BAH\\u0130S OYNATTI\\u011eI \\u00d6NE S\\u00dcR\\u00dcLEN K\\u0130\\u015e\\u0130LERE Y\\u00d6NEL\\u0130K OPERASYON D\\u00dcZENLEND\\u0130&quot;,&quot;orientation&quot;:&quot;0&quot;}\" data-image-title=\"Adana merkezli 11 ilde dev operasyon: 146 g\u00f6zalt\u0131 karar\u0131\" data-image-description=\"&lt;p&gt;Adana merkezli 11 ilde dev operasyon: 146 g\u00f6zalt\u0131 karar\u0131&lt;\/p&gt; \" data-medium-file=\"https:\/\/i0.wp.com\/www.tvturk.com\/wp-content\/uploads\/2019\/02\/adana-merkezli-11-ilde-dev-operasyon-146-gozalti-karari_e8fc195.jpg?fit=300%2C200\" data-large-file=\"https:\/\/i0.wp.com\/www.tvturk.com\/wp-content\/uploads\/2019\/02\/adana-merkezli-11-ilde-dev-operasyon-146-gozalti-karari_e8fc195.jpg?fit=1000%2C666\" src=\"https:\/\/i0.wp.com\/www.tvturk.com\/wp-content\/uploads\/2019\/02\/adana-merkezli-11-ilde-dev-operasyon-146-gozalti-karari_e8fc195.jpg?w=246&#038;h=164\" srcset=\"https:\/\/i0.wp.com\/www.tvturk.com\/wp-content\/uploads\/2019\/02\/adana-merkezli-11-ilde-dev-operasyon-146-gozalti-karari_e8fc195.jpg?w=1000 1000w, https:\/\/i0.wp.com\/www.tvturk.com\/wp-content\/uploads\/2019\/02\/adana-merkezli-11-ilde-dev-operasyon-146-gozalti-karari_e8fc195.jpg?resize=150%2C100 150w, https:\/\/i0.wp.com\/www.tvturk.com\/wp-content\/uploads\/2019\/02\/adana-merkezli-11-ilde-dev-operasyon-146-gozalti-karari_e8fc195.jpg?resize=300%2C200 300w, https:\/\/i0.wp.com\/www.tvturk.com\/wp-content\/uploads\/2019\/02\/adana-merkezli-11-ilde-dev-operasyon-146-gozalti-karari_e8fc195.jpg?resize=768%2C511 768w, https:\/\/i0.wp.com\/www.tvturk.com\/wp-content\/uploads\/2019\/02\/adana-merkezli-11-ilde-dev-operasyon-146-gozalti-karari_e8fc195.jpg?resize=170%2C113 170w, https:\/\/i0.wp.com\/www.tvturk.com\/wp-content\/uploads\/2019\/02\/adana-merkezli-11-ilde-dev-operasyon-146-gozalti-karari_e8fc195.jpg?resize=120%2C80 120w\" width=\"246\" height=\"164\" loading=\"lazy\" data-original-width=\"246\" data-original-height=\"164\" itemprop=\"http:\/\/schema.org\/image\" title=\"Adana merkezli 11 ilde dev operasyon: 146 g\u00f6zalt\u0131 karar\u0131\" alt=\"Adana merkezli 11 ilde dev operasyon: 146 g\u00f6zalt\u0131 karar\u0131\" style=\"width: 246px; height: 164px;\" \/> <\/a> <\/div> <\/div> <!-- close group --> <div class=\"gallery-group images-1\" style=\"width: 250px; height: 168px;\" data-original-width=\"250\" data-original-height=\"168\" > <div class=\"tiled-gallery-item tiled-gallery-item-small\" itemprop=\"associatedMedia\" itemscope itemtype=\"http:\/\/schema.org\/ImageObject\"> <a href=\"http:\/\/www.tvturk.com\/index.php\/adana-merkezli-11-ilde-dev-operasyon-146-gozalti-karari\/adana-merkezli-11-ilde-dev-operasyon-146-gozalti-karari-13\/\" border=\"0\" itemprop=\"url\"> <meta itemprop=\"width\" content=\"246\"> <meta itemprop=\"height\" content=\"164\"> <img decoding=\"async\" class=\"\" data-attachment-id=\"46608\" data-orig-file=\"http:\/\/www.tvturk.com\/wp-content\/uploads\/2019\/02\/adana-merkezli-11-ilde-dev-operasyon-146-gozalti-karari_c6ec2e0.jpg\" data-orig-size=\"1000,666\" data-comments-opened=\"\" data-image-meta=\"{&quot;aperture&quot;:&quot;0&quot;,&quot;credit&quot;:&quot;IHA&quot;,&quot;camera&quot;:&quot;&quot;,&quot;caption&quot;:&quot;ADANA MERKEZL\\u0130 12 \\u0130LDE OLMAK \\u00dcZERE 146 \\u015e\\u00dcPHEL\\u0130 HAKKINDA YASADI\\u015eI BAH\\u0130S OYNATMA SU\\u00c7UNDAN G\\u00d6ZALTI KARARI VER\\u0130LD\\u0130. (S\\u00dcLEYMAN CENK \\u0130DAYE\\\/ADANA-\\u0130HA)&quot;,&quot;created_timestamp&quot;:&quot;0&quot;,&quot;copyright&quot;:&quot;\\u0130HLAS HABER AJANSI, www.iha.com.tr&quot;,&quot;focal_length&quot;:&quot;0&quot;,&quot;iso&quot;:&quot;0&quot;,&quot;shutter_speed&quot;:&quot;0&quot;,&quot;title&quot;:&quot;ADANA MERKEZL\\u0130 12 \\u0130LDE DEV OPERASYON: 146 G\\u00d6ZALTI KARARI ADANA MERKEZL\\u0130 12 \\u0130LDE YASA DI\\u015eI BAH\\u0130S OYNATTI\\u011eI \\u00d6NE S\\u00dcR\\u00dcLEN K\\u0130\\u015e\\u0130LERE Y\\u00d6NEL\\u0130K OPERASYON D\\u00dcZENLEND\\u0130&quot;,&quot;orientation&quot;:&quot;0&quot;}\" data-image-title=\"Adana merkezli 11 ilde dev operasyon: 146 g\u00f6zalt\u0131 karar\u0131\" data-image-description=\"&lt;p&gt;Adana merkezli 11 ilde dev operasyon: 146 g\u00f6zalt\u0131 karar\u0131&lt;\/p&gt; \" data-medium-file=\"https:\/\/i0.wp.com\/www.tvturk.com\/wp-content\/uploads\/2019\/02\/adana-merkezli-11-ilde-dev-operasyon-146-gozalti-karari_c6ec2e0.jpg?fit=300%2C200\" data-large-file=\"https:\/\/i0.wp.com\/www.tvturk.com\/wp-content\/uploads\/2019\/02\/adana-merkezli-11-ilde-dev-operasyon-146-gozalti-karari_c6ec2e0.jpg?fit=1000%2C666\" src=\"https:\/\/i0.wp.com\/www.tvturk.com\/wp-content\/uploads\/2019\/02\/adana-merkezli-11-ilde-dev-operasyon-146-gozalti-karari_c6ec2e0.jpg?w=246&#038;h=164\" srcset=\"https:\/\/i0.wp.com\/www.tvturk.com\/wp-content\/uploads\/2019\/02\/adana-merkezli-11-ilde-dev-operasyon-146-gozalti-karari_c6ec2e0.jpg?w=1000 1000w, https:\/\/i0.wp.com\/www.tvturk.com\/wp-content\/uploads\/2019\/02\/adana-merkezli-11-ilde-dev-operasyon-146-gozalti-karari_c6ec2e0.jpg?resize=150%2C100 150w, https:\/\/i0.wp.com\/www.tvturk.com\/wp-content\/uploads\/2019\/02\/adana-merkezli-11-ilde-dev-operasyon-146-gozalti-karari_c6ec2e0.jpg?resize=300%2C200 300w, https:\/\/i0.wp.com\/www.tvturk.com\/wp-content\/uploads\/2019\/02\/adana-merkezli-11-ilde-dev-operasyon-146-gozalti-karari_c6ec2e0.jpg?resize=768%2C511 768w, https:\/\/i0.wp.com\/www.tvturk.com\/wp-content\/uploads\/2019\/02\/adana-merkezli-11-ilde-dev-operasyon-146-gozalti-karari_c6ec2e0.jpg?resize=170%2C113 170w, https:\/\/i0.wp.com\/www.tvturk.com\/wp-content\/uploads\/2019\/02\/adana-merkezli-11-ilde-dev-operasyon-146-gozalti-karari_c6ec2e0.jpg?resize=120%2C80 120w\" width=\"246\" height=\"164\" loading=\"lazy\" data-original-width=\"246\" data-original-height=\"164\" itemprop=\"http:\/\/schema.org\/image\" title=\"Adana merkezli 11 ilde dev operasyon: 146 g\u00f6zalt\u0131 karar\u0131\" alt=\"Adana merkezli 11 ilde dev operasyon: 146 g\u00f6zalt\u0131 karar\u0131\" style=\"width: 246px; height: 164px;\" \/> <\/a> <\/div> <\/div> <!-- close group --> <\/div> <!-- close row --> <\/div><\/p>\n","protected":false},"excerpt":{"rendered":"<p>ADANA MERKEZL\u0130 12 \u0130LDE OLMAK \u00dcZERE 146 \u015e\u00dcPHEL\u0130 HAKKINDA YASADI\u015eI BAH\u0130S OYNATMA SU\u00c7UNDAN G\u00d6ZALTI KARARI VER\u0130LD\u0130.<\/p>\n","protected":false},"author":1,"featured_media":46597,"comment_status":"closed","ping_status":"open","sticky":false,"template":"","format":"standard","meta":{"jetpack_post_was_ever_published":false,"_jetpack_newsletter_access":"","_jetpack_dont_email_post_to_subs":false,"_jetpack_newsletter_tier_id":0,"_jetpack_memberships_contains_paywalled_content":false,"_jetpack_memberships_contains_paid_content":false,"footnotes":"","jetpack_publicize_message":"","jetpack_publicize_feature_enabled":true,"jetpack_social_post_already_shared":false,"jetpack_social_options":{"image_generator_settings":{"template":"highway","default_image_id":0,"font":"","enabled":false},"version":2}},"categories":[655],"tags":[7516,2080,3017,3447,1531,2832,1906,2259],"class_list":["post-46596","post","type-post","status-publish","format-standard","has-post-thumbnail","hentry","category-son-dakika","tag-7516","tag-adana","tag-dev","tag-gozalti","tag-ilde","tag-karari","tag-merkezli","tag-operasyon"],"jetpack_publicize_connections":[],"jetpack_featured_media_url":"https:\/\/i0.wp.com\/www.tvturk.com\/wp-content\/uploads\/2019\/02\/adana-merkezli-11-ilde-dev-operasyon-146-gozalti-karari_90d88e4.jpg?fit=1000%2C666","jetpack_sharing_enabled":true,"jetpack_shortlink":"https:\/\/wp.me\/paKIfm-c7y","_links":{"self":[{"href":"http:\/\/www.tvturk.com\/index.php\/wp-json\/wp\/v2\/posts\/46596","targetHints":{"allow":["GET"]}}],"collection":[{"href":"http:\/\/www.tvturk.com\/index.php\/wp-json\/wp\/v2\/posts"}],"about":[{"href":"http:\/\/www.tvturk.com\/index.php\/wp-json\/wp\/v2\/types\/post"}],"author":[{"embeddable":true,"href":"http:\/\/www.tvturk.com\/index.php\/wp-json\/wp\/v2\/users\/1"}],"replies":[{"embeddable":true,"href":"http:\/\/www.tvturk.com\/index.php\/wp-json\/wp\/v2\/comments?post=46596"}],"version-history":[{"count":1,"href":"http:\/\/www.tvturk.com\/index.php\/wp-json\/wp\/v2\/posts\/46596\/revisions"}],"predecessor-version":[{"id":46609,"href":"http:\/\/www.tvturk.com\/index.php\/wp-json\/wp\/v2\/posts\/46596\/revisions\/46609"}],"wp:featuredmedia":[{"embeddable":true,"href":"http:\/\/www.tvturk.com\/index.php\/wp-json\/wp\/v2\/media\/46597"}],"wp:attachment":[{"href":"http:\/\/www.tvturk.com\/index.php\/wp-json\/wp\/v2\/media?parent=46596"}],"wp:term":[{"taxonomy":"category","embeddable":true,"href":"http:\/\/www.tvturk.com\/index.php\/wp-json\/wp\/v2\/categories?post=46596"},{"taxonomy":"post_tag","embeddable":true,"href":"http:\/\/www.tvturk.com\/index.php\/wp-json\/wp\/v2\/tags?post=46596"}],"curies":[{"name":"wp","href":"https:\/\/api.w.org\/{rel}","templated":true}]}}