{"id":46610,"date":"2019-02-19T08:40:57","date_gmt":"2019-02-19T05:40:57","guid":{"rendered":"http:\/\/www.tvturk.com\/index.php\/vezirkopru-turkiyenin-kenevir-uretim-merkezi-olma-yolunda\/"},"modified":"2019-02-19T08:41:00","modified_gmt":"2019-02-19T05:41:00","slug":"vezirkopru-turkiyenin-kenevir-uretim-merkezi-olma-yolunda","status":"publish","type":"post","link":"http:\/\/www.tvturk.com\/index.php\/vezirkopru-turkiyenin-kenevir-uretim-merkezi-olma-yolunda\/","title":{"rendered":"Vezirk\u00f6pr\u00fc, T\u00fcrkiye\u2019nin kenevir \u00fcretim merkezi olma yolunda"},"content":{"rendered":"<p>Samsun Valisi Osman Kaymak, \u201cBirbirimize g\u00fcvenelim, habersiz bir geli\u015fmeye f\u0131rsat vermeyelim ve birlikte vezirk\u00f6pr\u00fcy\u00fc kenevir \u00fcretiminin merkezi yapal\u0131m\u201d dedi.<\/p>\n<p>Vali Osman Kaymak, kenevirde tohum ve lif veriminde en kaliteli \u00fcr\u00fcn\u00fcn yeti\u015ftirildi\u011fi ve T\u00fcrkiye\u2019de pilot yer se\u00e7ilen Vezirk\u00f6pr\u00fc-Narl\u0131saray Mahallesi\u2019ni ziyaret etti. Vali Kaymak, Vezirk\u00f6pr\u00fc-Narl\u0131saray Mahallesi\u2019ni ziyaretinde Tar\u0131msal Ara\u015ft\u0131rma Enstit\u00fc M\u00fcd\u00fcr Yard\u0131mc\u0131s\u0131 \u015eahin Gizlenci\u2019den kenevir bitkisi hakk\u0131nda bilgi ald\u0131. Daha sonra Ondokuz May\u0131s \u00dcniversitesi Ziraat Fak\u00fcltesi \u00d6\u011fretim \u00dcyesi Prof. Dr. Selim Ayta\u00e7 yapt\u0131\u011f\u0131 konu\u015fmas\u0131nda, \u201c\u00d6n\u00fcm\u00fczdeki birka\u00e7 y\u0131l i\u00e7erisinde Narl\u0131saray\u2019\u0131n merkezinden \u00e7\u0131kacak olan bu tohumluklar k\u0131sa s\u00fcre i\u00e7erisinde \u00fclke ihtiyac\u0131na yetecek kadar 2-3 y\u0131l i\u00e7erisinde artmas\u0131 planlanmaktad\u0131r. \u00dcr\u00fcn\u00fc bu \u015fekilde ham olarak pazarlamak, \u00fcreticimize kazan\u00e7 sa\u011fl\u0131yor ama \u00fclke ve b\u00f6lge ekonomisi a\u00e7\u0131s\u0131ndan b\u00f6lgeye katk\u0131 sa\u011flamak i\u00e7in kenevir bitkisini bu b\u00f6lgede i\u015flememiz gerekiyor. Sanayiyi bu b\u00f6lgede kurarsak b\u00f6lgenin kalk\u0131nmas\u0131na b\u00fcy\u00fck katk\u0131 sa\u011flayacakt\u0131r\u201d ifadelerini kulland\u0131.<\/p>\n<p>\u201c\u00dczerimize vazife edindik\u201d<\/p>\n<p>Cumhurba\u015fkan\u0131 Recep Tayyip Erdo\u011fan\u2019\u0131n kenevir ile ilgili a\u00e7\u0131klamalar\u0131ndan sonra ciddi \u00e7al\u0131\u015fmalar yap\u0131lmaya ba\u015flad\u0131\u011f\u0131n\u0131 kaydeden Vali Osman Kaymak, \u201cCumhurba\u015fkan\u0131m\u0131z\u0131n \u2018bu i\u015fin merkezi Vezirk\u00f6pr\u00fc olacak\u2019 dedikten sonra biz de \u00fczerimize vazife edindik. Bu konuda b\u00fct\u00fcn kurumlar\u0131m\u0131z ciddi bir \u015fekilde \u00e7al\u0131\u015f\u0131yorlar. Akademisyenlerimiz, Cumhurba\u015fkan\u0131m\u0131z\u0131n yetkilileriyle K\u00fclliye\u2019de toplant\u0131lar yapt\u0131lar ve eylem plan\u0131 ortaya \u00e7\u0131kard\u0131. Tabii bug\u00fcne kadar sanayisi olmad\u0131\u011f\u0131 halde keneviri \u00fcreterek, korudu\u011funuz i\u00e7in sizlere \u00e7ok te\u015fekk\u00fcr ediyorum, Allah sizlerden raz\u0131 olsun. \u0130n\u015fallah bunun uzun vadede \u00e7ok faydas\u0131n\u0131 g\u00f6rece\u011fiz. Ama l\u00fctfen bu konuda bizim kurumlar\u0131m\u0131z\u0131n y\u00f6nlendirmesi do\u011frultusunda hareket edelim, d\u0131\u015fardan gelecek ki\u015filerin spek\u00fclatif fiyat tekliflerine inanmadan de\u011ferini korumam\u0131z laz\u0131m. D\u0131\u015far\u0131daki tohumlar bizim tohumlar\u0131m\u0131z kadar kaliteli de\u011fil. Bu tohum d\u0131\u015far\u0131 \u00e7\u0131karsa tohumun \u00f6zelli\u011fi bozulabilir. Bu i\u015fte en iyi Fransa deniyor ama bizim Narl\u0131saray tohumlar\u0131 ondan iki kat daha verimli. Biz in\u015fallah bu \u00fcretimi yapaca\u011f\u0131z ama yap\u0131lmas\u0131 gereken as\u0131l \u015fey sanayisini olu\u015fturmakt\u0131r. Bu sanayi olu\u015ftu\u011fu m\u00fcddet\u00e7e kenevirin gelece\u011fi \u00e7ok parlak\u201d diye konu\u015ftu.<\/p>\n<p>Cumhurba\u015fkanl\u0131\u011f\u0131 taraf\u0131ndan kenevir eylem plan\u0131n\u0131n \u00e7\u0131kart\u0131ld\u0131\u011f\u0131n\u0131 belirten Kaymak, \u201cKaradeniz Tar\u0131msal Ara\u015ft\u0131rma Enstit\u00fcs\u00fc, T\u0130GEM, Tar\u0131m ve Orman Bakanl\u0131\u011f\u0131 ve OM\u00dc Ziraat Fak\u00fcltemiz bu konuda \u00e7al\u0131\u015fmalar yap\u0131yor. \u2018Narl\u0131 ve \u2018Vezir\u2019 isimli iki kenevir tohumu in\u015fallah tescil edilecek. Bunlar bizim i\u00e7in b\u00fcy\u00fck bir \u015fans. \u0130n\u015fallah birbirimize g\u00fcvenelim, habersiz bir geli\u015fmeye f\u0131rsat vermeyelim ve birlikte Vezirk\u00f6pr\u00fc\u2019y\u00fc kenevirin merkezi yapal\u0131m. Cumhurba\u015fkan\u0131m\u0131z\u0131n a\u00e7\u0131klamas\u0131ndan sonra kenevir T\u00fcrkiye i\u00e7in yerli ve milli \u00fcr\u00fcn anlam\u0131nda b\u00fcy\u00fck kap\u0131lar a\u00e7acakt\u0131r. Valilik olarak biz kurumlar\u0131 koordineli bir \u015fekilde \u00e7al\u0131\u015ft\u0131rmaya gayret edece\u011fiz. Zaman zaman toplant\u0131lar yapaca\u011f\u0131z. L\u00fctfen d\u0131\u015far\u0131dan bir konu duydu\u011funuzda Kaymakam\u2019a gelin, Tar\u0131m ve Orman M\u00fcd\u00fcr\u00fcne gelin, Karadeniz Tar\u0131msal Ara\u015ft\u0131rmalar Enstit\u00fcs\u00fcn\u00fc ve OM\u00dc\u2019deki akademisyenleri aray\u0131p bildirin. Allah sizlere bol bereketli \u00fcr\u00fcnler almay\u0131 nasip etsin\u201d \u015feklinde konu\u015ftu.<\/p>\n<p>Konu\u015fmalar\u0131n ard\u0131ndan Vali Osman Kaymak, Vezirk\u00f6pr\u00fc-Narl\u0131saray Mahallesi\u2019ndeki vatanda\u015flar ile bir araya gelerek, kenevir ile ilgili geli\u015fecek s\u00fcre\u00e7 hakk\u0131nda bilgi payla\u015f\u0131m\u0131nda bulundu.<\/p>\n<p>Vezirk\u00f6pr\u00fc-Narl\u0131saray Mahallesi\u2019ni ziyaretine ayr\u0131ca, Vezirk\u00f6pr\u00fc Kaymakam\u0131 Kudret Kurnaz, \u0130l Emniyet M\u00fcd\u00fcr\u00fc Vedat Yavuz, \u0130l Jandarma Komutan\u0131 K\u0131demli Albay \u00dcnsal A\u011fao\u011flu, \u0130l Tar\u0131m ve Orman M\u00fcd\u00fcr\u00fc Nail K\u0131rmac\u0131, Karadeniz Tar\u0131msal Ara\u015ft\u0131rma Enstit\u00fcs\u00fc M\u00fcd\u00fcr\u00fc Kibar Ak, B\u00fcy\u00fck\u015fehir Belediyesi Genel Sekreter Yard\u0131mc\u0131s\u0131 Sefer Arl\u0131, \u00dcsk\u00fcdar \u00dcniversitesi Asistan Seher Yumu\u015fak ve \u00e7ok say\u0131da \u00e7ift\u00e7i kat\u0131ld\u0131.<div class=\"tiled-gallery type-rectangular tiled-gallery-unresized\" data-original-width=\"500\" data-carousel-extra='null' itemscope itemtype=\"http:\/\/schema.org\/ImageGallery\" > <div class=\"gallery-row\" style=\"width: 500px; height: 224px;\" data-original-width=\"500\" data-original-height=\"224\" > <div class=\"gallery-group images-1\" style=\"width: 334px; height: 224px;\" data-original-width=\"334\" data-original-height=\"224\" > <div class=\"tiled-gallery-item tiled-gallery-item-large\" itemprop=\"associatedMedia\" itemscope itemtype=\"http:\/\/schema.org\/ImageObject\"> <a href=\"http:\/\/www.tvturk.com\/index.php\/vezirkopru-turkiyenin-kenevir-uretim-merkezi-olma-yolunda\/vezirkopru-turkiyenin-kenevir-uretim-merkezi-olma-yolunda-3\/\" border=\"0\" itemprop=\"url\"> <meta itemprop=\"width\" content=\"330\"> <meta itemprop=\"height\" content=\"220\"> <img decoding=\"async\" class=\"\" data-attachment-id=\"46612\" data-orig-file=\"http:\/\/www.tvturk.com\/wp-content\/uploads\/2019\/02\/vezirkopru-turkiyenin-kenevir-uretim-merkezi-olma-yolunda_00279ee.jpg\" data-orig-size=\"1000,666\" data-comments-opened=\"\" data-image-meta=\"{&quot;aperture&quot;:&quot;0&quot;,&quot;credit&quot;:&quot;IHA&quot;,&quot;camera&quot;:&quot;&quot;,&quot;caption&quot;:&quot;VAL\\u0130 OSMAN KAYMAK, KENEV\\u0130RDE TOHUM VE L\\u0130F VER\\u0130M\\u0130NDE EN KAL\\u0130TEL\\u0130 \\u00dcR\\u00dcN\\u00dcN YET\\u0130\\u015eT\\u0130R\\u0130LD\\u0130\\u011e\\u0130 VE T\\u00dcRK\\u0130YE\\u0027DE P\\u0130LOT YER SE\\u00c7\\u0130LEN VEZ\\u0130RK\\u00d6PR\\u00dc-NARLISARAY MAHALLES\\u0130\\u0027N\\u0130 Z\\u0130YARET ETT\\u0130. (ADNAN AC\\u0130\\\/SAMSUN-\\u0130HA)&quot;,&quot;created_timestamp&quot;:&quot;0&quot;,&quot;copyright&quot;:&quot;\\u0130HLAS HABER AJANSI, www.iha.com.tr&quot;,&quot;focal_length&quot;:&quot;0&quot;,&quot;iso&quot;:&quot;0&quot;,&quot;shutter_speed&quot;:&quot;0&quot;,&quot;title&quot;:&quot;VEZ\\u0130RK\\u00d6PR\\u00dc, T\\u00dcRK\\u0130YE\\u2019N\\u0130N KENEV\\u0130R \\u00dcRET\\u0130M MERKEZ\\u0130 OLMA YOLUNDA&quot;,&quot;orientation&quot;:&quot;0&quot;}\" data-image-title=\"Vezirk\u00f6pr\u00fc, T\u00fcrkiye\u2019nin kenevir \u00fcretim merkezi olma yolunda\" data-image-description=\"&lt;p&gt;Vezirk\u00f6pr\u00fc, T\u00fcrkiye\u2019nin kenevir \u00fcretim merkezi olma yolunda&lt;\/p&gt; \" data-medium-file=\"https:\/\/i0.wp.com\/www.tvturk.com\/wp-content\/uploads\/2019\/02\/vezirkopru-turkiyenin-kenevir-uretim-merkezi-olma-yolunda_00279ee.jpg?fit=300%2C200\" data-large-file=\"https:\/\/i0.wp.com\/www.tvturk.com\/wp-content\/uploads\/2019\/02\/vezirkopru-turkiyenin-kenevir-uretim-merkezi-olma-yolunda_00279ee.jpg?fit=1000%2C666\" src=\"https:\/\/i0.wp.com\/www.tvturk.com\/wp-content\/uploads\/2019\/02\/vezirkopru-turkiyenin-kenevir-uretim-merkezi-olma-yolunda_00279ee.jpg?w=330&#038;h=220\" srcset=\"https:\/\/i0.wp.com\/www.tvturk.com\/wp-content\/uploads\/2019\/02\/vezirkopru-turkiyenin-kenevir-uretim-merkezi-olma-yolunda_00279ee.jpg?w=1000 1000w, https:\/\/i0.wp.com\/www.tvturk.com\/wp-content\/uploads\/2019\/02\/vezirkopru-turkiyenin-kenevir-uretim-merkezi-olma-yolunda_00279ee.jpg?resize=150%2C100 150w, https:\/\/i0.wp.com\/www.tvturk.com\/wp-content\/uploads\/2019\/02\/vezirkopru-turkiyenin-kenevir-uretim-merkezi-olma-yolunda_00279ee.jpg?resize=300%2C200 300w, https:\/\/i0.wp.com\/www.tvturk.com\/wp-content\/uploads\/2019\/02\/vezirkopru-turkiyenin-kenevir-uretim-merkezi-olma-yolunda_00279ee.jpg?resize=768%2C511 768w, https:\/\/i0.wp.com\/www.tvturk.com\/wp-content\/uploads\/2019\/02\/vezirkopru-turkiyenin-kenevir-uretim-merkezi-olma-yolunda_00279ee.jpg?resize=170%2C113 170w, https:\/\/i0.wp.com\/www.tvturk.com\/wp-content\/uploads\/2019\/02\/vezirkopru-turkiyenin-kenevir-uretim-merkezi-olma-yolunda_00279ee.jpg?resize=120%2C80 120w\" width=\"330\" height=\"220\" loading=\"lazy\" data-original-width=\"330\" data-original-height=\"220\" itemprop=\"http:\/\/schema.org\/image\" title=\"Vezirk\u00f6pr\u00fc, T\u00fcrkiye\u2019nin kenevir \u00fcretim merkezi olma yolunda\" alt=\"Vezirk\u00f6pr\u00fc, T\u00fcrkiye\u2019nin kenevir \u00fcretim merkezi olma yolunda\" style=\"width: 330px; height: 220px;\" \/> <\/a> <\/div> <\/div> <!-- close group --> <div class=\"gallery-group images-2\" style=\"width: 166px; height: 224px;\" data-original-width=\"166\" data-original-height=\"224\" > <div class=\"tiled-gallery-item tiled-gallery-item-small\" itemprop=\"associatedMedia\" itemscope itemtype=\"http:\/\/schema.org\/ImageObject\"> <a href=\"http:\/\/www.tvturk.com\/index.php\/vezirkopru-turkiyenin-kenevir-uretim-merkezi-olma-yolunda\/vezirkopru-turkiyenin-kenevir-uretim-merkezi-olma-yolunda-4\/\" border=\"0\" itemprop=\"url\"> <meta itemprop=\"width\" content=\"162\"> <meta itemprop=\"height\" content=\"108\"> <img decoding=\"async\" class=\"\" data-attachment-id=\"46613\" data-orig-file=\"http:\/\/www.tvturk.com\/wp-content\/uploads\/2019\/02\/vezirkopru-turkiyenin-kenevir-uretim-merkezi-olma-yolunda_2f1c460.jpg\" data-orig-size=\"1000,666\" data-comments-opened=\"\" data-image-meta=\"{&quot;aperture&quot;:&quot;0&quot;,&quot;credit&quot;:&quot;IHA&quot;,&quot;camera&quot;:&quot;&quot;,&quot;caption&quot;:&quot;VAL\\u0130 OSMAN KAYMAK, KENEV\\u0130RDE TOHUM VE L\\u0130F VER\\u0130M\\u0130NDE EN KAL\\u0130TEL\\u0130 \\u00dcR\\u00dcN\\u00dcN YET\\u0130\\u015eT\\u0130R\\u0130LD\\u0130\\u011e\\u0130 VE T\\u00dcRK\\u0130YE\\u0027DE P\\u0130LOT YER SE\\u00c7\\u0130LEN VEZ\\u0130RK\\u00d6PR\\u00dc-NARLISARAY MAHALLES\\u0130\\u0027N\\u0130 Z\\u0130YARET ETT\\u0130. (ADNAN AC\\u0130\\\/SAMSUN-\\u0130HA)&quot;,&quot;created_timestamp&quot;:&quot;0&quot;,&quot;copyright&quot;:&quot;\\u0130HLAS HABER AJANSI, www.iha.com.tr&quot;,&quot;focal_length&quot;:&quot;0&quot;,&quot;iso&quot;:&quot;0&quot;,&quot;shutter_speed&quot;:&quot;0&quot;,&quot;title&quot;:&quot;VEZ\\u0130RK\\u00d6PR\\u00dc, T\\u00dcRK\\u0130YE\\u2019N\\u0130N KENEV\\u0130R \\u00dcRET\\u0130M MERKEZ\\u0130 OLMA YOLUNDA&quot;,&quot;orientation&quot;:&quot;0&quot;}\" data-image-title=\"Vezirk\u00f6pr\u00fc, T\u00fcrkiye\u2019nin kenevir \u00fcretim merkezi olma yolunda\" data-image-description=\"&lt;p&gt;Vezirk\u00f6pr\u00fc, T\u00fcrkiye\u2019nin kenevir \u00fcretim merkezi olma yolunda&lt;\/p&gt; \" data-medium-file=\"https:\/\/i0.wp.com\/www.tvturk.com\/wp-content\/uploads\/2019\/02\/vezirkopru-turkiyenin-kenevir-uretim-merkezi-olma-yolunda_2f1c460.jpg?fit=300%2C200\" data-large-file=\"https:\/\/i0.wp.com\/www.tvturk.com\/wp-content\/uploads\/2019\/02\/vezirkopru-turkiyenin-kenevir-uretim-merkezi-olma-yolunda_2f1c460.jpg?fit=1000%2C666\" src=\"https:\/\/i0.wp.com\/www.tvturk.com\/wp-content\/uploads\/2019\/02\/vezirkopru-turkiyenin-kenevir-uretim-merkezi-olma-yolunda_2f1c460.jpg?w=162&#038;h=108\" srcset=\"https:\/\/i0.wp.com\/www.tvturk.com\/wp-content\/uploads\/2019\/02\/vezirkopru-turkiyenin-kenevir-uretim-merkezi-olma-yolunda_2f1c460.jpg?w=1000 1000w, https:\/\/i0.wp.com\/www.tvturk.com\/wp-content\/uploads\/2019\/02\/vezirkopru-turkiyenin-kenevir-uretim-merkezi-olma-yolunda_2f1c460.jpg?resize=150%2C100 150w, https:\/\/i0.wp.com\/www.tvturk.com\/wp-content\/uploads\/2019\/02\/vezirkopru-turkiyenin-kenevir-uretim-merkezi-olma-yolunda_2f1c460.jpg?resize=300%2C200 300w, https:\/\/i0.wp.com\/www.tvturk.com\/wp-content\/uploads\/2019\/02\/vezirkopru-turkiyenin-kenevir-uretim-merkezi-olma-yolunda_2f1c460.jpg?resize=768%2C511 768w, https:\/\/i0.wp.com\/www.tvturk.com\/wp-content\/uploads\/2019\/02\/vezirkopru-turkiyenin-kenevir-uretim-merkezi-olma-yolunda_2f1c460.jpg?resize=170%2C113 170w, https:\/\/i0.wp.com\/www.tvturk.com\/wp-content\/uploads\/2019\/02\/vezirkopru-turkiyenin-kenevir-uretim-merkezi-olma-yolunda_2f1c460.jpg?resize=120%2C80 120w\" width=\"162\" height=\"108\" loading=\"lazy\" data-original-width=\"162\" data-original-height=\"108\" itemprop=\"http:\/\/schema.org\/image\" title=\"Vezirk\u00f6pr\u00fc, T\u00fcrkiye\u2019nin kenevir \u00fcretim merkezi olma yolunda\" alt=\"Vezirk\u00f6pr\u00fc, T\u00fcrkiye\u2019nin kenevir \u00fcretim merkezi olma yolunda\" style=\"width: 162px; height: 108px;\" \/> <\/a> <\/div> <div class=\"tiled-gallery-item tiled-gallery-item-small\" itemprop=\"associatedMedia\" itemscope itemtype=\"http:\/\/schema.org\/ImageObject\"> <a href=\"http:\/\/www.tvturk.com\/index.php\/vezirkopru-turkiyenin-kenevir-uretim-merkezi-olma-yolunda\/vezirkopru-turkiyenin-kenevir-uretim-merkezi-olma-yolunda-5\/\" border=\"0\" itemprop=\"url\"> <meta itemprop=\"width\" content=\"162\"> <meta itemprop=\"height\" content=\"108\"> <img decoding=\"async\" class=\"\" data-attachment-id=\"46614\" data-orig-file=\"http:\/\/www.tvturk.com\/wp-content\/uploads\/2019\/02\/vezirkopru-turkiyenin-kenevir-uretim-merkezi-olma-yolunda_dfad1a5.jpg\" data-orig-size=\"1000,666\" data-comments-opened=\"\" data-image-meta=\"{&quot;aperture&quot;:&quot;0&quot;,&quot;credit&quot;:&quot;IHA&quot;,&quot;camera&quot;:&quot;&quot;,&quot;caption&quot;:&quot;VAL\\u0130 OSMAN KAYMAK, KENEV\\u0130RDE TOHUM VE L\\u0130F VER\\u0130M\\u0130NDE EN KAL\\u0130TEL\\u0130 \\u00dcR\\u00dcN\\u00dcN YET\\u0130\\u015eT\\u0130R\\u0130LD\\u0130\\u011e\\u0130 VE T\\u00dcRK\\u0130YE\\u0027DE P\\u0130LOT YER SE\\u00c7\\u0130LEN VEZ\\u0130RK\\u00d6PR\\u00dc-NARLISARAY MAHALLES\\u0130\\u0027N\\u0130 Z\\u0130YARET ETT\\u0130. (ADNAN AC\\u0130\\\/SAMSUN-\\u0130HA)&quot;,&quot;created_timestamp&quot;:&quot;0&quot;,&quot;copyright&quot;:&quot;\\u0130HLAS HABER AJANSI, www.iha.com.tr&quot;,&quot;focal_length&quot;:&quot;0&quot;,&quot;iso&quot;:&quot;0&quot;,&quot;shutter_speed&quot;:&quot;0&quot;,&quot;title&quot;:&quot;VEZ\\u0130RK\\u00d6PR\\u00dc, T\\u00dcRK\\u0130YE\\u2019N\\u0130N KENEV\\u0130R \\u00dcRET\\u0130M MERKEZ\\u0130 OLMA YOLUNDA&quot;,&quot;orientation&quot;:&quot;0&quot;}\" data-image-title=\"Vezirk\u00f6pr\u00fc, T\u00fcrkiye\u2019nin kenevir \u00fcretim merkezi olma yolunda\" data-image-description=\"&lt;p&gt;Vezirk\u00f6pr\u00fc, T\u00fcrkiye\u2019nin kenevir \u00fcretim merkezi olma yolunda&lt;\/p&gt; \" data-medium-file=\"https:\/\/i0.wp.com\/www.tvturk.com\/wp-content\/uploads\/2019\/02\/vezirkopru-turkiyenin-kenevir-uretim-merkezi-olma-yolunda_dfad1a5.jpg?fit=300%2C200\" data-large-file=\"https:\/\/i0.wp.com\/www.tvturk.com\/wp-content\/uploads\/2019\/02\/vezirkopru-turkiyenin-kenevir-uretim-merkezi-olma-yolunda_dfad1a5.jpg?fit=1000%2C666\" src=\"https:\/\/i0.wp.com\/www.tvturk.com\/wp-content\/uploads\/2019\/02\/vezirkopru-turkiyenin-kenevir-uretim-merkezi-olma-yolunda_dfad1a5.jpg?w=162&#038;h=108\" srcset=\"https:\/\/i0.wp.com\/www.tvturk.com\/wp-content\/uploads\/2019\/02\/vezirkopru-turkiyenin-kenevir-uretim-merkezi-olma-yolunda_dfad1a5.jpg?w=1000 1000w, https:\/\/i0.wp.com\/www.tvturk.com\/wp-content\/uploads\/2019\/02\/vezirkopru-turkiyenin-kenevir-uretim-merkezi-olma-yolunda_dfad1a5.jpg?resize=150%2C100 150w, https:\/\/i0.wp.com\/www.tvturk.com\/wp-content\/uploads\/2019\/02\/vezirkopru-turkiyenin-kenevir-uretim-merkezi-olma-yolunda_dfad1a5.jpg?resize=300%2C200 300w, https:\/\/i0.wp.com\/www.tvturk.com\/wp-content\/uploads\/2019\/02\/vezirkopru-turkiyenin-kenevir-uretim-merkezi-olma-yolunda_dfad1a5.jpg?resize=768%2C511 768w, https:\/\/i0.wp.com\/www.tvturk.com\/wp-content\/uploads\/2019\/02\/vezirkopru-turkiyenin-kenevir-uretim-merkezi-olma-yolunda_dfad1a5.jpg?resize=170%2C113 170w, https:\/\/i0.wp.com\/www.tvturk.com\/wp-content\/uploads\/2019\/02\/vezirkopru-turkiyenin-kenevir-uretim-merkezi-olma-yolunda_dfad1a5.jpg?resize=120%2C80 120w\" width=\"162\" height=\"108\" loading=\"lazy\" data-original-width=\"162\" data-original-height=\"108\" itemprop=\"http:\/\/schema.org\/image\" title=\"Vezirk\u00f6pr\u00fc, T\u00fcrkiye\u2019nin kenevir \u00fcretim merkezi olma yolunda\" alt=\"Vezirk\u00f6pr\u00fc, T\u00fcrkiye\u2019nin kenevir \u00fcretim merkezi olma yolunda\" style=\"width: 162px; height: 108px;\" \/> <\/a> <\/div> <\/div> <!-- close group --> <\/div> <!-- close row --> <\/div><\/p>\n","protected":false},"excerpt":{"rendered":"<p>VAL\u0130 OSMAN KAYMAK, KENEV\u0130RDE TOHUM VE L\u0130F VER\u0130M\u0130NDE EN KAL\u0130TEL\u0130 \u00dcR\u00dcN\u00dcN YET\u0130\u015eT\u0130R\u0130LD\u0130\u011e\u0130 VE T\u00dcRK\u0130YE&#8217;DE P\u0130LOT YER SE\u00c7\u0130LEN VEZ\u0130RK\u00d6PR\u00dc-NARLISARAY MAHALLES\u0130&#8217;N\u0130 Z\u0130YARET ETT\u0130.<\/p>\n","protected":false},"author":1,"featured_media":46611,"comment_status":"closed","ping_status":"open","sticky":false,"template":"","format":"standard","meta":{"jetpack_post_was_ever_published":false,"_jetpack_newsletter_access":"","_jetpack_dont_email_post_to_subs":false,"_jetpack_newsletter_tier_id":0,"_jetpack_memberships_contains_paywalled_content":false,"_jetpack_memberships_contains_paid_content":false,"footnotes":"","jetpack_publicize_message":"","jetpack_publicize_feature_enabled":true,"jetpack_social_post_already_shared":false,"jetpack_social_options":{"image_generator_settings":{"template":"highway","default_image_id":0,"font":"","enabled":false},"version":2}},"categories":[1],"tags":[498,295,6336,177,2187,15834,1464],"class_list":["post-46610","post","type-post","status-publish","format-standard","has-post-thumbnail","hentry","category-genel","tag-kenevir","tag-merkezi","tag-olma","tag-turkiyenin","tag-uretim","tag-vezirkopru","tag-yolunda"],"jetpack_publicize_connections":[],"jetpack_featured_media_url":"https:\/\/i0.wp.com\/www.tvturk.com\/wp-content\/uploads\/2019\/02\/vezirkopru-turkiyenin-kenevir-uretim-merkezi-olma-yolunda_3b775c9.jpg?fit=1000%2C666","jetpack_sharing_enabled":true,"jetpack_shortlink":"https:\/\/wp.me\/paKIfm-c7M","_links":{"self":[{"href":"http:\/\/www.tvturk.com\/index.php\/wp-json\/wp\/v2\/posts\/46610","targetHints":{"allow":["GET"]}}],"collection":[{"href":"http:\/\/www.tvturk.com\/index.php\/wp-json\/wp\/v2\/posts"}],"about":[{"href":"http:\/\/www.tvturk.com\/index.php\/wp-json\/wp\/v2\/types\/post"}],"author":[{"embeddable":true,"href":"http:\/\/www.tvturk.com\/index.php\/wp-json\/wp\/v2\/users\/1"}],"replies":[{"embeddable":true,"href":"http:\/\/www.tvturk.com\/index.php\/wp-json\/wp\/v2\/comments?post=46610"}],"version-history":[{"count":1,"href":"http:\/\/www.tvturk.com\/index.php\/wp-json\/wp\/v2\/posts\/46610\/revisions"}],"predecessor-version":[{"id":46615,"href":"http:\/\/www.tvturk.com\/index.php\/wp-json\/wp\/v2\/posts\/46610\/revisions\/46615"}],"wp:featuredmedia":[{"embeddable":true,"href":"http:\/\/www.tvturk.com\/index.php\/wp-json\/wp\/v2\/media\/46611"}],"wp:attachment":[{"href":"http:\/\/www.tvturk.com\/index.php\/wp-json\/wp\/v2\/media?parent=46610"}],"wp:term":[{"taxonomy":"category","embeddable":true,"href":"http:\/\/www.tvturk.com\/index.php\/wp-json\/wp\/v2\/categories?post=46610"},{"taxonomy":"post_tag","embeddable":true,"href":"http:\/\/www.tvturk.com\/index.php\/wp-json\/wp\/v2\/tags?post=46610"}],"curies":[{"name":"wp","href":"https:\/\/api.w.org\/{rel}","templated":true}]}}