{"id":46748,"date":"2019-02-19T09:31:22","date_gmt":"2019-02-19T06:31:22","guid":{"rendered":"http:\/\/www.tvturk.com\/index.php\/davullar-ve-zurnalar-tellioglu-icin-caldi\/"},"modified":"2019-02-19T09:31:26","modified_gmt":"2019-02-19T06:31:26","slug":"davullar-ve-zurnalar-tellioglu-icin-caldi","status":"publish","type":"post","link":"http:\/\/www.tvturk.com\/index.php\/davullar-ve-zurnalar-tellioglu-icin-caldi\/","title":{"rendered":"Davullar ve zurnalar Tellio\u011flu i\u00e7in \u00e7ald\u0131"},"content":{"rendered":"<p>Millet \u0130ttifak\u0131 Cumhuriyet Halk Partisi Karesi Belediye Ba\u015fkan Aday\u0131 Levent Tellio\u011flu, se\u00e7im \u00e7al\u0131\u015fmalar\u0131 kapsam\u0131nda Yenik\u00f6y ve \u00c7ayp\u0131nar k\u0131rsal mahallelerinde vatanda\u015flarla bir araya geldi. Yenik\u00f6y\u2019de b\u00fcy\u00fck bir co\u015fku e\u015fli\u011finde davul zurna ile kar\u015f\u0131lanan Levent Tellio\u011flu vatanda\u015flar\u0131n ilgisine te\u015fekk\u00fcr etti.<\/p>\n<p>Millet \u0130ttifak\u0131 Cumhuriyet Halk Partisi Karesi Belediye Ba\u015fkan Aday\u0131 Levent Tellio\u011flu se\u00e7im \u00e7al\u0131\u015fmalar\u0131 kapsam\u0131nda 2 k\u0131rsal mahalleyi ziyaret etti. \u0130lk olarak Yenik\u00f6y\u2019e giden Levent Tellio\u011flu davul zurna ile kar\u015f\u0131land\u0131. Burada vatanda\u015flarla bir araya gelen Tellio\u011flu Yenik\u00f6y\u2019\u00fcn sorunlar\u0131n\u0131 bildiklerini ifade ederken g\u00f6reve gelmesi halinde 1 Nisan sabah\u0131ndan sonra hemen \u00e7al\u0131\u015fmalara ba\u015flayacaklar\u0131n\u0131 s\u00f6yledi.<\/p>\n<p>Millet \u0130ttifak\u0131 Cumhuriyet Halk Partisi Karesi Belediye Ba\u015fkan Aday\u0131 Levent Tellio\u011flu Yenik\u00f6y k\u0131rsal mahallesinde yapt\u0131\u011f\u0131 konu\u015fmada \u015funlar\u0131 s\u00f6yledi; \u201cYenik\u00f6y bizim k\u00f6y\u00fcm\u00fcz. \u0130\u015f yerimiz burada buraya kom\u015fuyuz. Bug\u00fcne kadar Yenik\u00f6y i\u00e7in elimizden geldi\u011fince faydal\u0131 olmaya \u00e7al\u0131\u015ft\u0131k. E\u011fer k\u0131smet olur 1 Nisan sabah\u0131 sizlerin oylar\u0131yla se\u00e7ilirsek Yenik\u00f6y i\u00e7in ne yap\u0131lmas\u0131 gerekiyorsa onu yapaca\u011f\u0131z. K\u0131rsal mahallerimizin sorunlar\u0131 var. \u015eu an da giri\u015f yolumuz kapal\u0131. \u0130n\u015fallah yolumuzu en k\u0131sa s\u00fcrede a\u00e7ar\u0131z. K\u00f6yl\u00fcm\u00fcz olmazsa bizler a\u00e7\u0131z. Tar\u0131mdaki zor durumu g\u00f6r\u00fcyoruz. \u00dcretemez hale geldik. Tekrar \u00fcretir hale gelmemiz i\u00e7in k\u00f6yl\u00fcm\u00fcz\u00fcn desteklenmesi laz\u0131m. K\u00f6yl\u00fcm\u00fcz\u00fc tekrar kazan\u0131r hale getirmek i\u00e7in hizmet edece\u011fiz yol g\u00f6sterece\u011fiz. Kooperatiflerimiz \u00e7ok \u00f6nemli. Maalesef kooperatifler fazla verimli \u00e7al\u0131\u015fam\u0131yor. Onlar\u0131 daha verimli hale getirmemiz gerekiyor. Bu konuda da elimden geleni yapaca\u011f\u0131m.  Ben Yenik\u00f6y i\u00e7in elimden gelen t\u00fcm \u00e7abay\u0131 sarf edece\u011fime sizlere s\u00f6z veriyorum.  G\u00f6rev al\u0131rsak muhtar\u0131m\u0131z ile sorunlar\u0131 el birli\u011fiyle \u00e7\u00f6zece\u011fiz\u201d dedi.<\/p>\n<p>Tellio\u011flu\u2019nun 2.dura\u011f\u0131 \u00c7ayp\u0131nar mahallesi oldu. Burada kahvehane ziyaretleri ger\u00e7ekle\u015ftiren Levent Tellio\u011flu k\u00f6yl\u00fcn\u00fcn ne kadar cefakar insanlar oldu\u011funu belirtirken k\u00f6yl\u00fcn\u00fcn eskisi gibi \u00fcretip kazand\u0131\u011f\u0131 g\u00fcnlere geri d\u00f6nd\u00fcrmek i\u00e7in m\u00fccadele edeceklerini s\u00f6yledi.<\/p>\n<p>Tellio\u011flu konu\u015fmas\u0131nda \u015fu ifadelere yer verdi ; \u201cK\u00f6yl\u00fcm\u00fcz bu mazot fiyatlar\u0131, g\u00fcbre fiyatlar\u0131, yem fiyatlar\u0131 ile \u00fcretemez hale geldi. Her konuda sizler hakl\u0131s\u0131n\u0131z. Allahtan bizim b\u00fct\u00fcn k\u00f6ylerimizdeki vatanda\u015flar\u0131m\u0131z \u00e7ok cefakar insanlar. T\u00fcm olumsuzluklara ra\u011fmen Bir \u015feyleri ayakta tutmaya \u00e7al\u0131\u015f\u0131yorsunuz. \u00dcretmeye \u00e7al\u0131\u015f\u0131yorsunuz. Bizler k\u00f6yl\u00fcm\u00fcze yard\u0131mc\u0131 olarak biraz daha para kazanmalar\u0131na yard\u0131mc\u0131 olabilirsek onlarda bu i\u015fi daha \u00e7ok isteyerek yapar. Bunlar i\u00e7inde beraber olmak zorunday\u0131z. Kooperatiflerimiz geli\u015ftirmeliyiz. Biz eski g\u00fczel g\u00fcnleri tekrar geri getirmek hevesindeyiz. Sizlerinde deste\u011fiyle bunu ba\u015faraca\u011f\u0131z.  Son d\u00f6nemde b\u00fcy\u00fck\u015fehir yasas\u0131yla 17 bin k\u00f6y\u00fcm\u00fcz mahalleye \u00e7evrilmi\u015f. Bunlar bizi daha da \u00fcretimden uzakla\u015ft\u0131r\u0131yor. Bu fiyatlarla \u00fcretim yap\u0131lmas\u0131 daha zor. Biz g\u00f6reve gelirsek birlikte \u00e7al\u0131\u015farak sorunlar\u0131m\u0131z\u0131 \u00e7\u00f6zece\u011fiz. Sizler bizim ba\u015f tac\u0131m\u0131zs\u0131n\u0131z\u201d<div class=\"tiled-gallery type-rectangular tiled-gallery-unresized\" data-original-width=\"500\" data-carousel-extra='null' itemscope itemtype=\"http:\/\/schema.org\/ImageGallery\" > <div class=\"gallery-row\" style=\"width: 500px; height: 224px;\" data-original-width=\"500\" data-original-height=\"224\" > <div class=\"gallery-group images-1\" style=\"width: 334px; height: 224px;\" data-original-width=\"334\" data-original-height=\"224\" > <div class=\"tiled-gallery-item tiled-gallery-item-large\" itemprop=\"associatedMedia\" itemscope itemtype=\"http:\/\/schema.org\/ImageObject\"> <a href=\"http:\/\/www.tvturk.com\/index.php\/davullar-ve-zurnalar-tellioglu-icin-caldi\/davullar-ve-zurnalar-tellioglu-icin-caldi-3\/\" border=\"0\" itemprop=\"url\"> <meta itemprop=\"width\" content=\"330\"> <meta itemprop=\"height\" content=\"220\"> <img decoding=\"async\" class=\"\" data-attachment-id=\"46750\" data-orig-file=\"http:\/\/www.tvturk.com\/wp-content\/uploads\/2019\/02\/davullar-ve-zurnalar-tellioglu-icin-caldi_9c1be2e.jpg\" data-orig-size=\"1000,666\" data-comments-opened=\"\" data-image-meta=\"{&quot;aperture&quot;:&quot;0&quot;,&quot;credit&quot;:&quot;IHA&quot;,&quot;camera&quot;:&quot;&quot;,&quot;caption&quot;:&quot;M\\u0130LLET \\u0130TT\\u0130FAKI CUMHUR\\u0130YET HALK PART\\u0130S\\u0130 KARES\\u0130 BELED\\u0130YE BA\\u015eKAN ADAYI LEVENT TELL\\u0130O\\u011eLU, SE\\u00c7\\u0130M \\u00c7ALI\\u015eMALARI KAPSAMINDA YEN\\u0130K\\u00d6Y VE \\u00c7AYPINAR KIRSAL MAHALLELER\\u0130NDE VATANDA\\u015eLARLA B\\u0130R ARAYA GELD\\u0130. YEN\\u0130K\\u00d6Y\\u2019DE B\\u00dcY\\u00dcK B\\u0130R CO\\u015eKUYLA DAVUL ZURNA \\u0130LE KAR\\u015eILANAN LEVENT TELL\\u0130O\\u011eLU VATANDA\\u015eLARIN \\u0130LG\\u0130S\\u0130NE TE\\u015eEKK\\u00dcR ETT\\u0130. (UMUT \\u00c7INAR\\\/BALIKES\\u0130R-\\u0130HA)&quot;,&quot;created_timestamp&quot;:&quot;0&quot;,&quot;copyright&quot;:&quot;\\u0130HLAS HABER AJANSI, www.iha.com.tr&quot;,&quot;focal_length&quot;:&quot;0&quot;,&quot;iso&quot;:&quot;0&quot;,&quot;shutter_speed&quot;:&quot;0&quot;,&quot;title&quot;:&quot;DAVULLAR VE ZURNALAR TELL\\u0130O\\u011eLU \\u0130\\u00c7\\u0130N \\u00c7ALDI TELL\\u0130O\\u011eLU; \\u201cKOOPERAT\\u0130FLER\\u0130M\\u0130Z\\u0130 VER\\u0130ML\\u0130 HALE GET\\u0130RMEM\\u0130Z GEREK\\u0130YOR\\u201d&quot;,&quot;orientation&quot;:&quot;0&quot;}\" data-image-title=\"Davullar ve zurnalar Tellio\u011flu i\u00e7in \u00e7ald\u0131\" data-image-description=\"&lt;p&gt;Davullar ve zurnalar Tellio\u011flu i\u00e7in \u00e7ald\u0131&lt;\/p&gt; \" data-medium-file=\"https:\/\/i0.wp.com\/www.tvturk.com\/wp-content\/uploads\/2019\/02\/davullar-ve-zurnalar-tellioglu-icin-caldi_9c1be2e.jpg?fit=300%2C200\" data-large-file=\"https:\/\/i0.wp.com\/www.tvturk.com\/wp-content\/uploads\/2019\/02\/davullar-ve-zurnalar-tellioglu-icin-caldi_9c1be2e.jpg?fit=1000%2C666\" src=\"https:\/\/i0.wp.com\/www.tvturk.com\/wp-content\/uploads\/2019\/02\/davullar-ve-zurnalar-tellioglu-icin-caldi_9c1be2e.jpg?w=330&#038;h=220\" srcset=\"https:\/\/i0.wp.com\/www.tvturk.com\/wp-content\/uploads\/2019\/02\/davullar-ve-zurnalar-tellioglu-icin-caldi_9c1be2e.jpg?w=1000 1000w, https:\/\/i0.wp.com\/www.tvturk.com\/wp-content\/uploads\/2019\/02\/davullar-ve-zurnalar-tellioglu-icin-caldi_9c1be2e.jpg?resize=150%2C100 150w, https:\/\/i0.wp.com\/www.tvturk.com\/wp-content\/uploads\/2019\/02\/davullar-ve-zurnalar-tellioglu-icin-caldi_9c1be2e.jpg?resize=300%2C200 300w, https:\/\/i0.wp.com\/www.tvturk.com\/wp-content\/uploads\/2019\/02\/davullar-ve-zurnalar-tellioglu-icin-caldi_9c1be2e.jpg?resize=768%2C511 768w, https:\/\/i0.wp.com\/www.tvturk.com\/wp-content\/uploads\/2019\/02\/davullar-ve-zurnalar-tellioglu-icin-caldi_9c1be2e.jpg?resize=170%2C113 170w, https:\/\/i0.wp.com\/www.tvturk.com\/wp-content\/uploads\/2019\/02\/davullar-ve-zurnalar-tellioglu-icin-caldi_9c1be2e.jpg?resize=120%2C80 120w\" width=\"330\" height=\"220\" loading=\"lazy\" data-original-width=\"330\" data-original-height=\"220\" itemprop=\"http:\/\/schema.org\/image\" title=\"Davullar ve zurnalar Tellio\u011flu i\u00e7in \u00e7ald\u0131\" alt=\"Davullar ve zurnalar Tellio\u011flu i\u00e7in \u00e7ald\u0131\" style=\"width: 330px; height: 220px;\" \/> <\/a> <\/div> <\/div> <!-- close group --> <div class=\"gallery-group images-2\" style=\"width: 166px; height: 224px;\" data-original-width=\"166\" data-original-height=\"224\" > <div class=\"tiled-gallery-item tiled-gallery-item-small\" itemprop=\"associatedMedia\" itemscope itemtype=\"http:\/\/schema.org\/ImageObject\"> <a href=\"http:\/\/www.tvturk.com\/index.php\/davullar-ve-zurnalar-tellioglu-icin-caldi\/davullar-ve-zurnalar-tellioglu-icin-caldi-4\/\" border=\"0\" itemprop=\"url\"> <meta itemprop=\"width\" content=\"162\"> <meta itemprop=\"height\" content=\"108\"> <img decoding=\"async\" class=\"\" data-attachment-id=\"46751\" data-orig-file=\"http:\/\/www.tvturk.com\/wp-content\/uploads\/2019\/02\/davullar-ve-zurnalar-tellioglu-icin-caldi_a9b7e23.jpg\" data-orig-size=\"1000,666\" data-comments-opened=\"\" data-image-meta=\"{&quot;aperture&quot;:&quot;0&quot;,&quot;credit&quot;:&quot;IHA&quot;,&quot;camera&quot;:&quot;&quot;,&quot;caption&quot;:&quot;M\\u0130LLET \\u0130TT\\u0130FAKI CUMHUR\\u0130YET HALK PART\\u0130S\\u0130 KARES\\u0130 BELED\\u0130YE BA\\u015eKAN ADAYI LEVENT TELL\\u0130O\\u011eLU, SE\\u00c7\\u0130M \\u00c7ALI\\u015eMALARI KAPSAMINDA YEN\\u0130K\\u00d6Y VE \\u00c7AYPINAR KIRSAL MAHALLELER\\u0130NDE VATANDA\\u015eLARLA B\\u0130R ARAYA GELD\\u0130. YEN\\u0130K\\u00d6Y\\u2019DE B\\u00dcY\\u00dcK B\\u0130R CO\\u015eKUYLA DAVUL ZURNA \\u0130LE KAR\\u015eILANAN LEVENT TELL\\u0130O\\u011eLU VATANDA\\u015eLARIN \\u0130LG\\u0130S\\u0130NE TE\\u015eEKK\\u00dcR ETT\\u0130. (UMUT \\u00c7INAR\\\/BALIKES\\u0130R-\\u0130HA)&quot;,&quot;created_timestamp&quot;:&quot;0&quot;,&quot;copyright&quot;:&quot;\\u0130HLAS HABER AJANSI, www.iha.com.tr&quot;,&quot;focal_length&quot;:&quot;0&quot;,&quot;iso&quot;:&quot;0&quot;,&quot;shutter_speed&quot;:&quot;0&quot;,&quot;title&quot;:&quot;DAVULLAR VE ZURNALAR TELL\\u0130O\\u011eLU \\u0130\\u00c7\\u0130N \\u00c7ALDI TELL\\u0130O\\u011eLU; \\u201cKOOPERAT\\u0130FLER\\u0130M\\u0130Z\\u0130 VER\\u0130ML\\u0130 HALE GET\\u0130RMEM\\u0130Z GEREK\\u0130YOR\\u201d&quot;,&quot;orientation&quot;:&quot;0&quot;}\" data-image-title=\"Davullar ve zurnalar Tellio\u011flu i\u00e7in \u00e7ald\u0131\" data-image-description=\"&lt;p&gt;Davullar ve zurnalar Tellio\u011flu i\u00e7in \u00e7ald\u0131&lt;\/p&gt; \" data-medium-file=\"https:\/\/i0.wp.com\/www.tvturk.com\/wp-content\/uploads\/2019\/02\/davullar-ve-zurnalar-tellioglu-icin-caldi_a9b7e23.jpg?fit=300%2C200\" data-large-file=\"https:\/\/i0.wp.com\/www.tvturk.com\/wp-content\/uploads\/2019\/02\/davullar-ve-zurnalar-tellioglu-icin-caldi_a9b7e23.jpg?fit=1000%2C666\" src=\"https:\/\/i0.wp.com\/www.tvturk.com\/wp-content\/uploads\/2019\/02\/davullar-ve-zurnalar-tellioglu-icin-caldi_a9b7e23.jpg?w=162&#038;h=108\" srcset=\"https:\/\/i0.wp.com\/www.tvturk.com\/wp-content\/uploads\/2019\/02\/davullar-ve-zurnalar-tellioglu-icin-caldi_a9b7e23.jpg?w=1000 1000w, https:\/\/i0.wp.com\/www.tvturk.com\/wp-content\/uploads\/2019\/02\/davullar-ve-zurnalar-tellioglu-icin-caldi_a9b7e23.jpg?resize=150%2C100 150w, https:\/\/i0.wp.com\/www.tvturk.com\/wp-content\/uploads\/2019\/02\/davullar-ve-zurnalar-tellioglu-icin-caldi_a9b7e23.jpg?resize=300%2C200 300w, https:\/\/i0.wp.com\/www.tvturk.com\/wp-content\/uploads\/2019\/02\/davullar-ve-zurnalar-tellioglu-icin-caldi_a9b7e23.jpg?resize=768%2C511 768w, https:\/\/i0.wp.com\/www.tvturk.com\/wp-content\/uploads\/2019\/02\/davullar-ve-zurnalar-tellioglu-icin-caldi_a9b7e23.jpg?resize=170%2C113 170w, https:\/\/i0.wp.com\/www.tvturk.com\/wp-content\/uploads\/2019\/02\/davullar-ve-zurnalar-tellioglu-icin-caldi_a9b7e23.jpg?resize=120%2C80 120w\" width=\"162\" height=\"108\" loading=\"lazy\" data-original-width=\"162\" data-original-height=\"108\" itemprop=\"http:\/\/schema.org\/image\" title=\"Davullar ve zurnalar Tellio\u011flu i\u00e7in \u00e7ald\u0131\" alt=\"Davullar ve zurnalar Tellio\u011flu i\u00e7in \u00e7ald\u0131\" style=\"width: 162px; height: 108px;\" \/> <\/a> <\/div> <div class=\"tiled-gallery-item tiled-gallery-item-small\" itemprop=\"associatedMedia\" itemscope itemtype=\"http:\/\/schema.org\/ImageObject\"> <a href=\"http:\/\/www.tvturk.com\/index.php\/davullar-ve-zurnalar-tellioglu-icin-caldi\/davullar-ve-zurnalar-tellioglu-icin-caldi-5\/\" border=\"0\" itemprop=\"url\"> <meta itemprop=\"width\" content=\"162\"> <meta itemprop=\"height\" content=\"108\"> <img decoding=\"async\" class=\"\" data-attachment-id=\"46752\" data-orig-file=\"http:\/\/www.tvturk.com\/wp-content\/uploads\/2019\/02\/davullar-ve-zurnalar-tellioglu-icin-caldi_fc0e570.jpg\" data-orig-size=\"1000,666\" data-comments-opened=\"\" data-image-meta=\"{&quot;aperture&quot;:&quot;0&quot;,&quot;credit&quot;:&quot;IHA&quot;,&quot;camera&quot;:&quot;&quot;,&quot;caption&quot;:&quot;M\\u0130LLET \\u0130TT\\u0130FAKI CUMHUR\\u0130YET HALK PART\\u0130S\\u0130 KARES\\u0130 BELED\\u0130YE BA\\u015eKAN ADAYI LEVENT TELL\\u0130O\\u011eLU, SE\\u00c7\\u0130M \\u00c7ALI\\u015eMALARI KAPSAMINDA YEN\\u0130K\\u00d6Y VE \\u00c7AYPINAR KIRSAL MAHALLELER\\u0130NDE VATANDA\\u015eLARLA B\\u0130R ARAYA GELD\\u0130. YEN\\u0130K\\u00d6Y\\u2019DE B\\u00dcY\\u00dcK B\\u0130R CO\\u015eKUYLA DAVUL ZURNA \\u0130LE KAR\\u015eILANAN LEVENT TELL\\u0130O\\u011eLU VATANDA\\u015eLARIN \\u0130LG\\u0130S\\u0130NE TE\\u015eEKK\\u00dcR ETT\\u0130. (UMUT \\u00c7INAR\\\/BALIKES\\u0130R-\\u0130HA)&quot;,&quot;created_timestamp&quot;:&quot;0&quot;,&quot;copyright&quot;:&quot;\\u0130HLAS HABER AJANSI, www.iha.com.tr&quot;,&quot;focal_length&quot;:&quot;0&quot;,&quot;iso&quot;:&quot;0&quot;,&quot;shutter_speed&quot;:&quot;0&quot;,&quot;title&quot;:&quot;DAVULLAR VE ZURNALAR TELL\\u0130O\\u011eLU \\u0130\\u00c7\\u0130N \\u00c7ALDI TELL\\u0130O\\u011eLU; \\u201cKOOPERAT\\u0130FLER\\u0130M\\u0130Z\\u0130 VER\\u0130ML\\u0130 HALE GET\\u0130RMEM\\u0130Z GEREK\\u0130YOR\\u201d&quot;,&quot;orientation&quot;:&quot;0&quot;}\" data-image-title=\"Davullar ve zurnalar Tellio\u011flu i\u00e7in \u00e7ald\u0131\" data-image-description=\"&lt;p&gt;Davullar ve zurnalar Tellio\u011flu i\u00e7in \u00e7ald\u0131&lt;\/p&gt; \" data-medium-file=\"https:\/\/i0.wp.com\/www.tvturk.com\/wp-content\/uploads\/2019\/02\/davullar-ve-zurnalar-tellioglu-icin-caldi_fc0e570.jpg?fit=300%2C200\" data-large-file=\"https:\/\/i0.wp.com\/www.tvturk.com\/wp-content\/uploads\/2019\/02\/davullar-ve-zurnalar-tellioglu-icin-caldi_fc0e570.jpg?fit=1000%2C666\" src=\"https:\/\/i0.wp.com\/www.tvturk.com\/wp-content\/uploads\/2019\/02\/davullar-ve-zurnalar-tellioglu-icin-caldi_fc0e570.jpg?w=162&#038;h=108\" srcset=\"https:\/\/i0.wp.com\/www.tvturk.com\/wp-content\/uploads\/2019\/02\/davullar-ve-zurnalar-tellioglu-icin-caldi_fc0e570.jpg?w=1000 1000w, https:\/\/i0.wp.com\/www.tvturk.com\/wp-content\/uploads\/2019\/02\/davullar-ve-zurnalar-tellioglu-icin-caldi_fc0e570.jpg?resize=150%2C100 150w, https:\/\/i0.wp.com\/www.tvturk.com\/wp-content\/uploads\/2019\/02\/davullar-ve-zurnalar-tellioglu-icin-caldi_fc0e570.jpg?resize=300%2C200 300w, https:\/\/i0.wp.com\/www.tvturk.com\/wp-content\/uploads\/2019\/02\/davullar-ve-zurnalar-tellioglu-icin-caldi_fc0e570.jpg?resize=768%2C511 768w, https:\/\/i0.wp.com\/www.tvturk.com\/wp-content\/uploads\/2019\/02\/davullar-ve-zurnalar-tellioglu-icin-caldi_fc0e570.jpg?resize=170%2C113 170w, https:\/\/i0.wp.com\/www.tvturk.com\/wp-content\/uploads\/2019\/02\/davullar-ve-zurnalar-tellioglu-icin-caldi_fc0e570.jpg?resize=120%2C80 120w\" width=\"162\" height=\"108\" loading=\"lazy\" data-original-width=\"162\" data-original-height=\"108\" itemprop=\"http:\/\/schema.org\/image\" title=\"Davullar ve zurnalar Tellio\u011flu i\u00e7in \u00e7ald\u0131\" alt=\"Davullar ve zurnalar Tellio\u011flu i\u00e7in \u00e7ald\u0131\" style=\"width: 162px; height: 108px;\" \/> <\/a> <\/div> <\/div> <!-- close group --> <\/div> <!-- close row --> <div class=\"gallery-row\" style=\"width: 500px; height: 168px;\" data-original-width=\"500\" data-original-height=\"168\" > <div class=\"gallery-group images-1\" style=\"width: 250px; height: 168px;\" data-original-width=\"250\" data-original-height=\"168\" > <div class=\"tiled-gallery-item tiled-gallery-item-small\" itemprop=\"associatedMedia\" itemscope itemtype=\"http:\/\/schema.org\/ImageObject\"> <a href=\"http:\/\/www.tvturk.com\/index.php\/davullar-ve-zurnalar-tellioglu-icin-caldi\/davullar-ve-zurnalar-tellioglu-icin-caldi-6\/\" border=\"0\" itemprop=\"url\"> <meta itemprop=\"width\" content=\"246\"> <meta itemprop=\"height\" content=\"164\"> <img decoding=\"async\" class=\"\" data-attachment-id=\"46753\" data-orig-file=\"http:\/\/www.tvturk.com\/wp-content\/uploads\/2019\/02\/davullar-ve-zurnalar-tellioglu-icin-caldi_2671f89.jpg\" data-orig-size=\"1000,666\" data-comments-opened=\"\" data-image-meta=\"{&quot;aperture&quot;:&quot;0&quot;,&quot;credit&quot;:&quot;IHA&quot;,&quot;camera&quot;:&quot;&quot;,&quot;caption&quot;:&quot;M\\u0130LLET \\u0130TT\\u0130FAKI CUMHUR\\u0130YET HALK PART\\u0130S\\u0130 KARES\\u0130 BELED\\u0130YE BA\\u015eKAN ADAYI LEVENT TELL\\u0130O\\u011eLU, SE\\u00c7\\u0130M \\u00c7ALI\\u015eMALARI KAPSAMINDA YEN\\u0130K\\u00d6Y VE \\u00c7AYPINAR KIRSAL MAHALLELER\\u0130NDE VATANDA\\u015eLARLA B\\u0130R ARAYA GELD\\u0130. YEN\\u0130K\\u00d6Y\\u2019DE B\\u00dcY\\u00dcK B\\u0130R CO\\u015eKUYLA DAVUL ZURNA \\u0130LE KAR\\u015eILANAN LEVENT TELL\\u0130O\\u011eLU VATANDA\\u015eLARIN \\u0130LG\\u0130S\\u0130NE TE\\u015eEKK\\u00dcR ETT\\u0130. (UMUT \\u00c7INAR\\\/BALIKES\\u0130R-\\u0130HA)&quot;,&quot;created_timestamp&quot;:&quot;0&quot;,&quot;copyright&quot;:&quot;\\u0130HLAS HABER AJANSI, www.iha.com.tr&quot;,&quot;focal_length&quot;:&quot;0&quot;,&quot;iso&quot;:&quot;0&quot;,&quot;shutter_speed&quot;:&quot;0&quot;,&quot;title&quot;:&quot;DAVULLAR VE ZURNALAR TELL\\u0130O\\u011eLU \\u0130\\u00c7\\u0130N \\u00c7ALDI TELL\\u0130O\\u011eLU; \\u201cKOOPERAT\\u0130FLER\\u0130M\\u0130Z\\u0130 VER\\u0130ML\\u0130 HALE GET\\u0130RMEM\\u0130Z GEREK\\u0130YOR\\u201d&quot;,&quot;orientation&quot;:&quot;0&quot;}\" data-image-title=\"Davullar ve zurnalar Tellio\u011flu i\u00e7in \u00e7ald\u0131\" data-image-description=\"&lt;p&gt;Davullar ve zurnalar Tellio\u011flu i\u00e7in \u00e7ald\u0131&lt;\/p&gt; \" data-medium-file=\"https:\/\/i0.wp.com\/www.tvturk.com\/wp-content\/uploads\/2019\/02\/davullar-ve-zurnalar-tellioglu-icin-caldi_2671f89.jpg?fit=300%2C200\" data-large-file=\"https:\/\/i0.wp.com\/www.tvturk.com\/wp-content\/uploads\/2019\/02\/davullar-ve-zurnalar-tellioglu-icin-caldi_2671f89.jpg?fit=1000%2C666\" src=\"https:\/\/i0.wp.com\/www.tvturk.com\/wp-content\/uploads\/2019\/02\/davullar-ve-zurnalar-tellioglu-icin-caldi_2671f89.jpg?w=246&#038;h=164\" srcset=\"https:\/\/i0.wp.com\/www.tvturk.com\/wp-content\/uploads\/2019\/02\/davullar-ve-zurnalar-tellioglu-icin-caldi_2671f89.jpg?w=1000 1000w, https:\/\/i0.wp.com\/www.tvturk.com\/wp-content\/uploads\/2019\/02\/davullar-ve-zurnalar-tellioglu-icin-caldi_2671f89.jpg?resize=150%2C100 150w, https:\/\/i0.wp.com\/www.tvturk.com\/wp-content\/uploads\/2019\/02\/davullar-ve-zurnalar-tellioglu-icin-caldi_2671f89.jpg?resize=300%2C200 300w, https:\/\/i0.wp.com\/www.tvturk.com\/wp-content\/uploads\/2019\/02\/davullar-ve-zurnalar-tellioglu-icin-caldi_2671f89.jpg?resize=768%2C511 768w, https:\/\/i0.wp.com\/www.tvturk.com\/wp-content\/uploads\/2019\/02\/davullar-ve-zurnalar-tellioglu-icin-caldi_2671f89.jpg?resize=170%2C113 170w, https:\/\/i0.wp.com\/www.tvturk.com\/wp-content\/uploads\/2019\/02\/davullar-ve-zurnalar-tellioglu-icin-caldi_2671f89.jpg?resize=120%2C80 120w\" width=\"246\" height=\"164\" loading=\"lazy\" data-original-width=\"246\" data-original-height=\"164\" itemprop=\"http:\/\/schema.org\/image\" title=\"Davullar ve zurnalar Tellio\u011flu i\u00e7in \u00e7ald\u0131\" alt=\"Davullar ve zurnalar Tellio\u011flu i\u00e7in \u00e7ald\u0131\" style=\"width: 246px; height: 164px;\" \/> <\/a> <\/div> <\/div> <!-- close group --> <div class=\"gallery-group images-1\" style=\"width: 250px; height: 168px;\" data-original-width=\"250\" data-original-height=\"168\" > <div class=\"tiled-gallery-item tiled-gallery-item-small\" itemprop=\"associatedMedia\" itemscope itemtype=\"http:\/\/schema.org\/ImageObject\"> <a href=\"http:\/\/www.tvturk.com\/index.php\/davullar-ve-zurnalar-tellioglu-icin-caldi\/davullar-ve-zurnalar-tellioglu-icin-caldi-7\/\" border=\"0\" itemprop=\"url\"> <meta itemprop=\"width\" content=\"246\"> <meta itemprop=\"height\" content=\"164\"> <img decoding=\"async\" class=\"\" data-attachment-id=\"46754\" data-orig-file=\"http:\/\/www.tvturk.com\/wp-content\/uploads\/2019\/02\/davullar-ve-zurnalar-tellioglu-icin-caldi_2ad2669.jpg\" data-orig-size=\"1000,666\" data-comments-opened=\"\" data-image-meta=\"{&quot;aperture&quot;:&quot;0&quot;,&quot;credit&quot;:&quot;IHA&quot;,&quot;camera&quot;:&quot;&quot;,&quot;caption&quot;:&quot;M\\u0130LLET \\u0130TT\\u0130FAKI CUMHUR\\u0130YET HALK PART\\u0130S\\u0130 KARES\\u0130 BELED\\u0130YE BA\\u015eKAN ADAYI LEVENT TELL\\u0130O\\u011eLU, SE\\u00c7\\u0130M \\u00c7ALI\\u015eMALARI KAPSAMINDA YEN\\u0130K\\u00d6Y VE \\u00c7AYPINAR KIRSAL MAHALLELER\\u0130NDE VATANDA\\u015eLARLA B\\u0130R ARAYA GELD\\u0130. YEN\\u0130K\\u00d6Y\\u2019DE B\\u00dcY\\u00dcK B\\u0130R CO\\u015eKUYLA DAVUL ZURNA \\u0130LE KAR\\u015eILANAN LEVENT TELL\\u0130O\\u011eLU VATANDA\\u015eLARIN \\u0130LG\\u0130S\\u0130NE TE\\u015eEKK\\u00dcR ETT\\u0130. (UMUT \\u00c7INAR\\\/BALIKES\\u0130R-\\u0130HA)&quot;,&quot;created_timestamp&quot;:&quot;0&quot;,&quot;copyright&quot;:&quot;\\u0130HLAS HABER AJANSI, www.iha.com.tr&quot;,&quot;focal_length&quot;:&quot;0&quot;,&quot;iso&quot;:&quot;0&quot;,&quot;shutter_speed&quot;:&quot;0&quot;,&quot;title&quot;:&quot;DAVULLAR VE ZURNALAR TELL\\u0130O\\u011eLU \\u0130\\u00c7\\u0130N \\u00c7ALDI TELL\\u0130O\\u011eLU; \\u201cKOOPERAT\\u0130FLER\\u0130M\\u0130Z\\u0130 VER\\u0130ML\\u0130 HALE GET\\u0130RMEM\\u0130Z GEREK\\u0130YOR\\u201d&quot;,&quot;orientation&quot;:&quot;0&quot;}\" data-image-title=\"Davullar ve zurnalar Tellio\u011flu i\u00e7in \u00e7ald\u0131\" data-image-description=\"&lt;p&gt;Davullar ve zurnalar Tellio\u011flu i\u00e7in \u00e7ald\u0131&lt;\/p&gt; \" data-medium-file=\"https:\/\/i0.wp.com\/www.tvturk.com\/wp-content\/uploads\/2019\/02\/davullar-ve-zurnalar-tellioglu-icin-caldi_2ad2669.jpg?fit=300%2C200\" data-large-file=\"https:\/\/i0.wp.com\/www.tvturk.com\/wp-content\/uploads\/2019\/02\/davullar-ve-zurnalar-tellioglu-icin-caldi_2ad2669.jpg?fit=1000%2C666\" src=\"https:\/\/i0.wp.com\/www.tvturk.com\/wp-content\/uploads\/2019\/02\/davullar-ve-zurnalar-tellioglu-icin-caldi_2ad2669.jpg?w=246&#038;h=164\" srcset=\"https:\/\/i0.wp.com\/www.tvturk.com\/wp-content\/uploads\/2019\/02\/davullar-ve-zurnalar-tellioglu-icin-caldi_2ad2669.jpg?w=1000 1000w, https:\/\/i0.wp.com\/www.tvturk.com\/wp-content\/uploads\/2019\/02\/davullar-ve-zurnalar-tellioglu-icin-caldi_2ad2669.jpg?resize=150%2C100 150w, https:\/\/i0.wp.com\/www.tvturk.com\/wp-content\/uploads\/2019\/02\/davullar-ve-zurnalar-tellioglu-icin-caldi_2ad2669.jpg?resize=300%2C200 300w, https:\/\/i0.wp.com\/www.tvturk.com\/wp-content\/uploads\/2019\/02\/davullar-ve-zurnalar-tellioglu-icin-caldi_2ad2669.jpg?resize=768%2C511 768w, https:\/\/i0.wp.com\/www.tvturk.com\/wp-content\/uploads\/2019\/02\/davullar-ve-zurnalar-tellioglu-icin-caldi_2ad2669.jpg?resize=170%2C113 170w, https:\/\/i0.wp.com\/www.tvturk.com\/wp-content\/uploads\/2019\/02\/davullar-ve-zurnalar-tellioglu-icin-caldi_2ad2669.jpg?resize=120%2C80 120w\" width=\"246\" height=\"164\" loading=\"lazy\" data-original-width=\"246\" data-original-height=\"164\" itemprop=\"http:\/\/schema.org\/image\" title=\"Davullar ve zurnalar Tellio\u011flu i\u00e7in \u00e7ald\u0131\" alt=\"Davullar ve zurnalar Tellio\u011flu i\u00e7in \u00e7ald\u0131\" style=\"width: 246px; height: 164px;\" \/> <\/a> <\/div> <\/div> <!-- close group --> <\/div> <!-- close row --> <\/div><\/p>\n","protected":false},"excerpt":{"rendered":"<p>M\u0130LLET \u0130TT\u0130FAKI CUMHUR\u0130YET HALK PART\u0130S\u0130 KARES\u0130 BELED\u0130YE BA\u015eKAN ADAYI LEVENT TELL\u0130O\u011eLU, SE\u00c7\u0130M \u00c7ALI\u015eMALARI KAPSAMINDA YEN\u0130K\u00d6Y VE \u00c7AYPINAR KIRSAL MAHALLELER\u0130NDE VATANDA\u015eLARLA B\u0130R ARAYA GELD\u0130. YEN\u0130K\u00d6Y\u2019DE B\u00dcY\u00dcK B\u0130R CO\u015eKUYLA DAVUL ZURNA \u0130LE KAR\u015eILANAN LEVENT TELL\u0130O\u011eLU VATANDA\u015eLARIN \u0130LG\u0130S\u0130NE TE\u015eEKK\u00dcR ETT\u0130.<\/p>\n","protected":false},"author":1,"featured_media":46749,"comment_status":"closed","ping_status":"open","sticky":false,"template":"","format":"standard","meta":{"jetpack_post_was_ever_published":false,"_jetpack_newsletter_access":"","_jetpack_dont_email_post_to_subs":false,"_jetpack_newsletter_tier_id":0,"_jetpack_memberships_contains_paywalled_content":false,"_jetpack_memberships_contains_paid_content":false,"footnotes":"","jetpack_publicize_message":"","jetpack_publicize_feature_enabled":true,"jetpack_social_post_already_shared":false,"jetpack_social_options":{"image_generator_settings":{"template":"highway","default_image_id":0,"font":"","enabled":false},"version":2}},"categories":[9],"tags":[1161,15870,44,1103,15871],"class_list":["post-46748","post","type-post","status-publish","format-standard","has-post-thumbnail","hentry","category-siyaset","tag-caldi","tag-davullar","tag-icin","tag-tellioglu","tag-zurnalar"],"jetpack_publicize_connections":[],"jetpack_featured_media_url":"https:\/\/i0.wp.com\/www.tvturk.com\/wp-content\/uploads\/2019\/02\/davullar-ve-zurnalar-tellioglu-icin-caldi_f77ac0e.jpg?fit=1000%2C666","jetpack_sharing_enabled":true,"jetpack_shortlink":"https:\/\/wp.me\/paKIfm-ca0","_links":{"self":[{"href":"http:\/\/www.tvturk.com\/index.php\/wp-json\/wp\/v2\/posts\/46748","targetHints":{"allow":["GET"]}}],"collection":[{"href":"http:\/\/www.tvturk.com\/index.php\/wp-json\/wp\/v2\/posts"}],"about":[{"href":"http:\/\/www.tvturk.com\/index.php\/wp-json\/wp\/v2\/types\/post"}],"author":[{"embeddable":true,"href":"http:\/\/www.tvturk.com\/index.php\/wp-json\/wp\/v2\/users\/1"}],"replies":[{"embeddable":true,"href":"http:\/\/www.tvturk.com\/index.php\/wp-json\/wp\/v2\/comments?post=46748"}],"version-history":[{"count":1,"href":"http:\/\/www.tvturk.com\/index.php\/wp-json\/wp\/v2\/posts\/46748\/revisions"}],"predecessor-version":[{"id":46755,"href":"http:\/\/www.tvturk.com\/index.php\/wp-json\/wp\/v2\/posts\/46748\/revisions\/46755"}],"wp:featuredmedia":[{"embeddable":true,"href":"http:\/\/www.tvturk.com\/index.php\/wp-json\/wp\/v2\/media\/46749"}],"wp:attachment":[{"href":"http:\/\/www.tvturk.com\/index.php\/wp-json\/wp\/v2\/media?parent=46748"}],"wp:term":[{"taxonomy":"category","embeddable":true,"href":"http:\/\/www.tvturk.com\/index.php\/wp-json\/wp\/v2\/categories?post=46748"},{"taxonomy":"post_tag","embeddable":true,"href":"http:\/\/www.tvturk.com\/index.php\/wp-json\/wp\/v2\/tags?post=46748"}],"curies":[{"name":"wp","href":"https:\/\/api.w.org\/{rel}","templated":true}]}}