{"id":47019,"date":"2019-02-19T10:41:10","date_gmt":"2019-02-19T07:41:10","guid":{"rendered":"http:\/\/www.tvturk.com\/index.php\/unlu-fotograftaki-denizci-mendonsa-hayatini-kaybetti\/"},"modified":"2019-02-19T10:41:15","modified_gmt":"2019-02-19T07:41:15","slug":"unlu-fotograftaki-denizci-mendonsa-hayatini-kaybetti","status":"publish","type":"post","link":"http:\/\/www.tvturk.com\/index.php\/unlu-fotograftaki-denizci-mendonsa-hayatini-kaybetti\/","title":{"rendered":"\u00dcnl\u00fc foto\u011fraftaki denizci Mendonsa hayat\u0131n\u0131 kaybetti"},"content":{"rendered":"<p>\u0130kinci D\u00fcnya Sava\u015f\u0131\u2019n\u0131n biti\u015fini simgeleyen \u00fcnl\u00fc foto\u011frafta hem\u015fireyi \u00f6pen denizci George Mendonsa, 95 ya\u015f\u0131nda hayat\u0131n\u0131 kaybetti.<\/p>\n<p>Amerika Birle\u015fik Devletleri\u2019nin, 1945 y\u0131l\u0131nda Japonya\u2019ya kar\u015f\u0131 zafer kazand\u0131\u011f\u0131 g\u00fcn Times Meydan\u0131\u2019nda \u00e7ekilen me\u015fhur foto\u011frafta hem\u015fireyi \u00f6pen denizci George Mendonsa 95 ya\u015f\u0131nda hayat\u0131n\u0131 kaybetti. Mendonsa\u2019n\u0131n k\u0131z\u0131 Sharon Molleur, babas\u0131n\u0131n fel\u00e7 ge\u00e7irdi\u011fini ve Rhode Island\u2019daki Middletown\u2019daki bir bak\u0131m evinde d\u00fc\u015ft\u00fckten sonra Pazar g\u00fcn\u00fc hayat\u0131n\u0131 kaybetti\u011fini s\u00f6yledi.<\/p>\n<p>Mendonsa\u2019n\u0131n Japonya\u2019ya kar\u015f\u0131 zafer kazan\u0131ld\u0131\u011f\u0131 g\u00fcnde 21 ya\u015f\u0131ndaki Greta Zimmer Friedman\u2019\u0131 e\u011fip \u00f6pt\u00fc\u011f\u00fc resmi, d\u00f6nemin en kal\u0131c\u0131 g\u00f6r\u00fcnt\u00fclerinden biri olmu\u015ftu. Foto\u011fraf zafer kutlamalar\u0131 s\u0131ras\u0131nda Alfred Eisenstadt taraf\u0131ndan Life i\u00e7in \u00e7ekilen 4 foto\u011fraf\u0131ndan biriydi.<\/p>\n<p>Foto\u011fraf\u00e7\u0131 Eisenstadt, \u00f6p\u00fc\u015fen yabanc\u0131lar\u0131n isimlerini vermemi\u015f, Mendonsa ve Friedman\u2019\u0131n isimleri y\u0131llar sonra ortaya \u00e7\u0131km\u0131\u015ft\u0131. Eisenstadt yazd\u0131\u011f\u0131 kitab\u0131nda \u00f6p\u00fc\u015fen \u00e7ifti foto\u011fraflamas\u0131n\u0131, &#8220;Elimde Leicam ile denizcinin arkas\u0131ndan ko\u015fuyordum, ancak foto\u011fraflar\u0131n hi\u00e7biri beni memnun etmemi\u015fti. Sonra, aniden beyaz bir \u015feyin yakaland\u0131\u011f\u0131n\u0131 fark ettim. Arkam\u0131 d\u00f6nd\u00fcm ve denizcinin hem\u015fireyi \u00f6pt\u00fc\u011f\u00fc an\u0131 \u00e7ektim. E\u011fer hem\u015fire siyah bir elbise giyseydi asla o foto\u011fraf\u0131 \u00e7ekemezdim&#8221; \u015feklinde anlatm\u0131\u015ft\u0131.<\/p>\n<p>Bir di\u015f hekimi asistan\u0131 olarak \u00e7al\u0131\u015fan Greta Zimmer Friedman, 1960\u2019lara kadar foto\u011fraf\u0131n fark\u0131nda olmad\u0131\u011f\u0131n\u0131 s\u00f6ylemi\u015f, &#8220;Romantik bir \u00f6p\u00fc\u015fme de\u011fildi, sadece bir kutlamayd\u0131&#8221; demi\u015fti. Friedman da, 2016\u2019da 92 ya\u015f\u0131nda hayat\u0131n\u0131 kaybetti.<div class=\"tiled-gallery type-rectangular tiled-gallery-unresized\" data-original-width=\"500\" data-carousel-extra='null' itemscope itemtype=\"http:\/\/schema.org\/ImageGallery\" > <div class=\"gallery-row\" style=\"width: 500px; height: 228px;\" data-original-width=\"500\" data-original-height=\"228\" > <div class=\"gallery-group images-1\" style=\"width: 340px; height: 228px;\" data-original-width=\"340\" data-original-height=\"228\" > <div class=\"tiled-gallery-item tiled-gallery-item-large\" itemprop=\"associatedMedia\" itemscope itemtype=\"http:\/\/schema.org\/ImageObject\"> <a href=\"http:\/\/www.tvturk.com\/index.php\/unlu-fotograftaki-denizci-mendonsa-hayatini-kaybetti\/unlu-fotograftaki-denizci-mendonsa-hayatini-kaybetti-3\/\" border=\"0\" itemprop=\"url\"> <meta itemprop=\"width\" content=\"336\"> <meta itemprop=\"height\" content=\"224\"> <img decoding=\"async\" class=\"\" data-attachment-id=\"47021\" data-orig-file=\"http:\/\/www.tvturk.com\/wp-content\/uploads\/2019\/02\/unlu-fotograftaki-denizci-mendonsa-hayatini-kaybetti_e83da57.jpg\" data-orig-size=\"1000,666\" data-comments-opened=\"\" data-image-meta=\"{&quot;aperture&quot;:&quot;0&quot;,&quot;credit&quot;:&quot;IHA&quot;,&quot;camera&quot;:&quot;&quot;,&quot;caption&quot;:&quot;\\u0130K\\u0130NC\\u0130 D\\u00dcNYA SAVA\\u015eI\\u0027NIN B\\u0130T\\u0130\\u015e\\u0130N\\u0130 S\\u0130MGELEYEN \\u00dcNL\\u00dc FOTO\\u011eRAFTA HEM\\u015e\\u0130REY\\u0130 \\u00d6PEN DEN\\u0130ZC\\u0130 GEORGE MENDONSA , 95 YA\\u015eINDA HAYATINI KAYBETT\\u0130. (\\u0130HA\\\/RHODE ISLAND-EPA)&quot;,&quot;created_timestamp&quot;:&quot;0&quot;,&quot;copyright&quot;:&quot;\\u0130HLAS HABER AJANSI, www.iha.com.tr&quot;,&quot;focal_length&quot;:&quot;0&quot;,&quot;iso&quot;:&quot;0&quot;,&quot;shutter_speed&quot;:&quot;0&quot;,&quot;title&quot;:&quot;\\u00dcNL\\u00dc FOTO\\u011eRAFTAK\\u0130 DEN\\u0130ZC\\u0130 MENDONSA HAYATINI KAYBETT\\u0130&quot;,&quot;orientation&quot;:&quot;0&quot;}\" data-image-title=\"\u00dcnl\u00fc foto\u011fraftaki denizci Mendonsa hayat\u0131n\u0131 kaybetti\" data-image-description=\"&lt;p&gt;\u00dcnl\u00fc foto\u011fraftaki denizci Mendonsa hayat\u0131n\u0131 kaybetti&lt;\/p&gt; \" data-medium-file=\"https:\/\/i0.wp.com\/www.tvturk.com\/wp-content\/uploads\/2019\/02\/unlu-fotograftaki-denizci-mendonsa-hayatini-kaybetti_e83da57.jpg?fit=300%2C200\" data-large-file=\"https:\/\/i0.wp.com\/www.tvturk.com\/wp-content\/uploads\/2019\/02\/unlu-fotograftaki-denizci-mendonsa-hayatini-kaybetti_e83da57.jpg?fit=1000%2C666\" src=\"https:\/\/i0.wp.com\/www.tvturk.com\/wp-content\/uploads\/2019\/02\/unlu-fotograftaki-denizci-mendonsa-hayatini-kaybetti_e83da57.jpg?w=336&#038;h=224\" srcset=\"https:\/\/i0.wp.com\/www.tvturk.com\/wp-content\/uploads\/2019\/02\/unlu-fotograftaki-denizci-mendonsa-hayatini-kaybetti_e83da57.jpg?w=1000 1000w, https:\/\/i0.wp.com\/www.tvturk.com\/wp-content\/uploads\/2019\/02\/unlu-fotograftaki-denizci-mendonsa-hayatini-kaybetti_e83da57.jpg?resize=150%2C100 150w, https:\/\/i0.wp.com\/www.tvturk.com\/wp-content\/uploads\/2019\/02\/unlu-fotograftaki-denizci-mendonsa-hayatini-kaybetti_e83da57.jpg?resize=300%2C200 300w, https:\/\/i0.wp.com\/www.tvturk.com\/wp-content\/uploads\/2019\/02\/unlu-fotograftaki-denizci-mendonsa-hayatini-kaybetti_e83da57.jpg?resize=768%2C511 768w, https:\/\/i0.wp.com\/www.tvturk.com\/wp-content\/uploads\/2019\/02\/unlu-fotograftaki-denizci-mendonsa-hayatini-kaybetti_e83da57.jpg?resize=170%2C113 170w, https:\/\/i0.wp.com\/www.tvturk.com\/wp-content\/uploads\/2019\/02\/unlu-fotograftaki-denizci-mendonsa-hayatini-kaybetti_e83da57.jpg?resize=120%2C80 120w\" width=\"336\" height=\"224\" loading=\"lazy\" data-original-width=\"336\" data-original-height=\"224\" itemprop=\"http:\/\/schema.org\/image\" title=\"\u00dcnl\u00fc foto\u011fraftaki denizci Mendonsa hayat\u0131n\u0131 kaybetti\" alt=\"\u00dcnl\u00fc foto\u011fraftaki denizci Mendonsa hayat\u0131n\u0131 kaybetti\" style=\"width: 336px; height: 224px;\" \/> <\/a> <\/div> <\/div> <!-- close group --> <div class=\"gallery-group images-2\" style=\"width: 160px; height: 228px;\" data-original-width=\"160\" data-original-height=\"228\" > <div class=\"tiled-gallery-item tiled-gallery-item-small\" itemprop=\"associatedMedia\" itemscope itemtype=\"http:\/\/schema.org\/ImageObject\"> <a href=\"http:\/\/www.tvturk.com\/index.php\/unlu-fotograftaki-denizci-mendonsa-hayatini-kaybetti\/unlu-fotograftaki-denizci-mendonsa-hayatini-kaybetti-4\/\" border=\"0\" itemprop=\"url\"> <meta itemprop=\"width\" content=\"156\"> <meta itemprop=\"height\" content=\"114\"> <img decoding=\"async\" class=\"\" data-attachment-id=\"47022\" data-orig-file=\"http:\/\/www.tvturk.com\/wp-content\/uploads\/2019\/02\/unlu-fotograftaki-denizci-mendonsa-hayatini-kaybetti_7733ec2.jpg\" data-orig-size=\"1000,730\" data-comments-opened=\"\" data-image-meta=\"{&quot;aperture&quot;:&quot;0&quot;,&quot;credit&quot;:&quot;IHA&quot;,&quot;camera&quot;:&quot;&quot;,&quot;caption&quot;:&quot;\\u0130K\\u0130NC\\u0130 D\\u00dcNYA SAVA\\u015eI\\u0027NIN B\\u0130T\\u0130\\u015e\\u0130N\\u0130 S\\u0130MGELEYEN \\u00dcNL\\u00dc FOTO\\u011eRAFTA HEM\\u015e\\u0130REY\\u0130 \\u00d6PEN DEN\\u0130ZC\\u0130 GEORGE MENDONSA , 95 YA\\u015eINDA HAYATINI KAYBETT\\u0130. (\\u0130HA\\\/RHODE ISLAND-EPA)&quot;,&quot;created_timestamp&quot;:&quot;0&quot;,&quot;copyright&quot;:&quot;\\u0130HLAS HABER AJANSI, www.iha.com.tr&quot;,&quot;focal_length&quot;:&quot;0&quot;,&quot;iso&quot;:&quot;0&quot;,&quot;shutter_speed&quot;:&quot;0&quot;,&quot;title&quot;:&quot;\\u00dcNL\\u00dc FOTO\\u011eRAFTAK\\u0130 DEN\\u0130ZC\\u0130 MENDONSA HAYATINI KAYBETT\\u0130&quot;,&quot;orientation&quot;:&quot;0&quot;}\" data-image-title=\"\u00dcnl\u00fc foto\u011fraftaki denizci Mendonsa hayat\u0131n\u0131 kaybetti\" data-image-description=\"&lt;p&gt;\u00dcnl\u00fc foto\u011fraftaki denizci Mendonsa hayat\u0131n\u0131 kaybetti&lt;\/p&gt; \" data-medium-file=\"https:\/\/i0.wp.com\/www.tvturk.com\/wp-content\/uploads\/2019\/02\/unlu-fotograftaki-denizci-mendonsa-hayatini-kaybetti_7733ec2.jpg?fit=300%2C219\" data-large-file=\"https:\/\/i0.wp.com\/www.tvturk.com\/wp-content\/uploads\/2019\/02\/unlu-fotograftaki-denizci-mendonsa-hayatini-kaybetti_7733ec2.jpg?fit=1000%2C730\" src=\"https:\/\/i0.wp.com\/www.tvturk.com\/wp-content\/uploads\/2019\/02\/unlu-fotograftaki-denizci-mendonsa-hayatini-kaybetti_7733ec2.jpg?w=156&#038;h=114\" srcset=\"https:\/\/i0.wp.com\/www.tvturk.com\/wp-content\/uploads\/2019\/02\/unlu-fotograftaki-denizci-mendonsa-hayatini-kaybetti_7733ec2.jpg?w=1000 1000w, https:\/\/i0.wp.com\/www.tvturk.com\/wp-content\/uploads\/2019\/02\/unlu-fotograftaki-denizci-mendonsa-hayatini-kaybetti_7733ec2.jpg?resize=150%2C110 150w, https:\/\/i0.wp.com\/www.tvturk.com\/wp-content\/uploads\/2019\/02\/unlu-fotograftaki-denizci-mendonsa-hayatini-kaybetti_7733ec2.jpg?resize=300%2C219 300w, https:\/\/i0.wp.com\/www.tvturk.com\/wp-content\/uploads\/2019\/02\/unlu-fotograftaki-denizci-mendonsa-hayatini-kaybetti_7733ec2.jpg?resize=768%2C561 768w\" width=\"156\" height=\"114\" loading=\"lazy\" data-original-width=\"156\" data-original-height=\"114\" itemprop=\"http:\/\/schema.org\/image\" title=\"\u00dcnl\u00fc foto\u011fraftaki denizci Mendonsa hayat\u0131n\u0131 kaybetti\" alt=\"\u00dcnl\u00fc foto\u011fraftaki denizci Mendonsa hayat\u0131n\u0131 kaybetti\" style=\"width: 156px; height: 114px;\" \/> <\/a> <\/div> <div class=\"tiled-gallery-item tiled-gallery-item-small\" itemprop=\"associatedMedia\" itemscope itemtype=\"http:\/\/schema.org\/ImageObject\"> <a href=\"http:\/\/www.tvturk.com\/index.php\/unlu-fotograftaki-denizci-mendonsa-hayatini-kaybetti\/unlu-fotograftaki-denizci-mendonsa-hayatini-kaybetti-5\/\" border=\"0\" itemprop=\"url\"> <meta itemprop=\"width\" content=\"156\"> <meta itemprop=\"height\" content=\"106\"> <img decoding=\"async\" class=\"\" data-attachment-id=\"47023\" data-orig-file=\"http:\/\/www.tvturk.com\/wp-content\/uploads\/2019\/02\/unlu-fotograftaki-denizci-mendonsa-hayatini-kaybetti_8659cfc.jpg\" data-orig-size=\"1000,682\" data-comments-opened=\"\" data-image-meta=\"{&quot;aperture&quot;:&quot;0&quot;,&quot;credit&quot;:&quot;IHA&quot;,&quot;camera&quot;:&quot;&quot;,&quot;caption&quot;:&quot;\\u0130K\\u0130NC\\u0130 D\\u00dcNYA SAVA\\u015eI\\u0027NIN B\\u0130T\\u0130\\u015e\\u0130N\\u0130 S\\u0130MGELEYEN \\u00dcNL\\u00dc FOTO\\u011eRAFTA HEM\\u015e\\u0130REY\\u0130 \\u00d6PEN DEN\\u0130ZC\\u0130 GEORGE MENDONSA , 95 YA\\u015eINDA HAYATINI KAYBETT\\u0130. (\\u0130HA\\\/RHODE ISLAND-EPA)&quot;,&quot;created_timestamp&quot;:&quot;0&quot;,&quot;copyright&quot;:&quot;\\u0130HLAS HABER AJANSI, www.iha.com.tr&quot;,&quot;focal_length&quot;:&quot;0&quot;,&quot;iso&quot;:&quot;0&quot;,&quot;shutter_speed&quot;:&quot;0&quot;,&quot;title&quot;:&quot;\\u00dcNL\\u00dc FOTO\\u011eRAFTAK\\u0130 DEN\\u0130ZC\\u0130 MENDONSA HAYATINI KAYBETT\\u0130&quot;,&quot;orientation&quot;:&quot;0&quot;}\" data-image-title=\"\u00dcnl\u00fc foto\u011fraftaki denizci Mendonsa hayat\u0131n\u0131 kaybetti\" data-image-description=\"&lt;p&gt;\u00dcnl\u00fc foto\u011fraftaki denizci Mendonsa hayat\u0131n\u0131 kaybetti&lt;\/p&gt; \" data-medium-file=\"https:\/\/i0.wp.com\/www.tvturk.com\/wp-content\/uploads\/2019\/02\/unlu-fotograftaki-denizci-mendonsa-hayatini-kaybetti_8659cfc.jpg?fit=300%2C205\" data-large-file=\"https:\/\/i0.wp.com\/www.tvturk.com\/wp-content\/uploads\/2019\/02\/unlu-fotograftaki-denizci-mendonsa-hayatini-kaybetti_8659cfc.jpg?fit=1000%2C682\" src=\"https:\/\/i0.wp.com\/www.tvturk.com\/wp-content\/uploads\/2019\/02\/unlu-fotograftaki-denizci-mendonsa-hayatini-kaybetti_8659cfc.jpg?w=156&#038;h=106\" srcset=\"https:\/\/i0.wp.com\/www.tvturk.com\/wp-content\/uploads\/2019\/02\/unlu-fotograftaki-denizci-mendonsa-hayatini-kaybetti_8659cfc.jpg?w=1000 1000w, https:\/\/i0.wp.com\/www.tvturk.com\/wp-content\/uploads\/2019\/02\/unlu-fotograftaki-denizci-mendonsa-hayatini-kaybetti_8659cfc.jpg?resize=150%2C102 150w, https:\/\/i0.wp.com\/www.tvturk.com\/wp-content\/uploads\/2019\/02\/unlu-fotograftaki-denizci-mendonsa-hayatini-kaybetti_8659cfc.jpg?resize=300%2C205 300w, https:\/\/i0.wp.com\/www.tvturk.com\/wp-content\/uploads\/2019\/02\/unlu-fotograftaki-denizci-mendonsa-hayatini-kaybetti_8659cfc.jpg?resize=768%2C524 768w, https:\/\/i0.wp.com\/www.tvturk.com\/wp-content\/uploads\/2019\/02\/unlu-fotograftaki-denizci-mendonsa-hayatini-kaybetti_8659cfc.jpg?resize=80%2C55 80w\" width=\"156\" height=\"106\" loading=\"lazy\" data-original-width=\"156\" data-original-height=\"106\" itemprop=\"http:\/\/schema.org\/image\" title=\"\u00dcnl\u00fc foto\u011fraftaki denizci Mendonsa hayat\u0131n\u0131 kaybetti\" alt=\"\u00dcnl\u00fc foto\u011fraftaki denizci Mendonsa hayat\u0131n\u0131 kaybetti\" style=\"width: 156px; height: 106px;\" \/> <\/a> <\/div> <\/div> <!-- close group --> <\/div> <!-- close row --> <div class=\"gallery-row\" style=\"width: 500px; height: 240px;\" data-original-width=\"500\" data-original-height=\"240\" > <div class=\"gallery-group images-1\" style=\"width: 326px; height: 240px;\" data-original-width=\"326\" data-original-height=\"240\" > <div class=\"tiled-gallery-item tiled-gallery-item-large\" itemprop=\"associatedMedia\" itemscope itemtype=\"http:\/\/schema.org\/ImageObject\"> <a href=\"http:\/\/www.tvturk.com\/index.php\/unlu-fotograftaki-denizci-mendonsa-hayatini-kaybetti\/unlu-fotograftaki-denizci-mendonsa-hayatini-kaybetti-6\/\" border=\"0\" itemprop=\"url\"> <meta itemprop=\"width\" content=\"322\"> <meta itemprop=\"height\" content=\"236\"> <img decoding=\"async\" class=\"\" data-attachment-id=\"47024\" data-orig-file=\"http:\/\/www.tvturk.com\/wp-content\/uploads\/2019\/02\/unlu-fotograftaki-denizci-mendonsa-hayatini-kaybetti_2e41ee7.jpg\" data-orig-size=\"1000,733\" data-comments-opened=\"\" data-image-meta=\"{&quot;aperture&quot;:&quot;0&quot;,&quot;credit&quot;:&quot;IHA&quot;,&quot;camera&quot;:&quot;&quot;,&quot;caption&quot;:&quot;\\u0130K\\u0130NC\\u0130 D\\u00dcNYA SAVA\\u015eI\\u0027NIN B\\u0130T\\u0130\\u015e\\u0130N\\u0130 S\\u0130MGELEYEN \\u00dcNL\\u00dc FOTO\\u011eRAFTA HEM\\u015e\\u0130REY\\u0130 \\u00d6PEN DEN\\u0130ZC\\u0130 GEORGE MENDONSA , 95 YA\\u015eINDA HAYATINI KAYBETT\\u0130. (\\u0130HA\\\/RHODE ISLAND-EPA)&quot;,&quot;created_timestamp&quot;:&quot;0&quot;,&quot;copyright&quot;:&quot;\\u0130HLAS HABER AJANSI, www.iha.com.tr&quot;,&quot;focal_length&quot;:&quot;0&quot;,&quot;iso&quot;:&quot;0&quot;,&quot;shutter_speed&quot;:&quot;0&quot;,&quot;title&quot;:&quot;\\u00dcNL\\u00dc FOTO\\u011eRAFTAK\\u0130 DEN\\u0130ZC\\u0130 MENDONSA HAYATINI KAYBETT\\u0130&quot;,&quot;orientation&quot;:&quot;0&quot;}\" data-image-title=\"\u00dcnl\u00fc foto\u011fraftaki denizci Mendonsa hayat\u0131n\u0131 kaybetti\" data-image-description=\"&lt;p&gt;\u00dcnl\u00fc foto\u011fraftaki denizci Mendonsa hayat\u0131n\u0131 kaybetti&lt;\/p&gt; \" data-medium-file=\"https:\/\/i0.wp.com\/www.tvturk.com\/wp-content\/uploads\/2019\/02\/unlu-fotograftaki-denizci-mendonsa-hayatini-kaybetti_2e41ee7.jpg?fit=300%2C220\" data-large-file=\"https:\/\/i0.wp.com\/www.tvturk.com\/wp-content\/uploads\/2019\/02\/unlu-fotograftaki-denizci-mendonsa-hayatini-kaybetti_2e41ee7.jpg?fit=1000%2C733\" src=\"https:\/\/i0.wp.com\/www.tvturk.com\/wp-content\/uploads\/2019\/02\/unlu-fotograftaki-denizci-mendonsa-hayatini-kaybetti_2e41ee7.jpg?w=322&#038;h=236\" srcset=\"https:\/\/i0.wp.com\/www.tvturk.com\/wp-content\/uploads\/2019\/02\/unlu-fotograftaki-denizci-mendonsa-hayatini-kaybetti_2e41ee7.jpg?w=1000 1000w, https:\/\/i0.wp.com\/www.tvturk.com\/wp-content\/uploads\/2019\/02\/unlu-fotograftaki-denizci-mendonsa-hayatini-kaybetti_2e41ee7.jpg?resize=150%2C110 150w, https:\/\/i0.wp.com\/www.tvturk.com\/wp-content\/uploads\/2019\/02\/unlu-fotograftaki-denizci-mendonsa-hayatini-kaybetti_2e41ee7.jpg?resize=300%2C220 300w, https:\/\/i0.wp.com\/www.tvturk.com\/wp-content\/uploads\/2019\/02\/unlu-fotograftaki-denizci-mendonsa-hayatini-kaybetti_2e41ee7.jpg?resize=768%2C563 768w\" width=\"322\" height=\"236\" loading=\"lazy\" data-original-width=\"322\" data-original-height=\"236\" itemprop=\"http:\/\/schema.org\/image\" title=\"\u00dcnl\u00fc foto\u011fraftaki denizci Mendonsa hayat\u0131n\u0131 kaybetti\" alt=\"\u00dcnl\u00fc foto\u011fraftaki denizci Mendonsa hayat\u0131n\u0131 kaybetti\" style=\"width: 322px; height: 236px;\" \/> <\/a> <\/div> <\/div> <!-- close group --> <div class=\"gallery-group images-1\" style=\"width: 174px; height: 240px;\" data-original-width=\"174\" data-original-height=\"240\" > <div class=\"tiled-gallery-item tiled-gallery-item-small\" itemprop=\"associatedMedia\" itemscope itemtype=\"http:\/\/schema.org\/ImageObject\"> <a href=\"http:\/\/www.tvturk.com\/index.php\/unlu-fotograftaki-denizci-mendonsa-hayatini-kaybetti\/unlu-fotograftaki-denizci-mendonsa-hayatini-kaybetti-7\/\" border=\"0\" itemprop=\"url\"> <meta itemprop=\"width\" content=\"170\"> <meta itemprop=\"height\" content=\"236\"> <img decoding=\"async\" class=\"\" data-attachment-id=\"47025\" data-orig-file=\"http:\/\/www.tvturk.com\/wp-content\/uploads\/2019\/02\/unlu-fotograftaki-denizci-mendonsa-hayatini-kaybetti_92a01c9.jpg\" data-orig-size=\"720,1000\" data-comments-opened=\"\" data-image-meta=\"{&quot;aperture&quot;:&quot;0&quot;,&quot;credit&quot;:&quot;IHA&quot;,&quot;camera&quot;:&quot;&quot;,&quot;caption&quot;:&quot;\\u0130K\\u0130NC\\u0130 D\\u00dcNYA SAVA\\u015eI\\u0027NIN B\\u0130T\\u0130\\u015e\\u0130N\\u0130 S\\u0130MGELEYEN \\u00dcNL\\u00dc FOTO\\u011eRAFTA HEM\\u015e\\u0130REY\\u0130 \\u00d6PEN DEN\\u0130ZC\\u0130 GEORGE MENDONSA , 95 YA\\u015eINDA HAYATINI KAYBETT\\u0130. (\\u0130HA\\\/RHODE ISLAND-EPA)&quot;,&quot;created_timestamp&quot;:&quot;0&quot;,&quot;copyright&quot;:&quot;\\u0130HLAS HABER AJANSI, www.iha.com.tr&quot;,&quot;focal_length&quot;:&quot;0&quot;,&quot;iso&quot;:&quot;0&quot;,&quot;shutter_speed&quot;:&quot;0&quot;,&quot;title&quot;:&quot;\\u00dcNL\\u00dc FOTO\\u011eRAFTAK\\u0130 DEN\\u0130ZC\\u0130 MENDONSA HAYATINI KAYBETT\\u0130&quot;,&quot;orientation&quot;:&quot;0&quot;}\" data-image-title=\"\u00dcnl\u00fc foto\u011fraftaki denizci Mendonsa hayat\u0131n\u0131 kaybetti\" data-image-description=\"&lt;p&gt;\u00dcnl\u00fc foto\u011fraftaki denizci Mendonsa hayat\u0131n\u0131 kaybetti&lt;\/p&gt; \" data-medium-file=\"https:\/\/i0.wp.com\/www.tvturk.com\/wp-content\/uploads\/2019\/02\/unlu-fotograftaki-denizci-mendonsa-hayatini-kaybetti_92a01c9.jpg?fit=216%2C300\" data-large-file=\"https:\/\/i0.wp.com\/www.tvturk.com\/wp-content\/uploads\/2019\/02\/unlu-fotograftaki-denizci-mendonsa-hayatini-kaybetti_92a01c9.jpg?fit=720%2C1000\" src=\"https:\/\/i0.wp.com\/www.tvturk.com\/wp-content\/uploads\/2019\/02\/unlu-fotograftaki-denizci-mendonsa-hayatini-kaybetti_92a01c9.jpg?w=170&#038;h=236\" srcset=\"https:\/\/i0.wp.com\/www.tvturk.com\/wp-content\/uploads\/2019\/02\/unlu-fotograftaki-denizci-mendonsa-hayatini-kaybetti_92a01c9.jpg?w=720 720w, https:\/\/i0.wp.com\/www.tvturk.com\/wp-content\/uploads\/2019\/02\/unlu-fotograftaki-denizci-mendonsa-hayatini-kaybetti_92a01c9.jpg?resize=108%2C150 108w, https:\/\/i0.wp.com\/www.tvturk.com\/wp-content\/uploads\/2019\/02\/unlu-fotograftaki-denizci-mendonsa-hayatini-kaybetti_92a01c9.jpg?resize=216%2C300 216w\" width=\"170\" height=\"236\" loading=\"lazy\" data-original-width=\"170\" data-original-height=\"236\" itemprop=\"http:\/\/schema.org\/image\" title=\"\u00dcnl\u00fc foto\u011fraftaki denizci Mendonsa hayat\u0131n\u0131 kaybetti\" alt=\"\u00dcnl\u00fc foto\u011fraftaki denizci Mendonsa hayat\u0131n\u0131 kaybetti\" style=\"width: 170px; height: 236px;\" \/> <\/a> <\/div> <\/div> <!-- close group --> <\/div> <!-- close row --> <\/div><\/p>\n","protected":false},"excerpt":{"rendered":"<p>\u0130K\u0130NC\u0130 D\u00dcNYA SAVA\u015eI&#8217;NIN B\u0130T\u0130\u015e\u0130N\u0130 S\u0130MGELEYEN \u00dcNL\u00dc FOTO\u011eRAFTA HEM\u015e\u0130REY\u0130 \u00d6PEN DEN\u0130ZC\u0130 GEORGE MENDONSA , 95 YA\u015eINDA HAYATINI KAYBETT\u0130.<\/p>\n","protected":false},"author":1,"featured_media":47020,"comment_status":"closed","ping_status":"open","sticky":false,"template":"","format":"standard","meta":{"jetpack_post_was_ever_published":false,"_jetpack_newsletter_access":"","_jetpack_dont_email_post_to_subs":false,"_jetpack_newsletter_tier_id":0,"_jetpack_memberships_contains_paywalled_content":false,"_jetpack_memberships_contains_paid_content":false,"footnotes":"","jetpack_publicize_message":"","jetpack_publicize_feature_enabled":true,"jetpack_social_post_already_shared":false,"jetpack_social_options":{"image_generator_settings":{"template":"highway","default_image_id":0,"font":"","enabled":false},"version":2}},"categories":[1],"tags":[14592,15936,848,849,15937,5590],"class_list":["post-47019","post","type-post","status-publish","format-standard","has-post-thumbnail","hentry","category-genel","tag-denizci","tag-fotograftaki","tag-hayatini","tag-kaybetti","tag-mendonsa","tag-unlu"],"jetpack_publicize_connections":[],"jetpack_featured_media_url":"https:\/\/i0.wp.com\/www.tvturk.com\/wp-content\/uploads\/2019\/02\/unlu-fotograftaki-denizci-mendonsa-hayatini-kaybetti_910166d.jpg?fit=1000%2C712","jetpack_sharing_enabled":true,"jetpack_shortlink":"https:\/\/wp.me\/paKIfm-cen","_links":{"self":[{"href":"http:\/\/www.tvturk.com\/index.php\/wp-json\/wp\/v2\/posts\/47019","targetHints":{"allow":["GET"]}}],"collection":[{"href":"http:\/\/www.tvturk.com\/index.php\/wp-json\/wp\/v2\/posts"}],"about":[{"href":"http:\/\/www.tvturk.com\/index.php\/wp-json\/wp\/v2\/types\/post"}],"author":[{"embeddable":true,"href":"http:\/\/www.tvturk.com\/index.php\/wp-json\/wp\/v2\/users\/1"}],"replies":[{"embeddable":true,"href":"http:\/\/www.tvturk.com\/index.php\/wp-json\/wp\/v2\/comments?post=47019"}],"version-history":[{"count":1,"href":"http:\/\/www.tvturk.com\/index.php\/wp-json\/wp\/v2\/posts\/47019\/revisions"}],"predecessor-version":[{"id":47026,"href":"http:\/\/www.tvturk.com\/index.php\/wp-json\/wp\/v2\/posts\/47019\/revisions\/47026"}],"wp:featuredmedia":[{"embeddable":true,"href":"http:\/\/www.tvturk.com\/index.php\/wp-json\/wp\/v2\/media\/47020"}],"wp:attachment":[{"href":"http:\/\/www.tvturk.com\/index.php\/wp-json\/wp\/v2\/media?parent=47019"}],"wp:term":[{"taxonomy":"category","embeddable":true,"href":"http:\/\/www.tvturk.com\/index.php\/wp-json\/wp\/v2\/categories?post=47019"},{"taxonomy":"post_tag","embeddable":true,"href":"http:\/\/www.tvturk.com\/index.php\/wp-json\/wp\/v2\/tags?post=47019"}],"curies":[{"name":"wp","href":"https:\/\/api.w.org\/{rel}","templated":true}]}}