{"id":47124,"date":"2019-02-19T10:51:41","date_gmt":"2019-02-19T07:51:41","guid":{"rendered":"http:\/\/www.tvturk.com\/index.php\/vakifbank-27-galibiyet-icin-almanyada\/"},"modified":"2019-02-19T10:51:43","modified_gmt":"2019-02-19T07:51:43","slug":"vakifbank-27-galibiyet-icin-almanyada","status":"publish","type":"post","link":"http:\/\/www.tvturk.com\/index.php\/vakifbank-27-galibiyet-icin-almanyada\/","title":{"rendered":"Vak\u0131fBank, 27. galibiyet i\u00e7in Almanya\u2019da"},"content":{"rendered":"<p>Vak\u0131fBank Kad\u0131n Voleybol Tak\u0131m\u0131, 2019 CEV \u015eampiyonlar Ligi A Grubu\u2019ndaki 5. ma\u00e7\u0131nda Alman ekibi Allianz MTV Stuttgart\u2019la yar\u0131n TS\u0130 21:00\u2019de deplasmanda kar\u015f\u0131la\u015facak. Avrupa\u2019da \u00fcst \u00fcste 27. galibiyet i\u00e7in sahaya \u00e7\u0131kacak olan Vak\u0131fBank\u2019ta Ba\u015fantren\u00f6r Giovanni Guidetti, &#8220;Gruptan lider olarak \u00e7\u0131kmak istiyoruz. Liderli\u011fin ne kadar \u00f6nemli oldu\u011funu biliyoruz. Kazan\u0131p liderli\u011fimizi devam ettirmek istiyoruz&#8221; dedi.<\/p>\n<p>Son iki senenin D\u00fcnya ve Avrupa \u015eampiyonu Vak\u0131fBank Kad\u0131n Voleybol Tak\u0131m\u0131, 2019 CEV \u015eampiyonlar Ligi A Grubu\u2019ndaki 5. ma\u00e7\u0131nda Alman ekibi Allianz MTV Stuttgart\u2019la yar\u0131n TS\u0130 21:00\u2019de deplasmanda kar\u015f\u0131la\u015facak. \u015eampiyonlar Ligi\u2019nde \u00fcst \u00fcste 26 ma\u00e7t\u0131r kazanan sar\u0131-siyahl\u0131lar, A Grubu\u2019nda zirvede yer al\u0131yor. Vak\u0131fBank, Allianz MTV Stuttgart\u2019la Vak\u0131fBank Spor Saray\u0131\u2019nda oynad\u0131\u011f\u0131 ilk kar\u015f\u0131la\u015fmay\u0131 3-1\u2019lik skorla kazanmay\u0131 ba\u015fard\u0131.<\/p>\n<p>Vak\u0131fBank Ba\u015fantren\u00f6r\u00fc Giovanni Guidetti, &#8220;\u015eampiyonlar Ligi\u2019nde \u00e7ok \u00f6nemli bir ma\u00e7 oynayaca\u011f\u0131z. Gruptan lider olarak \u00e7\u0131kmak istiyoruz. Liderli\u011fin ne kadar \u00f6nemli oldu\u011funu biliyoruz. Almanya Ligi\u2019nin lideriyle kar\u015f\u0131la\u015faca\u011f\u0131z. \u00c7ok iyi bir rakibe kar\u015f\u0131 zorlu bir m\u00fccadeleye \u00e7\u0131kaca\u011f\u0131z. Ma\u00e7 boyunca \u00e7ok dikkatli olmal\u0131y\u0131z. Kazan\u0131p, liderli\u011fimizi devam ettirmek istiyoruz&#8221; dedi.<\/p>\n<p>Vak\u0131fBank Kaptan\u0131 Melis G\u00fcrkaynak ise, &#8220;Deplasmanda \u00e7ok zorlu bir ma\u00e7 oynayaca\u011f\u0131z. Stuttgart, grubumuzdaki en zorlu rakiplerden bir tanesi. Stuttgart\u2019a kar\u015f\u0131 saham\u0131zda iyi bir ma\u00e7 oynam\u0131\u015ft\u0131k. Ama bizi olduk\u00e7a zorlam\u0131\u015flard\u0131. \u00c7ok iyi bir sistemleri var, iyi defans yap\u0131yorlar. Bu deplasmandan da galibiyetle ayr\u0131l\u0131p, gruptan birinci \u00e7\u0131kmak istiyoruz&#8221; diye konu\u015ftu.<div class=\"tiled-gallery type-rectangular tiled-gallery-unresized\" data-original-width=\"500\" data-carousel-extra='null' itemscope itemtype=\"http:\/\/schema.org\/ImageGallery\" > <div class=\"gallery-row\" style=\"width: 500px; height: 156px;\" data-original-width=\"500\" data-original-height=\"156\" > <div class=\"gallery-group images-1\" style=\"width: 270px; height: 156px;\" data-original-width=\"270\" data-original-height=\"156\" > <div class=\"tiled-gallery-item tiled-gallery-item-large\" itemprop=\"associatedMedia\" itemscope itemtype=\"http:\/\/schema.org\/ImageObject\"> <a href=\"http:\/\/www.tvturk.com\/index.php\/vakifbank-27-galibiyet-icin-almanyada\/vakifbank-27-galibiyet-icin-almanyada-3\/\" border=\"0\" itemprop=\"url\"> <meta itemprop=\"width\" content=\"266\"> <meta itemprop=\"height\" content=\"152\"> <img decoding=\"async\" class=\"\" data-attachment-id=\"47126\" data-orig-file=\"http:\/\/www.tvturk.com\/wp-content\/uploads\/2019\/02\/vakifbank-27-galibiyet-icin-almanyada_d1e7b1e.jpg\" data-orig-size=\"1000,570\" data-comments-opened=\"\" data-image-meta=\"{&quot;aperture&quot;:&quot;0&quot;,&quot;credit&quot;:&quot;IHA&quot;,&quot;camera&quot;:&quot;&quot;,&quot;caption&quot;:&quot;VAKIFBANK KADIN VOLEYBOL TAKIMI, 2019 CEV \\u015eAMP\\u0130YONLAR L\\u0130G\\u0130 A GRUBU\\u0027NDAK\\u0130 5. MA\\u00c7INDA ALMAN EK\\u0130B\\u0130 ALL\\u0130ANZ MTV STUTTGART\\u0027LA YARIN TS\\u0130 21:00\\u0027DE DEPLASMANDA KAR\\u015eILA\\u015eACAK. (\\u0130HA\\\/\\u0130STANBUL-\\u0130HA)&quot;,&quot;created_timestamp&quot;:&quot;0&quot;,&quot;copyright&quot;:&quot;\\u0130HLAS HABER AJANSI, www.iha.com.tr&quot;,&quot;focal_length&quot;:&quot;0&quot;,&quot;iso&quot;:&quot;0&quot;,&quot;shutter_speed&quot;:&quot;0&quot;,&quot;title&quot;:&quot;VAKIFBANK, 27. GAL\\u0130B\\u0130YET \\u0130\\u00c7\\u0130N ALMANYA\\u0027DA&quot;,&quot;orientation&quot;:&quot;0&quot;}\" data-image-title=\"Vak\u0131fBank, 27. galibiyet i\u00e7in Almanya\u2019da\" data-image-description=\"&lt;p&gt;Vak\u0131fBank, 27. galibiyet i\u00e7in Almanya\u2019da&lt;\/p&gt; \" data-medium-file=\"https:\/\/i0.wp.com\/www.tvturk.com\/wp-content\/uploads\/2019\/02\/vakifbank-27-galibiyet-icin-almanyada_d1e7b1e.jpg?fit=300%2C171\" data-large-file=\"https:\/\/i0.wp.com\/www.tvturk.com\/wp-content\/uploads\/2019\/02\/vakifbank-27-galibiyet-icin-almanyada_d1e7b1e.jpg?fit=1000%2C570\" src=\"https:\/\/i0.wp.com\/www.tvturk.com\/wp-content\/uploads\/2019\/02\/vakifbank-27-galibiyet-icin-almanyada_d1e7b1e.jpg?w=266&#038;h=152\" srcset=\"https:\/\/i0.wp.com\/www.tvturk.com\/wp-content\/uploads\/2019\/02\/vakifbank-27-galibiyet-icin-almanyada_d1e7b1e.jpg?w=1000 1000w, https:\/\/i0.wp.com\/www.tvturk.com\/wp-content\/uploads\/2019\/02\/vakifbank-27-galibiyet-icin-almanyada_d1e7b1e.jpg?resize=150%2C86 150w, https:\/\/i0.wp.com\/www.tvturk.com\/wp-content\/uploads\/2019\/02\/vakifbank-27-galibiyet-icin-almanyada_d1e7b1e.jpg?resize=300%2C171 300w, https:\/\/i0.wp.com\/www.tvturk.com\/wp-content\/uploads\/2019\/02\/vakifbank-27-galibiyet-icin-almanyada_d1e7b1e.jpg?resize=768%2C438 768w, https:\/\/i0.wp.com\/www.tvturk.com\/wp-content\/uploads\/2019\/02\/vakifbank-27-galibiyet-icin-almanyada_d1e7b1e.jpg?resize=200%2C113 200w\" width=\"266\" height=\"152\" loading=\"lazy\" data-original-width=\"266\" data-original-height=\"152\" itemprop=\"http:\/\/schema.org\/image\" title=\"Vak\u0131fBank, 27. galibiyet i\u00e7in Almanya\u2019da\" alt=\"Vak\u0131fBank, 27. galibiyet i\u00e7in Almanya\u2019da\" style=\"width: 266px; height: 152px;\" \/> <\/a> <\/div> <\/div> <!-- close group --> <div class=\"gallery-group images-1\" style=\"width: 230px; height: 156px;\" data-original-width=\"230\" data-original-height=\"156\" > <div class=\"tiled-gallery-item tiled-gallery-item-small\" itemprop=\"associatedMedia\" itemscope itemtype=\"http:\/\/schema.org\/ImageObject\"> <a href=\"http:\/\/www.tvturk.com\/index.php\/vakifbank-27-galibiyet-icin-almanyada\/vakifbank-27-galibiyet-icin-almanyada-4\/\" border=\"0\" itemprop=\"url\"> <meta itemprop=\"width\" content=\"226\"> <meta itemprop=\"height\" content=\"152\"> <img decoding=\"async\" class=\"\" data-attachment-id=\"47127\" data-orig-file=\"http:\/\/www.tvturk.com\/wp-content\/uploads\/2019\/02\/vakifbank-27-galibiyet-icin-almanyada_0a95947.jpg\" data-orig-size=\"1000,672\" data-comments-opened=\"\" data-image-meta=\"{&quot;aperture&quot;:&quot;0&quot;,&quot;credit&quot;:&quot;IHA&quot;,&quot;camera&quot;:&quot;&quot;,&quot;caption&quot;:&quot;VAKIFBANK KADIN VOLEYBOL TAKIMI, 2019 CEV \\u015eAMP\\u0130YONLAR L\\u0130G\\u0130 A GRUBU\\u0027NDAK\\u0130 5. MA\\u00c7INDA ALMAN EK\\u0130B\\u0130 ALL\\u0130ANZ MTV STUTTGART\\u0027LA YARIN TS\\u0130 21:00\\u0027DE DEPLASMANDA KAR\\u015eILA\\u015eACAK. (\\u0130HA\\\/\\u0130STANBUL-\\u0130HA)&quot;,&quot;created_timestamp&quot;:&quot;0&quot;,&quot;copyright&quot;:&quot;\\u0130HLAS HABER AJANSI, www.iha.com.tr&quot;,&quot;focal_length&quot;:&quot;0&quot;,&quot;iso&quot;:&quot;0&quot;,&quot;shutter_speed&quot;:&quot;0&quot;,&quot;title&quot;:&quot;VAKIFBANK, 27. GAL\\u0130B\\u0130YET \\u0130\\u00c7\\u0130N ALMANYA\\u0027DA&quot;,&quot;orientation&quot;:&quot;0&quot;}\" data-image-title=\"Vak\u0131fBank, 27. galibiyet i\u00e7in Almanya\u2019da\" data-image-description=\"&lt;p&gt;Vak\u0131fBank, 27. galibiyet i\u00e7in Almanya\u2019da&lt;\/p&gt; \" data-medium-file=\"https:\/\/i0.wp.com\/www.tvturk.com\/wp-content\/uploads\/2019\/02\/vakifbank-27-galibiyet-icin-almanyada_0a95947.jpg?fit=300%2C202\" data-large-file=\"https:\/\/i0.wp.com\/www.tvturk.com\/wp-content\/uploads\/2019\/02\/vakifbank-27-galibiyet-icin-almanyada_0a95947.jpg?fit=1000%2C672\" src=\"https:\/\/i0.wp.com\/www.tvturk.com\/wp-content\/uploads\/2019\/02\/vakifbank-27-galibiyet-icin-almanyada_0a95947.jpg?w=226&#038;h=152\" srcset=\"https:\/\/i0.wp.com\/www.tvturk.com\/wp-content\/uploads\/2019\/02\/vakifbank-27-galibiyet-icin-almanyada_0a95947.jpg?w=1000 1000w, https:\/\/i0.wp.com\/www.tvturk.com\/wp-content\/uploads\/2019\/02\/vakifbank-27-galibiyet-icin-almanyada_0a95947.jpg?resize=150%2C101 150w, https:\/\/i0.wp.com\/www.tvturk.com\/wp-content\/uploads\/2019\/02\/vakifbank-27-galibiyet-icin-almanyada_0a95947.jpg?resize=300%2C200 300w, https:\/\/i0.wp.com\/www.tvturk.com\/wp-content\/uploads\/2019\/02\/vakifbank-27-galibiyet-icin-almanyada_0a95947.jpg?resize=768%2C516 768w, https:\/\/i0.wp.com\/www.tvturk.com\/wp-content\/uploads\/2019\/02\/vakifbank-27-galibiyet-icin-almanyada_0a95947.jpg?resize=170%2C113 170w, https:\/\/i0.wp.com\/www.tvturk.com\/wp-content\/uploads\/2019\/02\/vakifbank-27-galibiyet-icin-almanyada_0a95947.jpg?resize=120%2C80 120w, https:\/\/i0.wp.com\/www.tvturk.com\/wp-content\/uploads\/2019\/02\/vakifbank-27-galibiyet-icin-almanyada_0a95947.jpg?resize=80%2C55 80w\" width=\"226\" height=\"152\" loading=\"lazy\" data-original-width=\"226\" data-original-height=\"152\" itemprop=\"http:\/\/schema.org\/image\" title=\"Vak\u0131fBank, 27. galibiyet i\u00e7in Almanya\u2019da\" alt=\"Vak\u0131fBank, 27. galibiyet i\u00e7in Almanya\u2019da\" style=\"width: 226px; height: 152px;\" \/> <\/a> <\/div> <\/div> <!-- close group --> <\/div> <!-- close row --> <\/div><\/p>\n","protected":false},"excerpt":{"rendered":"<p>VAKIFBANK KADIN VOLEYBOL TAKIMI, 2019 CEV \u015eAMP\u0130YONLAR L\u0130G\u0130 A GRUBU&#8217;NDAK\u0130 5. MA\u00c7INDA ALMAN EK\u0130B\u0130 ALL\u0130ANZ MTV STUTTGART&#8217;LA YARIN TS\u0130 21:00&#8217;DE DEPLASMANDA KAR\u015eILA\u015eACAK.<\/p>\n","protected":false},"author":1,"featured_media":47125,"comment_status":"closed","ping_status":"open","sticky":false,"template":"","format":"standard","meta":{"jetpack_post_was_ever_published":false,"_jetpack_newsletter_access":"","_jetpack_dont_email_post_to_subs":false,"_jetpack_newsletter_tier_id":0,"_jetpack_memberships_contains_paywalled_content":false,"_jetpack_memberships_contains_paid_content":false,"footnotes":"","jetpack_publicize_message":"","jetpack_publicize_feature_enabled":true,"jetpack_social_post_already_shared":false,"jetpack_social_options":{"image_generator_settings":{"template":"highway","default_image_id":0,"font":"","enabled":false},"version":2}},"categories":[657],"tags":[12726,6637,4176,44,15963],"class_list":["post-47124","post","type-post","status-publish","format-standard","has-post-thumbnail","hentry","category-spor","tag-12726","tag-almanyada","tag-galibiyet","tag-icin","tag-vakifbank"],"jetpack_publicize_connections":[],"jetpack_featured_media_url":"https:\/\/i0.wp.com\/www.tvturk.com\/wp-content\/uploads\/2019\/02\/vakifbank-27-galibiyet-icin-almanyada_957f297.jpg?fit=1000%2C564","jetpack_sharing_enabled":true,"jetpack_shortlink":"https:\/\/wp.me\/paKIfm-cg4","_links":{"self":[{"href":"http:\/\/www.tvturk.com\/index.php\/wp-json\/wp\/v2\/posts\/47124","targetHints":{"allow":["GET"]}}],"collection":[{"href":"http:\/\/www.tvturk.com\/index.php\/wp-json\/wp\/v2\/posts"}],"about":[{"href":"http:\/\/www.tvturk.com\/index.php\/wp-json\/wp\/v2\/types\/post"}],"author":[{"embeddable":true,"href":"http:\/\/www.tvturk.com\/index.php\/wp-json\/wp\/v2\/users\/1"}],"replies":[{"embeddable":true,"href":"http:\/\/www.tvturk.com\/index.php\/wp-json\/wp\/v2\/comments?post=47124"}],"version-history":[{"count":1,"href":"http:\/\/www.tvturk.com\/index.php\/wp-json\/wp\/v2\/posts\/47124\/revisions"}],"predecessor-version":[{"id":47128,"href":"http:\/\/www.tvturk.com\/index.php\/wp-json\/wp\/v2\/posts\/47124\/revisions\/47128"}],"wp:featuredmedia":[{"embeddable":true,"href":"http:\/\/www.tvturk.com\/index.php\/wp-json\/wp\/v2\/media\/47125"}],"wp:attachment":[{"href":"http:\/\/www.tvturk.com\/index.php\/wp-json\/wp\/v2\/media?parent=47124"}],"wp:term":[{"taxonomy":"category","embeddable":true,"href":"http:\/\/www.tvturk.com\/index.php\/wp-json\/wp\/v2\/categories?post=47124"},{"taxonomy":"post_tag","embeddable":true,"href":"http:\/\/www.tvturk.com\/index.php\/wp-json\/wp\/v2\/tags?post=47124"}],"curies":[{"name":"wp","href":"https:\/\/api.w.org\/{rel}","templated":true}]}}