{"id":47134,"date":"2019-02-19T11:01:06","date_gmt":"2019-02-19T08:01:06","guid":{"rendered":"http:\/\/www.tvturk.com\/index.php\/elazigda-feto-operasyonu-komiser-ve-polis-17-supheli-adliyeye-sevk-edildi\/"},"modified":"2019-02-19T11:01:08","modified_gmt":"2019-02-19T08:01:08","slug":"elazigda-feto-operasyonu-komiser-ve-polis-17-supheli-adliyeye-sevk-edildi","status":"publish","type":"post","link":"http:\/\/www.tvturk.com\/index.php\/elazigda-feto-operasyonu-komiser-ve-polis-17-supheli-adliyeye-sevk-edildi\/","title":{"rendered":"Elaz\u0131\u011f\u2019da FET\u00d6 operasyonu: Komiser ve polis 17 \u015f\u00fcpheli adliyeye sevk edildi"},"content":{"rendered":"<p>Fetullah\u00e7\u0131 Ter\u00f6r \u00d6rg\u00fct\u00fc\/Paralel Devlet Yap\u0131lanmas\u0131 (FET\u00d6\/PDY) soru\u015fturmas\u0131 kapsam\u0131nda Elaz\u0131\u011f merkezli 13 ilde d\u00fczenlenen operasyonda 1\u2019i komiser, 11\u2019i komiser yard\u0131mc\u0131s\u0131 olmak \u00fczere 17 \u015f\u00fcpheli adliyeye sevk edildi.<\/p>\n<p>Edinilen bilgiye g\u00f6re, Elaz\u0131\u011f \u0130l Emniyet M\u00fcd\u00fcrl\u00fc\u011f\u00fc Ka\u00e7ak\u00e7\u0131l\u0131k ve Organize Su\u00e7larla M\u00fccadele \u015eubesi taraf\u0131ndan 2010 y\u0131l\u0131nda yap\u0131lan Polislikten Komiserli\u011fe Ge\u00e7i\u015f S\u0131nav\u0131\u2019nda FET\u00d6\/PDY \u00fcyelerinin yaz\u0131l\u0131 s\u0131nav \u00f6ncesinde s\u0131nav sorular\u0131na eri\u015ferek \u00f6rg\u00fct \u00fcyelerine verdiklerinin tespiti \u00fczerine ba\u015flat\u0131lan soru\u015fturma kapsam\u0131nda operasyon ger\u00e7ekle\u015ftirdi.<\/p>\n<p>Elaz\u0131\u011f merkezli Ankara, Antalya, Konya, Tekirda\u011f, \u0130stanbul, Samsun, Hatay, Yalova, \u00c7anakkale, Ayd\u0131n, K\u00fctahya ve Malatya\u2019n\u0131n da aralar\u0131nda bulundu\u011fu 13 ilde d\u00fczenlenen e\u015f zamanl\u0131 operasyonda aktif olarak \u00e7al\u0131\u015fan 1\u2019i komiser, 1\u2019i aktif di\u011ferleri KHK ile ihra\u00e7 olmu\u015f 11\u2019i komiser yard\u0131mc\u0131s\u0131 ve 2\u2019si aktif olarak \u00e7al\u0131\u015fan di\u011ferleri KHK ile ihra\u00e7 polis memurlar\u0131 olmak \u00fczere toplam 17 \u015f\u00fcpheli yakalanarak g\u00f6zalt\u0131na al\u0131nd\u0131.<\/p>\n<p>Resmi Belgede Sahtecilik ve Kamu Kurum ve Kurulu\u015flar\u0131 Aleyhine Nitelikli Doland\u0131r\u0131c\u0131l\u0131k su\u00e7lar\u0131n\u0131 i\u015fledikleri tespiti ile \u00f6rg\u00fcte \u00fcye olduklar\u0131 belirlenen 17 emniyet personelinin \u0130l Emniyet M\u00fcd\u00fcrl\u00fc\u011f\u00fcnde ifadeleri tamamland\u0131. \u015e\u00fcpheliler ifadeleri al\u0131nmas\u0131n\u0131n ard\u0131ndan adliyeye sevk edildi.<div class=\"tiled-gallery type-rectangular tiled-gallery-unresized\" data-original-width=\"500\" data-carousel-extra='null' itemscope itemtype=\"http:\/\/schema.org\/ImageGallery\" > <div class=\"gallery-row\" style=\"width: 500px; height: 168px;\" data-original-width=\"500\" data-original-height=\"168\" > <div class=\"gallery-group images-1\" style=\"width: 250px; height: 168px;\" data-original-width=\"250\" data-original-height=\"168\" > <div class=\"tiled-gallery-item tiled-gallery-item-small\" itemprop=\"associatedMedia\" itemscope itemtype=\"http:\/\/schema.org\/ImageObject\"> <a href=\"http:\/\/www.tvturk.com\/index.php\/elazigda-feto-operasyonu-komiser-ve-polis-17-supheli-adliyeye-sevk-edildi\/elazigda-feto-operasyonu-komiser-ve-polis-17-supheli-adliyeye-sevk-edildi-3\/\" border=\"0\" itemprop=\"url\"> <meta itemprop=\"width\" content=\"246\"> <meta itemprop=\"height\" content=\"164\"> <img decoding=\"async\" class=\"\" data-attachment-id=\"47136\" data-orig-file=\"http:\/\/www.tvturk.com\/wp-content\/uploads\/2019\/02\/elazigda-feto-operasyonu-komiser-ve-polis-17-supheli-adliyeye-sevk-edildi_b1fa285.jpg\" data-orig-size=\"1000,666\" data-comments-opened=\"\" data-image-meta=\"{&quot;aperture&quot;:&quot;0&quot;,&quot;credit&quot;:&quot;IHA&quot;,&quot;camera&quot;:&quot;&quot;,&quot;caption&quot;:&quot;FETULLAH\\u00c7I TER\\u00d6R \\u00d6RG\\u00dcT\\u00dc\\\/PARALEL DEVLET YAPILANMASI (FET\\u00d6\\\/PDY) SORU\\u015eTURMASI KAPSAMINDA ELAZI\\u011e MERKEZL\\u0130 13 \\u0130LDE D\\u00dcZENLENEN OPERASYONDA 1\\u2019\\u0130 KOM\\u0130SER, 11\\u2019\\u0130 KOM\\u0130SER YARDIMCISI 17 \\u015e\\u00dcPHEL\\u0130 ADL\\u0130YEYE SEVK ED\\u0130LD\\u0130 (M\\u00dcCAH\\u0130D KANTARCIO\\u011eLU\\\/ELAZI\\u011e-\\u0130HA)&quot;,&quot;created_timestamp&quot;:&quot;0&quot;,&quot;copyright&quot;:&quot;\\u0130HLAS HABER AJANSI, www.iha.com.tr&quot;,&quot;focal_length&quot;:&quot;0&quot;,&quot;iso&quot;:&quot;0&quot;,&quot;shutter_speed&quot;:&quot;0&quot;,&quot;title&quot;:&quot;ELAZI\\u011e\\u2019DA FET\\u00d6 OPERASYONU: KOM\\u0130SER VE POL\\u0130S 17 \\u015e\\u00dcPHEL\\u0130 ADL\\u0130YEYE SEVK ED\\u0130LD\\u0130&quot;,&quot;orientation&quot;:&quot;0&quot;}\" data-image-title=\"Elaz\u0131\u011f\u2019da FET\u00d6 operasyonu: Komiser ve polis 17 \u015f\u00fcpheli adliyeye sevk edildi\" data-image-description=\"&lt;p&gt;Elaz\u0131\u011f\u2019da FET\u00d6 operasyonu: Komiser ve polis 17 \u015f\u00fcpheli adliyeye sevk edildi&lt;\/p&gt; \" data-medium-file=\"https:\/\/i0.wp.com\/www.tvturk.com\/wp-content\/uploads\/2019\/02\/elazigda-feto-operasyonu-komiser-ve-polis-17-supheli-adliyeye-sevk-edildi_b1fa285.jpg?fit=300%2C200\" data-large-file=\"https:\/\/i0.wp.com\/www.tvturk.com\/wp-content\/uploads\/2019\/02\/elazigda-feto-operasyonu-komiser-ve-polis-17-supheli-adliyeye-sevk-edildi_b1fa285.jpg?fit=1000%2C666\" src=\"https:\/\/i0.wp.com\/www.tvturk.com\/wp-content\/uploads\/2019\/02\/elazigda-feto-operasyonu-komiser-ve-polis-17-supheli-adliyeye-sevk-edildi_b1fa285.jpg?w=246&#038;h=164\" srcset=\"https:\/\/i0.wp.com\/www.tvturk.com\/wp-content\/uploads\/2019\/02\/elazigda-feto-operasyonu-komiser-ve-polis-17-supheli-adliyeye-sevk-edildi_b1fa285.jpg?w=1000 1000w, https:\/\/i0.wp.com\/www.tvturk.com\/wp-content\/uploads\/2019\/02\/elazigda-feto-operasyonu-komiser-ve-polis-17-supheli-adliyeye-sevk-edildi_b1fa285.jpg?resize=150%2C100 150w, https:\/\/i0.wp.com\/www.tvturk.com\/wp-content\/uploads\/2019\/02\/elazigda-feto-operasyonu-komiser-ve-polis-17-supheli-adliyeye-sevk-edildi_b1fa285.jpg?resize=300%2C200 300w, https:\/\/i0.wp.com\/www.tvturk.com\/wp-content\/uploads\/2019\/02\/elazigda-feto-operasyonu-komiser-ve-polis-17-supheli-adliyeye-sevk-edildi_b1fa285.jpg?resize=768%2C511 768w, https:\/\/i0.wp.com\/www.tvturk.com\/wp-content\/uploads\/2019\/02\/elazigda-feto-operasyonu-komiser-ve-polis-17-supheli-adliyeye-sevk-edildi_b1fa285.jpg?resize=170%2C113 170w, https:\/\/i0.wp.com\/www.tvturk.com\/wp-content\/uploads\/2019\/02\/elazigda-feto-operasyonu-komiser-ve-polis-17-supheli-adliyeye-sevk-edildi_b1fa285.jpg?resize=120%2C80 120w\" width=\"246\" height=\"164\" loading=\"lazy\" data-original-width=\"246\" data-original-height=\"164\" itemprop=\"http:\/\/schema.org\/image\" title=\"Elaz\u0131\u011f\u2019da FET\u00d6 operasyonu: Komiser ve polis 17 \u015f\u00fcpheli adliyeye sevk edildi\" alt=\"Elaz\u0131\u011f\u2019da FET\u00d6 operasyonu: Komiser ve polis 17 \u015f\u00fcpheli adliyeye sevk edildi\" style=\"width: 246px; height: 164px;\" \/> <\/a> <\/div> <\/div> <!-- close group --> <div class=\"gallery-group images-1\" style=\"width: 250px; height: 168px;\" data-original-width=\"250\" data-original-height=\"168\" > <div class=\"tiled-gallery-item tiled-gallery-item-small\" itemprop=\"associatedMedia\" itemscope itemtype=\"http:\/\/schema.org\/ImageObject\"> <a href=\"http:\/\/www.tvturk.com\/index.php\/elazigda-feto-operasyonu-komiser-ve-polis-17-supheli-adliyeye-sevk-edildi\/elazigda-feto-operasyonu-komiser-ve-polis-17-supheli-adliyeye-sevk-edildi-4\/\" border=\"0\" itemprop=\"url\"> <meta itemprop=\"width\" content=\"246\"> <meta itemprop=\"height\" content=\"164\"> <img decoding=\"async\" class=\"\" data-attachment-id=\"47137\" data-orig-file=\"http:\/\/www.tvturk.com\/wp-content\/uploads\/2019\/02\/elazigda-feto-operasyonu-komiser-ve-polis-17-supheli-adliyeye-sevk-edildi_836712c.jpg\" data-orig-size=\"1000,666\" data-comments-opened=\"\" data-image-meta=\"{&quot;aperture&quot;:&quot;0&quot;,&quot;credit&quot;:&quot;IHA&quot;,&quot;camera&quot;:&quot;&quot;,&quot;caption&quot;:&quot;FETULLAH\\u00c7I TER\\u00d6R \\u00d6RG\\u00dcT\\u00dc\\\/PARALEL DEVLET YAPILANMASI (FET\\u00d6\\\/PDY) SORU\\u015eTURMASI KAPSAMINDA ELAZI\\u011e MERKEZL\\u0130 13 \\u0130LDE D\\u00dcZENLENEN OPERASYONDA 1\\u2019\\u0130 KOM\\u0130SER, 11\\u2019\\u0130 KOM\\u0130SER YARDIMCISI 17 \\u015e\\u00dcPHEL\\u0130 ADL\\u0130YEYE SEVK ED\\u0130LD\\u0130 (M\\u00dcCAH\\u0130D KANTARCIO\\u011eLU\\\/ELAZI\\u011e-\\u0130HA)&quot;,&quot;created_timestamp&quot;:&quot;0&quot;,&quot;copyright&quot;:&quot;\\u0130HLAS HABER AJANSI, www.iha.com.tr&quot;,&quot;focal_length&quot;:&quot;0&quot;,&quot;iso&quot;:&quot;0&quot;,&quot;shutter_speed&quot;:&quot;0&quot;,&quot;title&quot;:&quot;ELAZI\\u011e\\u2019DA FET\\u00d6 OPERASYONU: KOM\\u0130SER VE POL\\u0130S 17 \\u015e\\u00dcPHEL\\u0130 ADL\\u0130YEYE SEVK ED\\u0130LD\\u0130&quot;,&quot;orientation&quot;:&quot;0&quot;}\" data-image-title=\"Elaz\u0131\u011f\u2019da FET\u00d6 operasyonu: Komiser ve polis 17 \u015f\u00fcpheli adliyeye sevk edildi\" data-image-description=\"&lt;p&gt;Elaz\u0131\u011f\u2019da FET\u00d6 operasyonu: Komiser ve polis 17 \u015f\u00fcpheli adliyeye sevk edildi&lt;\/p&gt; \" data-medium-file=\"https:\/\/i0.wp.com\/www.tvturk.com\/wp-content\/uploads\/2019\/02\/elazigda-feto-operasyonu-komiser-ve-polis-17-supheli-adliyeye-sevk-edildi_836712c.jpg?fit=300%2C200\" data-large-file=\"https:\/\/i0.wp.com\/www.tvturk.com\/wp-content\/uploads\/2019\/02\/elazigda-feto-operasyonu-komiser-ve-polis-17-supheli-adliyeye-sevk-edildi_836712c.jpg?fit=1000%2C666\" src=\"https:\/\/i0.wp.com\/www.tvturk.com\/wp-content\/uploads\/2019\/02\/elazigda-feto-operasyonu-komiser-ve-polis-17-supheli-adliyeye-sevk-edildi_836712c.jpg?w=246&#038;h=164\" srcset=\"https:\/\/i0.wp.com\/www.tvturk.com\/wp-content\/uploads\/2019\/02\/elazigda-feto-operasyonu-komiser-ve-polis-17-supheli-adliyeye-sevk-edildi_836712c.jpg?w=1000 1000w, https:\/\/i0.wp.com\/www.tvturk.com\/wp-content\/uploads\/2019\/02\/elazigda-feto-operasyonu-komiser-ve-polis-17-supheli-adliyeye-sevk-edildi_836712c.jpg?resize=150%2C100 150w, https:\/\/i0.wp.com\/www.tvturk.com\/wp-content\/uploads\/2019\/02\/elazigda-feto-operasyonu-komiser-ve-polis-17-supheli-adliyeye-sevk-edildi_836712c.jpg?resize=300%2C200 300w, https:\/\/i0.wp.com\/www.tvturk.com\/wp-content\/uploads\/2019\/02\/elazigda-feto-operasyonu-komiser-ve-polis-17-supheli-adliyeye-sevk-edildi_836712c.jpg?resize=768%2C511 768w, https:\/\/i0.wp.com\/www.tvturk.com\/wp-content\/uploads\/2019\/02\/elazigda-feto-operasyonu-komiser-ve-polis-17-supheli-adliyeye-sevk-edildi_836712c.jpg?resize=170%2C113 170w, https:\/\/i0.wp.com\/www.tvturk.com\/wp-content\/uploads\/2019\/02\/elazigda-feto-operasyonu-komiser-ve-polis-17-supheli-adliyeye-sevk-edildi_836712c.jpg?resize=120%2C80 120w\" width=\"246\" height=\"164\" loading=\"lazy\" data-original-width=\"246\" data-original-height=\"164\" itemprop=\"http:\/\/schema.org\/image\" title=\"Elaz\u0131\u011f\u2019da FET\u00d6 operasyonu: Komiser ve polis 17 \u015f\u00fcpheli adliyeye sevk edildi\" alt=\"Elaz\u0131\u011f\u2019da FET\u00d6 operasyonu: Komiser ve polis 17 \u015f\u00fcpheli adliyeye sevk edildi\" style=\"width: 246px; height: 164px;\" \/> <\/a> <\/div> <\/div> <!-- close group --> <\/div> <!-- close row --> <\/div><\/p>\n","protected":false},"excerpt":{"rendered":"<p>FETULLAH\u00c7I TER\u00d6R \u00d6RG\u00dcT\u00dc\/PARALEL DEVLET YAPILANMASI (FET\u00d6\/PDY) SORU\u015eTURMASI KAPSAMINDA ELAZI\u011e MERKEZL\u0130 13 \u0130LDE D\u00dcZENLENEN OPERASYONDA 1\u2019\u0130 KOM\u0130SER, 11\u2019\u0130 KOM\u0130SER YARDIMCISI 17 \u015e\u00dcPHEL\u0130 ADL\u0130YEYE SEVK ED\u0130LD\u0130<\/p>\n","protected":false},"author":1,"featured_media":47135,"comment_status":"closed","ping_status":"open","sticky":false,"template":"","format":"standard","meta":{"jetpack_post_was_ever_published":false,"_jetpack_newsletter_access":"","_jetpack_dont_email_post_to_subs":false,"_jetpack_newsletter_tier_id":0,"_jetpack_memberships_contains_paywalled_content":false,"_jetpack_memberships_contains_paid_content":false,"footnotes":"","jetpack_publicize_message":"","jetpack_publicize_feature_enabled":true,"jetpack_social_post_already_shared":false,"jetpack_social_options":{"image_generator_settings":{"template":"highway","default_image_id":0,"font":"","enabled":false},"version":2}},"categories":[655],"tags":[2394,857,2479,2866,1803,1157,996,856,2165],"class_list":["post-47134","post","type-post","status-publish","format-standard","has-post-thumbnail","hentry","category-son-dakika","tag-adliyeye","tag-edildi","tag-elazigda","tag-feto","tag-komiser","tag-operasyonu","tag-polis","tag-sevk","tag-supheli"],"jetpack_publicize_connections":[],"jetpack_featured_media_url":"https:\/\/i0.wp.com\/www.tvturk.com\/wp-content\/uploads\/2019\/02\/elazigda-feto-operasyonu-komiser-ve-polis-17-supheli-adliyeye-sevk-edildi_c7f88eb.jpg?fit=1000%2C666","jetpack_sharing_enabled":true,"jetpack_shortlink":"https:\/\/wp.me\/paKIfm-cge","_links":{"self":[{"href":"http:\/\/www.tvturk.com\/index.php\/wp-json\/wp\/v2\/posts\/47134","targetHints":{"allow":["GET"]}}],"collection":[{"href":"http:\/\/www.tvturk.com\/index.php\/wp-json\/wp\/v2\/posts"}],"about":[{"href":"http:\/\/www.tvturk.com\/index.php\/wp-json\/wp\/v2\/types\/post"}],"author":[{"embeddable":true,"href":"http:\/\/www.tvturk.com\/index.php\/wp-json\/wp\/v2\/users\/1"}],"replies":[{"embeddable":true,"href":"http:\/\/www.tvturk.com\/index.php\/wp-json\/wp\/v2\/comments?post=47134"}],"version-history":[{"count":1,"href":"http:\/\/www.tvturk.com\/index.php\/wp-json\/wp\/v2\/posts\/47134\/revisions"}],"predecessor-version":[{"id":47138,"href":"http:\/\/www.tvturk.com\/index.php\/wp-json\/wp\/v2\/posts\/47134\/revisions\/47138"}],"wp:featuredmedia":[{"embeddable":true,"href":"http:\/\/www.tvturk.com\/index.php\/wp-json\/wp\/v2\/media\/47135"}],"wp:attachment":[{"href":"http:\/\/www.tvturk.com\/index.php\/wp-json\/wp\/v2\/media?parent=47134"}],"wp:term":[{"taxonomy":"category","embeddable":true,"href":"http:\/\/www.tvturk.com\/index.php\/wp-json\/wp\/v2\/categories?post=47134"},{"taxonomy":"post_tag","embeddable":true,"href":"http:\/\/www.tvturk.com\/index.php\/wp-json\/wp\/v2\/tags?post=47134"}],"curies":[{"name":"wp","href":"https:\/\/api.w.org\/{rel}","templated":true}]}}