{"id":47331,"date":"2019-02-19T11:31:03","date_gmt":"2019-02-19T08:31:03","guid":{"rendered":"http:\/\/www.tvturk.com\/index.php\/lojistik-komiteleri-ortak-calisma-grubu-olusturuyor\/"},"modified":"2019-02-19T11:31:04","modified_gmt":"2019-02-19T08:31:04","slug":"lojistik-komiteleri-ortak-calisma-grubu-olusturuyor","status":"publish","type":"post","link":"http:\/\/www.tvturk.com\/index.php\/lojistik-komiteleri-ortak-calisma-grubu-olusturuyor\/","title":{"rendered":"Lojistik komiteleri ortak \u00e7al\u0131\u015fma grubu olu\u015fturuyor"},"content":{"rendered":"<p>Mersin Ticaret ve Sanayi Odas\u0131 (MTSO) lojistik sekt\u00f6r\u00fc komiteleri bir araya gelerek, ortak \u00e7al\u0131\u015fma grubu kurma karar\u0131 ald\u0131. Sekt\u00f6r sorunlar\u0131n\u0131n tek elden takip edilmesi ad\u0131na g\u00fc\u00e7 birli\u011fi yapmak isteyen sekt\u00f6r temsilcileri, \u00f6nceli\u011fi lojistik merkez kurulumuna verecek.<\/p>\n<p>MTSO Y\u00f6netim Kurulu \u00fcyesi \u0130sa \u00c7ani ba\u015fkanl\u0131\u011f\u0131nda MTSO 17 No\u2019lu Yolcu Ta\u015f\u0131mac\u0131l\u0131\u011f\u0131, 19 No\u2019lu Yurti\u00e7i Y\u00fck ve E\u015fya Ta\u015f\u0131mac\u0131l\u0131\u011f\u0131, 20 No\u2019lu Uluslararas\u0131 Y\u00fck ve E\u015fya Ta\u015f\u0131mac\u0131l\u0131\u011f\u0131 ile 41 No\u2019lu Lojistik Hizmetleri Meslek Komitesi \u00fcyeleri ortak toplant\u0131 d\u00fczenledi. Toplant\u0131 sonunda de\u011ferlendirme yapan \u0130sa \u00c7ani, lojistik sekt\u00f6r\u00fcn\u00fcn kent ekonomisi ad\u0131na \u00f6nemine dikkat \u00e7ekerek, \u201c\u00c7ok \u00f6nemli bir sekt\u00f6r olmam\u0131za ra\u011fmen sesimizi istedi\u011fimiz \u00f6l\u00e7\u00fcde duyurmakta zorlan\u0131yoruz. Bu nedenle lojistik \u00e7al\u0131\u015fma grubu \u00e7at\u0131s\u0131 alt\u0131nda g\u00fc\u00e7 birli\u011fine gitme karar\u0131 ald\u0131k\u201d dedi.<\/p>\n<p>T\u00fcrkiye genelinde uluslararas\u0131 alanda faaliyet g\u00f6steren lojistik sekt\u00f6r temsilcilerinin yakla\u015f\u0131k y\u00fczde 18\u2019inin Mersin\u2019de yer ald\u0131\u011f\u0131n\u0131 kaydeden \u00c7ani, \u201cT\u00fcrkiye genelindeki firmalar\u0131n 2018 y\u0131l\u0131nda \u00fclkeye d\u00f6viz girdisi 14 milyar dolar civar\u0131nda. Bu firmalar\u0131n y\u00fczde 18\u2019inin Mersin\u2019de oldu\u011fu g\u00f6z \u00f6n\u00fcnde bulundurulacak olursa \u00fclke ve kent ekonomisine katk\u0131m\u0131z\u0131n 2 milyar dolar\u0131n \u00fczerinde oldu\u011fu s\u00f6ylenebilir. Lojistik sekt\u00f6r\u00fcnde yaln\u0131zca uluslararas\u0131 ta\u015f\u0131ma firmalar\u0131 yer alm\u0131yor. Konteyner ta\u015f\u0131y\u0131c\u0131lar\u0131, d\u00f6kme y\u00fck ta\u015f\u0131y\u0131c\u0131lar\u0131, deniz ve demir yolu ta\u015f\u0131mac\u0131l\u0131\u011f\u0131, g\u00fcmr\u00fckleme hizmetleri, depolama hizmetleri ve sanayiciler lojistik sekt\u00f6r\u00fc i\u00e7inde yer al\u0131yor. K\u0131sacas\u0131 lojistik, Mersin ekonomisine \u00e7ok geni\u015f yelpazede katk\u0131 sa\u011flayan \u00f6nemli bir sekt\u00f6r. Ama maalesef Mersin kamuoyu hala bu sekt\u00f6r\u00fcn g\u00fcc\u00fcn\u00fcn fark\u0131nda de\u011fil. Sekt\u00f6r temsilcilerine hala kamyoncu g\u00f6z\u00fcyle bak\u0131l\u0131yor ve sorunlar\u0131n\u0131n \u00e7\u00f6z\u00fcm\u00fcne y\u00f6nelik beklenen ad\u0131mlar at\u0131lm\u0131yor. Biz de bu sorunun \u00e7\u00f6z\u00fcm\u00fc i\u00e7in g\u00fc\u00e7 birli\u011fine gitme karar\u0131 ald\u0131k\u201d ifadelerini kulland\u0131.<\/p>\n<p>Toplant\u0131da gerek mevcut nakliyeciler sitesinin durumu ve konumu gerekse Mersin Liman\u0131\u2019n\u0131n alternatifi bulunmamas\u0131 nedeniyle ya\u015fanan s\u0131k\u0131nt\u0131lar\u0131n konu\u015fuldu\u011funa de\u011finen \u00c7ani, &#8220;Bu nedenle \u00f6nceli\u011fimiz bir t\u00fcrl\u00fc yap\u0131lamayan Lojistik Merkez Projesi\u2019ni harekete ge\u00e7irmek olacak. Bunun i\u00e7in g\u00fc\u00e7l\u00fc lobi \u00e7al\u0131\u015fmalar\u0131 y\u00fcr\u00fctmek istiyoruz. Merkezin kurulmas\u0131 ile birlikte hem sekt\u00f6re bir d\u00fczen gelecek hem bahsetti\u011fim g\u00fc\u00e7 birli\u011fi daha rahat yakalanacak daha sa\u011fl\u0131kl\u0131 bir \u015fehirle\u015fme ger\u00e7ekle\u015fecek. Bu nedenle g\u00f6reve gelecek yerel y\u00f6neticilerden ilk beklentimiz yer tahsisi noktas\u0131nda yard\u0131mc\u0131 olmas\u0131d\u0131r. B\u00f6yle bir ad\u0131m, hem kent trafi\u011fini rahatlatacak hem de kent ekonomisine \u00f6nemli bir destek sa\u011flayacakt\u0131r&#8221; diye konu\u015ftu.<\/p>\n<p>Sekt\u00f6r\u00fcn istihdama katk\u0131s\u0131n\u0131n da ciddi boyutlarda oldu\u011funa dikkat \u00e7eken \u00c7ani, 60-70 bin \u00e7al\u0131\u015fanla kent ekonomisine katk\u0131 sa\u011flad\u0131klar\u0131n\u0131 anlatt\u0131. Lojistik merkez ile birlikte bu rakam\u0131n \u00e7ok daha yukar\u0131lara \u00e7\u0131kabilece\u011fini anlatan \u00c7ani, komiteler olarak konunun \u00fczerine kararl\u0131l\u0131kla gideceklerini s\u00f6yledi.<div class=\"tiled-gallery type-rectangular tiled-gallery-unresized\" data-original-width=\"500\" data-carousel-extra='null' itemscope itemtype=\"http:\/\/schema.org\/ImageGallery\" > <div class=\"gallery-row\" style=\"width: 500px; height: 335px;\" data-original-width=\"500\" data-original-height=\"335\" > <div class=\"gallery-group images-1\" style=\"width: 500px; height: 335px;\" data-original-width=\"500\" data-original-height=\"335\" > <div class=\"tiled-gallery-item tiled-gallery-item-large\" itemprop=\"associatedMedia\" itemscope itemtype=\"http:\/\/schema.org\/ImageObject\"> <a href=\"http:\/\/www.tvturk.com\/index.php\/lojistik-komiteleri-ortak-calisma-grubu-olusturuyor\/lojistik-komiteleri-ortak-calisma-grubu-olusturuyor-3\/\" border=\"0\" itemprop=\"url\"> <meta itemprop=\"width\" content=\"496\"> <meta itemprop=\"height\" content=\"331\"> <img decoding=\"async\" class=\"\" data-attachment-id=\"47333\" data-orig-file=\"http:\/\/www.tvturk.com\/wp-content\/uploads\/2019\/02\/lojistik-komiteleri-ortak-calisma-grubu-olusturuyor_421110b.jpg\" data-orig-size=\"1000,667\" data-comments-opened=\"\" data-image-meta=\"{&quot;aperture&quot;:&quot;0&quot;,&quot;credit&quot;:&quot;IHA&quot;,&quot;camera&quot;:&quot;&quot;,&quot;caption&quot;:&quot;MERS\\u0130N T\\u0130CARET VE SANAY\\u0130 ODASI (MTSO) LOJ\\u0130ST\\u0130K SEKT\\u00d6R\\u00dc KOM\\u0130TELER\\u0130 B\\u0130R ARAYA GELEREK, ORTAK \\u00c7ALI\\u015eMA GRUBU KURMA KARARI ALDI. SEKT\\u00d6R SORUNLARININ TEK ELDEN TAK\\u0130P ED\\u0130LMES\\u0130 ADINA G\\u00dc\\u00c7 B\\u0130RL\\u0130\\u011e\\u0130 YAPMAK \\u0130STEYEN SEKT\\u00d6R TEMS\\u0130LC\\u0130LER\\u0130, \\u00d6NCEL\\u0130\\u011e\\u0130 LOJ\\u0130ST\\u0130K MERKEZ KURULUMUNA VERECEK. (KORAY \\u00dcNL\\u00dc\\\/MERS\\u0130N-\\u0130HA)&quot;,&quot;created_timestamp&quot;:&quot;0&quot;,&quot;copyright&quot;:&quot;\\u0130HLAS HABER AJANSI, www.iha.com.tr&quot;,&quot;focal_length&quot;:&quot;0&quot;,&quot;iso&quot;:&quot;0&quot;,&quot;shutter_speed&quot;:&quot;0&quot;,&quot;title&quot;:&quot;LOJ\\u0130ST\\u0130K KOM\\u0130TELER\\u0130 ORTAK \\u00c7ALI\\u015eMA GRUBU OLU\\u015eTURUYOR&quot;,&quot;orientation&quot;:&quot;0&quot;}\" data-image-title=\"Lojistik komiteleri ortak \u00e7al\u0131\u015fma grubu olu\u015fturuyor\" data-image-description=\"&lt;p&gt;Lojistik komiteleri ortak \u00e7al\u0131\u015fma grubu olu\u015fturuyor&lt;\/p&gt; \" data-medium-file=\"https:\/\/i0.wp.com\/www.tvturk.com\/wp-content\/uploads\/2019\/02\/lojistik-komiteleri-ortak-calisma-grubu-olusturuyor_421110b.jpg?fit=300%2C200\" data-large-file=\"https:\/\/i0.wp.com\/www.tvturk.com\/wp-content\/uploads\/2019\/02\/lojistik-komiteleri-ortak-calisma-grubu-olusturuyor_421110b.jpg?fit=1000%2C667\" src=\"https:\/\/i0.wp.com\/www.tvturk.com\/wp-content\/uploads\/2019\/02\/lojistik-komiteleri-ortak-calisma-grubu-olusturuyor_421110b.jpg?w=496&#038;h=331\" srcset=\"https:\/\/i0.wp.com\/www.tvturk.com\/wp-content\/uploads\/2019\/02\/lojistik-komiteleri-ortak-calisma-grubu-olusturuyor_421110b.jpg?w=1000 1000w, https:\/\/i0.wp.com\/www.tvturk.com\/wp-content\/uploads\/2019\/02\/lojistik-komiteleri-ortak-calisma-grubu-olusturuyor_421110b.jpg?resize=150%2C100 150w, https:\/\/i0.wp.com\/www.tvturk.com\/wp-content\/uploads\/2019\/02\/lojistik-komiteleri-ortak-calisma-grubu-olusturuyor_421110b.jpg?resize=300%2C200 300w, https:\/\/i0.wp.com\/www.tvturk.com\/wp-content\/uploads\/2019\/02\/lojistik-komiteleri-ortak-calisma-grubu-olusturuyor_421110b.jpg?resize=768%2C512 768w, https:\/\/i0.wp.com\/www.tvturk.com\/wp-content\/uploads\/2019\/02\/lojistik-komiteleri-ortak-calisma-grubu-olusturuyor_421110b.jpg?resize=170%2C113 170w, https:\/\/i0.wp.com\/www.tvturk.com\/wp-content\/uploads\/2019\/02\/lojistik-komiteleri-ortak-calisma-grubu-olusturuyor_421110b.jpg?resize=120%2C80 120w\" width=\"496\" height=\"331\" loading=\"lazy\" data-original-width=\"496\" data-original-height=\"331\" itemprop=\"http:\/\/schema.org\/image\" title=\"Lojistik komiteleri ortak \u00e7al\u0131\u015fma grubu olu\u015fturuyor\" alt=\"Lojistik komiteleri ortak \u00e7al\u0131\u015fma grubu olu\u015fturuyor\" style=\"width: 496px; height: 331px;\" \/> <\/a> <\/div> <\/div> <!-- close group --> <\/div> <!-- close row --> <\/div><\/p>\n","protected":false},"excerpt":{"rendered":"<p>MERS\u0130N T\u0130CARET VE SANAY\u0130 ODASI (MTSO) LOJ\u0130ST\u0130K SEKT\u00d6R\u00dc KOM\u0130TELER\u0130 B\u0130R ARAYA GELEREK, ORTAK \u00c7ALI\u015eMA GRUBU KURMA KARARI ALDI. SEKT\u00d6R SORUNLARININ TEK ELDEN TAK\u0130P ED\u0130LMES\u0130 ADINA G\u00dc\u00c7 B\u0130RL\u0130\u011e\u0130 YAPMAK \u0130STEYEN SEKT\u00d6R TEMS\u0130LC\u0130LER\u0130, \u00d6NCEL\u0130\u011e\u0130 LOJ\u0130ST\u0130K MERKEZ KURULUMUNA VERECEK.<\/p>\n","protected":false},"author":1,"featured_media":47332,"comment_status":"closed","ping_status":"open","sticky":false,"template":"","format":"standard","meta":{"jetpack_post_was_ever_published":false,"_jetpack_newsletter_access":"","_jetpack_dont_email_post_to_subs":false,"_jetpack_newsletter_tier_id":0,"_jetpack_memberships_contains_paywalled_content":false,"_jetpack_memberships_contains_paid_content":false,"footnotes":"","jetpack_publicize_message":"","jetpack_publicize_feature_enabled":true,"jetpack_social_post_already_shared":false,"jetpack_social_options":{"image_generator_settings":{"template":"highway","default_image_id":0,"font":"","enabled":false},"version":2}},"categories":[19],"tags":[322,4523,10818,16013,16014,947],"class_list":["post-47331","post","type-post","status-publish","format-standard","has-post-thumbnail","hentry","category-ekonomi","tag-calisma","tag-grubu","tag-komiteleri","tag-lojistik","tag-olusturuyor","tag-ortak"],"jetpack_publicize_connections":[],"jetpack_featured_media_url":"https:\/\/i0.wp.com\/www.tvturk.com\/wp-content\/uploads\/2019\/02\/lojistik-komiteleri-ortak-calisma-grubu-olusturuyor_6388177.jpg?fit=1000%2C666","jetpack_sharing_enabled":true,"jetpack_shortlink":"https:\/\/wp.me\/paKIfm-cjp","_links":{"self":[{"href":"http:\/\/www.tvturk.com\/index.php\/wp-json\/wp\/v2\/posts\/47331","targetHints":{"allow":["GET"]}}],"collection":[{"href":"http:\/\/www.tvturk.com\/index.php\/wp-json\/wp\/v2\/posts"}],"about":[{"href":"http:\/\/www.tvturk.com\/index.php\/wp-json\/wp\/v2\/types\/post"}],"author":[{"embeddable":true,"href":"http:\/\/www.tvturk.com\/index.php\/wp-json\/wp\/v2\/users\/1"}],"replies":[{"embeddable":true,"href":"http:\/\/www.tvturk.com\/index.php\/wp-json\/wp\/v2\/comments?post=47331"}],"version-history":[{"count":1,"href":"http:\/\/www.tvturk.com\/index.php\/wp-json\/wp\/v2\/posts\/47331\/revisions"}],"predecessor-version":[{"id":47334,"href":"http:\/\/www.tvturk.com\/index.php\/wp-json\/wp\/v2\/posts\/47331\/revisions\/47334"}],"wp:featuredmedia":[{"embeddable":true,"href":"http:\/\/www.tvturk.com\/index.php\/wp-json\/wp\/v2\/media\/47332"}],"wp:attachment":[{"href":"http:\/\/www.tvturk.com\/index.php\/wp-json\/wp\/v2\/media?parent=47331"}],"wp:term":[{"taxonomy":"category","embeddable":true,"href":"http:\/\/www.tvturk.com\/index.php\/wp-json\/wp\/v2\/categories?post=47331"},{"taxonomy":"post_tag","embeddable":true,"href":"http:\/\/www.tvturk.com\/index.php\/wp-json\/wp\/v2\/tags?post=47331"}],"curies":[{"name":"wp","href":"https:\/\/api.w.org\/{rel}","templated":true}]}}