{"id":47429,"date":"2019-02-19T11:50:54","date_gmt":"2019-02-19T08:50:54","guid":{"rendered":"http:\/\/www.tvturk.com\/index.php\/buyuksehirlerdeki-eylemlerde-gorevlendirilen-terorist-yakalandi\/"},"modified":"2019-02-19T11:50:56","modified_gmt":"2019-02-19T08:50:56","slug":"buyuksehirlerdeki-eylemlerde-gorevlendirilen-terorist-yakalandi","status":"publish","type":"post","link":"http:\/\/www.tvturk.com\/index.php\/buyuksehirlerdeki-eylemlerde-gorevlendirilen-terorist-yakalandi\/","title":{"rendered":"B\u00fcy\u00fck\u015fehirlerdeki eylemlerde g\u00f6revlendirilen ter\u00f6rist yakaland\u0131"},"content":{"rendered":"<p>Ter\u00f6r \u00f6rg\u00fct\u00fc PKK taraf\u0131ndan, metropol \u015fehirlerdeki eylemlerde g\u00f6revlendirildi\u011fi tespit edilen ter\u00f6rist, \u0130zmir\u2019de yakaland\u0131. Diyarbak\u0131r\u2019a sevk edilen Agit Irmak kod adl\u0131 ter\u00f6rist, tutuklanarak cezaevine g\u00f6nderildi.<\/p>\n<p>Diyarbak\u0131r \u0130l Jandarma Komutanl\u0131\u011f\u0131 TEM \u015eube M\u00fcd\u00fcrl\u00fc\u011f\u00fc\u2019nce yap\u0131lan istihbari \u00e7al\u0131\u015fmalar neticesinde, PKK\/KCK ter\u00f6r \u00f6rg\u00fct\u00fcne 2015 y\u0131l\u0131 a\u011fustos ay\u0131 i\u00e7erisinde kat\u0131l\u0131m yapan, \u00f6rg\u00fcte kat\u0131ld\u0131ktan sonra Irak\u2019\u0131n kuzeyinde bombal\u0131 eylem, intihar sald\u0131r\u0131s\u0131 e\u011fitimleri alan, aranma ve yakalanma kayd\u0131n\u0131n bulunmamas\u0131ndan dolay\u0131 silahl\u0131 ter\u00f6r \u00f6rg\u00fct\u00fc taraf\u0131ndan metropol \u015fehirlerde eylemlerde g\u00f6revlendirildi\u011fi tespit edilen Agit Irmak kod adl\u0131 \u00d6.G. isimli ter\u00f6rist, \u0130zmir\u2019in Torbal\u0131 il\u00e7esinde belirlenen adreste \u0130l Jandarma Komutanl\u0131\u011f\u0131\u2019nca yap\u0131lan operasyonda yakalanarak g\u00f6zalt\u0131na al\u0131nd\u0131. G\u00f6zalt\u0131na al\u0131nan ter\u00f6rist, daha sonra Diyarbak\u0131r\u2019a sevk edildi. Ter\u00f6rist, soru\u015fturma i\u015flemlerinin ard\u0131ndan sevk edildi\u011fi adli makamlarca \u2018silahl\u0131 ter\u00f6r \u00f6rg\u00fct\u00fcne \u00fcye olmak\u2019 su\u00e7undan tutukland\u0131.<div class=\"tiled-gallery type-rectangular tiled-gallery-unresized\" data-original-width=\"500\" data-carousel-extra='null' itemscope itemtype=\"http:\/\/schema.org\/ImageGallery\" > <div class=\"gallery-row\" style=\"width: 500px; height: 376px;\" data-original-width=\"500\" data-original-height=\"376\" > <div class=\"gallery-group images-1\" style=\"width: 500px; height: 376px;\" data-original-width=\"500\" data-original-height=\"376\" > <div class=\"tiled-gallery-item tiled-gallery-item-large\" itemprop=\"associatedMedia\" itemscope itemtype=\"http:\/\/schema.org\/ImageObject\"> <a href=\"http:\/\/www.tvturk.com\/index.php\/buyuksehirlerdeki-eylemlerde-gorevlendirilen-terorist-yakalandi\/buyuksehirlerdeki-eylemlerde-gorevlendirilen-terorist-yakalandi-3\/\" border=\"0\" itemprop=\"url\"> <meta itemprop=\"width\" content=\"496\"> <meta itemprop=\"height\" content=\"372\"> <img decoding=\"async\" class=\"\" data-attachment-id=\"47431\" data-orig-file=\"http:\/\/www.tvturk.com\/wp-content\/uploads\/2019\/02\/buyuksehirlerdeki-eylemlerde-gorevlendirilen-terorist-yakalandi_c2ebb96.jpg\" data-orig-size=\"1000,750\" data-comments-opened=\"\" data-image-meta=\"{&quot;aperture&quot;:&quot;0&quot;,&quot;credit&quot;:&quot;IHA&quot;,&quot;camera&quot;:&quot;&quot;,&quot;caption&quot;:&quot;TER\\u00d6R \\u00d6RG\\u00dcT\\u00dc PKK TARAFINDAN, METROPOL \\u015eEH\\u0130RLERDE EYLEMLERDE G\\u00d6REVLEND\\u0130R\\u0130LD\\u0130\\u011e\\u0130 TESP\\u0130T ED\\u0130LEN TER\\u00d6R\\u0130ST, \\u0130ZM\\u0130R\\u2019DE YAKALANDI. D\\u0130YARBAKIR\\u2019A SEVK ED\\u0130LEN AG\\u0130T IRMAK KOD ADLI TER\\u00d6R\\u0130ST, TUTUKLANARAK CEZAEV\\u0130NE G\\u00d6NDER\\u0130LD\\u0130. (HACI G\\u00dcNE\\u015e - MUHS\\u0130N TA\\u015e\\\/D\\u0130YARBAKIR-\\u0130HA)&quot;,&quot;created_timestamp&quot;:&quot;0&quot;,&quot;copyright&quot;:&quot;\\u0130HLAS HABER AJANSI, www.iha.com.tr&quot;,&quot;focal_length&quot;:&quot;0&quot;,&quot;iso&quot;:&quot;0&quot;,&quot;shutter_speed&quot;:&quot;0&quot;,&quot;title&quot;:&quot;B\\u00dcY\\u00dcK\\u015eEH\\u0130RLERDEK\\u0130 EYLEMLERDE G\\u00d6REVLEND\\u0130R\\u0130LEN TER\\u00d6R\\u0130ST YAKALANDI \\u0130ZM\\u0130R\\u2019DE YAKALANAN TER\\u00d6R\\u0130ST, D\\u0130YARBAKIR\\u2019A GET\\u0130R\\u0130LD\\u0130&quot;,&quot;orientation&quot;:&quot;0&quot;}\" data-image-title=\"B\u00fcy\u00fck\u015fehirlerdeki eylemlerde g\u00f6revlendirilen ter\u00f6rist yakaland\u0131\" data-image-description=\"&lt;p&gt;B\u00fcy\u00fck\u015fehirlerdeki eylemlerde g\u00f6revlendirilen ter\u00f6rist yakaland\u0131&lt;\/p&gt; \" data-medium-file=\"https:\/\/i0.wp.com\/www.tvturk.com\/wp-content\/uploads\/2019\/02\/buyuksehirlerdeki-eylemlerde-gorevlendirilen-terorist-yakalandi_c2ebb96.jpg?fit=300%2C225\" data-large-file=\"https:\/\/i0.wp.com\/www.tvturk.com\/wp-content\/uploads\/2019\/02\/buyuksehirlerdeki-eylemlerde-gorevlendirilen-terorist-yakalandi_c2ebb96.jpg?fit=1000%2C750\" src=\"https:\/\/i0.wp.com\/www.tvturk.com\/wp-content\/uploads\/2019\/02\/buyuksehirlerdeki-eylemlerde-gorevlendirilen-terorist-yakalandi_c2ebb96.jpg?w=496&#038;h=372\" srcset=\"https:\/\/i0.wp.com\/www.tvturk.com\/wp-content\/uploads\/2019\/02\/buyuksehirlerdeki-eylemlerde-gorevlendirilen-terorist-yakalandi_c2ebb96.jpg?w=1000 1000w, https:\/\/i0.wp.com\/www.tvturk.com\/wp-content\/uploads\/2019\/02\/buyuksehirlerdeki-eylemlerde-gorevlendirilen-terorist-yakalandi_c2ebb96.jpg?resize=150%2C113 150w, https:\/\/i0.wp.com\/www.tvturk.com\/wp-content\/uploads\/2019\/02\/buyuksehirlerdeki-eylemlerde-gorevlendirilen-terorist-yakalandi_c2ebb96.jpg?resize=300%2C225 300w, https:\/\/i0.wp.com\/www.tvturk.com\/wp-content\/uploads\/2019\/02\/buyuksehirlerdeki-eylemlerde-gorevlendirilen-terorist-yakalandi_c2ebb96.jpg?resize=768%2C576 768w\" width=\"496\" height=\"372\" loading=\"lazy\" data-original-width=\"496\" data-original-height=\"372\" itemprop=\"http:\/\/schema.org\/image\" title=\"B\u00fcy\u00fck\u015fehirlerdeki eylemlerde g\u00f6revlendirilen ter\u00f6rist yakaland\u0131\" alt=\"B\u00fcy\u00fck\u015fehirlerdeki eylemlerde g\u00f6revlendirilen ter\u00f6rist yakaland\u0131\" style=\"width: 496px; height: 372px;\" \/> <\/a> <\/div> <\/div> <!-- close group --> <\/div> <!-- close row --> <\/div><\/p>\n","protected":false},"excerpt":{"rendered":"<p>TER\u00d6R \u00d6RG\u00dcT\u00dc PKK TARAFINDAN, METROPOL \u015eEH\u0130RLERDE EYLEMLERDE G\u00d6REVLEND\u0130R\u0130LD\u0130\u011e\u0130 TESP\u0130T ED\u0130LEN TER\u00d6R\u0130ST, \u0130ZM\u0130R\u2019DE YAKALANDI. D\u0130YARBAKIR\u2019A SEVK ED\u0130LEN AG\u0130T IRMAK KOD ADLI TER\u00d6R\u0130ST, TUTUKLANARAK CEZAEV\u0130NE G\u00d6NDER\u0130LD\u0130.<\/p>\n","protected":false},"author":1,"featured_media":47430,"comment_status":"closed","ping_status":"open","sticky":false,"template":"","format":"standard","meta":{"jetpack_post_was_ever_published":false,"_jetpack_newsletter_access":"","_jetpack_dont_email_post_to_subs":false,"_jetpack_newsletter_tier_id":0,"_jetpack_memberships_contains_paywalled_content":false,"_jetpack_memberships_contains_paid_content":false,"footnotes":"","jetpack_publicize_message":"","jetpack_publicize_feature_enabled":true,"jetpack_social_post_already_shared":false,"jetpack_social_options":{"image_generator_settings":{"template":"highway","default_image_id":0,"font":"","enabled":false},"version":2}},"categories":[655],"tags":[16044,16045,16046,6958,1010],"class_list":["post-47429","post","type-post","status-publish","format-standard","has-post-thumbnail","hentry","category-son-dakika","tag-buyuksehirlerdeki","tag-eylemlerde","tag-gorevlendirilen","tag-terorist","tag-yakalandi"],"jetpack_publicize_connections":[],"jetpack_featured_media_url":"https:\/\/i0.wp.com\/www.tvturk.com\/wp-content\/uploads\/2019\/02\/buyuksehirlerdeki-eylemlerde-gorevlendirilen-terorist-yakalandi_e96fcc4.jpg?fit=1000%2C750","jetpack_sharing_enabled":true,"jetpack_shortlink":"https:\/\/wp.me\/paKIfm-ckZ","_links":{"self":[{"href":"http:\/\/www.tvturk.com\/index.php\/wp-json\/wp\/v2\/posts\/47429","targetHints":{"allow":["GET"]}}],"collection":[{"href":"http:\/\/www.tvturk.com\/index.php\/wp-json\/wp\/v2\/posts"}],"about":[{"href":"http:\/\/www.tvturk.com\/index.php\/wp-json\/wp\/v2\/types\/post"}],"author":[{"embeddable":true,"href":"http:\/\/www.tvturk.com\/index.php\/wp-json\/wp\/v2\/users\/1"}],"replies":[{"embeddable":true,"href":"http:\/\/www.tvturk.com\/index.php\/wp-json\/wp\/v2\/comments?post=47429"}],"version-history":[{"count":1,"href":"http:\/\/www.tvturk.com\/index.php\/wp-json\/wp\/v2\/posts\/47429\/revisions"}],"predecessor-version":[{"id":47432,"href":"http:\/\/www.tvturk.com\/index.php\/wp-json\/wp\/v2\/posts\/47429\/revisions\/47432"}],"wp:featuredmedia":[{"embeddable":true,"href":"http:\/\/www.tvturk.com\/index.php\/wp-json\/wp\/v2\/media\/47430"}],"wp:attachment":[{"href":"http:\/\/www.tvturk.com\/index.php\/wp-json\/wp\/v2\/media?parent=47429"}],"wp:term":[{"taxonomy":"category","embeddable":true,"href":"http:\/\/www.tvturk.com\/index.php\/wp-json\/wp\/v2\/categories?post=47429"},{"taxonomy":"post_tag","embeddable":true,"href":"http:\/\/www.tvturk.com\/index.php\/wp-json\/wp\/v2\/tags?post=47429"}],"curies":[{"name":"wp","href":"https:\/\/api.w.org\/{rel}","templated":true}]}}