{"id":47649,"date":"2019-02-19T12:31:10","date_gmt":"2019-02-19T09:31:10","guid":{"rendered":"http:\/\/www.tvturk.com\/index.php\/fethiyede-sokak-hayvanlarinin-zehirlenerek-oldurulmesi-protesto-edildi\/"},"modified":"2019-02-19T12:31:14","modified_gmt":"2019-02-19T09:31:14","slug":"fethiyede-sokak-hayvanlarinin-zehirlenerek-oldurulmesi-protesto-edildi","status":"publish","type":"post","link":"http:\/\/www.tvturk.com\/index.php\/fethiyede-sokak-hayvanlarinin-zehirlenerek-oldurulmesi-protesto-edildi\/","title":{"rendered":"Fethiye\u2019de sokak hayvanlar\u0131n\u0131n zehirlenerek \u00f6ld\u00fcr\u00fclmesi protesto edildi"},"content":{"rendered":"<p>Mu\u011fla\u2019n\u0131n Fethiye il\u00e7esinde iki k\u00f6pe\u011fin, bir kedi ile kargan\u0131n zehirlenerek \u00f6ld\u00fcr\u00fclmesi hayvanseverler taraf\u0131ndan protesto edildi.<\/p>\n<p>\u00c7iftlik Mahallesi\u2019nde zehirlenmi\u015f olarak bulunan iki k\u00f6pek, bir kedi ile karga hayvanseverleri \u00fczd\u00fc. Sosyal medyada \u00f6rg\u00fctlenen aralar\u0131nda yerle\u015fik yabanc\u0131lar\u0131n da bulundu\u011fu grup Koca \u00c7al\u0131\u015f mevkisinde topland\u0131.<\/p>\n<p>Eyleme baz\u0131 vatanda\u015flar k\u00f6pekleriyle kat\u0131ld\u0131. Hayvanseverler ellerinde &#8220;Sevmiyor olman \u00f6ld\u00fcrmeni gerektirmez&#8221;, &#8220;Katilimi bulun&#8221;, &#8220;Hayvanlara eziyete hay\u0131r&#8221;, &#8220;Do\u011fan\u0131n dengesi hayvanlarla korunur&#8221; yaz\u0131l\u0131 d\u00f6viz ta\u015f\u0131yan grup, durumu alk\u0131\u015fla protesto etti.<\/p>\n<p>Hayvan Destek ve E\u011fitim Derne\u011fi (HAYDED) Ba\u015fkan Yard\u0131mc\u0131s\u0131 Kerem \u00d6zdemir yapt\u0131\u011f\u0131 a\u00e7\u0131klamada, b\u00f6lgeye geldiklerinde \u00f6lm\u00fc\u015f ve can \u00e7eki\u015fen hayvanlarla kar\u015f\u0131la\u015ft\u0131klar\u0131n\u0131 anlatt\u0131.<\/p>\n<p>\u00d6len hayvanlar\u0131n otopsilerini kendisinin yapt\u0131\u011f\u0131n\u0131, zehrin mideye inmeden hayvan\u0131 \u00f6ld\u00fcrd\u00fc\u011f\u00fcn\u00fc ifade eden \u00d6zdemir, &#8220;Bununla ilgili raporumuzu da mahkemeye sunaca\u011f\u0131z. Hayvanlarla burada hep birlikte ya\u015fayaca\u011f\u0131z. Hayvan\u0131 sevmeyen insan\u0131 sevmez. Bu fikirle hareket ederek \u00f6n\u00fcm\u00fczdeki nesli e\u011fitmek istiyoruz. Sokak hayvanlar\u0131n\u0131n bu gibi olaylar ya\u015famamas\u0131 i\u00e7in m\u00fccadeleye devam edece\u011fiz&#8221; dedi.<\/p>\n<p>Fethiye Belediyesi Hayvan Bak\u0131m Merkezi G\u00f6revlisi \u0130smet Karaisao\u011flu ise, &#8220;Bize gelen ihbar ile buraya geldik. Burada iki k\u00f6pek, bir kedi ile bir karga \u00f6lm\u00fc\u015ft\u00fc, d\u00f6rt k\u00f6pek de ya\u015f\u0131yordu tedavi alt\u0131na ald\u0131k&#8221; diye konu\u015ftu.<\/p>\n<p>A\u00e7\u0131klaman\u0131n ard\u0131ndan grup da\u011f\u0131ld\u0131.<div class=\"tiled-gallery type-rectangular tiled-gallery-unresized\" data-original-width=\"500\" data-carousel-extra='null' itemscope itemtype=\"http:\/\/schema.org\/ImageGallery\" > <div class=\"gallery-row\" style=\"width: 500px; height: 224px;\" data-original-width=\"500\" data-original-height=\"224\" > <div class=\"gallery-group images-1\" style=\"width: 334px; height: 224px;\" data-original-width=\"334\" data-original-height=\"224\" > <div class=\"tiled-gallery-item tiled-gallery-item-large\" itemprop=\"associatedMedia\" itemscope itemtype=\"http:\/\/schema.org\/ImageObject\"> <a href=\"http:\/\/www.tvturk.com\/index.php\/fethiyede-sokak-hayvanlarinin-zehirlenerek-oldurulmesi-protesto-edildi\/fethiyede-sokak-hayvanlarinin-zehirlenerek-oldurulmesi-protesto-edildi-3\/\" border=\"0\" itemprop=\"url\"> <meta itemprop=\"width\" content=\"330\"> <meta itemprop=\"height\" content=\"220\"> <img decoding=\"async\" class=\"\" data-attachment-id=\"47651\" data-orig-file=\"http:\/\/www.tvturk.com\/wp-content\/uploads\/2019\/02\/fethiyede-sokak-hayvanlarinin-zehirlenerek-oldurulmesi-protesto-edildi_ab4cbed.jpg\" data-orig-size=\"1000,666\" data-comments-opened=\"\" data-image-meta=\"{&quot;aperture&quot;:&quot;0&quot;,&quot;credit&quot;:&quot;IHA&quot;,&quot;camera&quot;:&quot;&quot;,&quot;caption&quot;:&quot;MU\\u011eLA\\u2019NIN FETH\\u0130YE \\u0130L\\u00c7ES\\u0130NDE \\u0130K\\u0130 K\\u00d6PE\\u011e\\u0130N, B\\u0130R KED\\u0130 \\u0130LE KARGANIN ZEH\\u0130RLENEREK \\u00d6LD\\u00dcR\\u00dcLMES\\u0130 HAYVAN SEVERLER TARAFINDAN PROTESTO ED\\u0130LD\\u0130. (MURAT YAL\\u00c7IN\\\/MU\\u011eLA-\\u0130HA)&quot;,&quot;created_timestamp&quot;:&quot;0&quot;,&quot;copyright&quot;:&quot;\\u0130HLAS HABER AJANSI, www.iha.com.tr&quot;,&quot;focal_length&quot;:&quot;0&quot;,&quot;iso&quot;:&quot;0&quot;,&quot;shutter_speed&quot;:&quot;0&quot;,&quot;title&quot;:&quot;FETH\\u0130YE\\u0027DE SOKAK HAYVANLARININ ZEH\\u0130RLENEREK \\u00d6LD\\u00dcR\\u00dcLMES\\u0130 PROTESTO ED\\u0130LD\\u0130&quot;,&quot;orientation&quot;:&quot;0&quot;}\" data-image-title=\"Fethiye\u2019de sokak hayvanlar\u0131n\u0131n zehirlenerek \u00f6ld\u00fcr\u00fclmesi protesto edildi\" data-image-description=\"&lt;p&gt;Fethiye\u2019de sokak hayvanlar\u0131n\u0131n zehirlenerek \u00f6ld\u00fcr\u00fclmesi protesto edildi&lt;\/p&gt; \" data-medium-file=\"https:\/\/i0.wp.com\/www.tvturk.com\/wp-content\/uploads\/2019\/02\/fethiyede-sokak-hayvanlarinin-zehirlenerek-oldurulmesi-protesto-edildi_ab4cbed.jpg?fit=300%2C200\" data-large-file=\"https:\/\/i0.wp.com\/www.tvturk.com\/wp-content\/uploads\/2019\/02\/fethiyede-sokak-hayvanlarinin-zehirlenerek-oldurulmesi-protesto-edildi_ab4cbed.jpg?fit=1000%2C666\" src=\"https:\/\/i0.wp.com\/www.tvturk.com\/wp-content\/uploads\/2019\/02\/fethiyede-sokak-hayvanlarinin-zehirlenerek-oldurulmesi-protesto-edildi_ab4cbed.jpg?w=330&#038;h=220\" srcset=\"https:\/\/i0.wp.com\/www.tvturk.com\/wp-content\/uploads\/2019\/02\/fethiyede-sokak-hayvanlarinin-zehirlenerek-oldurulmesi-protesto-edildi_ab4cbed.jpg?w=1000 1000w, https:\/\/i0.wp.com\/www.tvturk.com\/wp-content\/uploads\/2019\/02\/fethiyede-sokak-hayvanlarinin-zehirlenerek-oldurulmesi-protesto-edildi_ab4cbed.jpg?resize=150%2C100 150w, https:\/\/i0.wp.com\/www.tvturk.com\/wp-content\/uploads\/2019\/02\/fethiyede-sokak-hayvanlarinin-zehirlenerek-oldurulmesi-protesto-edildi_ab4cbed.jpg?resize=300%2C200 300w, https:\/\/i0.wp.com\/www.tvturk.com\/wp-content\/uploads\/2019\/02\/fethiyede-sokak-hayvanlarinin-zehirlenerek-oldurulmesi-protesto-edildi_ab4cbed.jpg?resize=768%2C511 768w, https:\/\/i0.wp.com\/www.tvturk.com\/wp-content\/uploads\/2019\/02\/fethiyede-sokak-hayvanlarinin-zehirlenerek-oldurulmesi-protesto-edildi_ab4cbed.jpg?resize=170%2C113 170w, https:\/\/i0.wp.com\/www.tvturk.com\/wp-content\/uploads\/2019\/02\/fethiyede-sokak-hayvanlarinin-zehirlenerek-oldurulmesi-protesto-edildi_ab4cbed.jpg?resize=120%2C80 120w\" width=\"330\" height=\"220\" loading=\"lazy\" data-original-width=\"330\" data-original-height=\"220\" itemprop=\"http:\/\/schema.org\/image\" title=\"Fethiye\u2019de sokak hayvanlar\u0131n\u0131n zehirlenerek \u00f6ld\u00fcr\u00fclmesi protesto edildi\" alt=\"Fethiye\u2019de sokak hayvanlar\u0131n\u0131n zehirlenerek \u00f6ld\u00fcr\u00fclmesi protesto edildi\" style=\"width: 330px; height: 220px;\" \/> <\/a> <\/div> <\/div> <!-- close group --> <div class=\"gallery-group images-2\" style=\"width: 166px; height: 224px;\" data-original-width=\"166\" data-original-height=\"224\" > <div class=\"tiled-gallery-item tiled-gallery-item-small\" itemprop=\"associatedMedia\" itemscope itemtype=\"http:\/\/schema.org\/ImageObject\"> <a href=\"http:\/\/www.tvturk.com\/index.php\/fethiyede-sokak-hayvanlarinin-zehirlenerek-oldurulmesi-protesto-edildi\/fethiyede-sokak-hayvanlarinin-zehirlenerek-oldurulmesi-protesto-edildi-4\/\" border=\"0\" itemprop=\"url\"> <meta itemprop=\"width\" content=\"162\"> <meta itemprop=\"height\" content=\"108\"> <img decoding=\"async\" class=\"\" data-attachment-id=\"47652\" data-orig-file=\"http:\/\/www.tvturk.com\/wp-content\/uploads\/2019\/02\/fethiyede-sokak-hayvanlarinin-zehirlenerek-oldurulmesi-protesto-edildi_e8fc195.jpg\" data-orig-size=\"1000,666\" data-comments-opened=\"\" data-image-meta=\"{&quot;aperture&quot;:&quot;0&quot;,&quot;credit&quot;:&quot;IHA&quot;,&quot;camera&quot;:&quot;&quot;,&quot;caption&quot;:&quot;MU\\u011eLA\\u2019NIN FETH\\u0130YE \\u0130L\\u00c7ES\\u0130NDE \\u0130K\\u0130 K\\u00d6PE\\u011e\\u0130N, B\\u0130R KED\\u0130 \\u0130LE KARGANIN ZEH\\u0130RLENEREK \\u00d6LD\\u00dcR\\u00dcLMES\\u0130 HAYVAN SEVERLER TARAFINDAN PROTESTO ED\\u0130LD\\u0130. (MURAT YAL\\u00c7IN\\\/MU\\u011eLA-\\u0130HA)&quot;,&quot;created_timestamp&quot;:&quot;0&quot;,&quot;copyright&quot;:&quot;\\u0130HLAS HABER AJANSI, www.iha.com.tr&quot;,&quot;focal_length&quot;:&quot;0&quot;,&quot;iso&quot;:&quot;0&quot;,&quot;shutter_speed&quot;:&quot;0&quot;,&quot;title&quot;:&quot;FETH\\u0130YE\\u0027DE SOKAK HAYVANLARININ ZEH\\u0130RLENEREK \\u00d6LD\\u00dcR\\u00dcLMES\\u0130 PROTESTO ED\\u0130LD\\u0130&quot;,&quot;orientation&quot;:&quot;0&quot;}\" data-image-title=\"Fethiye\u2019de sokak hayvanlar\u0131n\u0131n zehirlenerek \u00f6ld\u00fcr\u00fclmesi protesto edildi\" data-image-description=\"&lt;p&gt;Fethiye\u2019de sokak hayvanlar\u0131n\u0131n zehirlenerek \u00f6ld\u00fcr\u00fclmesi protesto edildi&lt;\/p&gt; \" data-medium-file=\"https:\/\/i0.wp.com\/www.tvturk.com\/wp-content\/uploads\/2019\/02\/fethiyede-sokak-hayvanlarinin-zehirlenerek-oldurulmesi-protesto-edildi_e8fc195.jpg?fit=300%2C200\" data-large-file=\"https:\/\/i0.wp.com\/www.tvturk.com\/wp-content\/uploads\/2019\/02\/fethiyede-sokak-hayvanlarinin-zehirlenerek-oldurulmesi-protesto-edildi_e8fc195.jpg?fit=1000%2C666\" src=\"https:\/\/i0.wp.com\/www.tvturk.com\/wp-content\/uploads\/2019\/02\/fethiyede-sokak-hayvanlarinin-zehirlenerek-oldurulmesi-protesto-edildi_e8fc195.jpg?w=162&#038;h=108\" srcset=\"https:\/\/i0.wp.com\/www.tvturk.com\/wp-content\/uploads\/2019\/02\/fethiyede-sokak-hayvanlarinin-zehirlenerek-oldurulmesi-protesto-edildi_e8fc195.jpg?w=1000 1000w, https:\/\/i0.wp.com\/www.tvturk.com\/wp-content\/uploads\/2019\/02\/fethiyede-sokak-hayvanlarinin-zehirlenerek-oldurulmesi-protesto-edildi_e8fc195.jpg?resize=150%2C100 150w, https:\/\/i0.wp.com\/www.tvturk.com\/wp-content\/uploads\/2019\/02\/fethiyede-sokak-hayvanlarinin-zehirlenerek-oldurulmesi-protesto-edildi_e8fc195.jpg?resize=300%2C200 300w, https:\/\/i0.wp.com\/www.tvturk.com\/wp-content\/uploads\/2019\/02\/fethiyede-sokak-hayvanlarinin-zehirlenerek-oldurulmesi-protesto-edildi_e8fc195.jpg?resize=768%2C511 768w, https:\/\/i0.wp.com\/www.tvturk.com\/wp-content\/uploads\/2019\/02\/fethiyede-sokak-hayvanlarinin-zehirlenerek-oldurulmesi-protesto-edildi_e8fc195.jpg?resize=170%2C113 170w, https:\/\/i0.wp.com\/www.tvturk.com\/wp-content\/uploads\/2019\/02\/fethiyede-sokak-hayvanlarinin-zehirlenerek-oldurulmesi-protesto-edildi_e8fc195.jpg?resize=120%2C80 120w\" width=\"162\" height=\"108\" loading=\"lazy\" data-original-width=\"162\" data-original-height=\"108\" itemprop=\"http:\/\/schema.org\/image\" title=\"Fethiye\u2019de sokak hayvanlar\u0131n\u0131n zehirlenerek \u00f6ld\u00fcr\u00fclmesi protesto edildi\" alt=\"Fethiye\u2019de sokak hayvanlar\u0131n\u0131n zehirlenerek \u00f6ld\u00fcr\u00fclmesi protesto edildi\" style=\"width: 162px; height: 108px;\" \/> <\/a> <\/div> <div class=\"tiled-gallery-item tiled-gallery-item-small\" itemprop=\"associatedMedia\" itemscope itemtype=\"http:\/\/schema.org\/ImageObject\"> <a href=\"http:\/\/www.tvturk.com\/index.php\/fethiyede-sokak-hayvanlarinin-zehirlenerek-oldurulmesi-protesto-edildi\/fethiyede-sokak-hayvanlarinin-zehirlenerek-oldurulmesi-protesto-edildi-5\/\" border=\"0\" itemprop=\"url\"> <meta itemprop=\"width\" content=\"162\"> <meta itemprop=\"height\" content=\"108\"> <img decoding=\"async\" class=\"\" data-attachment-id=\"47653\" data-orig-file=\"http:\/\/www.tvturk.com\/wp-content\/uploads\/2019\/02\/fethiyede-sokak-hayvanlarinin-zehirlenerek-oldurulmesi-protesto-edildi_4f9d5d7.jpg\" data-orig-size=\"1000,666\" data-comments-opened=\"\" data-image-meta=\"{&quot;aperture&quot;:&quot;0&quot;,&quot;credit&quot;:&quot;IHA&quot;,&quot;camera&quot;:&quot;&quot;,&quot;caption&quot;:&quot;MU\\u011eLA\\u2019NIN FETH\\u0130YE \\u0130L\\u00c7ES\\u0130NDE \\u0130K\\u0130 K\\u00d6PE\\u011e\\u0130N, B\\u0130R KED\\u0130 \\u0130LE KARGANIN ZEH\\u0130RLENEREK \\u00d6LD\\u00dcR\\u00dcLMES\\u0130 HAYVAN SEVERLER TARAFINDAN PROTESTO ED\\u0130LD\\u0130. (MURAT YAL\\u00c7IN\\\/MU\\u011eLA-\\u0130HA)&quot;,&quot;created_timestamp&quot;:&quot;0&quot;,&quot;copyright&quot;:&quot;\\u0130HLAS HABER AJANSI, www.iha.com.tr&quot;,&quot;focal_length&quot;:&quot;0&quot;,&quot;iso&quot;:&quot;0&quot;,&quot;shutter_speed&quot;:&quot;0&quot;,&quot;title&quot;:&quot;FETH\\u0130YE\\u0027DE SOKAK HAYVANLARININ ZEH\\u0130RLENEREK \\u00d6LD\\u00dcR\\u00dcLMES\\u0130 PROTESTO ED\\u0130LD\\u0130&quot;,&quot;orientation&quot;:&quot;0&quot;}\" data-image-title=\"Fethiye\u2019de sokak hayvanlar\u0131n\u0131n zehirlenerek \u00f6ld\u00fcr\u00fclmesi protesto edildi\" data-image-description=\"&lt;p&gt;Fethiye\u2019de sokak hayvanlar\u0131n\u0131n zehirlenerek \u00f6ld\u00fcr\u00fclmesi protesto edildi&lt;\/p&gt; \" data-medium-file=\"https:\/\/i0.wp.com\/www.tvturk.com\/wp-content\/uploads\/2019\/02\/fethiyede-sokak-hayvanlarinin-zehirlenerek-oldurulmesi-protesto-edildi_4f9d5d7.jpg?fit=300%2C200\" data-large-file=\"https:\/\/i0.wp.com\/www.tvturk.com\/wp-content\/uploads\/2019\/02\/fethiyede-sokak-hayvanlarinin-zehirlenerek-oldurulmesi-protesto-edildi_4f9d5d7.jpg?fit=1000%2C666\" src=\"https:\/\/i0.wp.com\/www.tvturk.com\/wp-content\/uploads\/2019\/02\/fethiyede-sokak-hayvanlarinin-zehirlenerek-oldurulmesi-protesto-edildi_4f9d5d7.jpg?w=162&#038;h=108\" srcset=\"https:\/\/i0.wp.com\/www.tvturk.com\/wp-content\/uploads\/2019\/02\/fethiyede-sokak-hayvanlarinin-zehirlenerek-oldurulmesi-protesto-edildi_4f9d5d7.jpg?w=1000 1000w, https:\/\/i0.wp.com\/www.tvturk.com\/wp-content\/uploads\/2019\/02\/fethiyede-sokak-hayvanlarinin-zehirlenerek-oldurulmesi-protesto-edildi_4f9d5d7.jpg?resize=150%2C100 150w, https:\/\/i0.wp.com\/www.tvturk.com\/wp-content\/uploads\/2019\/02\/fethiyede-sokak-hayvanlarinin-zehirlenerek-oldurulmesi-protesto-edildi_4f9d5d7.jpg?resize=300%2C200 300w, https:\/\/i0.wp.com\/www.tvturk.com\/wp-content\/uploads\/2019\/02\/fethiyede-sokak-hayvanlarinin-zehirlenerek-oldurulmesi-protesto-edildi_4f9d5d7.jpg?resize=768%2C511 768w, https:\/\/i0.wp.com\/www.tvturk.com\/wp-content\/uploads\/2019\/02\/fethiyede-sokak-hayvanlarinin-zehirlenerek-oldurulmesi-protesto-edildi_4f9d5d7.jpg?resize=170%2C113 170w, https:\/\/i0.wp.com\/www.tvturk.com\/wp-content\/uploads\/2019\/02\/fethiyede-sokak-hayvanlarinin-zehirlenerek-oldurulmesi-protesto-edildi_4f9d5d7.jpg?resize=120%2C80 120w\" width=\"162\" height=\"108\" loading=\"lazy\" data-original-width=\"162\" data-original-height=\"108\" itemprop=\"http:\/\/schema.org\/image\" title=\"Fethiye\u2019de sokak hayvanlar\u0131n\u0131n zehirlenerek \u00f6ld\u00fcr\u00fclmesi protesto edildi\" alt=\"Fethiye\u2019de sokak hayvanlar\u0131n\u0131n zehirlenerek \u00f6ld\u00fcr\u00fclmesi protesto edildi\" style=\"width: 162px; height: 108px;\" \/> <\/a> <\/div> <\/div> <!-- close group --> <\/div> <!-- close row --> <\/div><\/p>\n","protected":false},"excerpt":{"rendered":"<p>MU\u011eLA\u2019NIN FETH\u0130YE \u0130L\u00c7ES\u0130NDE \u0130K\u0130 K\u00d6PE\u011e\u0130N, B\u0130R KED\u0130 \u0130LE KARGANIN ZEH\u0130RLENEREK \u00d6LD\u00dcR\u00dcLMES\u0130 HAYVAN SEVERLER TARAFINDAN PROTESTO ED\u0130LD\u0130.<\/p>\n","protected":false},"author":1,"featured_media":47650,"comment_status":"closed","ping_status":"open","sticky":false,"template":"","format":"standard","meta":{"jetpack_post_was_ever_published":false,"_jetpack_newsletter_access":"","_jetpack_dont_email_post_to_subs":false,"_jetpack_newsletter_tier_id":0,"_jetpack_memberships_contains_paywalled_content":false,"_jetpack_memberships_contains_paid_content":false,"footnotes":"","jetpack_publicize_message":"","jetpack_publicize_feature_enabled":true,"jetpack_social_post_already_shared":false,"jetpack_social_options":{"image_generator_settings":{"template":"highway","default_image_id":0,"font":"","enabled":false},"version":2}},"categories":[655],"tags":[857,971,16096,16097,831,1183,4918],"class_list":["post-47649","post","type-post","status-publish","format-standard","has-post-thumbnail","hentry","category-son-dakika","tag-edildi","tag-fethiyede","tag-hayvanlarinin","tag-oldurulmesi","tag-protesto","tag-sokak","tag-zehirlenerek"],"jetpack_publicize_connections":[],"jetpack_featured_media_url":"https:\/\/i0.wp.com\/www.tvturk.com\/wp-content\/uploads\/2019\/02\/fethiyede-sokak-hayvanlarinin-zehirlenerek-oldurulmesi-protesto-edildi_876e2f8.jpg?fit=1000%2C666","jetpack_sharing_enabled":true,"jetpack_shortlink":"https:\/\/wp.me\/paKIfm-cox","_links":{"self":[{"href":"http:\/\/www.tvturk.com\/index.php\/wp-json\/wp\/v2\/posts\/47649","targetHints":{"allow":["GET"]}}],"collection":[{"href":"http:\/\/www.tvturk.com\/index.php\/wp-json\/wp\/v2\/posts"}],"about":[{"href":"http:\/\/www.tvturk.com\/index.php\/wp-json\/wp\/v2\/types\/post"}],"author":[{"embeddable":true,"href":"http:\/\/www.tvturk.com\/index.php\/wp-json\/wp\/v2\/users\/1"}],"replies":[{"embeddable":true,"href":"http:\/\/www.tvturk.com\/index.php\/wp-json\/wp\/v2\/comments?post=47649"}],"version-history":[{"count":1,"href":"http:\/\/www.tvturk.com\/index.php\/wp-json\/wp\/v2\/posts\/47649\/revisions"}],"predecessor-version":[{"id":47654,"href":"http:\/\/www.tvturk.com\/index.php\/wp-json\/wp\/v2\/posts\/47649\/revisions\/47654"}],"wp:featuredmedia":[{"embeddable":true,"href":"http:\/\/www.tvturk.com\/index.php\/wp-json\/wp\/v2\/media\/47650"}],"wp:attachment":[{"href":"http:\/\/www.tvturk.com\/index.php\/wp-json\/wp\/v2\/media?parent=47649"}],"wp:term":[{"taxonomy":"category","embeddable":true,"href":"http:\/\/www.tvturk.com\/index.php\/wp-json\/wp\/v2\/categories?post=47649"},{"taxonomy":"post_tag","embeddable":true,"href":"http:\/\/www.tvturk.com\/index.php\/wp-json\/wp\/v2\/tags?post=47649"}],"curies":[{"name":"wp","href":"https:\/\/api.w.org\/{rel}","templated":true}]}}