{"id":48069,"date":"2019-02-19T14:12:12","date_gmt":"2019-02-19T11:12:12","guid":{"rendered":"http:\/\/www.tvturk.com\/index.php\/hakkari-turkiye-adventure19-fuarina-katildi\/"},"modified":"2019-02-19T14:12:13","modified_gmt":"2019-02-19T11:12:13","slug":"hakkari-turkiye-adventure19-fuarina-katildi","status":"publish","type":"post","link":"http:\/\/www.tvturk.com\/index.php\/hakkari-turkiye-adventure19-fuarina-katildi\/","title":{"rendered":"Hakkari, \u201cT\u00fcrkiye Adventure19\u201d fuar\u0131na kat\u0131ld\u0131"},"content":{"rendered":"<p>Hakkari Rafting Tak\u0131m\u0131 ve Cilo Da\u011fc\u0131l\u0131k ve Do\u011fa Sporlar\u0131 Kul\u00fcb\u00fc, \u0130stanbul\u2019da d\u00fczenlenen T\u00fcrkiye\u2019nin ilk ve tek do\u011fa sporlar\u0131 ve macera turizmi \u201cT\u00fcrkiye Adventure19\u201d fuar\u0131na kat\u0131ld\u0131.<\/p>\n<p>Do\u011fa sporlar\u0131 alan\u0131nda faaliyet g\u00f6steren b\u00fct\u00fcn olu\u015fumlar\u0131n yer ald\u0131\u011f\u0131 fuarda, Hakkari Rafting Tak\u0131m\u0131 ve Cilo Da\u011fc\u0131l\u0131k ve Do\u011fa Sporlar\u0131 Kul\u00fcb\u00fc de kentin tan\u0131t\u0131m\u0131n\u0131 yapt\u0131. A\u00e7\u0131klamalarda bulunan Hakk\u00e2ri Cilo Da\u011fc\u0131l\u0131k ve Do\u011fa Sporlar\u0131 Kul\u00fcb\u00fc Ba\u015fkan\u0131 Hac\u0131 Tansu, T\u00fcrkiye Rafting Federasyonu taraf\u0131ndan tahsis edilen ve d\u00fczenlenen stantta \u00fclke raftinginin bir b\u00fct\u00fcnl\u00fck i\u00e7erisinde tan\u0131t\u0131ld\u0131\u011f\u0131n\u0131 s\u00f6yledi. Tansu, \u201cD\u00fcnya Rafting Federasyonu \u0130kinci Ba\u015fkan\u0131 ve T\u00fcrkiye Rafting Federasyonu Ba\u015fkan\u0131 Fikret Yard\u0131mc\u0131, fuar boyunca ekibi ile birlikte alanda yo\u011fun bir ziyaret\u00e7i trafi\u011fi ya\u015fad\u0131. Y\u0131llard\u0131r \u00e7e\u015fitli do\u011fa sporlar\u0131 alan\u0131nda Hakkari\u2019de bir\u00e7ok ilke imza atan Cilo Da\u011fc\u0131l\u0131k ve Do\u011fa Sporlar\u0131 Kul\u00fcb\u00fc Derne\u011fi, son bir y\u0131l i\u00e7erisinde ba\u015flatt\u0131\u011f\u0131 rafting sporunda ise k\u0131sa s\u00fcrede b\u00fcy\u00fck ba\u015far\u0131lara imza att\u0131. Yakla\u015f\u0131k sekiz ay gibi k\u0131sa bir s\u00fcrede rafting sporunda T\u00fcrkiye\u2019de yap\u0131lan \u00fc\u00e7 \u015fampiyonada ulusal dereceler elde ederek ba\u015far\u0131l\u0131 bir \u015fekilde ilerledi. Ald\u0131\u011f\u0131 emanet bot ve malzemelerle yar\u0131\u015fan tak\u0131m, ba\u015far\u0131lar\u0131n\u0131 artt\u0131r\u0131nca k\u0131sa s\u00fcre sonra Hakkari tarihinde bir ilk yap\u0131larak iki tak\u0131m halinde 12 ki\u015fiyi milli tak\u0131m kadrosuna almay\u0131 ba\u015fard\u0131. Bu ba\u011flamda ba\u015far\u0131lar\u0131nda s\u0131k\u00e7a s\u00f6z ettiren Cilo Da\u011fc\u0131l\u0131k ve Do\u011fa Sporlar\u0131 Kul\u00fcb\u00fc, fuara davet edilerek Hakkari\u2019yi tan\u0131tt\u0131. S\u0131radan bir fuar olmayan bu olu\u015fum, T\u00fcrkiye\u2019nin profesyonellerinin kendilerini g\u00f6sterdi\u011fi ve birbirleri ile ciddi ba\u011flant\u0131lar kurarak \u00f6nemli projelere imza at\u0131lmas\u0131 yolunda yap\u0131lan bir fuard\u0131r. B\u00fct\u00fcn do\u011fa sporlar\u0131 ve macera turizmi olu\u015fumlar\u0131n\u0131n kat\u0131ld\u0131\u011f\u0131 bu fuara, ilimiz gururla temsil edildi. Bu fuar bizim i\u00e7in \u00e7ok \u00f6nemliydi. Hakkari ilk defa ger\u00e7ek anlamda \u00f6nemli bir potansiyele sahip do\u011fa sporlar\u0131n\u0131 en iyi \u015fekilde tan\u0131tabilece\u011fi bir do\u011fa sporlar\u0131 ve macera turizmi fuar\u0131na kat\u0131ld\u0131. Bu noktada b\u00f6ylesine \u00f6nemli bir temsiliyeti bizlerin yapm\u0131\u015f olmas\u0131 da bizim i\u00e7in gurur ve onur kayna\u011f\u0131 oldu. T\u00fcrkiye\u2019nin profesyonellerinin kat\u0131ld\u0131\u011f\u0131, tan\u0131t\u0131m yapt\u0131\u011f\u0131, s\u00f6yle\u015fi ve sunumlar\u0131n payla\u015f\u0131ld\u0131\u011f\u0131 fuarda, Hakkari Cilo Rafting Tak\u0131m\u0131 olarak bizler de T\u00fcrkiye Rafting Federasyonu saflar\u0131nda yerimizi alarak \u00fclke rafting sporunun geli\u015fimi i\u00e7in birlikte hareket ettik. Bizlere bu \u015fans\u0131 veren ba\u015fta T\u00fcrkiye Rafting Federasyonu Ba\u015fkan\u0131 Fikret Yard\u0131mc\u0131\u2019ya, kat\u0131lmam\u0131z\u0131 sa\u011flayan Valimiz \u0130dris Akb\u0131y\u0131k\u2019a ve her \u00e7al\u0131\u015fmam\u0131zda desteklerini esirgemeyen Rekt\u00f6r\u00fcm\u00fcz Prof. Dr. \u00d6mer Paki\u015f\u2019e te\u015fekk\u00fcrlerimizi sunuyoruz. Son olarak \u015funu s\u00f6ylemek istiyorum. Hakkari \u00e7ocuklar\u0131 ve gen\u00e7leri ba\u015far\u0131l\u0131 insanlard\u0131r. Yeter ki bir el uzat\u0131n ve \u00f6nc\u00fcl\u00fck yap\u0131n. Bu \u00e7ocuklar daha \u00e7ok b\u00fcy\u00fck ba\u015far\u0131lar elde edecek. Aile, STK, kurum ve ki\u015fi destekleri bu konuda \u00e7ok \u00f6nemlidir. Buyurun ilimizin b\u00fcy\u00fckleri, m\u00fclki idare amirleri, STK\u2019lar, anne ve babalar, bizler hep birlikte gen\u00e7lerimizin gelece\u011fi i\u00e7in alt yap\u0131 haz\u0131rlayal\u0131m ve ba\u015far\u0131y\u0131 onlara b\u0131rakal\u0131m. Biz g\u00fcvenelim, gen\u00e7lerimiz kazanmaya devam etsin&#8221; \u015feklinde konu\u015ftu.<div class=\"tiled-gallery type-rectangular tiled-gallery-unresized\" data-original-width=\"500\" data-carousel-extra='null' itemscope itemtype=\"http:\/\/schema.org\/ImageGallery\" > <div class=\"gallery-row\" style=\"width: 500px; height: 684px;\" data-original-width=\"500\" data-original-height=\"684\" > <div class=\"gallery-group images-1\" style=\"width: 500px; height: 684px;\" data-original-width=\"500\" data-original-height=\"684\" > <div class=\"tiled-gallery-item tiled-gallery-item-large\" itemprop=\"associatedMedia\" itemscope itemtype=\"http:\/\/schema.org\/ImageObject\"> <a href=\"http:\/\/www.tvturk.com\/index.php\/hakkari-turkiye-adventure19-fuarina-katildi\/hakkari-turkiye-adventure19-fuarina-katildi-3\/\" border=\"0\" itemprop=\"url\"> <meta itemprop=\"width\" content=\"496\"> <meta itemprop=\"height\" content=\"680\"> <img decoding=\"async\" class=\"\" data-attachment-id=\"48071\" data-orig-file=\"http:\/\/www.tvturk.com\/wp-content\/uploads\/2019\/02\/hakkari-turkiye-adventure19-fuarina-katildi_3cb38f0.jpg\" data-orig-size=\"657,901\" data-comments-opened=\"\" data-image-meta=\"{&quot;aperture&quot;:&quot;0&quot;,&quot;credit&quot;:&quot;IHA&quot;,&quot;camera&quot;:&quot;&quot;,&quot;caption&quot;:&quot;HAKKAR\\u0130 RAFT\\u0130NG TAKIMI VE C\\u0130LO DA\\u011eCILIK VE DO\\u011eA SPORLARI KUL\\u00dcB\\u00dc, \\u0130STANBUL\\u2019DA D\\u00dcZENLENEN T\\u00dcRK\\u0130YE\\u2019N\\u0130N \\u0130LK VE TEK DO\\u011eA SPORLARI VE MACERA TUR\\u0130ZM\\u0130 \\u201cT\\u00dcRK\\u0130YE ADVENTURE19\\u201d FUARINA KATILDI. (FEYZULLAH TA\\u015e\\\/HAKKAR\\u0130-\\u0130HA)&quot;,&quot;created_timestamp&quot;:&quot;1550613960&quot;,&quot;copyright&quot;:&quot;\\u0130HLAS HABER AJANSI, www.iha.com.tr&quot;,&quot;focal_length&quot;:&quot;0&quot;,&quot;iso&quot;:&quot;0&quot;,&quot;shutter_speed&quot;:&quot;0&quot;,&quot;title&quot;:&quot;HAKKAR\\u0130, \\u201cT\\u00dcRK\\u0130YE ADVENTURE19\\u201d FUARINA KATILDI&quot;,&quot;orientation&quot;:&quot;0&quot;}\" data-image-title=\"Hakkari, \u201cT\u00fcrkiye Adventure19\u201d fuar\u0131na kat\u0131ld\u0131\" data-image-description=\"&lt;p&gt;Hakkari, \u201cT\u00fcrkiye Adventure19\u201d fuar\u0131na kat\u0131ld\u0131&lt;\/p&gt; \" data-medium-file=\"https:\/\/i0.wp.com\/www.tvturk.com\/wp-content\/uploads\/2019\/02\/hakkari-turkiye-adventure19-fuarina-katildi_3cb38f0.jpg?fit=219%2C300\" data-large-file=\"https:\/\/i0.wp.com\/www.tvturk.com\/wp-content\/uploads\/2019\/02\/hakkari-turkiye-adventure19-fuarina-katildi_3cb38f0.jpg?fit=657%2C901\" src=\"https:\/\/i0.wp.com\/www.tvturk.com\/wp-content\/uploads\/2019\/02\/hakkari-turkiye-adventure19-fuarina-katildi_3cb38f0.jpg?w=496&#038;h=680\" srcset=\"https:\/\/i0.wp.com\/www.tvturk.com\/wp-content\/uploads\/2019\/02\/hakkari-turkiye-adventure19-fuarina-katildi_3cb38f0.jpg?w=657 657w, https:\/\/i0.wp.com\/www.tvturk.com\/wp-content\/uploads\/2019\/02\/hakkari-turkiye-adventure19-fuarina-katildi_3cb38f0.jpg?resize=109%2C150 109w, https:\/\/i0.wp.com\/www.tvturk.com\/wp-content\/uploads\/2019\/02\/hakkari-turkiye-adventure19-fuarina-katildi_3cb38f0.jpg?resize=219%2C300 219w\" width=\"496\" height=\"680\" loading=\"lazy\" data-original-width=\"496\" data-original-height=\"680\" itemprop=\"http:\/\/schema.org\/image\" title=\"Hakkari, \u201cT\u00fcrkiye Adventure19\u201d fuar\u0131na kat\u0131ld\u0131\" alt=\"Hakkari, \u201cT\u00fcrkiye Adventure19\u201d fuar\u0131na kat\u0131ld\u0131\" style=\"width: 496px; height: 680px;\" \/> <\/a> <\/div> <\/div> <!-- close group --> <\/div> <!-- close row --> <\/div><\/p>\n","protected":false},"excerpt":{"rendered":"<p>HAKKAR\u0130 RAFT\u0130NG TAKIMI VE C\u0130LO DA\u011eCILIK VE DO\u011eA SPORLARI KUL\u00dcB\u00dc, \u0130STANBUL\u2019DA D\u00dcZENLENEN T\u00dcRK\u0130YE\u2019N\u0130N \u0130LK VE TEK DO\u011eA SPORLARI VE MACERA TUR\u0130ZM\u0130 \u201cT\u00dcRK\u0130YE ADVENTURE19\u201d FUARINA KATILDI.<\/p>\n","protected":false},"author":1,"featured_media":48070,"comment_status":"closed","ping_status":"open","sticky":false,"template":"","format":"standard","meta":{"jetpack_post_was_ever_published":false,"_jetpack_newsletter_access":"","_jetpack_dont_email_post_to_subs":false,"_jetpack_newsletter_tier_id":0,"_jetpack_memberships_contains_paywalled_content":false,"_jetpack_memberships_contains_paid_content":false,"footnotes":"","jetpack_publicize_message":"","jetpack_publicize_feature_enabled":true,"jetpack_social_post_already_shared":false,"jetpack_social_options":{"image_generator_settings":{"template":"highway","default_image_id":0,"font":"","enabled":false},"version":2}},"categories":[657],"tags":[16209,2176,1674,1757,453],"class_list":["post-48069","post","type-post","status-publish","format-standard","has-post-thumbnail","hentry","category-spor","tag-adventure19","tag-fuarina","tag-hakkari","tag-katildi","tag-turkiye"],"jetpack_publicize_connections":[],"jetpack_featured_media_url":"https:\/\/i0.wp.com\/www.tvturk.com\/wp-content\/uploads\/2019\/02\/hakkari-turkiye-adventure19-fuarina-katildi_621254f.jpg?fit=720%2C960","jetpack_sharing_enabled":true,"jetpack_shortlink":"https:\/\/wp.me\/paKIfm-cvj","_links":{"self":[{"href":"http:\/\/www.tvturk.com\/index.php\/wp-json\/wp\/v2\/posts\/48069","targetHints":{"allow":["GET"]}}],"collection":[{"href":"http:\/\/www.tvturk.com\/index.php\/wp-json\/wp\/v2\/posts"}],"about":[{"href":"http:\/\/www.tvturk.com\/index.php\/wp-json\/wp\/v2\/types\/post"}],"author":[{"embeddable":true,"href":"http:\/\/www.tvturk.com\/index.php\/wp-json\/wp\/v2\/users\/1"}],"replies":[{"embeddable":true,"href":"http:\/\/www.tvturk.com\/index.php\/wp-json\/wp\/v2\/comments?post=48069"}],"version-history":[{"count":1,"href":"http:\/\/www.tvturk.com\/index.php\/wp-json\/wp\/v2\/posts\/48069\/revisions"}],"predecessor-version":[{"id":48072,"href":"http:\/\/www.tvturk.com\/index.php\/wp-json\/wp\/v2\/posts\/48069\/revisions\/48072"}],"wp:featuredmedia":[{"embeddable":true,"href":"http:\/\/www.tvturk.com\/index.php\/wp-json\/wp\/v2\/media\/48070"}],"wp:attachment":[{"href":"http:\/\/www.tvturk.com\/index.php\/wp-json\/wp\/v2\/media?parent=48069"}],"wp:term":[{"taxonomy":"category","embeddable":true,"href":"http:\/\/www.tvturk.com\/index.php\/wp-json\/wp\/v2\/categories?post=48069"},{"taxonomy":"post_tag","embeddable":true,"href":"http:\/\/www.tvturk.com\/index.php\/wp-json\/wp\/v2\/tags?post=48069"}],"curies":[{"name":"wp","href":"https:\/\/api.w.org\/{rel}","templated":true}]}}