{"id":48106,"date":"2019-02-19T14:21:27","date_gmt":"2019-02-19T11:21:27","guid":{"rendered":"http:\/\/www.tvturk.com\/index.php\/nilufer-belediyesporlu-elke-lale-dunya-ikincisi\/"},"modified":"2019-02-19T14:21:28","modified_gmt":"2019-02-19T11:21:28","slug":"nilufer-belediyesporlu-elke-lale-dunya-ikincisi","status":"publish","type":"post","link":"http:\/\/www.tvturk.com\/index.php\/nilufer-belediyesporlu-elke-lale-dunya-ikincisi\/","title":{"rendered":"Nil\u00fcfer Belediyesporlu Elke Lale d\u00fcnya ikincisi"},"content":{"rendered":"<p>Nil\u00fcfer Belediyespor\u2019un milli sporcusu Elke Lale Van Achterberg, Tekerlekli Sandalye Eskrim D\u00fcnya \u015eampiyonas\u0131\u2019nda iki dalda d\u00fcnya ikincisi oldu. \u0130ki g\u00fcm\u00fc\u015f madalya kazanan mill\u00ee sporcu, T\u00fcrkiye\u2019yi gururland\u0131rd\u0131.<\/p>\n<p>Nil\u00fcfer Belediyespor Tekerlekli Sandalye Eskrim Tak\u0131m\u0131\u2019n\u0131n mill\u00ee sporcusu Elke Lale Van Achterberg, Tekerlekli Sandalye Eskrim D\u00fcnya \u015eampiyonas\u0131\u2019nda T\u00fcrkiye\u2019ye b\u00fcy\u00fck bir sevin\u00e7 ya\u015fatt\u0131. Birle\u015fik Arap Emirlikleri\u2019nde ger\u00e7ekle\u015ftirilen Tekerlekli Sandalye Eskrim U17 ve U23 D\u00fcnya \u015eampiyonas\u0131\u2019nda T\u00fcrkiye\u2019yi temsil eden Elke Lale Van Achterberg, fl\u00f6re ve epe bran\u015flar\u0131nda b\u00fcy\u00fck bir ba\u015far\u0131ya imz\u00e2 att\u0131. \u015eampiyonan\u0131n U17 Kad\u0131nlar Fl\u00f6re ve U23 Kad\u0131nlar Epe bran\u015f\u0131nda m\u00fccadele eden Elke Lale Van Achterberg, rakiplerini ma\u011flup ederek her iki bran\u015fta da d\u00fcnya ikincisi oldu. \u0130ki g\u00fcm\u00fc\u015f madalya birden kazanan mill\u00ee sporcu, T\u00fcrkiye\u2019ye b\u00fcy\u00fck bir sevin\u00e7 ya\u015fatt\u0131. Nil\u00fcfer Belediyespor\u2019un ba\u015far\u0131l\u0131 sporcusu Elke Lale Van Achterberg, Temmuz 2018 ay\u0131ndaki D\u00fcnya \u015eampiyonas\u0131\u2019nda da 1 alt\u0131n, 1 g\u00fcm\u00fc\u015f ve 2 bronz madalya kazanm\u0131\u015ft\u0131.<\/p>\n<p>spora ve sporcuya verdikleri desteklerin kar\u015f\u0131l\u0131\u011f\u0131n\u0131, ulusal ve uluslararas\u0131 ba\u015far\u0131larla ald\u0131klar\u0131n\u0131 vurgulayan Nil\u00fcfer Belediye Ba\u015fkan\u0131 ve Bursa B\u00fcy\u00fck\u015fehir Belediye Ba\u015fkan Aday\u0131 Mustafa Bozbey, \u201c20 y\u0131l \u00f6nce ba\u015flatt\u0131\u011f\u0131m\u0131z spor \u015fehri Nil\u00fcfer hedefimiz do\u011frultusunda her ge\u00e7en g\u00fcn sporcular\u0131m\u0131z, ulusal ve uluslararas\u0131 m\u00fcsabakalarda ba\u015far\u0131 kazan\u0131yor. Gen\u00e7 sporcumuz Elke Lale Van Achterberg, iki bran\u015fta d\u00fcnya ikincisi olarak hem Bursa\u2019ya hem T\u00fcrkiye\u2019ye b\u00fcy\u00fck bir gurur ya\u015fatt\u0131. Sporcumuzu ve antren\u00f6rlerimizi ba\u015far\u0131lar\u0131ndan dolay\u0131 tebrik ediyorum\u201d \u015feklinde konu\u015ftu.<div class=\"tiled-gallery type-rectangular tiled-gallery-unresized\" data-original-width=\"500\" data-carousel-extra='null' itemscope itemtype=\"http:\/\/schema.org\/ImageGallery\" > <div class=\"gallery-row\" style=\"width: 500px; height: 665px;\" data-original-width=\"500\" data-original-height=\"665\" > <div class=\"gallery-group images-1\" style=\"width: 500px; height: 665px;\" data-original-width=\"500\" data-original-height=\"665\" > <div class=\"tiled-gallery-item tiled-gallery-item-large\" itemprop=\"associatedMedia\" itemscope itemtype=\"http:\/\/schema.org\/ImageObject\"> <a href=\"http:\/\/www.tvturk.com\/index.php\/nilufer-belediyesporlu-elke-lale-dunya-ikincisi\/nilufer-belediyesporlu-elke-lale-dunya-ikincisi-3\/\" border=\"0\" itemprop=\"url\"> <meta itemprop=\"width\" content=\"496\"> <meta itemprop=\"height\" content=\"661\"> <img decoding=\"async\" class=\"\" data-attachment-id=\"48108\" data-orig-file=\"http:\/\/www.tvturk.com\/wp-content\/uploads\/2019\/02\/nilufer-belediyesporlu-elke-lale-dunya-ikincisi_c6d3e05.jpg\" data-orig-size=\"750,1000\" data-comments-opened=\"\" data-image-meta=\"{&quot;aperture&quot;:&quot;0&quot;,&quot;credit&quot;:&quot;IHA&quot;,&quot;camera&quot;:&quot;&quot;,&quot;caption&quot;:&quot;N\\u0130L\\u00dcFER BELED\\u0130YESPOR\\u2019UN M\\u0130LL\\u0130 SPORCUSU ELKE LALE VAN ACHTERBERG, TEKERLEKL\\u0130 SANDALYE ESKR\\u0130M D\\u00dcNYA \\u015eAMP\\u0130YONASI\\u2019NDA \\u0130K\\u0130 DALDA D\\u00dcNYA \\u0130K\\u0130NC\\u0130S\\u0130 OLDU (\\u0130HA\\\/BURSA-\\u0130HA)&quot;,&quot;created_timestamp&quot;:&quot;0&quot;,&quot;copyright&quot;:&quot;\\u0130HLAS HABER AJANSI, www.iha.com.tr&quot;,&quot;focal_length&quot;:&quot;0&quot;,&quot;iso&quot;:&quot;0&quot;,&quot;shutter_speed&quot;:&quot;0&quot;,&quot;title&quot;:&quot;N\\u0130L\\u00dcFER BELED\\u0130YESPORLU ELKE LALE D\\u00dcNYA \\u0130K\\u0130NC\\u0130S\\u0130&quot;,&quot;orientation&quot;:&quot;0&quot;}\" data-image-title=\"Nil\u00fcfer Belediyesporlu Elke Lale d\u00fcnya ikincisi\" data-image-description=\"&lt;p&gt;Nil\u00fcfer Belediyesporlu Elke Lale d\u00fcnya ikincisi&lt;\/p&gt; \" data-medium-file=\"https:\/\/i0.wp.com\/www.tvturk.com\/wp-content\/uploads\/2019\/02\/nilufer-belediyesporlu-elke-lale-dunya-ikincisi_c6d3e05.jpg?fit=225%2C300\" data-large-file=\"https:\/\/i0.wp.com\/www.tvturk.com\/wp-content\/uploads\/2019\/02\/nilufer-belediyesporlu-elke-lale-dunya-ikincisi_c6d3e05.jpg?fit=750%2C1000\" src=\"https:\/\/i0.wp.com\/www.tvturk.com\/wp-content\/uploads\/2019\/02\/nilufer-belediyesporlu-elke-lale-dunya-ikincisi_c6d3e05.jpg?w=496&#038;h=661\" srcset=\"https:\/\/i0.wp.com\/www.tvturk.com\/wp-content\/uploads\/2019\/02\/nilufer-belediyesporlu-elke-lale-dunya-ikincisi_c6d3e05.jpg?w=750 750w, https:\/\/i0.wp.com\/www.tvturk.com\/wp-content\/uploads\/2019\/02\/nilufer-belediyesporlu-elke-lale-dunya-ikincisi_c6d3e05.jpg?resize=113%2C150 113w, https:\/\/i0.wp.com\/www.tvturk.com\/wp-content\/uploads\/2019\/02\/nilufer-belediyesporlu-elke-lale-dunya-ikincisi_c6d3e05.jpg?resize=225%2C300 225w\" width=\"496\" height=\"661\" loading=\"lazy\" data-original-width=\"496\" data-original-height=\"661\" itemprop=\"http:\/\/schema.org\/image\" title=\"Nil\u00fcfer Belediyesporlu Elke Lale d\u00fcnya ikincisi\" alt=\"Nil\u00fcfer Belediyesporlu Elke Lale d\u00fcnya ikincisi\" style=\"width: 496px; height: 661px;\" \/> <\/a> <\/div> <\/div> <!-- close group --> <\/div> <!-- close row --> <\/div><\/p>\n","protected":false},"excerpt":{"rendered":"<p>N\u0130L\u00dcFER BELED\u0130YESPOR\u2019UN M\u0130LL\u0130 SPORCUSU ELKE LALE VAN ACHTERBERG, TEKERLEKL\u0130 SANDALYE ESKR\u0130M D\u00dcNYA \u015eAMP\u0130YONASI\u2019NDA \u0130K\u0130 DALDA D\u00dcNYA \u0130K\u0130NC\u0130S\u0130 OLDU<\/p>\n","protected":false},"author":1,"featured_media":48107,"comment_status":"closed","ping_status":"open","sticky":false,"template":"","format":"standard","meta":{"jetpack_post_was_ever_published":false,"_jetpack_newsletter_access":"","_jetpack_dont_email_post_to_subs":false,"_jetpack_newsletter_tier_id":0,"_jetpack_memberships_contains_paywalled_content":false,"_jetpack_memberships_contains_paid_content":false,"footnotes":"","jetpack_publicize_message":"","jetpack_publicize_feature_enabled":true,"jetpack_social_post_already_shared":false,"jetpack_social_options":{"image_generator_settings":{"template":"highway","default_image_id":0,"font":"","enabled":false},"version":2}},"categories":[657],"tags":[349,3933,16219,454,3126,133],"class_list":["post-48106","post","type-post","status-publish","format-standard","has-post-thumbnail","hentry","category-spor","tag-dunya","tag-belediyesporlu","tag-elke","tag-ikincisi","tag-lale","tag-nilufer"],"jetpack_publicize_connections":[],"jetpack_featured_media_url":"https:\/\/i0.wp.com\/www.tvturk.com\/wp-content\/uploads\/2019\/02\/nilufer-belediyesporlu-elke-lale-dunya-ikincisi_355a333.jpg?fit=1000%2C639","jetpack_sharing_enabled":true,"jetpack_shortlink":"https:\/\/wp.me\/paKIfm-cvU","_links":{"self":[{"href":"http:\/\/www.tvturk.com\/index.php\/wp-json\/wp\/v2\/posts\/48106","targetHints":{"allow":["GET"]}}],"collection":[{"href":"http:\/\/www.tvturk.com\/index.php\/wp-json\/wp\/v2\/posts"}],"about":[{"href":"http:\/\/www.tvturk.com\/index.php\/wp-json\/wp\/v2\/types\/post"}],"author":[{"embeddable":true,"href":"http:\/\/www.tvturk.com\/index.php\/wp-json\/wp\/v2\/users\/1"}],"replies":[{"embeddable":true,"href":"http:\/\/www.tvturk.com\/index.php\/wp-json\/wp\/v2\/comments?post=48106"}],"version-history":[{"count":1,"href":"http:\/\/www.tvturk.com\/index.php\/wp-json\/wp\/v2\/posts\/48106\/revisions"}],"predecessor-version":[{"id":48109,"href":"http:\/\/www.tvturk.com\/index.php\/wp-json\/wp\/v2\/posts\/48106\/revisions\/48109"}],"wp:featuredmedia":[{"embeddable":true,"href":"http:\/\/www.tvturk.com\/index.php\/wp-json\/wp\/v2\/media\/48107"}],"wp:attachment":[{"href":"http:\/\/www.tvturk.com\/index.php\/wp-json\/wp\/v2\/media?parent=48106"}],"wp:term":[{"taxonomy":"category","embeddable":true,"href":"http:\/\/www.tvturk.com\/index.php\/wp-json\/wp\/v2\/categories?post=48106"},{"taxonomy":"post_tag","embeddable":true,"href":"http:\/\/www.tvturk.com\/index.php\/wp-json\/wp\/v2\/tags?post=48106"}],"curies":[{"name":"wp","href":"https:\/\/api.w.org\/{rel}","templated":true}]}}