{"id":48310,"date":"2019-02-19T15:01:40","date_gmt":"2019-02-19T12:01:40","guid":{"rendered":"http:\/\/www.tvturk.com\/index.php\/antalyaspor-ara-vermeden-calismalara-basladi\/"},"modified":"2019-02-19T15:01:44","modified_gmt":"2019-02-19T12:01:44","slug":"antalyaspor-ara-vermeden-calismalara-basladi","status":"publish","type":"post","link":"http:\/\/www.tvturk.com\/index.php\/antalyaspor-ara-vermeden-calismalara-basladi\/","title":{"rendered":"Antalyaspor ara vermeden \u00e7al\u0131\u015fmalara ba\u015flad\u0131"},"content":{"rendered":"<p>Spor Toto S\u00fcper Lig\u2019in 22. hafta kapan\u0131\u015f ma\u00e7\u0131nda sahas\u0131nda Medipol Ba\u015fak\u015fehir ile kar\u015f\u0131la\u015fan Antalyaspor, ara vermeden Demir Grup Sivasspor ma\u00e7\u0131n\u0131n haz\u0131rl\u0131klar\u0131na ba\u015flad\u0131.<\/p>\n<p>Spor Toto S\u00fcper Lig\u2019in 22. hafta kapan\u0131\u015f ma\u00e7\u0131nda d\u00fcn sahas\u0131nda Medipol Ba\u015fak\u015fehir ile kar\u015f\u0131la\u015fan Antalyaspor, Demir Grup Sivasspor ma\u00e7\u0131n\u0131n haz\u0131rl\u0131klar\u0131n\u0131 ba\u015flad\u0131. Cumartesi g\u00fcn\u00fc deplasmanda DG Sivasspor ile kar\u015f\u0131la\u015facak olan k\u0131rm\u0131z\u0131-beyazl\u0131lar 2 grup halinde antrenman yapt\u0131. Medipol Ba\u015fak\u015fehir ma\u00e7\u0131nda ilk on birde forma giyen futbolcular, d\u00fcz ko\u015fu ile \u00e7al\u0131\u015fmay\u0131 tamamlarken, di\u011fer grup 5\u2019e 2 top kapma oyunundan sonra yar\u0131m sahada \u00e7ift kale ma\u00e7 yapt\u0131. Ma\u00e7\u0131, ye\u015fil yelekli tak\u0131m kazand\u0131.<div class=\"tiled-gallery type-rectangular tiled-gallery-unresized\" data-original-width=\"500\" data-carousel-extra='null' itemscope itemtype=\"http:\/\/schema.org\/ImageGallery\" > <div class=\"gallery-row\" style=\"width: 500px; height: 296px;\" data-original-width=\"500\" data-original-height=\"296\" > <div class=\"gallery-group images-1\" style=\"width: 333px; height: 296px;\" data-original-width=\"333\" data-original-height=\"296\" > <div class=\"tiled-gallery-item tiled-gallery-item-large\" itemprop=\"associatedMedia\" itemscope itemtype=\"http:\/\/schema.org\/ImageObject\"> <a href=\"http:\/\/www.tvturk.com\/index.php\/antalyaspor-ara-vermeden-calismalara-basladi\/antalyaspor-ara-vermeden-calismalara-basladi-3\/\" border=\"0\" itemprop=\"url\"> <meta itemprop=\"width\" content=\"329\"> <meta itemprop=\"height\" content=\"292\"> <img decoding=\"async\" class=\"\" data-attachment-id=\"48312\" data-orig-file=\"http:\/\/www.tvturk.com\/wp-content\/uploads\/2019\/02\/antalyaspor-ara-vermeden-calismalara-basladi_8ccb37d.jpg\" data-orig-size=\"1000,887\" data-comments-opened=\"\" data-image-meta=\"{&quot;aperture&quot;:&quot;0&quot;,&quot;credit&quot;:&quot;IHA&quot;,&quot;camera&quot;:&quot;&quot;,&quot;caption&quot;:&quot;SPOR TOTO S\\u00dcPER L\\u0130G\\u0130 22. HAFTA KAPANI\\u015e MA\\u00c7INDA SAHASINDA MED\\u0130POL BA\\u015eAK\\u015eEH\\u0130R \\u0130LE KAR\\u015eILA\\u015eAN ANTALYASPOR, ARA VERMEDEN DEM\\u0130R GRUP S\\u0130VASSPOR MA\\u00c7ININ HAZIRLIKLARINI BA\\u015eLADI. (\\u0130HA\\\/ANTALYA-\\u0130HA)&quot;,&quot;created_timestamp&quot;:&quot;0&quot;,&quot;copyright&quot;:&quot;\\u0130HLAS HABER AJANSI, www.iha.com.tr&quot;,&quot;focal_length&quot;:&quot;0&quot;,&quot;iso&quot;:&quot;0&quot;,&quot;shutter_speed&quot;:&quot;0&quot;,&quot;title&quot;:&quot;ANTALYASPOR ARA VERMEDEN \\u00c7ALI\\u015eMALARA BA\\u015eLADI&quot;,&quot;orientation&quot;:&quot;0&quot;}\" data-image-title=\"Antalyaspor ara vermeden \u00e7al\u0131\u015fmalara ba\u015flad\u0131\" data-image-description=\"&lt;p&gt;Antalyaspor ara vermeden \u00e7al\u0131\u015fmalara ba\u015flad\u0131&lt;\/p&gt; \" data-medium-file=\"https:\/\/i0.wp.com\/www.tvturk.com\/wp-content\/uploads\/2019\/02\/antalyaspor-ara-vermeden-calismalara-basladi_8ccb37d.jpg?fit=300%2C266\" data-large-file=\"https:\/\/i0.wp.com\/www.tvturk.com\/wp-content\/uploads\/2019\/02\/antalyaspor-ara-vermeden-calismalara-basladi_8ccb37d.jpg?fit=1000%2C887\" src=\"https:\/\/i0.wp.com\/www.tvturk.com\/wp-content\/uploads\/2019\/02\/antalyaspor-ara-vermeden-calismalara-basladi_8ccb37d.jpg?w=329&#038;h=292\" srcset=\"https:\/\/i0.wp.com\/www.tvturk.com\/wp-content\/uploads\/2019\/02\/antalyaspor-ara-vermeden-calismalara-basladi_8ccb37d.jpg?w=1000 1000w, https:\/\/i0.wp.com\/www.tvturk.com\/wp-content\/uploads\/2019\/02\/antalyaspor-ara-vermeden-calismalara-basladi_8ccb37d.jpg?resize=150%2C133 150w, https:\/\/i0.wp.com\/www.tvturk.com\/wp-content\/uploads\/2019\/02\/antalyaspor-ara-vermeden-calismalara-basladi_8ccb37d.jpg?resize=300%2C266 300w, https:\/\/i0.wp.com\/www.tvturk.com\/wp-content\/uploads\/2019\/02\/antalyaspor-ara-vermeden-calismalara-basladi_8ccb37d.jpg?resize=768%2C681 768w\" width=\"329\" height=\"292\" loading=\"lazy\" data-original-width=\"329\" data-original-height=\"292\" itemprop=\"http:\/\/schema.org\/image\" title=\"Antalyaspor ara vermeden \u00e7al\u0131\u015fmalara ba\u015flad\u0131\" alt=\"Antalyaspor ara vermeden \u00e7al\u0131\u015fmalara ba\u015flad\u0131\" style=\"width: 329px; height: 292px;\" \/> <\/a> <\/div> <\/div> <!-- close group --> <div class=\"gallery-group images-2\" style=\"width: 167px; height: 296px;\" data-original-width=\"167\" data-original-height=\"296\" > <div class=\"tiled-gallery-item tiled-gallery-item-small\" itemprop=\"associatedMedia\" itemscope itemtype=\"http:\/\/schema.org\/ImageObject\"> <a href=\"http:\/\/www.tvturk.com\/index.php\/antalyaspor-ara-vermeden-calismalara-basladi\/antalyaspor-ara-vermeden-calismalara-basladi-4\/\" border=\"0\" itemprop=\"url\"> <meta itemprop=\"width\" content=\"163\"> <meta itemprop=\"height\" content=\"140\"> <img decoding=\"async\" class=\"\" data-attachment-id=\"48313\" data-orig-file=\"http:\/\/www.tvturk.com\/wp-content\/uploads\/2019\/02\/antalyaspor-ara-vermeden-calismalara-basladi_ab4cbed.jpg\" data-orig-size=\"1000,858\" data-comments-opened=\"\" data-image-meta=\"{&quot;aperture&quot;:&quot;0&quot;,&quot;credit&quot;:&quot;IHA&quot;,&quot;camera&quot;:&quot;&quot;,&quot;caption&quot;:&quot;SPOR TOTO S\\u00dcPER L\\u0130G\\u0130 22. HAFTA KAPANI\\u015e MA\\u00c7INDA SAHASINDA MED\\u0130POL BA\\u015eAK\\u015eEH\\u0130R \\u0130LE KAR\\u015eILA\\u015eAN ANTALYASPOR, ARA VERMEDEN DEM\\u0130R GRUP S\\u0130VASSPOR MA\\u00c7ININ HAZIRLIKLARINI BA\\u015eLADI. (\\u0130HA\\\/ANTALYA-\\u0130HA)&quot;,&quot;created_timestamp&quot;:&quot;0&quot;,&quot;copyright&quot;:&quot;\\u0130HLAS HABER AJANSI, www.iha.com.tr&quot;,&quot;focal_length&quot;:&quot;0&quot;,&quot;iso&quot;:&quot;0&quot;,&quot;shutter_speed&quot;:&quot;0&quot;,&quot;title&quot;:&quot;ANTALYASPOR ARA VERMEDEN \\u00c7ALI\\u015eMALARA BA\\u015eLADI&quot;,&quot;orientation&quot;:&quot;0&quot;}\" data-image-title=\"Antalyaspor ara vermeden \u00e7al\u0131\u015fmalara ba\u015flad\u0131\" data-image-description=\"&lt;p&gt;Antalyaspor ara vermeden \u00e7al\u0131\u015fmalara ba\u015flad\u0131&lt;\/p&gt; \" data-medium-file=\"https:\/\/i0.wp.com\/www.tvturk.com\/wp-content\/uploads\/2019\/02\/antalyaspor-ara-vermeden-calismalara-basladi_ab4cbed.jpg?fit=300%2C257\" data-large-file=\"https:\/\/i0.wp.com\/www.tvturk.com\/wp-content\/uploads\/2019\/02\/antalyaspor-ara-vermeden-calismalara-basladi_ab4cbed.jpg?fit=1000%2C858\" src=\"https:\/\/i0.wp.com\/www.tvturk.com\/wp-content\/uploads\/2019\/02\/antalyaspor-ara-vermeden-calismalara-basladi_ab4cbed.jpg?w=163&#038;h=140\" srcset=\"https:\/\/i0.wp.com\/www.tvturk.com\/wp-content\/uploads\/2019\/02\/antalyaspor-ara-vermeden-calismalara-basladi_ab4cbed.jpg?w=1000 1000w, https:\/\/i0.wp.com\/www.tvturk.com\/wp-content\/uploads\/2019\/02\/antalyaspor-ara-vermeden-calismalara-basladi_ab4cbed.jpg?resize=150%2C129 150w, https:\/\/i0.wp.com\/www.tvturk.com\/wp-content\/uploads\/2019\/02\/antalyaspor-ara-vermeden-calismalara-basladi_ab4cbed.jpg?resize=300%2C257 300w, https:\/\/i0.wp.com\/www.tvturk.com\/wp-content\/uploads\/2019\/02\/antalyaspor-ara-vermeden-calismalara-basladi_ab4cbed.jpg?resize=768%2C659 768w\" width=\"163\" height=\"140\" loading=\"lazy\" data-original-width=\"163\" data-original-height=\"140\" itemprop=\"http:\/\/schema.org\/image\" title=\"Antalyaspor ara vermeden \u00e7al\u0131\u015fmalara ba\u015flad\u0131\" alt=\"Antalyaspor ara vermeden \u00e7al\u0131\u015fmalara ba\u015flad\u0131\" style=\"width: 163px; height: 140px;\" \/> <\/a> <\/div> <div class=\"tiled-gallery-item tiled-gallery-item-small\" itemprop=\"associatedMedia\" itemscope itemtype=\"http:\/\/schema.org\/ImageObject\"> <a href=\"http:\/\/www.tvturk.com\/index.php\/antalyaspor-ara-vermeden-calismalara-basladi\/antalyaspor-ara-vermeden-calismalara-basladi-5\/\" border=\"0\" itemprop=\"url\"> <meta itemprop=\"width\" content=\"163\"> <meta itemprop=\"height\" content=\"148\"> <img decoding=\"async\" class=\"\" data-attachment-id=\"48314\" data-orig-file=\"http:\/\/www.tvturk.com\/wp-content\/uploads\/2019\/02\/antalyaspor-ara-vermeden-calismalara-basladi_ead94f5.jpg\" data-orig-size=\"1000,908\" data-comments-opened=\"\" data-image-meta=\"{&quot;aperture&quot;:&quot;0&quot;,&quot;credit&quot;:&quot;IHA&quot;,&quot;camera&quot;:&quot;&quot;,&quot;caption&quot;:&quot;SPOR TOTO S\\u00dcPER L\\u0130G\\u0130 22. HAFTA KAPANI\\u015e MA\\u00c7INDA SAHASINDA MED\\u0130POL BA\\u015eAK\\u015eEH\\u0130R \\u0130LE KAR\\u015eILA\\u015eAN ANTALYASPOR, ARA VERMEDEN DEM\\u0130R GRUP S\\u0130VASSPOR MA\\u00c7ININ HAZIRLIKLARINI BA\\u015eLADI. (\\u0130HA\\\/ANTALYA-\\u0130HA)&quot;,&quot;created_timestamp&quot;:&quot;0&quot;,&quot;copyright&quot;:&quot;\\u0130HLAS HABER AJANSI, www.iha.com.tr&quot;,&quot;focal_length&quot;:&quot;0&quot;,&quot;iso&quot;:&quot;0&quot;,&quot;shutter_speed&quot;:&quot;0&quot;,&quot;title&quot;:&quot;ANTALYASPOR ARA VERMEDEN \\u00c7ALI\\u015eMALARA BA\\u015eLADI&quot;,&quot;orientation&quot;:&quot;0&quot;}\" data-image-title=\"Antalyaspor ara vermeden \u00e7al\u0131\u015fmalara ba\u015flad\u0131\" data-image-description=\"&lt;p&gt;Antalyaspor ara vermeden \u00e7al\u0131\u015fmalara ba\u015flad\u0131&lt;\/p&gt; \" data-medium-file=\"https:\/\/i0.wp.com\/www.tvturk.com\/wp-content\/uploads\/2019\/02\/antalyaspor-ara-vermeden-calismalara-basladi_ead94f5.jpg?fit=300%2C272\" data-large-file=\"https:\/\/i0.wp.com\/www.tvturk.com\/wp-content\/uploads\/2019\/02\/antalyaspor-ara-vermeden-calismalara-basladi_ead94f5.jpg?fit=1000%2C908\" src=\"https:\/\/i0.wp.com\/www.tvturk.com\/wp-content\/uploads\/2019\/02\/antalyaspor-ara-vermeden-calismalara-basladi_ead94f5.jpg?w=163&#038;h=148\" srcset=\"https:\/\/i0.wp.com\/www.tvturk.com\/wp-content\/uploads\/2019\/02\/antalyaspor-ara-vermeden-calismalara-basladi_ead94f5.jpg?w=1000 1000w, https:\/\/i0.wp.com\/www.tvturk.com\/wp-content\/uploads\/2019\/02\/antalyaspor-ara-vermeden-calismalara-basladi_ead94f5.jpg?resize=150%2C136 150w, https:\/\/i0.wp.com\/www.tvturk.com\/wp-content\/uploads\/2019\/02\/antalyaspor-ara-vermeden-calismalara-basladi_ead94f5.jpg?resize=300%2C272 300w, https:\/\/i0.wp.com\/www.tvturk.com\/wp-content\/uploads\/2019\/02\/antalyaspor-ara-vermeden-calismalara-basladi_ead94f5.jpg?resize=768%2C697 768w\" width=\"163\" height=\"148\" loading=\"lazy\" data-original-width=\"163\" data-original-height=\"148\" itemprop=\"http:\/\/schema.org\/image\" title=\"Antalyaspor ara vermeden \u00e7al\u0131\u015fmalara ba\u015flad\u0131\" alt=\"Antalyaspor ara vermeden \u00e7al\u0131\u015fmalara ba\u015flad\u0131\" style=\"width: 163px; height: 148px;\" \/> <\/a> <\/div> <\/div> <!-- close group --> <\/div> <!-- close row --> <div class=\"gallery-row\" style=\"width: 500px; height: 479px;\" data-original-width=\"500\" data-original-height=\"479\" > <div class=\"gallery-group images-1\" style=\"width: 500px; height: 479px;\" data-original-width=\"500\" data-original-height=\"479\" > <div class=\"tiled-gallery-item tiled-gallery-item-large\" itemprop=\"associatedMedia\" itemscope itemtype=\"http:\/\/schema.org\/ImageObject\"> <a href=\"http:\/\/www.tvturk.com\/index.php\/antalyaspor-ara-vermeden-calismalara-basladi\/antalyaspor-ara-vermeden-calismalara-basladi-6\/\" border=\"0\" itemprop=\"url\"> <meta itemprop=\"width\" content=\"496\"> <meta itemprop=\"height\" content=\"475\"> <img decoding=\"async\" class=\"\" data-attachment-id=\"48315\" data-orig-file=\"http:\/\/www.tvturk.com\/wp-content\/uploads\/2019\/02\/antalyaspor-ara-vermeden-calismalara-basladi_985ec49.jpg\" data-orig-size=\"1000,957\" data-comments-opened=\"\" data-image-meta=\"{&quot;aperture&quot;:&quot;0&quot;,&quot;credit&quot;:&quot;IHA&quot;,&quot;camera&quot;:&quot;&quot;,&quot;caption&quot;:&quot;SPOR TOTO S\\u00dcPER L\\u0130G\\u0130 22. HAFTA KAPANI\\u015e MA\\u00c7INDA SAHASINDA MED\\u0130POL BA\\u015eAK\\u015eEH\\u0130R \\u0130LE KAR\\u015eILA\\u015eAN ANTALYASPOR, ARA VERMEDEN DEM\\u0130R GRUP S\\u0130VASSPOR MA\\u00c7ININ HAZIRLIKLARINI BA\\u015eLADI. (\\u0130HA\\\/ANTALYA-\\u0130HA)&quot;,&quot;created_timestamp&quot;:&quot;0&quot;,&quot;copyright&quot;:&quot;\\u0130HLAS HABER AJANSI, www.iha.com.tr&quot;,&quot;focal_length&quot;:&quot;0&quot;,&quot;iso&quot;:&quot;0&quot;,&quot;shutter_speed&quot;:&quot;0&quot;,&quot;title&quot;:&quot;ANTALYASPOR ARA VERMEDEN \\u00c7ALI\\u015eMALARA BA\\u015eLADI&quot;,&quot;orientation&quot;:&quot;0&quot;}\" data-image-title=\"Antalyaspor ara vermeden \u00e7al\u0131\u015fmalara ba\u015flad\u0131\" data-image-description=\"&lt;p&gt;Antalyaspor ara vermeden \u00e7al\u0131\u015fmalara ba\u015flad\u0131&lt;\/p&gt; \" data-medium-file=\"https:\/\/i0.wp.com\/www.tvturk.com\/wp-content\/uploads\/2019\/02\/antalyaspor-ara-vermeden-calismalara-basladi_985ec49.jpg?fit=300%2C287\" data-large-file=\"https:\/\/i0.wp.com\/www.tvturk.com\/wp-content\/uploads\/2019\/02\/antalyaspor-ara-vermeden-calismalara-basladi_985ec49.jpg?fit=1000%2C957\" src=\"https:\/\/i0.wp.com\/www.tvturk.com\/wp-content\/uploads\/2019\/02\/antalyaspor-ara-vermeden-calismalara-basladi_985ec49.jpg?w=496&#038;h=475\" srcset=\"https:\/\/i0.wp.com\/www.tvturk.com\/wp-content\/uploads\/2019\/02\/antalyaspor-ara-vermeden-calismalara-basladi_985ec49.jpg?w=1000 1000w, https:\/\/i0.wp.com\/www.tvturk.com\/wp-content\/uploads\/2019\/02\/antalyaspor-ara-vermeden-calismalara-basladi_985ec49.jpg?resize=150%2C144 150w, https:\/\/i0.wp.com\/www.tvturk.com\/wp-content\/uploads\/2019\/02\/antalyaspor-ara-vermeden-calismalara-basladi_985ec49.jpg?resize=300%2C287 300w, https:\/\/i0.wp.com\/www.tvturk.com\/wp-content\/uploads\/2019\/02\/antalyaspor-ara-vermeden-calismalara-basladi_985ec49.jpg?resize=768%2C735 768w\" width=\"496\" height=\"475\" loading=\"lazy\" data-original-width=\"496\" data-original-height=\"475\" itemprop=\"http:\/\/schema.org\/image\" title=\"Antalyaspor ara vermeden \u00e7al\u0131\u015fmalara ba\u015flad\u0131\" alt=\"Antalyaspor ara vermeden \u00e7al\u0131\u015fmalara ba\u015flad\u0131\" style=\"width: 496px; height: 475px;\" \/> <\/a> <\/div> <\/div> <!-- close group --> <\/div> <!-- close row --> <\/div><\/p>\n","protected":false},"excerpt":{"rendered":"<p>SPOR TOTO S\u00dcPER L\u0130G\u0130 22. HAFTA KAPANI\u015e MA\u00c7INDA SAHASINDA MED\u0130POL BA\u015eAK\u015eEH\u0130R \u0130LE KAR\u015eILA\u015eAN ANTALYASPOR, ARA VERMEDEN DEM\u0130R GRUP S\u0130VASSPOR MA\u00c7ININ HAZIRLIKLARINI BA\u015eLADI.<\/p>\n","protected":false},"author":1,"featured_media":48311,"comment_status":"closed","ping_status":"open","sticky":false,"template":"","format":"standard","meta":{"jetpack_post_was_ever_published":false,"_jetpack_newsletter_access":"","_jetpack_dont_email_post_to_subs":false,"_jetpack_newsletter_tier_id":0,"_jetpack_memberships_contains_paywalled_content":false,"_jetpack_memberships_contains_paid_content":false,"footnotes":"","jetpack_publicize_message":"","jetpack_publicize_feature_enabled":true,"jetpack_social_post_already_shared":false,"jetpack_social_options":{"image_generator_settings":{"template":"highway","default_image_id":0,"font":"","enabled":false},"version":2}},"categories":[657],"tags":[5058,112,55,6043,13491],"class_list":["post-48310","post","type-post","status-publish","format-standard","has-post-thumbnail","hentry","category-spor","tag-antalyaspor","tag-ara","tag-basladi","tag-calismalara","tag-vermeden"],"jetpack_publicize_connections":[],"jetpack_featured_media_url":"https:\/\/i0.wp.com\/www.tvturk.com\/wp-content\/uploads\/2019\/02\/antalyaspor-ara-vermeden-calismalara-basladi_22cb4a5.jpg?fit=1000%2C771","jetpack_sharing_enabled":true,"jetpack_shortlink":"https:\/\/wp.me\/paKIfm-czc","_links":{"self":[{"href":"http:\/\/www.tvturk.com\/index.php\/wp-json\/wp\/v2\/posts\/48310","targetHints":{"allow":["GET"]}}],"collection":[{"href":"http:\/\/www.tvturk.com\/index.php\/wp-json\/wp\/v2\/posts"}],"about":[{"href":"http:\/\/www.tvturk.com\/index.php\/wp-json\/wp\/v2\/types\/post"}],"author":[{"embeddable":true,"href":"http:\/\/www.tvturk.com\/index.php\/wp-json\/wp\/v2\/users\/1"}],"replies":[{"embeddable":true,"href":"http:\/\/www.tvturk.com\/index.php\/wp-json\/wp\/v2\/comments?post=48310"}],"version-history":[{"count":1,"href":"http:\/\/www.tvturk.com\/index.php\/wp-json\/wp\/v2\/posts\/48310\/revisions"}],"predecessor-version":[{"id":48316,"href":"http:\/\/www.tvturk.com\/index.php\/wp-json\/wp\/v2\/posts\/48310\/revisions\/48316"}],"wp:featuredmedia":[{"embeddable":true,"href":"http:\/\/www.tvturk.com\/index.php\/wp-json\/wp\/v2\/media\/48311"}],"wp:attachment":[{"href":"http:\/\/www.tvturk.com\/index.php\/wp-json\/wp\/v2\/media?parent=48310"}],"wp:term":[{"taxonomy":"category","embeddable":true,"href":"http:\/\/www.tvturk.com\/index.php\/wp-json\/wp\/v2\/categories?post=48310"},{"taxonomy":"post_tag","embeddable":true,"href":"http:\/\/www.tvturk.com\/index.php\/wp-json\/wp\/v2\/tags?post=48310"}],"curies":[{"name":"wp","href":"https:\/\/api.w.org\/{rel}","templated":true}]}}