{"id":48738,"date":"2019-02-19T16:41:17","date_gmt":"2019-02-19T13:41:17","guid":{"rendered":"http:\/\/www.tvturk.com\/index.php\/vali-ibrahim-akin-kirsehirde-yardimsevenler-dernegi-itinali-calismalar-yapiyor\/"},"modified":"2019-02-19T16:41:17","modified_gmt":"2019-02-19T13:41:17","slug":"vali-ibrahim-akin-kirsehirde-yardimsevenler-dernegi-itinali-calismalar-yapiyor","status":"publish","type":"post","link":"http:\/\/www.tvturk.com\/index.php\/vali-ibrahim-akin-kirsehirde-yardimsevenler-dernegi-itinali-calismalar-yapiyor\/","title":{"rendered":"Vali \u0130brahim Ak\u0131n: &#8220;K\u0131r\u015fehir\u2019de Yard\u0131msevenler Derne\u011fi itinal\u0131 \u00e7al\u0131\u015fmalar yap\u0131yor&#8221;"},"content":{"rendered":"<p>Yard\u0131m Sevenler Derne\u011fi K\u0131r\u015fehir \u015eubesi Y\u00f6netim Kurulu \u00dcyeleri, 91. Kurulu\u015f Y\u0131ld\u00f6n\u00fcmleri sebebiyle Vali \u0130brahim Ak\u0131n\u2019\u0131 ziyaret etti.<\/p>\n<p>Vali Ak\u0131n, ziyaret s\u0131ras\u0131nda yapt\u0131\u011f\u0131 konu\u015fmada, K\u0131r\u015fehir\u2019de \u00f6nemli ve faydal\u0131 faaliyetlerde bulunan Yard\u0131m Sevenler Derne\u011fi\u2019nin 91. y\u0131l\u0131n\u0131 kutlad\u0131\u011f\u0131n\u0131 ve itinal\u0131 \u00e7al\u0131\u015fmalar yapt\u0131\u011f\u0131n\u0131 s\u00f6yledi.<\/p>\n<p>Yard\u0131m Sevenler Derne\u011fi\u2019nin kuruldu\u011fu g\u00fcnden beri \u00f6rnek olacak \u00f6nemli faaliyetler y\u00fcr\u00fctt\u00fc\u011f\u00fcn\u00fc belirten Vali \u0130brahim Ak\u0131n, \u201c91. Kurulu\u015f y\u0131ld\u00f6n\u00fcm\u00fcn\u00fc kutlayan Yard\u0131m Sevenler Derne\u011fi K\u0131r\u015fehir \u015eubesi, itinal\u0131 \u00e7al\u0131\u015fmalar\u0131yla g\u00fczel i\u015fler yapmaktad\u0131r. Dernek, ilimizin hem k\u00fclt\u00fcrel de\u011ferlerinin yan\u0131 s\u0131ra y\u00f6resel tatlar\u0131n\u0131n tan\u0131t\u0131lmas\u0131nda da \u00f6nemli bir rol oynuyor. Dernek \u00fcyeleri, bu sene 31 Ocak -03 \u015eubat 2019 tarihleri aras\u0131nda ger\u00e7ekle\u015ftiren 23. EMITT fuar\u0131nda da yerlerini alarak \u015fehrimizin en iyi \u015fekilde tan\u0131t\u0131lmas\u0131 i\u00e7in emek sarf ettiler. Bizler de ilimizde sivil toplum kurulu\u015flar\u0131 ile daima uyum i\u00e7erisinde olmaya gayret ediyoruz. Yard\u0131m Sevenler Derne\u011fine de gereken deste\u011fi vermekteyiz. Bu duygu ve d\u00fc\u015f\u00fcncelerle derne\u011fin ba\u015far\u0131lar\u0131n\u0131n devam\u0131n\u0131 diliyor ve 91. Y\u0131ld\u00f6n\u00fcmlerini kutluyorum.&#8221; dedi.<\/p>\n<p>Yard\u0131m Sevenler Derne\u011fi K\u0131r\u015fehir \u015eubesi Ba\u015fkan\u0131 Nurten B\u00fcy\u00fcksara\u00e7o\u011flu ba\u015fkanl\u0131\u011f\u0131nda ger\u00e7ekle\u015ftirilen ziyarette, y\u00f6netim kurulu \u00fcyeleri kendilerine verdi\u011fi desteklerden dolay\u0131 Vali \u0130brahim Ak\u0131n\u2019a te\u015fekk\u00fcr etti.<\/p>\n","protected":false},"excerpt":{"rendered":"<p>YARDIM SEVENLER DERNE\u011e\u0130 KIR\u015eEH\u0130R \u015eUBES\u0130 Y\u00d6NET\u0130M KURULU \u00dcYELER\u0130, 91. KURULU\u015e YILD\u00d6N\u00dcMLER\u0130 SEBEB\u0130YLE VAL\u0130 \u0130BRAH\u0130M AKIN\u2019I Z\u0130YARET ETT\u0130.<\/p>\n","protected":false},"author":1,"featured_media":48739,"comment_status":"closed","ping_status":"open","sticky":false,"template":"","format":"standard","meta":{"jetpack_post_was_ever_published":false,"_jetpack_newsletter_access":"","_jetpack_dont_email_post_to_subs":false,"_jetpack_newsletter_tier_id":0,"_jetpack_memberships_contains_paywalled_content":false,"_jetpack_memberships_contains_paid_content":false,"footnotes":"","jetpack_publicize_message":"","jetpack_publicize_feature_enabled":true,"jetpack_social_post_already_shared":false,"jetpack_social_options":{"image_generator_settings":{"template":"highway","default_image_id":0,"font":"","enabled":false},"version":2}},"categories":[1],"tags":[328,676,6333,602,16374,4879,148,1685,16373],"class_list":["post-48738","post","type-post","status-publish","format-standard","has-post-thumbnail","hentry","category-genel","tag-akin","tag-calismalar","tag-dernegi","tag-ibrahim","tag-itinali","tag-kirsehirde","tag-vali","tag-yapiyor","tag-yardimsevenler"],"jetpack_publicize_connections":[],"jetpack_featured_media_url":"https:\/\/i0.wp.com\/www.tvturk.com\/wp-content\/uploads\/2019\/02\/vali-ibrahim-akin-kirsehirde-yardimsevenler-dernegi-itinali-calismalar-yapiyor_d092b63.jpg?fit=1000%2C600","jetpack_sharing_enabled":true,"jetpack_shortlink":"https:\/\/wp.me\/paKIfm-cG6","_links":{"self":[{"href":"http:\/\/www.tvturk.com\/index.php\/wp-json\/wp\/v2\/posts\/48738","targetHints":{"allow":["GET"]}}],"collection":[{"href":"http:\/\/www.tvturk.com\/index.php\/wp-json\/wp\/v2\/posts"}],"about":[{"href":"http:\/\/www.tvturk.com\/index.php\/wp-json\/wp\/v2\/types\/post"}],"author":[{"embeddable":true,"href":"http:\/\/www.tvturk.com\/index.php\/wp-json\/wp\/v2\/users\/1"}],"replies":[{"embeddable":true,"href":"http:\/\/www.tvturk.com\/index.php\/wp-json\/wp\/v2\/comments?post=48738"}],"version-history":[{"count":0,"href":"http:\/\/www.tvturk.com\/index.php\/wp-json\/wp\/v2\/posts\/48738\/revisions"}],"wp:featuredmedia":[{"embeddable":true,"href":"http:\/\/www.tvturk.com\/index.php\/wp-json\/wp\/v2\/media\/48739"}],"wp:attachment":[{"href":"http:\/\/www.tvturk.com\/index.php\/wp-json\/wp\/v2\/media?parent=48738"}],"wp:term":[{"taxonomy":"category","embeddable":true,"href":"http:\/\/www.tvturk.com\/index.php\/wp-json\/wp\/v2\/categories?post=48738"},{"taxonomy":"post_tag","embeddable":true,"href":"http:\/\/www.tvturk.com\/index.php\/wp-json\/wp\/v2\/tags?post=48738"}],"curies":[{"name":"wp","href":"https:\/\/api.w.org\/{rel}","templated":true}]}}