{"id":48842,"date":"2019-02-19T17:11:06","date_gmt":"2019-02-19T14:11:06","guid":{"rendered":"http:\/\/www.tvturk.com\/index.php\/yamacta-mahsur-kalan-keci-akut-ekiplerince-kurtarildi\/"},"modified":"2019-02-19T17:11:09","modified_gmt":"2019-02-19T14:11:09","slug":"yamacta-mahsur-kalan-keci-akut-ekiplerince-kurtarildi","status":"publish","type":"post","link":"http:\/\/www.tvturk.com\/index.php\/yamacta-mahsur-kalan-keci-akut-ekiplerince-kurtarildi\/","title":{"rendered":"Yama\u00e7ta mahsur kalan ke\u00e7i AKUT ekiplerince kurtar\u0131ld\u0131"},"content":{"rendered":"<p>Mersin\u2019in Erdemli il\u00e7esinde otlatmak i\u00e7in g\u00f6t\u00fcr\u00fcld\u00fc\u011f\u00fc da\u011fl\u0131k arazide yama\u00e7ta mahsur kalan ke\u00e7i, AKUT ekiplerince kurtar\u0131ld\u0131.<\/p>\n<p>Edinilen bilgiye g\u00f6re, Erdemli il\u00e7esinde hayvanc\u0131l\u0131kla u\u011fra\u015fan Hasan G\u00f6k\u00e7e, \u00dc\u00e7tepe Mahallesi\u2019nin da\u011fl\u0131k b\u00f6lgesine otlatmak i\u00e7in g\u00f6t\u00fcrd\u00fc\u011f\u00fc ke\u00e7ilerinden birinin kay\u0131p oldu\u011funu fark ederek AKUT ekiplerinden yard\u0131m istedi. \u0130hbar \u00fczerine b\u00f6lgede arama faaliyetleri ba\u015flatan Mersin AKUT ekibi, itfaiye ekiplerinin de yard\u0131m\u0131yla kay\u0131p ke\u00e7iyi mahsur kald\u0131\u011f\u0131 yama\u00e7ta bularak kurtard\u0131. Ke\u00e7i daha sonra sahibine teslim edildi.<div class=\"tiled-gallery type-rectangular tiled-gallery-unresized\" data-original-width=\"500\" data-carousel-extra='null' itemscope itemtype=\"http:\/\/schema.org\/ImageGallery\" > <div class=\"gallery-row\" style=\"width: 500px; height: 376px;\" data-original-width=\"500\" data-original-height=\"376\" > <div class=\"gallery-group images-1\" style=\"width: 500px; height: 376px;\" data-original-width=\"500\" data-original-height=\"376\" > <div class=\"tiled-gallery-item tiled-gallery-item-large\" itemprop=\"associatedMedia\" itemscope itemtype=\"http:\/\/schema.org\/ImageObject\"> <a href=\"http:\/\/www.tvturk.com\/index.php\/yamacta-mahsur-kalan-keci-akut-ekiplerince-kurtarildi\/yamacta-mahsur-kalan-keci-akut-ekiplerince-kurtarildi-3\/\" border=\"0\" itemprop=\"url\"> <meta itemprop=\"width\" content=\"496\"> <meta itemprop=\"height\" content=\"372\"> <img decoding=\"async\" class=\"\" data-attachment-id=\"48844\" data-orig-file=\"http:\/\/www.tvturk.com\/wp-content\/uploads\/2019\/02\/yamacta-mahsur-kalan-keci-akut-ekiplerince-kurtarildi_0ad31c4.jpg\" data-orig-size=\"1000,750\" data-comments-opened=\"\" data-image-meta=\"{&quot;aperture&quot;:&quot;0&quot;,&quot;credit&quot;:&quot;IHA&quot;,&quot;camera&quot;:&quot;&quot;,&quot;caption&quot;:&quot;MERS\\u0130N\\u0027\\u0130N ERDEML\\u0130 \\u0130L\\u00c7ES\\u0130NDE OTLATMAK \\u0130\\u00c7\\u0130N G\\u00d6T\\u00dcR\\u00dcLD\\u00dc\\u011e\\u00dc DA\\u011eLIK ARAZ\\u0130DE YAMA\\u00c7TA MAHSUR KALAN KE\\u00c7\\u0130, AKUT EK\\u0130PLER\\u0130NCE KURTARILDI. (\\u0130HA\\\/MERS\\u0130N-\\u0130HA)&quot;,&quot;created_timestamp&quot;:&quot;0&quot;,&quot;copyright&quot;:&quot;\\u0130HLAS HABER AJANSI, www.iha.com.tr&quot;,&quot;focal_length&quot;:&quot;0&quot;,&quot;iso&quot;:&quot;0&quot;,&quot;shutter_speed&quot;:&quot;0&quot;,&quot;title&quot;:&quot;YAMA\\u00c7TA MAHSUR KALAN KE\\u00c7\\u0130 AKUT EK\\u0130PLER\\u0130NCE KURTARILDI&quot;,&quot;orientation&quot;:&quot;0&quot;}\" data-image-title=\"Yama\u00e7ta mahsur kalan ke\u00e7i AKUT ekiplerince kurtar\u0131ld\u0131\" data-image-description=\"&lt;p&gt;Yama\u00e7ta mahsur kalan ke\u00e7i AKUT ekiplerince kurtar\u0131ld\u0131&lt;\/p&gt; \" data-medium-file=\"https:\/\/i0.wp.com\/www.tvturk.com\/wp-content\/uploads\/2019\/02\/yamacta-mahsur-kalan-keci-akut-ekiplerince-kurtarildi_0ad31c4.jpg?fit=300%2C225\" data-large-file=\"https:\/\/i0.wp.com\/www.tvturk.com\/wp-content\/uploads\/2019\/02\/yamacta-mahsur-kalan-keci-akut-ekiplerince-kurtarildi_0ad31c4.jpg?fit=1000%2C750\" src=\"https:\/\/i0.wp.com\/www.tvturk.com\/wp-content\/uploads\/2019\/02\/yamacta-mahsur-kalan-keci-akut-ekiplerince-kurtarildi_0ad31c4.jpg?w=496&#038;h=372\" srcset=\"https:\/\/i0.wp.com\/www.tvturk.com\/wp-content\/uploads\/2019\/02\/yamacta-mahsur-kalan-keci-akut-ekiplerince-kurtarildi_0ad31c4.jpg?w=1000 1000w, https:\/\/i0.wp.com\/www.tvturk.com\/wp-content\/uploads\/2019\/02\/yamacta-mahsur-kalan-keci-akut-ekiplerince-kurtarildi_0ad31c4.jpg?resize=150%2C113 150w, https:\/\/i0.wp.com\/www.tvturk.com\/wp-content\/uploads\/2019\/02\/yamacta-mahsur-kalan-keci-akut-ekiplerince-kurtarildi_0ad31c4.jpg?resize=300%2C225 300w, https:\/\/i0.wp.com\/www.tvturk.com\/wp-content\/uploads\/2019\/02\/yamacta-mahsur-kalan-keci-akut-ekiplerince-kurtarildi_0ad31c4.jpg?resize=768%2C576 768w\" width=\"496\" height=\"372\" loading=\"lazy\" data-original-width=\"496\" data-original-height=\"372\" itemprop=\"http:\/\/schema.org\/image\" title=\"Yama\u00e7ta mahsur kalan ke\u00e7i AKUT ekiplerince kurtar\u0131ld\u0131\" alt=\"Yama\u00e7ta mahsur kalan ke\u00e7i AKUT ekiplerince kurtar\u0131ld\u0131\" style=\"width: 496px; height: 372px;\" \/> <\/a> <\/div> <\/div> <!-- close group --> <\/div> <!-- close row --> <\/div><\/p>\n","protected":false},"excerpt":{"rendered":"<p>MERS\u0130N&#8217;\u0130N ERDEML\u0130 \u0130L\u00c7ES\u0130NDE OTLATMAK \u0130\u00c7\u0130N G\u00d6T\u00dcR\u00dcLD\u00dc\u011e\u00dc DA\u011eLIK ARAZ\u0130DE YAMA\u00c7TA MAHSUR KALAN KE\u00c7\u0130, AKUT EK\u0130PLER\u0130NCE KURTARILDI.<\/p>\n","protected":false},"author":1,"featured_media":48843,"comment_status":"closed","ping_status":"open","sticky":false,"template":"","format":"standard","meta":{"jetpack_post_was_ever_published":false,"_jetpack_newsletter_access":"","_jetpack_dont_email_post_to_subs":false,"_jetpack_newsletter_tier_id":0,"_jetpack_memberships_contains_paywalled_content":false,"_jetpack_memberships_contains_paid_content":false,"footnotes":"","jetpack_publicize_message":"","jetpack_publicize_feature_enabled":true,"jetpack_social_post_already_shared":false,"jetpack_social_options":{"image_generator_settings":{"template":"highway","default_image_id":0,"font":"","enabled":false},"version":2}},"categories":[1],"tags":[4973,4368,1274,14280,766,2381,16399],"class_list":["post-48842","post","type-post","status-publish","format-standard","has-post-thumbnail","hentry","category-genel","tag-akut","tag-ekiplerince","tag-kalan","tag-keci","tag-kurtarildi","tag-mahsur","tag-yamacta"],"jetpack_publicize_connections":[],"jetpack_featured_media_url":"https:\/\/i0.wp.com\/www.tvturk.com\/wp-content\/uploads\/2019\/02\/yamacta-mahsur-kalan-keci-akut-ekiplerince-kurtarildi_1d7f5a6.jpg?fit=1000%2C750","jetpack_sharing_enabled":true,"jetpack_shortlink":"https:\/\/wp.me\/paKIfm-cHM","_links":{"self":[{"href":"http:\/\/www.tvturk.com\/index.php\/wp-json\/wp\/v2\/posts\/48842","targetHints":{"allow":["GET"]}}],"collection":[{"href":"http:\/\/www.tvturk.com\/index.php\/wp-json\/wp\/v2\/posts"}],"about":[{"href":"http:\/\/www.tvturk.com\/index.php\/wp-json\/wp\/v2\/types\/post"}],"author":[{"embeddable":true,"href":"http:\/\/www.tvturk.com\/index.php\/wp-json\/wp\/v2\/users\/1"}],"replies":[{"embeddable":true,"href":"http:\/\/www.tvturk.com\/index.php\/wp-json\/wp\/v2\/comments?post=48842"}],"version-history":[{"count":1,"href":"http:\/\/www.tvturk.com\/index.php\/wp-json\/wp\/v2\/posts\/48842\/revisions"}],"predecessor-version":[{"id":48845,"href":"http:\/\/www.tvturk.com\/index.php\/wp-json\/wp\/v2\/posts\/48842\/revisions\/48845"}],"wp:featuredmedia":[{"embeddable":true,"href":"http:\/\/www.tvturk.com\/index.php\/wp-json\/wp\/v2\/media\/48843"}],"wp:attachment":[{"href":"http:\/\/www.tvturk.com\/index.php\/wp-json\/wp\/v2\/media?parent=48842"}],"wp:term":[{"taxonomy":"category","embeddable":true,"href":"http:\/\/www.tvturk.com\/index.php\/wp-json\/wp\/v2\/categories?post=48842"},{"taxonomy":"post_tag","embeddable":true,"href":"http:\/\/www.tvturk.com\/index.php\/wp-json\/wp\/v2\/tags?post=48842"}],"curies":[{"name":"wp","href":"https:\/\/api.w.org\/{rel}","templated":true}]}}