{"id":48972,"date":"2019-02-19T17:31:28","date_gmt":"2019-02-19T14:31:28","guid":{"rendered":"http:\/\/www.tvturk.com\/index.php\/savas-ve-akin-cagri-merkezi-binasinda-incelemeler-yapti\/"},"modified":"2019-02-19T17:31:31","modified_gmt":"2019-02-19T14:31:31","slug":"savas-ve-akin-cagri-merkezi-binasinda-incelemeler-yapti","status":"publish","type":"post","link":"http:\/\/www.tvturk.com\/index.php\/savas-ve-akin-cagri-merkezi-binasinda-incelemeler-yapti\/","title":{"rendered":"Sava\u015f ve Ak\u0131n \u00e7a\u011fr\u0131 merkezi binas\u0131nda incelemeler yapt\u0131"},"content":{"rendered":"<p>Cumhur \u0130ttifak\u0131 Ayd\u0131n B\u00fcy\u00fck\u015fehir Belediye Ba\u015fkan Aday\u0131 Mustafa Sava\u015f, Efeler Belediye Ba\u015fkan Aday\u0131 \u00dcmmet Ak\u0131n ile birlikte Mart ay\u0131 i\u00e7erisinde tamamlanmas\u0131 planlanan \u00f6zel \u00e7a\u011fr\u0131 merkezi binas\u0131nda incelemeler yapt\u0131.<\/p>\n<p>Sava\u015f ve Ak\u0131n\u2019a Ak Parti Efeler \u0130l\u00e7e Ba\u015fkan\u0131 \u00c7a\u011fatay G\u00fcla\u015ft\u0131 ve y\u00f6netimi ile Milliyet\u00e7i Hareket Partisi il\u00e7e y\u00f6netimi e\u015flik etti.<\/p>\n<p>Ziyaret esnas\u0131nda bas\u0131n mensuplar\u0131na de\u011ferlendirme yapan Cumhur \u0130ttifak\u0131 Ayd\u0131n B\u00fcy\u00fck\u015fehir Belediye Ba\u015fkan Aday\u0131 Mustafa Sava\u015f, \u201cHedefimiz ilimizin istihdam, ihracat ve yat\u0131r\u0131m kapasitesini art\u0131rmak. \u00c7a\u011fr\u0131 merkezi i\u00e7in uygun bir lokasyon bulamam\u0131\u015ft\u0131k. Say\u0131n valimizin deste\u011fiyle anla\u015fma sa\u011fland\u0131. \u0130lk etapta 300, daha sonra 500, 700 derken 1 y\u0131l i\u00e7erisinde 1000 ki\u015fiye ula\u015fan istihdam sa\u011flanacak. Hedefimiz Ayd\u0131n\u2019\u0131n daha fazla pay almas\u0131n\u0131 sa\u011flamak. B\u00fcy\u00fck\u015fehir belediyesinin ilimizin cazibe merkezi olmas\u0131, \u00fcretimin art\u0131r\u0131lmas\u0131 konusunda hi\u00e7bir faaliyetini g\u00f6remedik. Biz nisan ay\u0131ndan itibaren iktidar\u0131m\u0131z\u0131n g\u00fcc\u00fcn\u00fc yan\u0131m\u0131za alarak yerel kalk\u0131nma hamlesini ba\u015flataca\u011f\u0131z&#8221; dedi.<\/p>\n<p>Kendileri i\u00e7in &#8220;Bal yapmayan ar\u0131&#8221; tan\u0131m\u0131 yapan CHP\u2019li Ayd\u0131n B\u00fcy\u00fck\u015fehir Belediye Ba\u015fkan\u0131 \u00d6zlem \u00c7er\u00e7io\u011flu\u2019na da y\u00fcklenen Mustafa Sava\u015f, &#8220;CHP\u2019li belediye ba\u015fkan\u0131 bize bal yapmayan ar\u0131 diyor. Biz \u00e7ift\u00e7i \u00e7ocu\u011fuyuz. Herkes de kovan\u0131 bilir. \u0130\u015f\u00e7i ar\u0131y\u0131, krali\u00e7e ar\u0131y\u0131 bilir. Biz i\u015f\u00e7i ar\u0131y\u0131z. Yapt\u0131\u011f\u0131m\u0131z hizmetler ortada. Ben merak ediyorum krali\u00e7e ar\u0131 ne yap\u0131yor? Krali\u00e7e ar\u0131 organizasyon anlam\u0131nda hi\u00e7bir \u015fey yapm\u0131yor. \u00dcniversiteyle, muhtarlarla, b\u00fcrokrasiyle diyalog kurmuyor. Organizasyondan yana olmayan bir krali\u00e7e ar\u0131 var. 31 Mart, krali\u00e7e ar\u0131y\u0131 kovandan de\u011fi\u015ftirme g\u00fcn\u00fcd\u00fcr. Biz i\u015f\u00e7i ar\u0131 olarak \u00e7al\u0131\u015fmaya devam edece\u011fiz&#8221; diye konu\u015ftu.<\/p>\n<p>Cumhur \u0130ttifak\u0131 Efeler Belediye Ba\u015fkan Aday\u0131 \u00dcmmet Ak\u0131n ise, \u201cB\u00fcy\u00fck\u015fehir Belediye Ba\u015fka Aday\u0131m Mustafa Sava\u015f Beyefendiyi tebrik ederim \u00f6nemli bir yat\u0131r\u0131m ve istihdam kap\u0131s\u0131, i\u015fsizli\u011fin \u00f6n\u00fcne ge\u00e7ilmesi anlam\u0131nda tabi bu katk\u0131y\u0131 sa\u011flayan ba\u015fta Ayd\u0131n Valimiz Yavuz Selim K\u00f6\u015fger beyefendiye, genel m\u00fcd\u00fcr\u00fcm\u00fcze ve firma sahiplerine Ayd\u0131n\u2019a b\u00f6yle bir ba\u015flang\u0131\u00e7 yapt\u0131klar\u0131 i\u00e7in te\u015fekk\u00fcr ederiz.<\/p>\n<p>G\u00f6reve ba\u015flamadan \u00f6nce h\u00fck\u00fcmetimizin g\u00fcc\u00fcyle birlikte in\u015fallah bu d\u00f6nem Ayd\u0131n ve 17 il\u00e7e belediyesini de kazan\u0131p Ayd\u0131nl\u0131 hem\u015ferilerimizin gelece\u011fini daha g\u00fczel daha geli\u015fmi\u015f ve refah d\u00fczeyi y\u00fckselmi\u015f bir seviyeye getirece\u011fimize buradan s\u00f6z veriyoruz\u201d dedi.<\/p>\n<p>Cumhur \u0130ttifak\u0131 Ayd\u0131n B\u00fcy\u00fck\u015fehir Belediye Ba\u015fkan Aday\u0131 Mustafa Sava\u015f ve Cumhur \u0130ttifak\u0131 Efeler Belediye Ba\u015fkan aday\u0131 \u00dcmmet Ak\u0131n daha sonra Cumhuriyet Caddesi\u2019nde esnaf ve vatanda\u015flar ile bir araya gelerek talep ve s\u0131k\u0131nt\u0131lar\u0131n\u0131 dinledi.<div class=\"tiled-gallery type-rectangular tiled-gallery-unresized\" data-original-width=\"500\" data-carousel-extra='null' itemscope itemtype=\"http:\/\/schema.org\/ImageGallery\" > <div class=\"gallery-row\" style=\"width: 500px; height: 224px;\" data-original-width=\"500\" data-original-height=\"224\" > <div class=\"gallery-group images-1\" style=\"width: 334px; height: 224px;\" data-original-width=\"334\" data-original-height=\"224\" > <div class=\"tiled-gallery-item tiled-gallery-item-large\" itemprop=\"associatedMedia\" itemscope itemtype=\"http:\/\/schema.org\/ImageObject\"> <a href=\"http:\/\/www.tvturk.com\/index.php\/savas-ve-akin-cagri-merkezi-binasinda-incelemeler-yapti\/savas-ve-akin-cagri-merkezi-binasinda-incelemeler-yapti-3\/\" border=\"0\" itemprop=\"url\"> <meta itemprop=\"width\" content=\"330\"> <meta itemprop=\"height\" content=\"220\"> <img decoding=\"async\" class=\"\" data-attachment-id=\"48974\" data-orig-file=\"http:\/\/www.tvturk.com\/wp-content\/uploads\/2019\/02\/savas-ve-akin-cagri-merkezi-binasinda-incelemeler-yapti_7a4f017.jpg\" data-orig-size=\"960,640\" data-comments-opened=\"\" data-image-meta=\"{&quot;aperture&quot;:&quot;0&quot;,&quot;credit&quot;:&quot;IHA&quot;,&quot;camera&quot;:&quot;&quot;,&quot;caption&quot;:&quot;CUMHUR \\u0130TT\\u0130FAKI AYDIN B\\u00dcY\\u00dcK\\u015eEH\\u0130R BELED\\u0130YE BA\\u015eKAN ADAYI MUSTAFA SAVA\\u015e, EFELER BELED\\u0130YE BA\\u015eKAN ADAYI \\u00dcMMET AKIN \\u0130LE B\\u0130RL\\u0130KTE MART AYI \\u0130\\u00c7ER\\u0130S\\u0130NDE TAMAMLANMASI PLANLANAN \\u00d6ZEL \\u00c7A\\u011eRI MERKEZ\\u0130 B\\u0130NASINDA \\u0130NCELEMELER YAPTI. (MEHMET BARLAS\\\/AYDIN-\\u0130HA)&quot;,&quot;created_timestamp&quot;:&quot;1550625480&quot;,&quot;copyright&quot;:&quot;\\u0130HLAS HABER AJANSI, www.iha.com.tr&quot;,&quot;focal_length&quot;:&quot;0&quot;,&quot;iso&quot;:&quot;0&quot;,&quot;shutter_speed&quot;:&quot;0&quot;,&quot;title&quot;:&quot;SAVA\\u015e VE AKIN \\u00c7A\\u011eRI MERKEZ\\u0130 B\\u0130NASINDA \\u0130NCELEMELER YAPTI&quot;,&quot;orientation&quot;:&quot;0&quot;}\" data-image-title=\"Sava\u015f ve Ak\u0131n \u00e7a\u011fr\u0131 merkezi binas\u0131nda incelemeler yapt\u0131\" data-image-description=\"&lt;p&gt;Sava\u015f ve Ak\u0131n \u00e7a\u011fr\u0131 merkezi binas\u0131nda incelemeler yapt\u0131&lt;\/p&gt; \" data-medium-file=\"https:\/\/i0.wp.com\/www.tvturk.com\/wp-content\/uploads\/2019\/02\/savas-ve-akin-cagri-merkezi-binasinda-incelemeler-yapti_7a4f017.jpg?fit=300%2C200\" data-large-file=\"https:\/\/i0.wp.com\/www.tvturk.com\/wp-content\/uploads\/2019\/02\/savas-ve-akin-cagri-merkezi-binasinda-incelemeler-yapti_7a4f017.jpg?fit=960%2C640\" src=\"https:\/\/i0.wp.com\/www.tvturk.com\/wp-content\/uploads\/2019\/02\/savas-ve-akin-cagri-merkezi-binasinda-incelemeler-yapti_7a4f017.jpg?w=330&#038;h=220\" srcset=\"https:\/\/i0.wp.com\/www.tvturk.com\/wp-content\/uploads\/2019\/02\/savas-ve-akin-cagri-merkezi-binasinda-incelemeler-yapti_7a4f017.jpg?w=960 960w, https:\/\/i0.wp.com\/www.tvturk.com\/wp-content\/uploads\/2019\/02\/savas-ve-akin-cagri-merkezi-binasinda-incelemeler-yapti_7a4f017.jpg?resize=150%2C100 150w, https:\/\/i0.wp.com\/www.tvturk.com\/wp-content\/uploads\/2019\/02\/savas-ve-akin-cagri-merkezi-binasinda-incelemeler-yapti_7a4f017.jpg?resize=300%2C200 300w, https:\/\/i0.wp.com\/www.tvturk.com\/wp-content\/uploads\/2019\/02\/savas-ve-akin-cagri-merkezi-binasinda-incelemeler-yapti_7a4f017.jpg?resize=768%2C512 768w, https:\/\/i0.wp.com\/www.tvturk.com\/wp-content\/uploads\/2019\/02\/savas-ve-akin-cagri-merkezi-binasinda-incelemeler-yapti_7a4f017.jpg?resize=170%2C113 170w, https:\/\/i0.wp.com\/www.tvturk.com\/wp-content\/uploads\/2019\/02\/savas-ve-akin-cagri-merkezi-binasinda-incelemeler-yapti_7a4f017.jpg?resize=120%2C80 120w\" width=\"330\" height=\"220\" loading=\"lazy\" data-original-width=\"330\" data-original-height=\"220\" itemprop=\"http:\/\/schema.org\/image\" title=\"Sava\u015f ve Ak\u0131n \u00e7a\u011fr\u0131 merkezi binas\u0131nda incelemeler yapt\u0131\" alt=\"Sava\u015f ve Ak\u0131n \u00e7a\u011fr\u0131 merkezi binas\u0131nda incelemeler yapt\u0131\" style=\"width: 330px; height: 220px;\" \/> <\/a> <\/div> <\/div> <!-- close group --> <div class=\"gallery-group images-2\" style=\"width: 166px; height: 224px;\" data-original-width=\"166\" data-original-height=\"224\" > <div class=\"tiled-gallery-item tiled-gallery-item-small\" itemprop=\"associatedMedia\" itemscope itemtype=\"http:\/\/schema.org\/ImageObject\"> <a href=\"http:\/\/www.tvturk.com\/index.php\/savas-ve-akin-cagri-merkezi-binasinda-incelemeler-yapti\/savas-ve-akin-cagri-merkezi-binasinda-incelemeler-yapti-4\/\" border=\"0\" itemprop=\"url\"> <meta itemprop=\"width\" content=\"162\"> <meta itemprop=\"height\" content=\"108\"> <img decoding=\"async\" class=\"\" data-attachment-id=\"48975\" data-orig-file=\"http:\/\/www.tvturk.com\/wp-content\/uploads\/2019\/02\/savas-ve-akin-cagri-merkezi-binasinda-incelemeler-yapti_dd2a5d9.jpg\" data-orig-size=\"960,640\" data-comments-opened=\"\" data-image-meta=\"{&quot;aperture&quot;:&quot;0&quot;,&quot;credit&quot;:&quot;IHA&quot;,&quot;camera&quot;:&quot;&quot;,&quot;caption&quot;:&quot;CUMHUR \\u0130TT\\u0130FAKI AYDIN B\\u00dcY\\u00dcK\\u015eEH\\u0130R BELED\\u0130YE BA\\u015eKAN ADAYI MUSTAFA SAVA\\u015e, EFELER BELED\\u0130YE BA\\u015eKAN ADAYI \\u00dcMMET AKIN \\u0130LE B\\u0130RL\\u0130KTE MART AYI \\u0130\\u00c7ER\\u0130S\\u0130NDE TAMAMLANMASI PLANLANAN \\u00d6ZEL \\u00c7A\\u011eRI MERKEZ\\u0130 B\\u0130NASINDA \\u0130NCELEMELER YAPTI. (MEHMET BARLAS\\\/AYDIN-\\u0130HA)&quot;,&quot;created_timestamp&quot;:&quot;1550625480&quot;,&quot;copyright&quot;:&quot;\\u0130HLAS HABER AJANSI, www.iha.com.tr&quot;,&quot;focal_length&quot;:&quot;0&quot;,&quot;iso&quot;:&quot;0&quot;,&quot;shutter_speed&quot;:&quot;0&quot;,&quot;title&quot;:&quot;SAVA\\u015e VE AKIN \\u00c7A\\u011eRI MERKEZ\\u0130 B\\u0130NASINDA \\u0130NCELEMELER YAPTI&quot;,&quot;orientation&quot;:&quot;0&quot;}\" data-image-title=\"Sava\u015f ve Ak\u0131n \u00e7a\u011fr\u0131 merkezi binas\u0131nda incelemeler yapt\u0131\" data-image-description=\"&lt;p&gt;Sava\u015f ve Ak\u0131n \u00e7a\u011fr\u0131 merkezi binas\u0131nda incelemeler yapt\u0131&lt;\/p&gt; \" data-medium-file=\"https:\/\/i0.wp.com\/www.tvturk.com\/wp-content\/uploads\/2019\/02\/savas-ve-akin-cagri-merkezi-binasinda-incelemeler-yapti_dd2a5d9.jpg?fit=300%2C200\" data-large-file=\"https:\/\/i0.wp.com\/www.tvturk.com\/wp-content\/uploads\/2019\/02\/savas-ve-akin-cagri-merkezi-binasinda-incelemeler-yapti_dd2a5d9.jpg?fit=960%2C640\" src=\"https:\/\/i0.wp.com\/www.tvturk.com\/wp-content\/uploads\/2019\/02\/savas-ve-akin-cagri-merkezi-binasinda-incelemeler-yapti_dd2a5d9.jpg?w=162&#038;h=108\" srcset=\"https:\/\/i0.wp.com\/www.tvturk.com\/wp-content\/uploads\/2019\/02\/savas-ve-akin-cagri-merkezi-binasinda-incelemeler-yapti_dd2a5d9.jpg?w=960 960w, https:\/\/i0.wp.com\/www.tvturk.com\/wp-content\/uploads\/2019\/02\/savas-ve-akin-cagri-merkezi-binasinda-incelemeler-yapti_dd2a5d9.jpg?resize=150%2C100 150w, https:\/\/i0.wp.com\/www.tvturk.com\/wp-content\/uploads\/2019\/02\/savas-ve-akin-cagri-merkezi-binasinda-incelemeler-yapti_dd2a5d9.jpg?resize=300%2C200 300w, https:\/\/i0.wp.com\/www.tvturk.com\/wp-content\/uploads\/2019\/02\/savas-ve-akin-cagri-merkezi-binasinda-incelemeler-yapti_dd2a5d9.jpg?resize=768%2C512 768w, https:\/\/i0.wp.com\/www.tvturk.com\/wp-content\/uploads\/2019\/02\/savas-ve-akin-cagri-merkezi-binasinda-incelemeler-yapti_dd2a5d9.jpg?resize=170%2C113 170w, https:\/\/i0.wp.com\/www.tvturk.com\/wp-content\/uploads\/2019\/02\/savas-ve-akin-cagri-merkezi-binasinda-incelemeler-yapti_dd2a5d9.jpg?resize=120%2C80 120w\" width=\"162\" height=\"108\" loading=\"lazy\" data-original-width=\"162\" data-original-height=\"108\" itemprop=\"http:\/\/schema.org\/image\" title=\"Sava\u015f ve Ak\u0131n \u00e7a\u011fr\u0131 merkezi binas\u0131nda incelemeler yapt\u0131\" alt=\"Sava\u015f ve Ak\u0131n \u00e7a\u011fr\u0131 merkezi binas\u0131nda incelemeler yapt\u0131\" style=\"width: 162px; height: 108px;\" \/> <\/a> <\/div> <div class=\"tiled-gallery-item tiled-gallery-item-small\" itemprop=\"associatedMedia\" itemscope itemtype=\"http:\/\/schema.org\/ImageObject\"> <a href=\"http:\/\/www.tvturk.com\/index.php\/savas-ve-akin-cagri-merkezi-binasinda-incelemeler-yapti\/savas-ve-akin-cagri-merkezi-binasinda-incelemeler-yapti-5\/\" border=\"0\" itemprop=\"url\"> <meta itemprop=\"width\" content=\"162\"> <meta itemprop=\"height\" content=\"108\"> <img decoding=\"async\" class=\"\" data-attachment-id=\"48976\" data-orig-file=\"http:\/\/www.tvturk.com\/wp-content\/uploads\/2019\/02\/savas-ve-akin-cagri-merkezi-binasinda-incelemeler-yapti_b13671a.jpg\" data-orig-size=\"960,640\" data-comments-opened=\"\" data-image-meta=\"{&quot;aperture&quot;:&quot;0&quot;,&quot;credit&quot;:&quot;IHA&quot;,&quot;camera&quot;:&quot;&quot;,&quot;caption&quot;:&quot;CUMHUR \\u0130TT\\u0130FAKI AYDIN B\\u00dcY\\u00dcK\\u015eEH\\u0130R BELED\\u0130YE BA\\u015eKAN ADAYI MUSTAFA SAVA\\u015e, EFELER BELED\\u0130YE BA\\u015eKAN ADAYI \\u00dcMMET AKIN \\u0130LE B\\u0130RL\\u0130KTE MART AYI \\u0130\\u00c7ER\\u0130S\\u0130NDE TAMAMLANMASI PLANLANAN \\u00d6ZEL \\u00c7A\\u011eRI MERKEZ\\u0130 B\\u0130NASINDA \\u0130NCELEMELER YAPTI. (MEHMET BARLAS\\\/AYDIN-\\u0130HA)&quot;,&quot;created_timestamp&quot;:&quot;1550625480&quot;,&quot;copyright&quot;:&quot;\\u0130HLAS HABER AJANSI, www.iha.com.tr&quot;,&quot;focal_length&quot;:&quot;0&quot;,&quot;iso&quot;:&quot;0&quot;,&quot;shutter_speed&quot;:&quot;0&quot;,&quot;title&quot;:&quot;SAVA\\u015e VE AKIN \\u00c7A\\u011eRI MERKEZ\\u0130 B\\u0130NASINDA \\u0130NCELEMELER YAPTI&quot;,&quot;orientation&quot;:&quot;0&quot;}\" data-image-title=\"Sava\u015f ve Ak\u0131n \u00e7a\u011fr\u0131 merkezi binas\u0131nda incelemeler yapt\u0131\" data-image-description=\"&lt;p&gt;Sava\u015f ve Ak\u0131n \u00e7a\u011fr\u0131 merkezi binas\u0131nda incelemeler yapt\u0131&lt;\/p&gt; \" data-medium-file=\"https:\/\/i0.wp.com\/www.tvturk.com\/wp-content\/uploads\/2019\/02\/savas-ve-akin-cagri-merkezi-binasinda-incelemeler-yapti_b13671a.jpg?fit=300%2C200\" data-large-file=\"https:\/\/i0.wp.com\/www.tvturk.com\/wp-content\/uploads\/2019\/02\/savas-ve-akin-cagri-merkezi-binasinda-incelemeler-yapti_b13671a.jpg?fit=960%2C640\" src=\"https:\/\/i0.wp.com\/www.tvturk.com\/wp-content\/uploads\/2019\/02\/savas-ve-akin-cagri-merkezi-binasinda-incelemeler-yapti_b13671a.jpg?w=162&#038;h=108\" srcset=\"https:\/\/i0.wp.com\/www.tvturk.com\/wp-content\/uploads\/2019\/02\/savas-ve-akin-cagri-merkezi-binasinda-incelemeler-yapti_b13671a.jpg?w=960 960w, https:\/\/i0.wp.com\/www.tvturk.com\/wp-content\/uploads\/2019\/02\/savas-ve-akin-cagri-merkezi-binasinda-incelemeler-yapti_b13671a.jpg?resize=150%2C100 150w, https:\/\/i0.wp.com\/www.tvturk.com\/wp-content\/uploads\/2019\/02\/savas-ve-akin-cagri-merkezi-binasinda-incelemeler-yapti_b13671a.jpg?resize=300%2C200 300w, https:\/\/i0.wp.com\/www.tvturk.com\/wp-content\/uploads\/2019\/02\/savas-ve-akin-cagri-merkezi-binasinda-incelemeler-yapti_b13671a.jpg?resize=768%2C512 768w, https:\/\/i0.wp.com\/www.tvturk.com\/wp-content\/uploads\/2019\/02\/savas-ve-akin-cagri-merkezi-binasinda-incelemeler-yapti_b13671a.jpg?resize=170%2C113 170w, https:\/\/i0.wp.com\/www.tvturk.com\/wp-content\/uploads\/2019\/02\/savas-ve-akin-cagri-merkezi-binasinda-incelemeler-yapti_b13671a.jpg?resize=120%2C80 120w\" width=\"162\" height=\"108\" loading=\"lazy\" data-original-width=\"162\" data-original-height=\"108\" itemprop=\"http:\/\/schema.org\/image\" title=\"Sava\u015f ve Ak\u0131n \u00e7a\u011fr\u0131 merkezi binas\u0131nda incelemeler yapt\u0131\" alt=\"Sava\u015f ve Ak\u0131n \u00e7a\u011fr\u0131 merkezi binas\u0131nda incelemeler yapt\u0131\" style=\"width: 162px; height: 108px;\" \/> <\/a> <\/div> <\/div> <!-- close group --> <\/div> <!-- close row --> <\/div><\/p>\n","protected":false},"excerpt":{"rendered":"<p>CUMHUR \u0130TT\u0130FAKI AYDIN B\u00dcY\u00dcK\u015eEH\u0130R BELED\u0130YE BA\u015eKAN ADAYI MUSTAFA SAVA\u015e, EFELER BELED\u0130YE BA\u015eKAN ADAYI \u00dcMMET AKIN \u0130LE B\u0130RL\u0130KTE MART AYI \u0130\u00c7ER\u0130S\u0130NDE TAMAMLANMASI PLANLANAN \u00d6ZEL \u00c7A\u011eRI MERKEZ\u0130 B\u0130NASINDA \u0130NCELEMELER YAPTI.<\/p>\n","protected":false},"author":1,"featured_media":48973,"comment_status":"closed","ping_status":"open","sticky":false,"template":"","format":"standard","meta":{"jetpack_post_was_ever_published":false,"_jetpack_newsletter_access":"","_jetpack_dont_email_post_to_subs":false,"_jetpack_newsletter_tier_id":0,"_jetpack_memberships_contains_paywalled_content":false,"_jetpack_memberships_contains_paid_content":false,"footnotes":"","jetpack_publicize_message":"","jetpack_publicize_feature_enabled":true,"jetpack_social_post_already_shared":false,"jetpack_social_options":{"image_generator_settings":{"template":"highway","default_image_id":0,"font":"","enabled":false},"version":2}},"categories":[9],"tags":[328,1790,1054,16428,295,160,292],"class_list":["post-48972","post","type-post","status-publish","format-standard","has-post-thumbnail","hentry","category-siyaset","tag-akin","tag-binasinda","tag-cagri","tag-incelemeler","tag-merkezi","tag-savas","tag-yapti"],"jetpack_publicize_connections":[],"jetpack_featured_media_url":"https:\/\/i0.wp.com\/www.tvturk.com\/wp-content\/uploads\/2019\/02\/savas-ve-akin-cagri-merkezi-binasinda-incelemeler-yapti_b9f23fb.jpg?fit=1000%2C666","jetpack_sharing_enabled":true,"jetpack_shortlink":"https:\/\/wp.me\/paKIfm-cJS","_links":{"self":[{"href":"http:\/\/www.tvturk.com\/index.php\/wp-json\/wp\/v2\/posts\/48972","targetHints":{"allow":["GET"]}}],"collection":[{"href":"http:\/\/www.tvturk.com\/index.php\/wp-json\/wp\/v2\/posts"}],"about":[{"href":"http:\/\/www.tvturk.com\/index.php\/wp-json\/wp\/v2\/types\/post"}],"author":[{"embeddable":true,"href":"http:\/\/www.tvturk.com\/index.php\/wp-json\/wp\/v2\/users\/1"}],"replies":[{"embeddable":true,"href":"http:\/\/www.tvturk.com\/index.php\/wp-json\/wp\/v2\/comments?post=48972"}],"version-history":[{"count":1,"href":"http:\/\/www.tvturk.com\/index.php\/wp-json\/wp\/v2\/posts\/48972\/revisions"}],"predecessor-version":[{"id":48977,"href":"http:\/\/www.tvturk.com\/index.php\/wp-json\/wp\/v2\/posts\/48972\/revisions\/48977"}],"wp:featuredmedia":[{"embeddable":true,"href":"http:\/\/www.tvturk.com\/index.php\/wp-json\/wp\/v2\/media\/48973"}],"wp:attachment":[{"href":"http:\/\/www.tvturk.com\/index.php\/wp-json\/wp\/v2\/media?parent=48972"}],"wp:term":[{"taxonomy":"category","embeddable":true,"href":"http:\/\/www.tvturk.com\/index.php\/wp-json\/wp\/v2\/categories?post=48972"},{"taxonomy":"post_tag","embeddable":true,"href":"http:\/\/www.tvturk.com\/index.php\/wp-json\/wp\/v2\/tags?post=48972"}],"curies":[{"name":"wp","href":"https:\/\/api.w.org\/{rel}","templated":true}]}}