{"id":49215,"date":"2019-02-19T18:41:02","date_gmt":"2019-02-19T15:41:02","guid":{"rendered":"http:\/\/www.tvturk.com\/index.php\/macron-saldiriya-ugrayan-yahudi-mezarligini-ziyaret-etti\/"},"modified":"2019-02-19T18:41:04","modified_gmt":"2019-02-19T15:41:04","slug":"macron-saldiriya-ugrayan-yahudi-mezarligini-ziyaret-etti","status":"publish","type":"post","link":"http:\/\/www.tvturk.com\/index.php\/macron-saldiriya-ugrayan-yahudi-mezarligini-ziyaret-etti\/","title":{"rendered":"Macron sald\u0131r\u0131ya u\u011frayan Yahudi mezarl\u0131\u011f\u0131n\u0131 ziyaret etti"},"content":{"rendered":"<p>Fransa Cumhurba\u015fkan\u0131 Emmanuel Macron, Alsas b\u00f6lgesindeki sald\u0131r\u0131ya u\u011frayan Yahudi mezarl\u0131\u011f\u0131n\u0131 ziyaret etti.<\/p>\n<p>Fransa\u2019n\u0131n Alsas b\u00f6lgesinde bulunan Quatzenheim \u015fehrindeki Yahudi mezarl\u0131\u011f\u0131n\u0131n d\u00fcn sald\u0131r\u0131ya u\u011framas\u0131n\u0131n ard\u0131ndan siyaset\u00e7ilerin ve halk\u0131n tepkisi devam ediyor. Fransa Cumhurba\u015fkan\u0131 Emmanuel Macron, Nazilerin sembol\u00fc olan gamal\u0131 ha\u00e7 i\u015faretleriyle tahrip edilen mezarl\u0131\u011f\u0131 ziyaret etti. Macron, &#8220;Harekete ge\u00e7ece\u011fiz, yasalar ve cezalar verece\u011fiz. Bunu yapanlar cumhuriyete lay\u0131k de\u011fil. Bu olaylar her yerde olabiliyor. Ama art\u0131k hi\u00e7bir yerde olmamal\u0131&#8221; ifadelerini kulland\u0131. Macron, &#8220;Bunu yapanlar utanmal\u0131lar ve korkacaklar. Ben hep buraday\u0131m&#8221; s\u00f6zleriyle Yahudi kar\u015f\u0131tl\u0131\u011f\u0131na tepkisini g\u00f6sterdi. Elysee Saray\u0131\u2019ndan yap\u0131lan a\u00e7\u0131klamada, Macron\u2019un mezarl\u0131klardan birinin \u00fczerine ta\u015f b\u0131rakmas\u0131na ili\u015fkin &#8220;\u00dclkemizde Yahudi d\u00fc\u015fmanl\u0131\u011f\u0131n\u0131n b\u00fcy\u00fck \u00f6l\u00e7\u00fcde artt\u0131\u011f\u0131 bir zamanda, bu Cumhurba\u015fkan\u0131 Macron\u2019dan sembolik bir jesttir&#8221; denildi.<\/p>\n<p>Ziyaretin ard\u0131ndan antisemitizm olaylar\u0131n\u0131 k\u0131namak ve birlik mesaj\u0131 vermek i\u00e7in Paris\u2019e d\u00f6nen Macron, Ulusal Meclis Ba\u015fkan\u0131 Richard Ferrand ve Senato Ba\u015fkan\u0131 Gerard Larcher ile birlikte Holokost An\u0131t\u0131\u2019n\u0131 ziyaret edecek.<\/p>\n<p>Ba\u015fkent Paris\u2019te antisemitizmle m\u00fccadele i\u00e7in b\u00fcy\u00fck bir y\u00fcr\u00fcy\u00fc\u015f ger\u00e7ekle\u015fmesi bekleniyor.<\/p>\n<p>Fransa\u2019da 2018 y\u0131l\u0131nda Yahudi kar\u015f\u0131tl\u0131\u011f\u0131 y\u00fczde 74 artarak siyaset\u00e7ileri alarma ge\u00e7irdi.<div class=\"tiled-gallery type-rectangular tiled-gallery-unresized\" data-original-width=\"500\" data-carousel-extra='null' itemscope itemtype=\"http:\/\/schema.org\/ImageGallery\" > <div class=\"gallery-row\" style=\"width: 500px; height: 162px;\" data-original-width=\"500\" data-original-height=\"162\" > <div class=\"gallery-group images-1\" style=\"width: 215px; height: 162px;\" data-original-width=\"215\" data-original-height=\"162\" > <div class=\"tiled-gallery-item tiled-gallery-item-small\" itemprop=\"associatedMedia\" itemscope itemtype=\"http:\/\/schema.org\/ImageObject\"> <a href=\"http:\/\/www.tvturk.com\/index.php\/macron-saldiriya-ugrayan-yahudi-mezarligini-ziyaret-etti\/macron-saldiriya-ugrayan-yahudi-mezarligini-ziyaret-etti-3\/\" border=\"0\" itemprop=\"url\"> <meta itemprop=\"width\" content=\"211\"> <meta itemprop=\"height\" content=\"158\"> <img decoding=\"async\" class=\"\" data-attachment-id=\"49217\" data-orig-file=\"http:\/\/www.tvturk.com\/wp-content\/uploads\/2019\/02\/macron-saldiriya-ugrayan-yahudi-mezarligini-ziyaret-etti_1928425.jpg\" data-orig-size=\"860,645\" data-comments-opened=\"\" data-image-meta=\"{&quot;aperture&quot;:&quot;0&quot;,&quot;credit&quot;:&quot;IHA&quot;,&quot;camera&quot;:&quot;&quot;,&quot;caption&quot;:&quot;FRANSA CUMHURBA\\u015eKANI EMMANUEL MACRON, ALSAS B\\u00d6LGES\\u0130NDEK\\u0130 SALDIRIYA U\\u011eRAYAN YAHUD\\u0130 MEZARLI\\u011eINI Z\\u0130YARET ETT\\u0130. (MEL\\u0130KE YAZIR\\\/PAR\\u0130S-\\u0130HA)&quot;,&quot;created_timestamp&quot;:&quot;0&quot;,&quot;copyright&quot;:&quot;\\u0130HLAS HABER AJANSI, www.iha.com.tr&quot;,&quot;focal_length&quot;:&quot;0&quot;,&quot;iso&quot;:&quot;0&quot;,&quot;shutter_speed&quot;:&quot;0&quot;,&quot;title&quot;:&quot;MACRON SALDIRIYA U\\u011eRAYAN YAHUD\\u0130 MEZARLI\\u011eINI Z\\u0130YARET ETT\\u0130&quot;,&quot;orientation&quot;:&quot;0&quot;}\" data-image-title=\"Macron sald\u0131r\u0131ya u\u011frayan Yahudi mezarl\u0131\u011f\u0131n\u0131 ziyaret etti\" data-image-description=\"&lt;p&gt;Macron sald\u0131r\u0131ya u\u011frayan Yahudi mezarl\u0131\u011f\u0131n\u0131 ziyaret etti&lt;\/p&gt; \" data-medium-file=\"https:\/\/i0.wp.com\/www.tvturk.com\/wp-content\/uploads\/2019\/02\/macron-saldiriya-ugrayan-yahudi-mezarligini-ziyaret-etti_1928425.jpg?fit=300%2C225\" data-large-file=\"https:\/\/i0.wp.com\/www.tvturk.com\/wp-content\/uploads\/2019\/02\/macron-saldiriya-ugrayan-yahudi-mezarligini-ziyaret-etti_1928425.jpg?fit=860%2C645\" src=\"https:\/\/i0.wp.com\/www.tvturk.com\/wp-content\/uploads\/2019\/02\/macron-saldiriya-ugrayan-yahudi-mezarligini-ziyaret-etti_1928425.jpg?w=211&#038;h=158\" srcset=\"https:\/\/i0.wp.com\/www.tvturk.com\/wp-content\/uploads\/2019\/02\/macron-saldiriya-ugrayan-yahudi-mezarligini-ziyaret-etti_1928425.jpg?w=860 860w, https:\/\/i0.wp.com\/www.tvturk.com\/wp-content\/uploads\/2019\/02\/macron-saldiriya-ugrayan-yahudi-mezarligini-ziyaret-etti_1928425.jpg?resize=150%2C113 150w, https:\/\/i0.wp.com\/www.tvturk.com\/wp-content\/uploads\/2019\/02\/macron-saldiriya-ugrayan-yahudi-mezarligini-ziyaret-etti_1928425.jpg?resize=300%2C225 300w, https:\/\/i0.wp.com\/www.tvturk.com\/wp-content\/uploads\/2019\/02\/macron-saldiriya-ugrayan-yahudi-mezarligini-ziyaret-etti_1928425.jpg?resize=768%2C576 768w\" width=\"211\" height=\"158\" loading=\"lazy\" data-original-width=\"211\" data-original-height=\"158\" itemprop=\"http:\/\/schema.org\/image\" title=\"Macron sald\u0131r\u0131ya u\u011frayan Yahudi mezarl\u0131\u011f\u0131n\u0131 ziyaret etti\" alt=\"Macron sald\u0131r\u0131ya u\u011frayan Yahudi mezarl\u0131\u011f\u0131n\u0131 ziyaret etti\" style=\"width: 211px; height: 158px;\" \/> <\/a> <\/div> <\/div> <!-- close group --> <div class=\"gallery-group images-1\" style=\"width: 285px; height: 162px;\" data-original-width=\"285\" data-original-height=\"162\" > <div class=\"tiled-gallery-item tiled-gallery-item-large\" itemprop=\"associatedMedia\" itemscope itemtype=\"http:\/\/schema.org\/ImageObject\"> <a href=\"http:\/\/www.tvturk.com\/index.php\/macron-saldiriya-ugrayan-yahudi-mezarligini-ziyaret-etti\/macron-saldiriya-ugrayan-yahudi-mezarligini-ziyaret-etti-4\/\" border=\"0\" itemprop=\"url\"> <meta itemprop=\"width\" content=\"281\"> <meta itemprop=\"height\" content=\"158\"> <img decoding=\"async\" class=\"\" data-attachment-id=\"49218\" data-orig-file=\"http:\/\/www.tvturk.com\/wp-content\/uploads\/2019\/02\/macron-saldiriya-ugrayan-yahudi-mezarligini-ziyaret-etti_aaa88b4.jpg\" data-orig-size=\"1000,562\" data-comments-opened=\"\" data-image-meta=\"{&quot;aperture&quot;:&quot;0&quot;,&quot;credit&quot;:&quot;IHA&quot;,&quot;camera&quot;:&quot;&quot;,&quot;caption&quot;:&quot;FRANSA CUMHURBA\\u015eKANI EMMANUEL MACRON, ALSAS B\\u00d6LGES\\u0130NDEK\\u0130 SALDIRIYA U\\u011eRAYAN YAHUD\\u0130 MEZARLI\\u011eINI Z\\u0130YARET ETT\\u0130. (MEL\\u0130KE YAZIR\\\/PAR\\u0130S-\\u0130HA)&quot;,&quot;created_timestamp&quot;:&quot;0&quot;,&quot;copyright&quot;:&quot;\\u0130HLAS HABER AJANSI, www.iha.com.tr&quot;,&quot;focal_length&quot;:&quot;0&quot;,&quot;iso&quot;:&quot;0&quot;,&quot;shutter_speed&quot;:&quot;0&quot;,&quot;title&quot;:&quot;MACRON SALDIRIYA U\\u011eRAYAN YAHUD\\u0130 MEZARLI\\u011eINI Z\\u0130YARET ETT\\u0130&quot;,&quot;orientation&quot;:&quot;0&quot;}\" data-image-title=\"Macron sald\u0131r\u0131ya u\u011frayan Yahudi mezarl\u0131\u011f\u0131n\u0131 ziyaret etti\" data-image-description=\"&lt;p&gt;Macron sald\u0131r\u0131ya u\u011frayan Yahudi mezarl\u0131\u011f\u0131n\u0131 ziyaret etti&lt;\/p&gt; \" data-medium-file=\"https:\/\/i0.wp.com\/www.tvturk.com\/wp-content\/uploads\/2019\/02\/macron-saldiriya-ugrayan-yahudi-mezarligini-ziyaret-etti_aaa88b4.jpg?fit=300%2C169\" data-large-file=\"https:\/\/i0.wp.com\/www.tvturk.com\/wp-content\/uploads\/2019\/02\/macron-saldiriya-ugrayan-yahudi-mezarligini-ziyaret-etti_aaa88b4.jpg?fit=1000%2C562\" src=\"https:\/\/i0.wp.com\/www.tvturk.com\/wp-content\/uploads\/2019\/02\/macron-saldiriya-ugrayan-yahudi-mezarligini-ziyaret-etti_aaa88b4.jpg?w=281&#038;h=158\" srcset=\"https:\/\/i0.wp.com\/www.tvturk.com\/wp-content\/uploads\/2019\/02\/macron-saldiriya-ugrayan-yahudi-mezarligini-ziyaret-etti_aaa88b4.jpg?w=1000 1000w, https:\/\/i0.wp.com\/www.tvturk.com\/wp-content\/uploads\/2019\/02\/macron-saldiriya-ugrayan-yahudi-mezarligini-ziyaret-etti_aaa88b4.jpg?resize=150%2C84 150w, https:\/\/i0.wp.com\/www.tvturk.com\/wp-content\/uploads\/2019\/02\/macron-saldiriya-ugrayan-yahudi-mezarligini-ziyaret-etti_aaa88b4.jpg?resize=300%2C169 300w, https:\/\/i0.wp.com\/www.tvturk.com\/wp-content\/uploads\/2019\/02\/macron-saldiriya-ugrayan-yahudi-mezarligini-ziyaret-etti_aaa88b4.jpg?resize=768%2C432 768w, https:\/\/i0.wp.com\/www.tvturk.com\/wp-content\/uploads\/2019\/02\/macron-saldiriya-ugrayan-yahudi-mezarligini-ziyaret-etti_aaa88b4.jpg?resize=200%2C113 200w\" width=\"281\" height=\"158\" loading=\"lazy\" data-original-width=\"281\" data-original-height=\"158\" itemprop=\"http:\/\/schema.org\/image\" title=\"Macron sald\u0131r\u0131ya u\u011frayan Yahudi mezarl\u0131\u011f\u0131n\u0131 ziyaret etti\" alt=\"Macron sald\u0131r\u0131ya u\u011frayan Yahudi mezarl\u0131\u011f\u0131n\u0131 ziyaret etti\" style=\"width: 281px; height: 158px;\" \/> <\/a> <\/div> <\/div> <!-- close group --> <\/div> <!-- close row --> <\/div><\/p>\n","protected":false},"excerpt":{"rendered":"<p>FRANSA CUMHURBA\u015eKANI EMMANUEL MACRON, ALSAS B\u00d6LGES\u0130NDEK\u0130 SALDIRIYA U\u011eRAYAN YAHUD\u0130 MEZARLI\u011eINI Z\u0130YARET ETT\u0130.<\/p>\n","protected":false},"author":1,"featured_media":49216,"comment_status":"closed","ping_status":"open","sticky":false,"template":"","format":"standard","meta":{"jetpack_post_was_ever_published":false,"_jetpack_newsletter_access":"","_jetpack_dont_email_post_to_subs":false,"_jetpack_newsletter_tier_id":0,"_jetpack_memberships_contains_paywalled_content":false,"_jetpack_memberships_contains_paid_content":false,"footnotes":"","jetpack_publicize_message":"","jetpack_publicize_feature_enabled":true,"jetpack_social_post_already_shared":false,"jetpack_social_options":{"image_generator_settings":{"template":"highway","default_image_id":0,"font":"","enabled":false},"version":2}},"categories":[655],"tags":[207,16472,16474,7074,1182,16473,150],"class_list":["post-49215","post","type-post","status-publish","format-standard","has-post-thumbnail","hentry","category-son-dakika","tag-etti","tag-macron","tag-mezarligini","tag-saldiriya","tag-ugrayan","tag-yahudi","tag-ziyaret"],"jetpack_publicize_connections":[],"jetpack_featured_media_url":"https:\/\/i0.wp.com\/www.tvturk.com\/wp-content\/uploads\/2019\/02\/macron-saldiriya-ugrayan-yahudi-mezarligini-ziyaret-etti_f8b51c7.jpg?fit=870%2C489","jetpack_sharing_enabled":true,"jetpack_shortlink":"https:\/\/wp.me\/paKIfm-cNN","_links":{"self":[{"href":"http:\/\/www.tvturk.com\/index.php\/wp-json\/wp\/v2\/posts\/49215","targetHints":{"allow":["GET"]}}],"collection":[{"href":"http:\/\/www.tvturk.com\/index.php\/wp-json\/wp\/v2\/posts"}],"about":[{"href":"http:\/\/www.tvturk.com\/index.php\/wp-json\/wp\/v2\/types\/post"}],"author":[{"embeddable":true,"href":"http:\/\/www.tvturk.com\/index.php\/wp-json\/wp\/v2\/users\/1"}],"replies":[{"embeddable":true,"href":"http:\/\/www.tvturk.com\/index.php\/wp-json\/wp\/v2\/comments?post=49215"}],"version-history":[{"count":1,"href":"http:\/\/www.tvturk.com\/index.php\/wp-json\/wp\/v2\/posts\/49215\/revisions"}],"predecessor-version":[{"id":49219,"href":"http:\/\/www.tvturk.com\/index.php\/wp-json\/wp\/v2\/posts\/49215\/revisions\/49219"}],"wp:featuredmedia":[{"embeddable":true,"href":"http:\/\/www.tvturk.com\/index.php\/wp-json\/wp\/v2\/media\/49216"}],"wp:attachment":[{"href":"http:\/\/www.tvturk.com\/index.php\/wp-json\/wp\/v2\/media?parent=49215"}],"wp:term":[{"taxonomy":"category","embeddable":true,"href":"http:\/\/www.tvturk.com\/index.php\/wp-json\/wp\/v2\/categories?post=49215"},{"taxonomy":"post_tag","embeddable":true,"href":"http:\/\/www.tvturk.com\/index.php\/wp-json\/wp\/v2\/tags?post=49215"}],"curies":[{"name":"wp","href":"https:\/\/api.w.org\/{rel}","templated":true}]}}