{"id":49244,"date":"2019-02-19T18:50:54","date_gmt":"2019-02-19T15:50:54","guid":{"rendered":"http:\/\/www.tvturk.com\/index.php\/ozel-kendi-kendine-hareket-eden-kamyonet-iki-araca-carpti\/"},"modified":"2019-02-19T18:50:57","modified_gmt":"2019-02-19T15:50:57","slug":"ozel-kendi-kendine-hareket-eden-kamyonet-iki-araca-carpti","status":"publish","type":"post","link":"http:\/\/www.tvturk.com\/index.php\/ozel-kendi-kendine-hareket-eden-kamyonet-iki-araca-carpti\/","title":{"rendered":"(\u00d6zel) Kendi kendine hareket eden kamyonet iki araca \u00e7arpt\u0131"},"content":{"rendered":"<p>Ni\u011fde\u2019de s\u00fcr\u00fcc\u00fcs\u00fcn\u00fcn stop etti\u011fi ve kap\u0131s\u0131n\u0131 kilitledi\u011fi kamyonet, kendi kendine hareket ederek park halindeki iki araca \u00e7arpt\u0131. G\u00fcvenlik kameras\u0131n\u0131 izleyen s\u00fcr\u00fcc\u00fc, &#8220;Arac\u0131n i\u00e7ine cin girdi b\u00fcy\u00fck ihtimal, \u00e7\u00fcnk\u00fc ba\u015fka \u015fans\u0131m\u0131z yok. Arabay\u0131 \u00e7al\u0131\u015ft\u0131r\u0131p \u00f6ndekine vuruyor&#8221; diyerek olay\u0131 anlatt\u0131.<\/p>\n<p>Edinilen bilgiye g\u00f6re, Uzun Sokak\u2019ta ikinci el e\u015fya ta\u015f\u0131mac\u0131l\u0131\u011f\u0131 yapan s\u00fcr\u00fcc\u00fc, yemek yemek i\u00e7in kamyonetini yolun kenar\u0131na park edip kap\u0131lar\u0131n\u0131 kilitleyerek lokantaya girdi. S\u00fcr\u00fcc\u00fcn\u00fcn uzakla\u015fmas\u0131n\u0131n ard\u0131ndan kendili\u011finden hareket eden kamyonet, park halindeki iki araca \u00e7arparak hasara neden oldu.<\/p>\n<p>Kaza sonras\u0131nda \u00e7evredeki i\u015f yerlerinin g\u00fcvenlik kamera kay\u0131tlar\u0131n\u0131 izleyen kamyonet s\u00fcr\u00fcc\u00fcs\u00fc, \u015fa\u015fk\u0131nl\u0131\u011f\u0131n\u0131 gizleyemeyerek, &#8220;Arabay\u0131 park ettikten sonra stop ettim ve kap\u0131m\u0131 kilitledim. Yemek yemeye gittim. \u015eu an araban\u0131n i\u00e7ine herhalde cin falan giriyor. Cinler beyaz oldu\u011fu i\u00e7in onlar\u0131 g\u00f6remiyoruz. \u0130\u00e7ine \u015fu an girdi cin b\u00fcy\u00fck ihtimal, \u00e7\u00fcnk\u00fc ba\u015fka \u015fans\u0131m\u0131z yok. Araba \u00e7al\u0131\u015ft\u0131 ve \u00f6ndekine vuruyor \u015fu anda. Hareket ediyor ve vuruyor. Dirili\u015f filmini de \u00e7ok seyrediyorum, herhalde ara\u00e7 da ondan esinlenerek bu \u015fekilde tuhaf hareketler yapm\u0131\u015f. \u00d6ndeki direniyor ama benim araba h\u0131rs\u0131n\u0131 alam\u0131yor kerata. Ben indim gittim arkada\u015flar araban\u0131n i\u00e7inden, yandaki esnaf ko\u015fuyor bak\u0131yor arac\u0131n i\u00e7inde birisi var m\u0131 diye. Arac\u0131n i\u00e7indeki sarho\u015f mu, kafay\u0131 m\u0131 yedi diye. Bak\u0131yor ki arac\u0131n i\u00e7inde kimse yok. Benim ara\u00e7 oradan kurtularak ba\u015fka bir araca da vuruyor. Herkes \u015fa\u015fk\u0131n tabii ki. Ben yemek yerken polisler beni ar\u0131yor \u2019kaza yapt\u0131n\u0131z gelin\u2019 diye. Ben yemek yiyorum nas\u0131l kaza yapar\u0131m diye kendi kendime sordum&#8221; dedi.<\/p>\n<p>Sabah i\u015f yerine gelerek g\u00fcvenlik kameralar\u0131n\u0131 izleyen esnaf Mehmet Singin ise olay\u0131 \u015f\u00f6yle anlatt\u0131:<\/p>\n<p>\u2018\u2018\u015eof\u00f6r kamyonetten iniyor, yan\u0131ndaki bir ki\u015fi de iniyor. Kap\u0131lar\u0131 kilitleyip gidiyor ama bir s\u00fcre sonra ara\u00e7 kendili\u011finden \u00e7al\u0131\u015f\u0131p hareket ediyor. G\u00f6r\u00fcnt\u00fc net anla\u015f\u0131l\u0131yor. \u00d6n\u00fcndeki araca s\u00fcr\u00fckleyerek zarar veriyor. G\u00f6r\u00fcnt\u00fcler kar\u015f\u0131s\u0131nda \u015fok oldum. Sahibinin gidip arac\u0131n kendi kendine \u00e7al\u0131\u015fmas\u0131 bizi \u015fok etti.\u2019\u2019<\/p>\n<p>Kamyonete ko\u015ftu\u011funu ama i\u00e7erisinde kimseyi g\u00f6remedi\u011fini anlatan Serdar \u00d6zt\u00fcrk, \u2018\u2018Ak\u015fam i\u015f yerimde oturuyordum. Ara\u00e7 kendi kendine \u00e7al\u0131\u015fmaya ba\u015flad\u0131. Ben adam\u0131n gitti\u011fini g\u00f6rd\u00fcm. Bakt\u0131m araban\u0131n i\u00e7erisinde kimse yok. Araba yava\u015f yava\u015f mar\u015f bas\u0131l\u0131yor, gitmeye \u00e7al\u0131\u015f\u0131yor. \u00d6ndeki arabaya s\u00fcrtmeye ba\u015flad\u0131. Bakt\u0131m i\u00e7inde kimse yok, kap\u0131lar\u0131 da kilitliydi, frene bas\u0131p durdurmak istedim ama \u00f6ndeki arabay\u0131 ittirerek di\u011fer bir arabaya \u00e7arpt\u0131 ama motoru susmad\u0131, sonra itfaiyeyi arad\u0131k. San\u0131r\u0131m ara\u00e7ta k\u0131sa devre oldu diye tahmin ediyoruz\u2019\u2019 dedi.<div class=\"tiled-gallery type-rectangular tiled-gallery-unresized\" data-original-width=\"500\" data-carousel-extra='null' itemscope itemtype=\"http:\/\/schema.org\/ImageGallery\" > <div class=\"gallery-row\" style=\"width: 500px; height: 133px;\" data-original-width=\"500\" data-original-height=\"133\" > <div class=\"gallery-group images-1\" style=\"width: 229px; height: 133px;\" data-original-width=\"229\" data-original-height=\"133\" > <div class=\"tiled-gallery-item tiled-gallery-item-small\" itemprop=\"associatedMedia\" itemscope itemtype=\"http:\/\/schema.org\/ImageObject\"> <a href=\"http:\/\/www.tvturk.com\/index.php\/ozel-kendi-kendine-hareket-eden-kamyonet-iki-araca-carpti\/ozel-kendi-kendine-hareket-eden-kamyonet-iki-araca-carpti-3\/\" border=\"0\" itemprop=\"url\"> <meta itemprop=\"width\" content=\"225\"> <meta itemprop=\"height\" content=\"129\"> <img decoding=\"async\" class=\"\" data-attachment-id=\"49246\" data-orig-file=\"http:\/\/www.tvturk.com\/wp-content\/uploads\/2019\/02\/ozel-kendi-kendine-hareket-eden-kamyonet-iki-araca-carpti_3aed920.jpg\" data-orig-size=\"1000,573\" data-comments-opened=\"\" data-image-meta=\"{&quot;aperture&quot;:&quot;0&quot;,&quot;credit&quot;:&quot;IHA&quot;,&quot;camera&quot;:&quot;&quot;,&quot;caption&quot;:&quot;N\\u0130\\u011eDE\\u2019DE S\\u00dcR\\u00dcC\\u00dcS\\u00dcN\\u00dcN STOP ETT\\u0130\\u011e\\u0130 VE KAPISINI K\\u0130L\\u0130TLED\\u0130\\u011e\\u0130 KAMYONET, KEND\\u0130 KEND\\u0130NE HAREKET EDEREK PARK HAL\\u0130NDEK\\u0130 \\u0130K\\u0130 ARACA \\u00c7ARPTI. (YAS\\u0130N ESEN\\\/N\\u0130\\u011eDE-\\u0130HA)&quot;,&quot;created_timestamp&quot;:&quot;0&quot;,&quot;copyright&quot;:&quot;\\u0130HLAS HABER AJANSI, www.iha.com.tr&quot;,&quot;focal_length&quot;:&quot;0&quot;,&quot;iso&quot;:&quot;0&quot;,&quot;shutter_speed&quot;:&quot;0&quot;,&quot;title&quot;:&quot;(\\u00d6ZEL) KEND\\u0130 KEND\\u0130NE HAREKET EDEN KAMYONET \\u0130K\\u0130 ARACA \\u00c7ARPTI G\\u00dcVENL\\u0130K KAMERASI G\\u00d6R\\u00dcNT\\u00dcLER\\u0130N\\u0130 \\u0130ZLEYEN S\\u00dcR\\u00dcC\\u00dc, \\u0022KAMYONET\\u0130N \\u0130\\u00c7\\u0130NE C\\u0130N G\\u0130RD\\u0130 B\\u00dcY\\u00dcK \\u0130HT\\u0130MAL\\u0022 D\\u0130YEREK \\u015eA\\u015eKINLI\\u011eINI D\\u0130LE GET\\u0130RD\\u0130&quot;,&quot;orientation&quot;:&quot;0&quot;}\" data-image-title=\"(\u00d6zel) Kendi kendine hareket eden kamyonet iki araca \u00e7arpt\u0131\" data-image-description=\"&lt;p&gt;(\u00d6zel) Kendi kendine hareket eden kamyonet iki araca \u00e7arpt\u0131&lt;\/p&gt; \" data-medium-file=\"https:\/\/i0.wp.com\/www.tvturk.com\/wp-content\/uploads\/2019\/02\/ozel-kendi-kendine-hareket-eden-kamyonet-iki-araca-carpti_3aed920.jpg?fit=300%2C172\" data-large-file=\"https:\/\/i0.wp.com\/www.tvturk.com\/wp-content\/uploads\/2019\/02\/ozel-kendi-kendine-hareket-eden-kamyonet-iki-araca-carpti_3aed920.jpg?fit=1000%2C573\" src=\"https:\/\/i0.wp.com\/www.tvturk.com\/wp-content\/uploads\/2019\/02\/ozel-kendi-kendine-hareket-eden-kamyonet-iki-araca-carpti_3aed920.jpg?w=225&#038;h=129\" srcset=\"https:\/\/i0.wp.com\/www.tvturk.com\/wp-content\/uploads\/2019\/02\/ozel-kendi-kendine-hareket-eden-kamyonet-iki-araca-carpti_3aed920.jpg?w=1000 1000w, https:\/\/i0.wp.com\/www.tvturk.com\/wp-content\/uploads\/2019\/02\/ozel-kendi-kendine-hareket-eden-kamyonet-iki-araca-carpti_3aed920.jpg?resize=150%2C86 150w, https:\/\/i0.wp.com\/www.tvturk.com\/wp-content\/uploads\/2019\/02\/ozel-kendi-kendine-hareket-eden-kamyonet-iki-araca-carpti_3aed920.jpg?resize=300%2C172 300w, https:\/\/i0.wp.com\/www.tvturk.com\/wp-content\/uploads\/2019\/02\/ozel-kendi-kendine-hareket-eden-kamyonet-iki-araca-carpti_3aed920.jpg?resize=768%2C440 768w, https:\/\/i0.wp.com\/www.tvturk.com\/wp-content\/uploads\/2019\/02\/ozel-kendi-kendine-hareket-eden-kamyonet-iki-araca-carpti_3aed920.jpg?resize=380%2C220 380w\" width=\"225\" height=\"129\" loading=\"lazy\" data-original-width=\"225\" data-original-height=\"129\" itemprop=\"http:\/\/schema.org\/image\" title=\"(\u00d6zel) Kendi kendine hareket eden kamyonet iki araca \u00e7arpt\u0131\" alt=\"(\u00d6zel) Kendi kendine hareket eden kamyonet iki araca \u00e7arpt\u0131\" style=\"width: 225px; height: 129px;\" \/> <\/a> <\/div> <\/div> <!-- close group --> <div class=\"gallery-group images-1\" style=\"width: 271px; height: 133px;\" data-original-width=\"271\" data-original-height=\"133\" > <div class=\"tiled-gallery-item tiled-gallery-item-large\" itemprop=\"associatedMedia\" itemscope itemtype=\"http:\/\/schema.org\/ImageObject\"> <a href=\"http:\/\/www.tvturk.com\/index.php\/ozel-kendi-kendine-hareket-eden-kamyonet-iki-araca-carpti\/ozel-kendi-kendine-hareket-eden-kamyonet-iki-araca-carpti-4\/\" border=\"0\" itemprop=\"url\"> <meta itemprop=\"width\" content=\"267\"> <meta itemprop=\"height\" content=\"129\"> <img decoding=\"async\" class=\"\" data-attachment-id=\"49247\" data-orig-file=\"http:\/\/www.tvturk.com\/wp-content\/uploads\/2019\/02\/ozel-kendi-kendine-hareket-eden-kamyonet-iki-araca-carpti_0ca45c0.jpg\" data-orig-size=\"464,224\" data-comments-opened=\"\" data-image-meta=\"{&quot;aperture&quot;:&quot;0&quot;,&quot;credit&quot;:&quot;IHA&quot;,&quot;camera&quot;:&quot;&quot;,&quot;caption&quot;:&quot;N\\u0130\\u011eDE\\u2019DE S\\u00dcR\\u00dcC\\u00dcS\\u00dcN\\u00dcN STOP ETT\\u0130\\u011e\\u0130 VE KAPISINI K\\u0130L\\u0130TLED\\u0130\\u011e\\u0130 KAMYONET, KEND\\u0130 KEND\\u0130NE HAREKET EDEREK PARK HAL\\u0130NDEK\\u0130 \\u0130K\\u0130 ARACA \\u00c7ARPTI. (YAS\\u0130N ESEN\\\/N\\u0130\\u011eDE-\\u0130HA)&quot;,&quot;created_timestamp&quot;:&quot;0&quot;,&quot;copyright&quot;:&quot;\\u0130HLAS HABER AJANSI, www.iha.com.tr&quot;,&quot;focal_length&quot;:&quot;0&quot;,&quot;iso&quot;:&quot;0&quot;,&quot;shutter_speed&quot;:&quot;0&quot;,&quot;title&quot;:&quot;(\\u00d6ZEL) KEND\\u0130 KEND\\u0130NE HAREKET EDEN KAMYONET \\u0130K\\u0130 ARACA \\u00c7ARPTI G\\u00dcVENL\\u0130K KAMERASI G\\u00d6R\\u00dcNT\\u00dcLER\\u0130N\\u0130 \\u0130ZLEYEN S\\u00dcR\\u00dcC\\u00dc, \\u0022KAMYONET\\u0130N \\u0130\\u00c7\\u0130NE C\\u0130N G\\u0130RD\\u0130 B\\u00dcY\\u00dcK \\u0130HT\\u0130MAL\\u0022 D\\u0130YEREK \\u015eA\\u015eKINLI\\u011eINI D\\u0130LE GET\\u0130RD\\u0130&quot;,&quot;orientation&quot;:&quot;1&quot;}\" data-image-title=\"(\u00d6zel) Kendi kendine hareket eden kamyonet iki araca \u00e7arpt\u0131\" data-image-description=\"&lt;p&gt;(\u00d6zel) Kendi kendine hareket eden kamyonet iki araca \u00e7arpt\u0131&lt;\/p&gt; \" data-medium-file=\"https:\/\/i0.wp.com\/www.tvturk.com\/wp-content\/uploads\/2019\/02\/ozel-kendi-kendine-hareket-eden-kamyonet-iki-araca-carpti_0ca45c0.jpg?fit=300%2C145\" data-large-file=\"https:\/\/i0.wp.com\/www.tvturk.com\/wp-content\/uploads\/2019\/02\/ozel-kendi-kendine-hareket-eden-kamyonet-iki-araca-carpti_0ca45c0.jpg?fit=464%2C224\" src=\"https:\/\/i0.wp.com\/www.tvturk.com\/wp-content\/uploads\/2019\/02\/ozel-kendi-kendine-hareket-eden-kamyonet-iki-araca-carpti_0ca45c0.jpg?w=267&#038;h=129\" srcset=\"https:\/\/i0.wp.com\/www.tvturk.com\/wp-content\/uploads\/2019\/02\/ozel-kendi-kendine-hareket-eden-kamyonet-iki-araca-carpti_0ca45c0.jpg?w=464 464w, https:\/\/i0.wp.com\/www.tvturk.com\/wp-content\/uploads\/2019\/02\/ozel-kendi-kendine-hareket-eden-kamyonet-iki-araca-carpti_0ca45c0.jpg?resize=150%2C72 150w, https:\/\/i0.wp.com\/www.tvturk.com\/wp-content\/uploads\/2019\/02\/ozel-kendi-kendine-hareket-eden-kamyonet-iki-araca-carpti_0ca45c0.jpg?resize=300%2C145 300w, https:\/\/i0.wp.com\/www.tvturk.com\/wp-content\/uploads\/2019\/02\/ozel-kendi-kendine-hareket-eden-kamyonet-iki-araca-carpti_0ca45c0.jpg?resize=460%2C224 460w\" width=\"267\" height=\"129\" loading=\"lazy\" data-original-width=\"267\" data-original-height=\"129\" itemprop=\"http:\/\/schema.org\/image\" title=\"(\u00d6zel) Kendi kendine hareket eden kamyonet iki araca \u00e7arpt\u0131\" alt=\"(\u00d6zel) Kendi kendine hareket eden kamyonet iki araca \u00e7arpt\u0131\" style=\"width: 267px; height: 129px;\" \/> <\/a> <\/div> <\/div> <!-- close group --> <\/div> <!-- close row --> <div class=\"gallery-row\" style=\"width: 500px; height: 351px;\" data-original-width=\"500\" data-original-height=\"351\" > <div class=\"gallery-group images-1\" style=\"width: 500px; height: 351px;\" data-original-width=\"500\" data-original-height=\"351\" > <div class=\"tiled-gallery-item tiled-gallery-item-large\" itemprop=\"associatedMedia\" itemscope itemtype=\"http:\/\/schema.org\/ImageObject\"> <a href=\"http:\/\/www.tvturk.com\/index.php\/ozel-kendi-kendine-hareket-eden-kamyonet-iki-araca-carpti\/ozel-kendi-kendine-hareket-eden-kamyonet-iki-araca-carpti-5\/\" border=\"0\" itemprop=\"url\"> <meta itemprop=\"width\" content=\"496\"> <meta itemprop=\"height\" content=\"347\"> <img decoding=\"async\" class=\"\" data-attachment-id=\"49248\" data-orig-file=\"http:\/\/www.tvturk.com\/wp-content\/uploads\/2019\/02\/ozel-kendi-kendine-hareket-eden-kamyonet-iki-araca-carpti_adb18e4.jpg\" data-orig-size=\"1000,700\" data-comments-opened=\"\" data-image-meta=\"{&quot;aperture&quot;:&quot;0&quot;,&quot;credit&quot;:&quot;IHA&quot;,&quot;camera&quot;:&quot;&quot;,&quot;caption&quot;:&quot;SABAH \\u0130\\u015e YER\\u0130NE GELEREK G\\u00dcVENL\\u0130K KAMERALARINI \\u0130ZLEYEN ESNAF MEHMET S\\u0130NG\\u0130N, \\u0022\\u015eOF\\u00d6R KAMYONETTEN \\u0130N\\u0130YOR, YANINDAK\\u0130 B\\u0130R K\\u0130\\u015e\\u0130 DE \\u0130N\\u0130YOR. KAPILARI K\\u0130L\\u0130TLEY\\u0130P G\\u0130D\\u0130YOR AMA B\\u0130R S\\u00dcRE SONRA ARA\\u00c7 KEND\\u0130L\\u0130\\u011e\\u0130NDEN \\u00c7ALI\\u015eIP HAREKET ED\\u0130YOR. G\\u00d6R\\u00dcNT\\u00dc NET ANLA\\u015eILIYOR. \\u00d6N\\u00dcNDEK\\u0130 ARACA S\\u00dcR\\u00dcKLEYEREK ZARAR VER\\u0130YOR. G\\u00d6R\\u00dcNT\\u00dcLER KAR\\u015eISINDA \\u015eOK OLDUM. SAH\\u0130B\\u0130N\\u0130N G\\u0130D\\u0130P ARACIN KEND\\u0130 KEND\\u0130NE \\u00c7ALI\\u015eMASI B\\u0130Z\\u0130 \\u015eOK ETT\\u0130\\u0022 DED\\u0130. (YAS\\u0130N ESEN\\\/N\\u0130\\u011eDE-\\u0130HA)&quot;,&quot;created_timestamp&quot;:&quot;0&quot;,&quot;copyright&quot;:&quot;\\u0130HLAS HABER AJANSI, www.iha.com.tr&quot;,&quot;focal_length&quot;:&quot;0&quot;,&quot;iso&quot;:&quot;0&quot;,&quot;shutter_speed&quot;:&quot;0&quot;,&quot;title&quot;:&quot;(\\u00d6ZEL) KEND\\u0130 KEND\\u0130NE HAREKET EDEN KAMYONET \\u0130K\\u0130 ARACA \\u00c7ARPTI G\\u00dcVENL\\u0130K KAMERASI G\\u00d6R\\u00dcNT\\u00dcLER\\u0130N\\u0130 \\u0130ZLEYEN S\\u00dcR\\u00dcC\\u00dc, \\u0022KAMYONET\\u0130N \\u0130\\u00c7\\u0130NE C\\u0130N G\\u0130RD\\u0130 B\\u00dcY\\u00dcK \\u0130HT\\u0130MAL\\u0022 D\\u0130YEREK \\u015eA\\u015eKINLI\\u011eINI D\\u0130LE GET\\u0130RD\\u0130&quot;,&quot;orientation&quot;:&quot;0&quot;}\" data-image-title=\"(\u00d6zel) Kendi kendine hareket eden kamyonet iki araca \u00e7arpt\u0131\" data-image-description=\"&lt;p&gt;(\u00d6zel) Kendi kendine hareket eden kamyonet iki araca \u00e7arpt\u0131&lt;\/p&gt; \" data-medium-file=\"https:\/\/i0.wp.com\/www.tvturk.com\/wp-content\/uploads\/2019\/02\/ozel-kendi-kendine-hareket-eden-kamyonet-iki-araca-carpti_adb18e4.jpg?fit=300%2C210\" data-large-file=\"https:\/\/i0.wp.com\/www.tvturk.com\/wp-content\/uploads\/2019\/02\/ozel-kendi-kendine-hareket-eden-kamyonet-iki-araca-carpti_adb18e4.jpg?fit=1000%2C700\" src=\"https:\/\/i0.wp.com\/www.tvturk.com\/wp-content\/uploads\/2019\/02\/ozel-kendi-kendine-hareket-eden-kamyonet-iki-araca-carpti_adb18e4.jpg?w=496&#038;h=347\" srcset=\"https:\/\/i0.wp.com\/www.tvturk.com\/wp-content\/uploads\/2019\/02\/ozel-kendi-kendine-hareket-eden-kamyonet-iki-araca-carpti_adb18e4.jpg?w=1000 1000w, https:\/\/i0.wp.com\/www.tvturk.com\/wp-content\/uploads\/2019\/02\/ozel-kendi-kendine-hareket-eden-kamyonet-iki-araca-carpti_adb18e4.jpg?resize=150%2C105 150w, https:\/\/i0.wp.com\/www.tvturk.com\/wp-content\/uploads\/2019\/02\/ozel-kendi-kendine-hareket-eden-kamyonet-iki-araca-carpti_adb18e4.jpg?resize=300%2C210 300w, https:\/\/i0.wp.com\/www.tvturk.com\/wp-content\/uploads\/2019\/02\/ozel-kendi-kendine-hareket-eden-kamyonet-iki-araca-carpti_adb18e4.jpg?resize=768%2C538 768w, https:\/\/i0.wp.com\/www.tvturk.com\/wp-content\/uploads\/2019\/02\/ozel-kendi-kendine-hareket-eden-kamyonet-iki-araca-carpti_adb18e4.jpg?resize=80%2C55 80w\" width=\"496\" height=\"347\" loading=\"lazy\" data-original-width=\"496\" data-original-height=\"347\" itemprop=\"http:\/\/schema.org\/image\" title=\"(\u00d6zel) Kendi kendine hareket eden kamyonet iki araca \u00e7arpt\u0131\" alt=\"(\u00d6zel) Kendi kendine hareket eden kamyonet iki araca \u00e7arpt\u0131\" style=\"width: 496px; height: 347px;\" \/> <\/a> <\/div> <\/div> <!-- close group --> <\/div> <!-- close row --> <\/div><\/p>\n","protected":false},"excerpt":{"rendered":"<p>N\u0130\u011eDE\u2019DE S\u00dcR\u00dcC\u00dcS\u00dcN\u00dcN STOP ETT\u0130\u011e\u0130 VE KAPISINI K\u0130L\u0130TLED\u0130\u011e\u0130 KAMYONET, KEND\u0130 KEND\u0130NE HAREKET EDEREK PARK HAL\u0130NDEK\u0130 \u0130K\u0130 ARACA \u00c7ARPTI.<\/p>\n","protected":false},"author":1,"featured_media":49245,"comment_status":"closed","ping_status":"open","sticky":false,"template":"","format":"standard","meta":{"jetpack_post_was_ever_published":false,"_jetpack_newsletter_access":"","_jetpack_dont_email_post_to_subs":false,"_jetpack_newsletter_tier_id":0,"_jetpack_memberships_contains_paywalled_content":false,"_jetpack_memberships_contains_paid_content":false,"footnotes":"","jetpack_publicize_message":"","jetpack_publicize_feature_enabled":true,"jetpack_social_post_already_shared":false,"jetpack_social_options":{"image_generator_settings":{"template":"highway","default_image_id":0,"font":"","enabled":false},"version":2}},"categories":[655],"tags":[1073,2508,1005,2393,1614,1220,6657,5646,16479],"class_list":["post-49244","post","type-post","status-publish","format-standard","has-post-thumbnail","hentry","category-son-dakika","tag-ozel","tag-araca","tag-carpti","tag-eden","tag-hareket","tag-iki","tag-kamyonet","tag-kendi","tag-kendine"],"jetpack_publicize_connections":[],"jetpack_featured_media_url":"https:\/\/i0.wp.com\/www.tvturk.com\/wp-content\/uploads\/2019\/02\/ozel-kendi-kendine-hareket-eden-kamyonet-iki-araca-carpti_a22728b.jpg?fit=1000%2C560","jetpack_sharing_enabled":true,"jetpack_shortlink":"https:\/\/wp.me\/paKIfm-cOg","_links":{"self":[{"href":"http:\/\/www.tvturk.com\/index.php\/wp-json\/wp\/v2\/posts\/49244","targetHints":{"allow":["GET"]}}],"collection":[{"href":"http:\/\/www.tvturk.com\/index.php\/wp-json\/wp\/v2\/posts"}],"about":[{"href":"http:\/\/www.tvturk.com\/index.php\/wp-json\/wp\/v2\/types\/post"}],"author":[{"embeddable":true,"href":"http:\/\/www.tvturk.com\/index.php\/wp-json\/wp\/v2\/users\/1"}],"replies":[{"embeddable":true,"href":"http:\/\/www.tvturk.com\/index.php\/wp-json\/wp\/v2\/comments?post=49244"}],"version-history":[{"count":1,"href":"http:\/\/www.tvturk.com\/index.php\/wp-json\/wp\/v2\/posts\/49244\/revisions"}],"predecessor-version":[{"id":49249,"href":"http:\/\/www.tvturk.com\/index.php\/wp-json\/wp\/v2\/posts\/49244\/revisions\/49249"}],"wp:featuredmedia":[{"embeddable":true,"href":"http:\/\/www.tvturk.com\/index.php\/wp-json\/wp\/v2\/media\/49245"}],"wp:attachment":[{"href":"http:\/\/www.tvturk.com\/index.php\/wp-json\/wp\/v2\/media?parent=49244"}],"wp:term":[{"taxonomy":"category","embeddable":true,"href":"http:\/\/www.tvturk.com\/index.php\/wp-json\/wp\/v2\/categories?post=49244"},{"taxonomy":"post_tag","embeddable":true,"href":"http:\/\/www.tvturk.com\/index.php\/wp-json\/wp\/v2\/tags?post=49244"}],"curies":[{"name":"wp","href":"https:\/\/api.w.org\/{rel}","templated":true}]}}