{"id":50101,"date":"2019-02-20T10:51:22","date_gmt":"2019-02-20T07:51:22","guid":{"rendered":"http:\/\/www.tvturk.com\/index.php\/obezite-cerrahisi-sonrasinda-sac-dokulmesi-yasamayin\/"},"modified":"2019-02-20T10:51:22","modified_gmt":"2019-02-20T07:51:22","slug":"obezite-cerrahisi-sonrasinda-sac-dokulmesi-yasamayin","status":"publish","type":"post","link":"http:\/\/www.tvturk.com\/index.php\/obezite-cerrahisi-sonrasinda-sac-dokulmesi-yasamayin\/","title":{"rendered":"Obezite cerrahisi sonras\u0131nda sa\u00e7 d\u00f6k\u00fclmesi ya\u015famay\u0131n"},"content":{"rendered":"<p>Obezite Cerrahisi Uzman\u0131 Op. Dr. Tufan Ergen\u00e7, t\u00fcp mide operasyonu sonras\u0131nda hastalar\u0131n sa\u00e7 d\u00f6k\u00fclme problemi ya\u015fayabileceklerini belirterek, \u201cHastalar\u0131n sa\u00e7 d\u00f6k\u00fclmesini \u00f6nlemek i\u00e7in d\u00fczenli kan tetkiklerini yapt\u0131rmalar\u0131, B 12 vitamini ve protein deste\u011fi almalar\u0131 gerekiyor\u201d dedi.<\/p>\n<p>A\u011f\u0131r ya\u015famlar\u0131 sa\u011fl\u0131\u011f\u0131na kavu\u015fturan t\u00fcp mide ameliyatlar\u0131 sonras\u0131nda B 12 ve protein eksikli\u011fine ba\u011fl\u0131 sa\u00e7 d\u00f6k\u00fclmesi g\u00f6r\u00fclebiliyor. Sa\u00e7 d\u00f6k\u00fclmesi sorununa \u00f6zellikle ameliyat\u0131n 3. ve 9. aylar\u0131 aras\u0131nda rastland\u0131\u011f\u0131n\u0131 ifade eden Obezite Cerrahisi Uzman\u0131 Op. Dr. Tufan Ergen\u00e7, &#8220;Sa\u00e7 d\u00f6k\u00fclmesi sorununa \u00f6zellikle takibi iyi yap\u0131lmayan hastalarda daha \u00e7ok kar\u015f\u0131la\u015f\u0131lmaktad\u0131r. Hastalar\u0131n ameliyat\u0131n ilk y\u0131l\u0131nda kan tetkiklerinin d\u00fczenli olarak (y\u0131lda en az 4 defa) yap\u0131lmas\u0131 gerekiyor. Bu s\u00fcre\u00e7te sa\u00e7 d\u00f6k\u00fclmesi tedavisi i\u00e7in \u00f6zel haz\u0131rlanm\u0131\u015f ila\u00e7lar da doktor tavsiyesi ile kullan\u0131labilir\u201d dedi.<\/p>\n<p>\u201cAmeliyat sonras\u0131nda d\u00fczenli kan tetkikleri yap\u0131lmal\u0131\u201d<\/p>\n<p>T\u00fcp mide operasyonuyla midenin k\u00fc\u00e7\u00fclt\u00fclmesiyle v\u00fccuttaki B1 ve B 12 vitaminin de azald\u0131\u011f\u0131n\u0131 kaydeden Dr. Ergen\u00e7, hastalar\u0131n mutlaka B1, B 12 ve protein deste\u011fi almalar\u0131 gerekti\u011fini vurgulad\u0131. Obezite ameliyat\u0131ndan sonra sa\u011fl\u0131kl\u0131 ya\u015fam ve v\u00fccuttaki sarkmalar\u0131n giderilmesi i\u00e7in d\u00fczenli spor ve diyet \u00f6nerdiklerini belirten Dr. Ergen\u00e7, &#8220;Obezite cerrahisi sonras\u0131 sa\u00e7 d\u00f6k\u00fclmesi d\u00fczeltilebilir ve geri d\u00f6n\u00fc\u015f\u00fcml\u00fcd\u00fcr. Gerekli tedaviyle sa\u00e7lar \u00e7ok daha sa\u011fl\u0131kl\u0131 bir \u015fekilde geri \u00e7\u0131kar. Ameliyattan sonra kanda demir ve demir ba\u011flama kapasitesi, kalsiyum, B1, B12 vitaminleri ile folik asit seviyeleri d\u00fczenli olarak kontrol edilmelidir. E\u011fer bu de\u011ferlerde eksiklik varsa doktor dan\u0131\u015fmanl\u0131\u011f\u0131nda erken d\u00f6nemde ila\u00e7 tedavisine ba\u015flanmal\u0131d\u0131r&#8221; diye konu\u015ftu.<\/p>\n","protected":false},"excerpt":{"rendered":"<p>OBEZ\u0130TE CERRAH\u0130S\u0130 UZMANI OP.DR. TUFAN ERGEN\u00c7, T\u00dcP M\u0130DE OPERASYONU SONRASINDA HASTALARIN SA\u00c7 D\u00d6K\u00dcLME PROBLEM\u0130 YA\u015eAYAB\u0130LECEKLER\u0130N\u0130 BEL\u0130RTEREK, \u201cHASTALARIN SA\u00c7 D\u00d6K\u00dcLMES\u0130N\u0130 \u00d6NLEMEK \u0130\u00c7\u0130N D\u00dcZENL\u0130 KAN TETK\u0130KLER\u0130N\u0130 YAPTIRMALARI, B 12 V\u0130TAM\u0130N\u0130 VE PROTE\u0130N DESTE\u011e\u0130 ALMALARI GEREK\u0130YOR\u201d DED\u0130.<\/p>\n","protected":false},"author":1,"featured_media":50102,"comment_status":"closed","ping_status":"open","sticky":false,"template":"","format":"standard","meta":{"jetpack_post_was_ever_published":false,"_jetpack_newsletter_access":"","_jetpack_dont_email_post_to_subs":false,"_jetpack_newsletter_tier_id":0,"_jetpack_memberships_contains_paywalled_content":false,"_jetpack_memberships_contains_paid_content":false,"footnotes":"","jetpack_publicize_message":"","jetpack_publicize_feature_enabled":true,"jetpack_social_post_already_shared":false,"jetpack_social_options":{"image_generator_settings":{"template":"highway","default_image_id":0,"font":"","enabled":false},"version":2}},"categories":[1],"tags":[4778,1128,7251,7250,16667,16668],"class_list":["post-50101","post","type-post","status-publish","format-standard","has-post-thumbnail","hentry","category-genel","tag-obezite","tag-cerrahisi","tag-dokulmesi","tag-sac","tag-sonrasinda","tag-yasamayin"],"jetpack_publicize_connections":[],"jetpack_featured_media_url":"https:\/\/i0.wp.com\/www.tvturk.com\/wp-content\/uploads\/2019\/02\/obezite-cerrahisi-sonrasinda-sac-dokulmesi-yasamayin_c8844ba.jpg?fit=1000%2C536","jetpack_sharing_enabled":true,"jetpack_shortlink":"https:\/\/wp.me\/paKIfm-d25","_links":{"self":[{"href":"http:\/\/www.tvturk.com\/index.php\/wp-json\/wp\/v2\/posts\/50101","targetHints":{"allow":["GET"]}}],"collection":[{"href":"http:\/\/www.tvturk.com\/index.php\/wp-json\/wp\/v2\/posts"}],"about":[{"href":"http:\/\/www.tvturk.com\/index.php\/wp-json\/wp\/v2\/types\/post"}],"author":[{"embeddable":true,"href":"http:\/\/www.tvturk.com\/index.php\/wp-json\/wp\/v2\/users\/1"}],"replies":[{"embeddable":true,"href":"http:\/\/www.tvturk.com\/index.php\/wp-json\/wp\/v2\/comments?post=50101"}],"version-history":[{"count":0,"href":"http:\/\/www.tvturk.com\/index.php\/wp-json\/wp\/v2\/posts\/50101\/revisions"}],"wp:featuredmedia":[{"embeddable":true,"href":"http:\/\/www.tvturk.com\/index.php\/wp-json\/wp\/v2\/media\/50102"}],"wp:attachment":[{"href":"http:\/\/www.tvturk.com\/index.php\/wp-json\/wp\/v2\/media?parent=50101"}],"wp:term":[{"taxonomy":"category","embeddable":true,"href":"http:\/\/www.tvturk.com\/index.php\/wp-json\/wp\/v2\/categories?post=50101"},{"taxonomy":"post_tag","embeddable":true,"href":"http:\/\/www.tvturk.com\/index.php\/wp-json\/wp\/v2\/tags?post=50101"}],"curies":[{"name":"wp","href":"https:\/\/api.w.org\/{rel}","templated":true}]}}