{"id":50433,"date":"2019-02-20T11:51:24","date_gmt":"2019-02-20T08:51:24","guid":{"rendered":"http:\/\/www.tvturk.com\/index.php\/hatayda-korkutan-yangin\/"},"modified":"2019-02-20T11:51:28","modified_gmt":"2019-02-20T08:51:28","slug":"hatayda-korkutan-yangin","status":"publish","type":"post","link":"http:\/\/www.tvturk.com\/index.php\/hatayda-korkutan-yangin\/","title":{"rendered":"Hatay\u2019da korkutan yang\u0131n"},"content":{"rendered":"<p>Hatay\u2019da, bir binan\u0131n son kat\u0131nda bulunan dairede yang\u0131n \u00e7\u0131kt\u0131.<\/p>\n<p>Edinilen bilgiye g\u00f6re, Defne il\u00e7esi \u00c7ekmece Mahallesi, Temiz Sokak\u2019ta bulunan Yetim Apartman\u0131\u2019n\u0131n son kat\u0131nda belirlenemeyen nedenden dolay\u0131 yang\u0131n \u00e7\u0131kt\u0131. Yang\u0131n sonras\u0131 itfaiye ekipleri alarma ge\u00e7erken, alevlerin y\u00fckseldi\u011fi dairede yang\u0131n\u0131n di\u011fer katlara s\u0131\u00e7ramamas\u0131 i\u00e7in itfaiye ekipleri uzun s\u00fcre m\u00fcdahalede bulundu. Daire i\u00e7inden ve bina d\u0131\u015f\u0131ndan yap\u0131lan m\u00fcdahalenin ard\u0131ndan yang\u0131n s\u00f6nd\u00fcr\u00fcl\u00fcrken, dairede b\u00fcy\u00fck \u00e7apl\u0131 maddi hasar meydana geldi.<\/p>\n<p>Yang\u0131nla ilgili soru\u015fturma ba\u015flat\u0131ld\u0131.<div class=\"tiled-gallery type-rectangular tiled-gallery-unresized\" data-original-width=\"500\" data-carousel-extra='null' itemscope itemtype=\"http:\/\/schema.org\/ImageGallery\" > <div class=\"gallery-row\" style=\"width: 500px; height: 224px;\" data-original-width=\"500\" data-original-height=\"224\" > <div class=\"gallery-group images-1\" style=\"width: 334px; height: 224px;\" data-original-width=\"334\" data-original-height=\"224\" > <div class=\"tiled-gallery-item tiled-gallery-item-large\" itemprop=\"associatedMedia\" itemscope itemtype=\"http:\/\/schema.org\/ImageObject\"> <a href=\"http:\/\/www.tvturk.com\/index.php\/hatayda-korkutan-yangin\/hatayda-korkutan-yangin-3\/\" border=\"0\" itemprop=\"url\"> <meta itemprop=\"width\" content=\"330\"> <meta itemprop=\"height\" content=\"220\"> <img decoding=\"async\" class=\"\" data-attachment-id=\"50435\" data-orig-file=\"http:\/\/www.tvturk.com\/wp-content\/uploads\/2019\/02\/hatayda-korkutan-yangin_b6fb5fb.jpg\" data-orig-size=\"1000,666\" data-comments-opened=\"\" data-image-meta=\"{&quot;aperture&quot;:&quot;0&quot;,&quot;credit&quot;:&quot;IHA&quot;,&quot;camera&quot;:&quot;&quot;,&quot;caption&quot;:&quot;HATAY\\u2019DA, B\\u0130R B\\u0130NANIN SON KATINDA BULUNAN DA\\u0130REDE BEL\\u0130RLEMEYEN NEDENDEN DOLAYI YANGIN \\u00c7IKTI. DA\\u0130RE \\u0130\\u00c7\\u0130NDEN VE B\\u0130NA DI\\u015eINDAN YAPILAN M\\u00dcDAHALEN\\u0130N ARDINDAN YANGIN S\\u00d6ND\\u00dcR\\u00dcL\\u00dcRKEN, DA\\u0130REDE B\\u00dcY\\u00dcK \\u00c7APLI MADD\\u0130 HASAR MEYDANA GELD\\u0130. (MEHMET BAYRAK\\\/HATAY-\\u0130HA)&quot;,&quot;created_timestamp&quot;:&quot;0&quot;,&quot;copyright&quot;:&quot;\\u0130HLAS HABER AJANSI, www.iha.com.tr&quot;,&quot;focal_length&quot;:&quot;0&quot;,&quot;iso&quot;:&quot;0&quot;,&quot;shutter_speed&quot;:&quot;0&quot;,&quot;title&quot;:&quot;HATAY\\u2019DA KORKUTAN YANGIN&quot;,&quot;orientation&quot;:&quot;0&quot;}\" data-image-title=\"Hatay\u2019da korkutan yang\u0131n\" data-image-description=\"&lt;p&gt;Hatay\u2019da korkutan yang\u0131n&lt;\/p&gt; \" data-medium-file=\"https:\/\/i0.wp.com\/www.tvturk.com\/wp-content\/uploads\/2019\/02\/hatayda-korkutan-yangin_b6fb5fb.jpg?fit=300%2C200\" data-large-file=\"https:\/\/i0.wp.com\/www.tvturk.com\/wp-content\/uploads\/2019\/02\/hatayda-korkutan-yangin_b6fb5fb.jpg?fit=1000%2C666\" src=\"https:\/\/i0.wp.com\/www.tvturk.com\/wp-content\/uploads\/2019\/02\/hatayda-korkutan-yangin_b6fb5fb.jpg?w=330&#038;h=220\" srcset=\"https:\/\/i0.wp.com\/www.tvturk.com\/wp-content\/uploads\/2019\/02\/hatayda-korkutan-yangin_b6fb5fb.jpg?w=1000 1000w, https:\/\/i0.wp.com\/www.tvturk.com\/wp-content\/uploads\/2019\/02\/hatayda-korkutan-yangin_b6fb5fb.jpg?resize=150%2C100 150w, https:\/\/i0.wp.com\/www.tvturk.com\/wp-content\/uploads\/2019\/02\/hatayda-korkutan-yangin_b6fb5fb.jpg?resize=300%2C200 300w, https:\/\/i0.wp.com\/www.tvturk.com\/wp-content\/uploads\/2019\/02\/hatayda-korkutan-yangin_b6fb5fb.jpg?resize=768%2C511 768w, https:\/\/i0.wp.com\/www.tvturk.com\/wp-content\/uploads\/2019\/02\/hatayda-korkutan-yangin_b6fb5fb.jpg?resize=170%2C113 170w, https:\/\/i0.wp.com\/www.tvturk.com\/wp-content\/uploads\/2019\/02\/hatayda-korkutan-yangin_b6fb5fb.jpg?resize=120%2C80 120w\" width=\"330\" height=\"220\" loading=\"lazy\" data-original-width=\"330\" data-original-height=\"220\" itemprop=\"http:\/\/schema.org\/image\" title=\"Hatay\u2019da korkutan yang\u0131n\" alt=\"Hatay\u2019da korkutan yang\u0131n\" style=\"width: 330px; height: 220px;\" \/> <\/a> <\/div> <\/div> <!-- close group --> <div class=\"gallery-group images-2\" style=\"width: 166px; height: 224px;\" data-original-width=\"166\" data-original-height=\"224\" > <div class=\"tiled-gallery-item tiled-gallery-item-small\" itemprop=\"associatedMedia\" itemscope itemtype=\"http:\/\/schema.org\/ImageObject\"> <a href=\"http:\/\/www.tvturk.com\/index.php\/hatayda-korkutan-yangin\/hatayda-korkutan-yangin-4\/\" border=\"0\" itemprop=\"url\"> <meta itemprop=\"width\" content=\"162\"> <meta itemprop=\"height\" content=\"108\"> <img decoding=\"async\" class=\"\" data-attachment-id=\"50436\" data-orig-file=\"http:\/\/www.tvturk.com\/wp-content\/uploads\/2019\/02\/hatayda-korkutan-yangin_bc7b2c0.jpg\" data-orig-size=\"1000,666\" data-comments-opened=\"\" data-image-meta=\"{&quot;aperture&quot;:&quot;0&quot;,&quot;credit&quot;:&quot;IHA&quot;,&quot;camera&quot;:&quot;&quot;,&quot;caption&quot;:&quot;HATAY\\u2019DA, B\\u0130R B\\u0130NANIN SON KATINDA BULUNAN DA\\u0130REDE BEL\\u0130RLEMEYEN NEDENDEN DOLAYI YANGIN \\u00c7IKTI. DA\\u0130RE \\u0130\\u00c7\\u0130NDEN VE B\\u0130NA DI\\u015eINDAN YAPILAN M\\u00dcDAHALEN\\u0130N ARDINDAN YANGIN S\\u00d6ND\\u00dcR\\u00dcL\\u00dcRKEN, DA\\u0130REDE B\\u00dcY\\u00dcK \\u00c7APLI MADD\\u0130 HASAR MEYDANA GELD\\u0130. (MEHMET BAYRAK\\\/HATAY-\\u0130HA)&quot;,&quot;created_timestamp&quot;:&quot;0&quot;,&quot;copyright&quot;:&quot;\\u0130HLAS HABER AJANSI, www.iha.com.tr&quot;,&quot;focal_length&quot;:&quot;0&quot;,&quot;iso&quot;:&quot;0&quot;,&quot;shutter_speed&quot;:&quot;0&quot;,&quot;title&quot;:&quot;HATAY\\u2019DA KORKUTAN YANGIN&quot;,&quot;orientation&quot;:&quot;0&quot;}\" data-image-title=\"Hatay\u2019da korkutan yang\u0131n\" data-image-description=\"&lt;p&gt;Hatay\u2019da korkutan yang\u0131n&lt;\/p&gt; \" data-medium-file=\"https:\/\/i0.wp.com\/www.tvturk.com\/wp-content\/uploads\/2019\/02\/hatayda-korkutan-yangin_bc7b2c0.jpg?fit=300%2C200\" data-large-file=\"https:\/\/i0.wp.com\/www.tvturk.com\/wp-content\/uploads\/2019\/02\/hatayda-korkutan-yangin_bc7b2c0.jpg?fit=1000%2C666\" src=\"https:\/\/i0.wp.com\/www.tvturk.com\/wp-content\/uploads\/2019\/02\/hatayda-korkutan-yangin_bc7b2c0.jpg?w=162&#038;h=108\" srcset=\"https:\/\/i0.wp.com\/www.tvturk.com\/wp-content\/uploads\/2019\/02\/hatayda-korkutan-yangin_bc7b2c0.jpg?w=1000 1000w, https:\/\/i0.wp.com\/www.tvturk.com\/wp-content\/uploads\/2019\/02\/hatayda-korkutan-yangin_bc7b2c0.jpg?resize=150%2C100 150w, https:\/\/i0.wp.com\/www.tvturk.com\/wp-content\/uploads\/2019\/02\/hatayda-korkutan-yangin_bc7b2c0.jpg?resize=300%2C200 300w, https:\/\/i0.wp.com\/www.tvturk.com\/wp-content\/uploads\/2019\/02\/hatayda-korkutan-yangin_bc7b2c0.jpg?resize=768%2C511 768w, https:\/\/i0.wp.com\/www.tvturk.com\/wp-content\/uploads\/2019\/02\/hatayda-korkutan-yangin_bc7b2c0.jpg?resize=170%2C113 170w, https:\/\/i0.wp.com\/www.tvturk.com\/wp-content\/uploads\/2019\/02\/hatayda-korkutan-yangin_bc7b2c0.jpg?resize=120%2C80 120w\" width=\"162\" height=\"108\" loading=\"lazy\" data-original-width=\"162\" data-original-height=\"108\" itemprop=\"http:\/\/schema.org\/image\" title=\"Hatay\u2019da korkutan yang\u0131n\" alt=\"Hatay\u2019da korkutan yang\u0131n\" style=\"width: 162px; height: 108px;\" \/> <\/a> <\/div> <div class=\"tiled-gallery-item tiled-gallery-item-small\" itemprop=\"associatedMedia\" itemscope itemtype=\"http:\/\/schema.org\/ImageObject\"> <a href=\"http:\/\/www.tvturk.com\/index.php\/hatayda-korkutan-yangin\/hatayda-korkutan-yangin-5\/\" border=\"0\" itemprop=\"url\"> <meta itemprop=\"width\" content=\"162\"> <meta itemprop=\"height\" content=\"108\"> <img decoding=\"async\" class=\"\" data-attachment-id=\"50437\" data-orig-file=\"http:\/\/www.tvturk.com\/wp-content\/uploads\/2019\/02\/hatayda-korkutan-yangin_e33d3f5.jpg\" data-orig-size=\"1000,666\" data-comments-opened=\"\" data-image-meta=\"{&quot;aperture&quot;:&quot;0&quot;,&quot;credit&quot;:&quot;IHA&quot;,&quot;camera&quot;:&quot;&quot;,&quot;caption&quot;:&quot;HATAY\\u2019DA, B\\u0130R B\\u0130NANIN SON KATINDA BULUNAN DA\\u0130REDE BEL\\u0130RLEMEYEN NEDENDEN DOLAYI YANGIN \\u00c7IKTI. DA\\u0130RE \\u0130\\u00c7\\u0130NDEN VE B\\u0130NA DI\\u015eINDAN YAPILAN M\\u00dcDAHALEN\\u0130N ARDINDAN YANGIN S\\u00d6ND\\u00dcR\\u00dcL\\u00dcRKEN, DA\\u0130REDE B\\u00dcY\\u00dcK \\u00c7APLI MADD\\u0130 HASAR MEYDANA GELD\\u0130. (MEHMET BAYRAK\\\/HATAY-\\u0130HA)&quot;,&quot;created_timestamp&quot;:&quot;0&quot;,&quot;copyright&quot;:&quot;\\u0130HLAS HABER AJANSI, www.iha.com.tr&quot;,&quot;focal_length&quot;:&quot;0&quot;,&quot;iso&quot;:&quot;0&quot;,&quot;shutter_speed&quot;:&quot;0&quot;,&quot;title&quot;:&quot;HATAY\\u2019DA KORKUTAN YANGIN&quot;,&quot;orientation&quot;:&quot;0&quot;}\" data-image-title=\"Hatay\u2019da korkutan yang\u0131n\" data-image-description=\"&lt;p&gt;Hatay\u2019da korkutan yang\u0131n&lt;\/p&gt; \" data-medium-file=\"https:\/\/i0.wp.com\/www.tvturk.com\/wp-content\/uploads\/2019\/02\/hatayda-korkutan-yangin_e33d3f5.jpg?fit=300%2C200\" data-large-file=\"https:\/\/i0.wp.com\/www.tvturk.com\/wp-content\/uploads\/2019\/02\/hatayda-korkutan-yangin_e33d3f5.jpg?fit=1000%2C666\" src=\"https:\/\/i0.wp.com\/www.tvturk.com\/wp-content\/uploads\/2019\/02\/hatayda-korkutan-yangin_e33d3f5.jpg?w=162&#038;h=108\" srcset=\"https:\/\/i0.wp.com\/www.tvturk.com\/wp-content\/uploads\/2019\/02\/hatayda-korkutan-yangin_e33d3f5.jpg?w=1000 1000w, https:\/\/i0.wp.com\/www.tvturk.com\/wp-content\/uploads\/2019\/02\/hatayda-korkutan-yangin_e33d3f5.jpg?resize=150%2C100 150w, https:\/\/i0.wp.com\/www.tvturk.com\/wp-content\/uploads\/2019\/02\/hatayda-korkutan-yangin_e33d3f5.jpg?resize=300%2C200 300w, https:\/\/i0.wp.com\/www.tvturk.com\/wp-content\/uploads\/2019\/02\/hatayda-korkutan-yangin_e33d3f5.jpg?resize=768%2C511 768w, https:\/\/i0.wp.com\/www.tvturk.com\/wp-content\/uploads\/2019\/02\/hatayda-korkutan-yangin_e33d3f5.jpg?resize=170%2C113 170w, https:\/\/i0.wp.com\/www.tvturk.com\/wp-content\/uploads\/2019\/02\/hatayda-korkutan-yangin_e33d3f5.jpg?resize=120%2C80 120w\" width=\"162\" height=\"108\" loading=\"lazy\" data-original-width=\"162\" data-original-height=\"108\" itemprop=\"http:\/\/schema.org\/image\" title=\"Hatay\u2019da korkutan yang\u0131n\" alt=\"Hatay\u2019da korkutan yang\u0131n\" style=\"width: 162px; height: 108px;\" \/> <\/a> <\/div> <\/div> <!-- close group --> <\/div> <!-- close row --> <div class=\"gallery-row\" style=\"width: 500px; height: 334px;\" data-original-width=\"500\" data-original-height=\"334\" > <div class=\"gallery-group images-1\" style=\"width: 500px; height: 334px;\" data-original-width=\"500\" data-original-height=\"334\" > <div class=\"tiled-gallery-item tiled-gallery-item-large\" itemprop=\"associatedMedia\" itemscope itemtype=\"http:\/\/schema.org\/ImageObject\"> <a href=\"http:\/\/www.tvturk.com\/index.php\/hatayda-korkutan-yangin\/hatayda-korkutan-yangin-6\/\" border=\"0\" itemprop=\"url\"> <meta itemprop=\"width\" content=\"496\"> <meta itemprop=\"height\" content=\"330\"> <img decoding=\"async\" class=\"\" data-attachment-id=\"50438\" data-orig-file=\"http:\/\/www.tvturk.com\/wp-content\/uploads\/2019\/02\/hatayda-korkutan-yangin_883c641.jpg\" data-orig-size=\"1000,666\" data-comments-opened=\"\" data-image-meta=\"{&quot;aperture&quot;:&quot;0&quot;,&quot;credit&quot;:&quot;IHA&quot;,&quot;camera&quot;:&quot;&quot;,&quot;caption&quot;:&quot;HATAY\\u2019DA, B\\u0130R B\\u0130NANIN SON KATINDA BULUNAN DA\\u0130REDE BEL\\u0130RLEMEYEN NEDENDEN DOLAYI YANGIN \\u00c7IKTI. DA\\u0130RE \\u0130\\u00c7\\u0130NDEN VE B\\u0130NA DI\\u015eINDAN YAPILAN M\\u00dcDAHALEN\\u0130N ARDINDAN YANGIN S\\u00d6ND\\u00dcR\\u00dcL\\u00dcRKEN, DA\\u0130REDE B\\u00dcY\\u00dcK \\u00c7APLI MADD\\u0130 HASAR MEYDANA GELD\\u0130. (MEHMET BAYRAK\\\/HATAY-\\u0130HA)&quot;,&quot;created_timestamp&quot;:&quot;0&quot;,&quot;copyright&quot;:&quot;\\u0130HLAS HABER AJANSI, www.iha.com.tr&quot;,&quot;focal_length&quot;:&quot;0&quot;,&quot;iso&quot;:&quot;0&quot;,&quot;shutter_speed&quot;:&quot;0&quot;,&quot;title&quot;:&quot;HATAY\\u2019DA KORKUTAN YANGIN&quot;,&quot;orientation&quot;:&quot;0&quot;}\" data-image-title=\"Hatay\u2019da korkutan yang\u0131n\" data-image-description=\"&lt;p&gt;Hatay\u2019da korkutan yang\u0131n&lt;\/p&gt; \" data-medium-file=\"https:\/\/i0.wp.com\/www.tvturk.com\/wp-content\/uploads\/2019\/02\/hatayda-korkutan-yangin_883c641.jpg?fit=300%2C200\" data-large-file=\"https:\/\/i0.wp.com\/www.tvturk.com\/wp-content\/uploads\/2019\/02\/hatayda-korkutan-yangin_883c641.jpg?fit=1000%2C666\" src=\"https:\/\/i0.wp.com\/www.tvturk.com\/wp-content\/uploads\/2019\/02\/hatayda-korkutan-yangin_883c641.jpg?w=496&#038;h=330\" srcset=\"https:\/\/i0.wp.com\/www.tvturk.com\/wp-content\/uploads\/2019\/02\/hatayda-korkutan-yangin_883c641.jpg?w=1000 1000w, https:\/\/i0.wp.com\/www.tvturk.com\/wp-content\/uploads\/2019\/02\/hatayda-korkutan-yangin_883c641.jpg?resize=150%2C100 150w, https:\/\/i0.wp.com\/www.tvturk.com\/wp-content\/uploads\/2019\/02\/hatayda-korkutan-yangin_883c641.jpg?resize=300%2C200 300w, https:\/\/i0.wp.com\/www.tvturk.com\/wp-content\/uploads\/2019\/02\/hatayda-korkutan-yangin_883c641.jpg?resize=768%2C511 768w, https:\/\/i0.wp.com\/www.tvturk.com\/wp-content\/uploads\/2019\/02\/hatayda-korkutan-yangin_883c641.jpg?resize=170%2C113 170w, https:\/\/i0.wp.com\/www.tvturk.com\/wp-content\/uploads\/2019\/02\/hatayda-korkutan-yangin_883c641.jpg?resize=120%2C80 120w\" width=\"496\" height=\"330\" loading=\"lazy\" data-original-width=\"496\" data-original-height=\"330\" itemprop=\"http:\/\/schema.org\/image\" title=\"Hatay\u2019da korkutan yang\u0131n\" alt=\"Hatay\u2019da korkutan yang\u0131n\" style=\"width: 496px; height: 330px;\" \/> <\/a> <\/div> <\/div> <!-- close group --> <\/div> <!-- close row --> <\/div><\/p>\n","protected":false},"excerpt":{"rendered":"<p>HATAY\u2019DA, B\u0130R B\u0130NANIN SON KATINDA BULUNAN DA\u0130REDE BEL\u0130RLEMEYEN NEDENDEN DOLAYI YANGIN \u00c7IKTI. DA\u0130RE \u0130\u00c7\u0130NDEN VE B\u0130NA DI\u015eINDAN YAPILAN M\u00dcDAHALEN\u0130N ARDINDAN YANGIN S\u00d6ND\u00dcR\u00dcL\u00dcRKEN, DA\u0130REDE B\u00dcY\u00dcK \u00c7APLI MADD\u0130 HASAR MEYDANA GELD\u0130.<\/p>\n","protected":false},"author":1,"featured_media":50434,"comment_status":"closed","ping_status":"open","sticky":false,"template":"","format":"standard","meta":{"jetpack_post_was_ever_published":false,"_jetpack_newsletter_access":"","_jetpack_dont_email_post_to_subs":false,"_jetpack_newsletter_tier_id":0,"_jetpack_memberships_contains_paywalled_content":false,"_jetpack_memberships_contains_paid_content":false,"footnotes":"","jetpack_publicize_message":"","jetpack_publicize_feature_enabled":true,"jetpack_social_post_already_shared":false,"jetpack_social_options":{"image_generator_settings":{"template":"highway","default_image_id":0,"font":"","enabled":false},"version":2}},"categories":[655],"tags":[1285,3560,1617],"class_list":["post-50433","post","type-post","status-publish","format-standard","has-post-thumbnail","hentry","category-son-dakika","tag-hatayda","tag-korkutan","tag-yangin"],"jetpack_publicize_connections":[],"jetpack_featured_media_url":"https:\/\/i0.wp.com\/www.tvturk.com\/wp-content\/uploads\/2019\/02\/hatayda-korkutan-yangin_cd308f1.jpg?fit=1000%2C666","jetpack_sharing_enabled":true,"jetpack_shortlink":"https:\/\/wp.me\/paKIfm-d7r","_links":{"self":[{"href":"http:\/\/www.tvturk.com\/index.php\/wp-json\/wp\/v2\/posts\/50433","targetHints":{"allow":["GET"]}}],"collection":[{"href":"http:\/\/www.tvturk.com\/index.php\/wp-json\/wp\/v2\/posts"}],"about":[{"href":"http:\/\/www.tvturk.com\/index.php\/wp-json\/wp\/v2\/types\/post"}],"author":[{"embeddable":true,"href":"http:\/\/www.tvturk.com\/index.php\/wp-json\/wp\/v2\/users\/1"}],"replies":[{"embeddable":true,"href":"http:\/\/www.tvturk.com\/index.php\/wp-json\/wp\/v2\/comments?post=50433"}],"version-history":[{"count":1,"href":"http:\/\/www.tvturk.com\/index.php\/wp-json\/wp\/v2\/posts\/50433\/revisions"}],"predecessor-version":[{"id":50439,"href":"http:\/\/www.tvturk.com\/index.php\/wp-json\/wp\/v2\/posts\/50433\/revisions\/50439"}],"wp:featuredmedia":[{"embeddable":true,"href":"http:\/\/www.tvturk.com\/index.php\/wp-json\/wp\/v2\/media\/50434"}],"wp:attachment":[{"href":"http:\/\/www.tvturk.com\/index.php\/wp-json\/wp\/v2\/media?parent=50433"}],"wp:term":[{"taxonomy":"category","embeddable":true,"href":"http:\/\/www.tvturk.com\/index.php\/wp-json\/wp\/v2\/categories?post=50433"},{"taxonomy":"post_tag","embeddable":true,"href":"http:\/\/www.tvturk.com\/index.php\/wp-json\/wp\/v2\/tags?post=50433"}],"curies":[{"name":"wp","href":"https:\/\/api.w.org\/{rel}","templated":true}]}}