{"id":50627,"date":"2019-02-20T12:21:00","date_gmt":"2019-02-20T09:21:00","guid":{"rendered":"http:\/\/www.tvturk.com\/index.php\/rizede-korkutan-yangin\/"},"modified":"2019-02-20T12:21:05","modified_gmt":"2019-02-20T09:21:05","slug":"rizede-korkutan-yangin","status":"publish","type":"post","link":"http:\/\/www.tvturk.com\/index.php\/rizede-korkutan-yangin\/","title":{"rendered":"Rize\u2019de korkutan yang\u0131n"},"content":{"rendered":"<p>Rize merkez Piri\u00e7elebi Mahallesi, PTT binas\u0131 arkas\u0131nda bir binan\u0131n 2. kat\u0131nda \u00e7\u0131kan yang\u0131na, itfaiye ekipleri k\u0131sa s\u00fcrede m\u00fcdahalede bulundu.<\/p>\n<p>Edinilen bilgiye g\u00f6re, sabah saatlerinde Riri\u00e7elebi Mahallesi M\u00fcze 1 Apartman\u0131n\u0131n 2. kat\u0131nda Abdullah Delibalta\u2019ya ait evde, Delibalta\u2019n\u0131n otizmli oldu\u011fu \u00f6\u011frenilen \u00e7ocu\u011funun elektrikli sobay\u0131 devirmesi sonucu yang\u0131n \u00e7\u0131kt\u0131. Dumanlar\u0131n y\u00fckseldi\u011fini g\u00f6ren vatanda\u015flar Rize Belediyesi \u0130tfaiye M\u00fcd\u00fcrl\u00fc\u011f\u00fcne ihbarda bulundu. \u0130hbar \u00fczerine olay yerine gelen itfaiye ekipleri, yang\u0131na m\u00fcdahalede bulundu.<\/p>\n<p>Dar sokakta bulunan eve zor \u015fartlar alt\u0131nda k\u0131sa s\u00fcrede ula\u015f\u0131m sa\u011flayarak olay yeri g\u00fcvenli\u011fini alan ekipler, alevleri daha \u00e7ok b\u00fcy\u00fcmeden kontrol alt\u0131na ald\u0131, ev i\u00e7erisinde so\u011futma \u00e7al\u0131\u015fmalar\u0131 ger\u00e7ekle\u015ftirdi.<\/p>\n<p>\u00c7\u0131kan yang\u0131nda herhangi bir can kayb\u0131 ya\u015fanmazken, evde maddi hasar meydana geldi.<div class=\"tiled-gallery type-rectangular tiled-gallery-unresized\" data-original-width=\"500\" data-carousel-extra='null' itemscope itemtype=\"http:\/\/schema.org\/ImageGallery\" > <div class=\"gallery-row\" style=\"width: 500px; height: 224px;\" data-original-width=\"500\" data-original-height=\"224\" > <div class=\"gallery-group images-1\" style=\"width: 334px; height: 224px;\" data-original-width=\"334\" data-original-height=\"224\" > <div class=\"tiled-gallery-item tiled-gallery-item-large\" itemprop=\"associatedMedia\" itemscope itemtype=\"http:\/\/schema.org\/ImageObject\"> <a href=\"http:\/\/www.tvturk.com\/index.php\/rizede-korkutan-yangin\/rizede-korkutan-yangin-3\/\" border=\"0\" itemprop=\"url\"> <meta itemprop=\"width\" content=\"330\"> <meta itemprop=\"height\" content=\"220\"> <img decoding=\"async\" class=\"\" data-attachment-id=\"50629\" data-orig-file=\"http:\/\/www.tvturk.com\/wp-content\/uploads\/2019\/02\/rizede-korkutan-yangin_3c5a5bf.jpg\" data-orig-size=\"1000,666\" data-comments-opened=\"\" data-image-meta=\"{&quot;aperture&quot;:&quot;0&quot;,&quot;credit&quot;:&quot;IHA&quot;,&quot;camera&quot;:&quot;&quot;,&quot;caption&quot;:&quot;R\\u0130ZE MERKEZ P\\u0130R\\u0130\\u00c7ELEB\\u0130 MAHALLES\\u0130, PTT B\\u0130NASI ARKASINDA B\\u0130R B\\u0130NANIN 2. KATINDA \\u00c7IKAN YANGINA, \\u0130TFA\\u0130YE EK\\u0130PLER\\u0130 KISA S\\u00dcREDE M\\u00dcDAHALEDE BULUNDU. (HASAN FEHM\\u0130 DEM\\u0130R\\\/R\\u0130ZE-\\u0130HA)&quot;,&quot;created_timestamp&quot;:&quot;0&quot;,&quot;copyright&quot;:&quot;\\u0130HLAS HABER AJANSI, www.iha.com.tr&quot;,&quot;focal_length&quot;:&quot;0&quot;,&quot;iso&quot;:&quot;0&quot;,&quot;shutter_speed&quot;:&quot;0&quot;,&quot;title&quot;:&quot;R\\u0130ZE\\u2019DE KORKUTAN YANGIN&quot;,&quot;orientation&quot;:&quot;0&quot;}\" data-image-title=\"Rize\u2019de korkutan yang\u0131n\" data-image-description=\"&lt;p&gt;Rize\u2019de korkutan yang\u0131n&lt;\/p&gt; \" data-medium-file=\"https:\/\/i0.wp.com\/www.tvturk.com\/wp-content\/uploads\/2019\/02\/rizede-korkutan-yangin_3c5a5bf.jpg?fit=300%2C200\" data-large-file=\"https:\/\/i0.wp.com\/www.tvturk.com\/wp-content\/uploads\/2019\/02\/rizede-korkutan-yangin_3c5a5bf.jpg?fit=1000%2C666\" src=\"https:\/\/i0.wp.com\/www.tvturk.com\/wp-content\/uploads\/2019\/02\/rizede-korkutan-yangin_3c5a5bf.jpg?w=330&#038;h=220\" srcset=\"https:\/\/i0.wp.com\/www.tvturk.com\/wp-content\/uploads\/2019\/02\/rizede-korkutan-yangin_3c5a5bf.jpg?w=1000 1000w, https:\/\/i0.wp.com\/www.tvturk.com\/wp-content\/uploads\/2019\/02\/rizede-korkutan-yangin_3c5a5bf.jpg?resize=150%2C100 150w, https:\/\/i0.wp.com\/www.tvturk.com\/wp-content\/uploads\/2019\/02\/rizede-korkutan-yangin_3c5a5bf.jpg?resize=300%2C200 300w, https:\/\/i0.wp.com\/www.tvturk.com\/wp-content\/uploads\/2019\/02\/rizede-korkutan-yangin_3c5a5bf.jpg?resize=768%2C511 768w, https:\/\/i0.wp.com\/www.tvturk.com\/wp-content\/uploads\/2019\/02\/rizede-korkutan-yangin_3c5a5bf.jpg?resize=170%2C113 170w, https:\/\/i0.wp.com\/www.tvturk.com\/wp-content\/uploads\/2019\/02\/rizede-korkutan-yangin_3c5a5bf.jpg?resize=120%2C80 120w\" width=\"330\" height=\"220\" loading=\"lazy\" data-original-width=\"330\" data-original-height=\"220\" itemprop=\"http:\/\/schema.org\/image\" title=\"Rize\u2019de korkutan yang\u0131n\" alt=\"Rize\u2019de korkutan yang\u0131n\" style=\"width: 330px; height: 220px;\" \/> <\/a> <\/div> <\/div> <!-- close group --> <div class=\"gallery-group images-2\" style=\"width: 166px; height: 224px;\" data-original-width=\"166\" data-original-height=\"224\" > <div class=\"tiled-gallery-item tiled-gallery-item-small\" itemprop=\"associatedMedia\" itemscope itemtype=\"http:\/\/schema.org\/ImageObject\"> <a href=\"http:\/\/www.tvturk.com\/index.php\/rizede-korkutan-yangin\/rizede-korkutan-yangin-4\/\" border=\"0\" itemprop=\"url\"> <meta itemprop=\"width\" content=\"162\"> <meta itemprop=\"height\" content=\"108\"> <img decoding=\"async\" class=\"\" data-attachment-id=\"50630\" data-orig-file=\"http:\/\/www.tvturk.com\/wp-content\/uploads\/2019\/02\/rizede-korkutan-yangin_fd23373.jpg\" data-orig-size=\"1000,666\" data-comments-opened=\"\" data-image-meta=\"{&quot;aperture&quot;:&quot;0&quot;,&quot;credit&quot;:&quot;IHA&quot;,&quot;camera&quot;:&quot;&quot;,&quot;caption&quot;:&quot;R\\u0130ZE MERKEZ P\\u0130R\\u0130\\u00c7ELEB\\u0130 MAHALLES\\u0130, PTT B\\u0130NASI ARKASINDA B\\u0130R B\\u0130NANIN 2. KATINDA \\u00c7IKAN YANGINA, \\u0130TFA\\u0130YE EK\\u0130PLER\\u0130 KISA S\\u00dcREDE M\\u00dcDAHALEDE BULUNDU. (HASAN FEHM\\u0130 DEM\\u0130R\\\/R\\u0130ZE-\\u0130HA)&quot;,&quot;created_timestamp&quot;:&quot;0&quot;,&quot;copyright&quot;:&quot;\\u0130HLAS HABER AJANSI, www.iha.com.tr&quot;,&quot;focal_length&quot;:&quot;0&quot;,&quot;iso&quot;:&quot;0&quot;,&quot;shutter_speed&quot;:&quot;0&quot;,&quot;title&quot;:&quot;R\\u0130ZE\\u2019DE KORKUTAN YANGIN&quot;,&quot;orientation&quot;:&quot;0&quot;}\" data-image-title=\"Rize\u2019de korkutan yang\u0131n\" data-image-description=\"&lt;p&gt;Rize\u2019de korkutan yang\u0131n&lt;\/p&gt; \" data-medium-file=\"https:\/\/i0.wp.com\/www.tvturk.com\/wp-content\/uploads\/2019\/02\/rizede-korkutan-yangin_fd23373.jpg?fit=300%2C200\" data-large-file=\"https:\/\/i0.wp.com\/www.tvturk.com\/wp-content\/uploads\/2019\/02\/rizede-korkutan-yangin_fd23373.jpg?fit=1000%2C666\" src=\"https:\/\/i0.wp.com\/www.tvturk.com\/wp-content\/uploads\/2019\/02\/rizede-korkutan-yangin_fd23373.jpg?w=162&#038;h=108\" srcset=\"https:\/\/i0.wp.com\/www.tvturk.com\/wp-content\/uploads\/2019\/02\/rizede-korkutan-yangin_fd23373.jpg?w=1000 1000w, https:\/\/i0.wp.com\/www.tvturk.com\/wp-content\/uploads\/2019\/02\/rizede-korkutan-yangin_fd23373.jpg?resize=150%2C100 150w, https:\/\/i0.wp.com\/www.tvturk.com\/wp-content\/uploads\/2019\/02\/rizede-korkutan-yangin_fd23373.jpg?resize=300%2C200 300w, https:\/\/i0.wp.com\/www.tvturk.com\/wp-content\/uploads\/2019\/02\/rizede-korkutan-yangin_fd23373.jpg?resize=768%2C511 768w, https:\/\/i0.wp.com\/www.tvturk.com\/wp-content\/uploads\/2019\/02\/rizede-korkutan-yangin_fd23373.jpg?resize=170%2C113 170w, https:\/\/i0.wp.com\/www.tvturk.com\/wp-content\/uploads\/2019\/02\/rizede-korkutan-yangin_fd23373.jpg?resize=120%2C80 120w\" width=\"162\" height=\"108\" loading=\"lazy\" data-original-width=\"162\" data-original-height=\"108\" itemprop=\"http:\/\/schema.org\/image\" title=\"Rize\u2019de korkutan yang\u0131n\" alt=\"Rize\u2019de korkutan yang\u0131n\" style=\"width: 162px; height: 108px;\" \/> <\/a> <\/div> <div class=\"tiled-gallery-item tiled-gallery-item-small\" itemprop=\"associatedMedia\" itemscope itemtype=\"http:\/\/schema.org\/ImageObject\"> <a href=\"http:\/\/www.tvturk.com\/index.php\/rizede-korkutan-yangin\/rizede-korkutan-yangin-5\/\" border=\"0\" itemprop=\"url\"> <meta itemprop=\"width\" content=\"162\"> <meta itemprop=\"height\" content=\"108\"> <img decoding=\"async\" class=\"\" data-attachment-id=\"50631\" data-orig-file=\"http:\/\/www.tvturk.com\/wp-content\/uploads\/2019\/02\/rizede-korkutan-yangin_cf8c531.jpg\" data-orig-size=\"1000,666\" data-comments-opened=\"\" data-image-meta=\"{&quot;aperture&quot;:&quot;0&quot;,&quot;credit&quot;:&quot;IHA&quot;,&quot;camera&quot;:&quot;&quot;,&quot;caption&quot;:&quot;R\\u0130ZE MERKEZ P\\u0130R\\u0130\\u00c7ELEB\\u0130 MAHALLES\\u0130, PTT B\\u0130NASI ARKASINDA B\\u0130R B\\u0130NANIN 2. KATINDA \\u00c7IKAN YANGINA, \\u0130TFA\\u0130YE EK\\u0130PLER\\u0130 KISA S\\u00dcREDE M\\u00dcDAHALEDE BULUNDU. (HASAN FEHM\\u0130 DEM\\u0130R\\\/R\\u0130ZE-\\u0130HA)&quot;,&quot;created_timestamp&quot;:&quot;0&quot;,&quot;copyright&quot;:&quot;\\u0130HLAS HABER AJANSI, www.iha.com.tr&quot;,&quot;focal_length&quot;:&quot;0&quot;,&quot;iso&quot;:&quot;0&quot;,&quot;shutter_speed&quot;:&quot;0&quot;,&quot;title&quot;:&quot;R\\u0130ZE\\u2019DE KORKUTAN YANGIN&quot;,&quot;orientation&quot;:&quot;0&quot;}\" data-image-title=\"Rize\u2019de korkutan yang\u0131n\" data-image-description=\"&lt;p&gt;Rize\u2019de korkutan yang\u0131n&lt;\/p&gt; \" data-medium-file=\"https:\/\/i0.wp.com\/www.tvturk.com\/wp-content\/uploads\/2019\/02\/rizede-korkutan-yangin_cf8c531.jpg?fit=300%2C200\" data-large-file=\"https:\/\/i0.wp.com\/www.tvturk.com\/wp-content\/uploads\/2019\/02\/rizede-korkutan-yangin_cf8c531.jpg?fit=1000%2C666\" src=\"https:\/\/i0.wp.com\/www.tvturk.com\/wp-content\/uploads\/2019\/02\/rizede-korkutan-yangin_cf8c531.jpg?w=162&#038;h=108\" srcset=\"https:\/\/i0.wp.com\/www.tvturk.com\/wp-content\/uploads\/2019\/02\/rizede-korkutan-yangin_cf8c531.jpg?w=1000 1000w, https:\/\/i0.wp.com\/www.tvturk.com\/wp-content\/uploads\/2019\/02\/rizede-korkutan-yangin_cf8c531.jpg?resize=150%2C100 150w, https:\/\/i0.wp.com\/www.tvturk.com\/wp-content\/uploads\/2019\/02\/rizede-korkutan-yangin_cf8c531.jpg?resize=300%2C200 300w, https:\/\/i0.wp.com\/www.tvturk.com\/wp-content\/uploads\/2019\/02\/rizede-korkutan-yangin_cf8c531.jpg?resize=768%2C511 768w, https:\/\/i0.wp.com\/www.tvturk.com\/wp-content\/uploads\/2019\/02\/rizede-korkutan-yangin_cf8c531.jpg?resize=170%2C113 170w, https:\/\/i0.wp.com\/www.tvturk.com\/wp-content\/uploads\/2019\/02\/rizede-korkutan-yangin_cf8c531.jpg?resize=120%2C80 120w\" width=\"162\" height=\"108\" loading=\"lazy\" data-original-width=\"162\" data-original-height=\"108\" itemprop=\"http:\/\/schema.org\/image\" title=\"Rize\u2019de korkutan yang\u0131n\" alt=\"Rize\u2019de korkutan yang\u0131n\" style=\"width: 162px; height: 108px;\" \/> <\/a> <\/div> <\/div> <!-- close group --> <\/div> <!-- close row --> <div class=\"gallery-row\" style=\"width: 500px; height: 168px;\" data-original-width=\"500\" data-original-height=\"168\" > <div class=\"gallery-group images-1\" style=\"width: 250px; height: 168px;\" data-original-width=\"250\" data-original-height=\"168\" > <div class=\"tiled-gallery-item tiled-gallery-item-small\" itemprop=\"associatedMedia\" itemscope itemtype=\"http:\/\/schema.org\/ImageObject\"> <a href=\"http:\/\/www.tvturk.com\/index.php\/rizede-korkutan-yangin\/rizede-korkutan-yangin-6\/\" border=\"0\" itemprop=\"url\"> <meta itemprop=\"width\" content=\"246\"> <meta itemprop=\"height\" content=\"164\"> <img decoding=\"async\" class=\"\" data-attachment-id=\"50632\" data-orig-file=\"http:\/\/www.tvturk.com\/wp-content\/uploads\/2019\/02\/rizede-korkutan-yangin_5925884.jpg\" data-orig-size=\"1000,666\" data-comments-opened=\"\" data-image-meta=\"{&quot;aperture&quot;:&quot;0&quot;,&quot;credit&quot;:&quot;IHA&quot;,&quot;camera&quot;:&quot;&quot;,&quot;caption&quot;:&quot;R\\u0130ZE MERKEZ P\\u0130R\\u0130\\u00c7ELEB\\u0130 MAHALLES\\u0130, PTT B\\u0130NASI ARKASINDA B\\u0130R B\\u0130NANIN 2. KATINDA \\u00c7IKAN YANGINA, \\u0130TFA\\u0130YE EK\\u0130PLER\\u0130 KISA S\\u00dcREDE M\\u00dcDAHALEDE BULUNDU. (HASAN FEHM\\u0130 DEM\\u0130R\\\/R\\u0130ZE-\\u0130HA)&quot;,&quot;created_timestamp&quot;:&quot;0&quot;,&quot;copyright&quot;:&quot;\\u0130HLAS HABER AJANSI, www.iha.com.tr&quot;,&quot;focal_length&quot;:&quot;0&quot;,&quot;iso&quot;:&quot;0&quot;,&quot;shutter_speed&quot;:&quot;0&quot;,&quot;title&quot;:&quot;R\\u0130ZE\\u2019DE KORKUTAN YANGIN&quot;,&quot;orientation&quot;:&quot;0&quot;}\" data-image-title=\"Rize\u2019de korkutan yang\u0131n\" data-image-description=\"&lt;p&gt;Rize\u2019de korkutan yang\u0131n&lt;\/p&gt; \" data-medium-file=\"https:\/\/i0.wp.com\/www.tvturk.com\/wp-content\/uploads\/2019\/02\/rizede-korkutan-yangin_5925884.jpg?fit=300%2C200\" data-large-file=\"https:\/\/i0.wp.com\/www.tvturk.com\/wp-content\/uploads\/2019\/02\/rizede-korkutan-yangin_5925884.jpg?fit=1000%2C666\" src=\"https:\/\/i0.wp.com\/www.tvturk.com\/wp-content\/uploads\/2019\/02\/rizede-korkutan-yangin_5925884.jpg?w=246&#038;h=164\" srcset=\"https:\/\/i0.wp.com\/www.tvturk.com\/wp-content\/uploads\/2019\/02\/rizede-korkutan-yangin_5925884.jpg?w=1000 1000w, https:\/\/i0.wp.com\/www.tvturk.com\/wp-content\/uploads\/2019\/02\/rizede-korkutan-yangin_5925884.jpg?resize=150%2C100 150w, https:\/\/i0.wp.com\/www.tvturk.com\/wp-content\/uploads\/2019\/02\/rizede-korkutan-yangin_5925884.jpg?resize=300%2C200 300w, https:\/\/i0.wp.com\/www.tvturk.com\/wp-content\/uploads\/2019\/02\/rizede-korkutan-yangin_5925884.jpg?resize=768%2C511 768w, https:\/\/i0.wp.com\/www.tvturk.com\/wp-content\/uploads\/2019\/02\/rizede-korkutan-yangin_5925884.jpg?resize=170%2C113 170w, https:\/\/i0.wp.com\/www.tvturk.com\/wp-content\/uploads\/2019\/02\/rizede-korkutan-yangin_5925884.jpg?resize=120%2C80 120w\" width=\"246\" height=\"164\" loading=\"lazy\" data-original-width=\"246\" data-original-height=\"164\" itemprop=\"http:\/\/schema.org\/image\" title=\"Rize\u2019de korkutan yang\u0131n\" alt=\"Rize\u2019de korkutan yang\u0131n\" style=\"width: 246px; height: 164px;\" \/> <\/a> <\/div> <\/div> <!-- close group --> <div class=\"gallery-group images-1\" style=\"width: 250px; height: 168px;\" data-original-width=\"250\" data-original-height=\"168\" > <div class=\"tiled-gallery-item tiled-gallery-item-small\" itemprop=\"associatedMedia\" itemscope itemtype=\"http:\/\/schema.org\/ImageObject\"> <a href=\"http:\/\/www.tvturk.com\/index.php\/rizede-korkutan-yangin\/rizede-korkutan-yangin-7\/\" border=\"0\" itemprop=\"url\"> <meta itemprop=\"width\" content=\"246\"> <meta itemprop=\"height\" content=\"164\"> <img decoding=\"async\" class=\"\" data-attachment-id=\"50633\" data-orig-file=\"http:\/\/www.tvturk.com\/wp-content\/uploads\/2019\/02\/rizede-korkutan-yangin_ee35c98.jpg\" data-orig-size=\"1000,666\" data-comments-opened=\"\" data-image-meta=\"{&quot;aperture&quot;:&quot;0&quot;,&quot;credit&quot;:&quot;IHA&quot;,&quot;camera&quot;:&quot;&quot;,&quot;caption&quot;:&quot;R\\u0130ZE MERKEZ P\\u0130R\\u0130\\u00c7ELEB\\u0130 MAHALLES\\u0130, PTT B\\u0130NASI ARKASINDA B\\u0130R B\\u0130NANIN 2. KATINDA \\u00c7IKAN YANGINA, \\u0130TFA\\u0130YE EK\\u0130PLER\\u0130 KISA S\\u00dcREDE M\\u00dcDAHALEDE BULUNDU. (HASAN FEHM\\u0130 DEM\\u0130R\\\/R\\u0130ZE-\\u0130HA)&quot;,&quot;created_timestamp&quot;:&quot;0&quot;,&quot;copyright&quot;:&quot;\\u0130HLAS HABER AJANSI, www.iha.com.tr&quot;,&quot;focal_length&quot;:&quot;0&quot;,&quot;iso&quot;:&quot;0&quot;,&quot;shutter_speed&quot;:&quot;0&quot;,&quot;title&quot;:&quot;R\\u0130ZE\\u2019DE KORKUTAN YANGIN&quot;,&quot;orientation&quot;:&quot;0&quot;}\" data-image-title=\"Rize\u2019de korkutan yang\u0131n\" data-image-description=\"&lt;p&gt;Rize\u2019de korkutan yang\u0131n&lt;\/p&gt; \" data-medium-file=\"https:\/\/i0.wp.com\/www.tvturk.com\/wp-content\/uploads\/2019\/02\/rizede-korkutan-yangin_ee35c98.jpg?fit=300%2C200\" data-large-file=\"https:\/\/i0.wp.com\/www.tvturk.com\/wp-content\/uploads\/2019\/02\/rizede-korkutan-yangin_ee35c98.jpg?fit=1000%2C666\" src=\"https:\/\/i0.wp.com\/www.tvturk.com\/wp-content\/uploads\/2019\/02\/rizede-korkutan-yangin_ee35c98.jpg?w=246&#038;h=164\" srcset=\"https:\/\/i0.wp.com\/www.tvturk.com\/wp-content\/uploads\/2019\/02\/rizede-korkutan-yangin_ee35c98.jpg?w=1000 1000w, https:\/\/i0.wp.com\/www.tvturk.com\/wp-content\/uploads\/2019\/02\/rizede-korkutan-yangin_ee35c98.jpg?resize=150%2C100 150w, https:\/\/i0.wp.com\/www.tvturk.com\/wp-content\/uploads\/2019\/02\/rizede-korkutan-yangin_ee35c98.jpg?resize=300%2C200 300w, https:\/\/i0.wp.com\/www.tvturk.com\/wp-content\/uploads\/2019\/02\/rizede-korkutan-yangin_ee35c98.jpg?resize=768%2C511 768w, https:\/\/i0.wp.com\/www.tvturk.com\/wp-content\/uploads\/2019\/02\/rizede-korkutan-yangin_ee35c98.jpg?resize=170%2C113 170w, https:\/\/i0.wp.com\/www.tvturk.com\/wp-content\/uploads\/2019\/02\/rizede-korkutan-yangin_ee35c98.jpg?resize=120%2C80 120w\" width=\"246\" height=\"164\" loading=\"lazy\" data-original-width=\"246\" data-original-height=\"164\" itemprop=\"http:\/\/schema.org\/image\" title=\"Rize\u2019de korkutan yang\u0131n\" alt=\"Rize\u2019de korkutan yang\u0131n\" style=\"width: 246px; height: 164px;\" \/> <\/a> <\/div> <\/div> <!-- close group --> <\/div> <!-- close row --> <\/div><\/p>\n","protected":false},"excerpt":{"rendered":"<p>R\u0130ZE MERKEZ P\u0130R\u0130\u00c7ELEB\u0130 MAHALLES\u0130, PTT B\u0130NASI ARKASINDA B\u0130R B\u0130NANIN 2. KATINDA \u00c7IKAN YANGINA, \u0130TFA\u0130YE EK\u0130PLER\u0130 KISA S\u00dcREDE M\u00dcDAHALEDE BULUNDU.<\/p>\n","protected":false},"author":1,"featured_media":50628,"comment_status":"closed","ping_status":"open","sticky":false,"template":"","format":"standard","meta":{"jetpack_post_was_ever_published":false,"_jetpack_newsletter_access":"","_jetpack_dont_email_post_to_subs":false,"_jetpack_newsletter_tier_id":0,"_jetpack_memberships_contains_paywalled_content":false,"_jetpack_memberships_contains_paid_content":false,"footnotes":"","jetpack_publicize_message":"","jetpack_publicize_feature_enabled":true,"jetpack_social_post_already_shared":false,"jetpack_social_options":{"image_generator_settings":{"template":"highway","default_image_id":0,"font":"","enabled":false},"version":2}},"categories":[655],"tags":[3560,2926,1617],"class_list":["post-50627","post","type-post","status-publish","format-standard","has-post-thumbnail","hentry","category-son-dakika","tag-korkutan","tag-rizede","tag-yangin"],"jetpack_publicize_connections":[],"jetpack_featured_media_url":"https:\/\/i0.wp.com\/www.tvturk.com\/wp-content\/uploads\/2019\/02\/rizede-korkutan-yangin_cdd970f.jpg?fit=1000%2C666","jetpack_sharing_enabled":true,"jetpack_shortlink":"https:\/\/wp.me\/paKIfm-daz","_links":{"self":[{"href":"http:\/\/www.tvturk.com\/index.php\/wp-json\/wp\/v2\/posts\/50627","targetHints":{"allow":["GET"]}}],"collection":[{"href":"http:\/\/www.tvturk.com\/index.php\/wp-json\/wp\/v2\/posts"}],"about":[{"href":"http:\/\/www.tvturk.com\/index.php\/wp-json\/wp\/v2\/types\/post"}],"author":[{"embeddable":true,"href":"http:\/\/www.tvturk.com\/index.php\/wp-json\/wp\/v2\/users\/1"}],"replies":[{"embeddable":true,"href":"http:\/\/www.tvturk.com\/index.php\/wp-json\/wp\/v2\/comments?post=50627"}],"version-history":[{"count":1,"href":"http:\/\/www.tvturk.com\/index.php\/wp-json\/wp\/v2\/posts\/50627\/revisions"}],"predecessor-version":[{"id":50634,"href":"http:\/\/www.tvturk.com\/index.php\/wp-json\/wp\/v2\/posts\/50627\/revisions\/50634"}],"wp:featuredmedia":[{"embeddable":true,"href":"http:\/\/www.tvturk.com\/index.php\/wp-json\/wp\/v2\/media\/50628"}],"wp:attachment":[{"href":"http:\/\/www.tvturk.com\/index.php\/wp-json\/wp\/v2\/media?parent=50627"}],"wp:term":[{"taxonomy":"category","embeddable":true,"href":"http:\/\/www.tvturk.com\/index.php\/wp-json\/wp\/v2\/categories?post=50627"},{"taxonomy":"post_tag","embeddable":true,"href":"http:\/\/www.tvturk.com\/index.php\/wp-json\/wp\/v2\/tags?post=50627"}],"curies":[{"name":"wp","href":"https:\/\/api.w.org\/{rel}","templated":true}]}}