{"id":50752,"date":"2019-02-20T12:51:04","date_gmt":"2019-02-20T09:51:04","guid":{"rendered":"http:\/\/www.tvturk.com\/index.php\/umreciler-dualarla-kutsal-topraklara-ugurlandi\/"},"modified":"2019-02-20T12:51:06","modified_gmt":"2019-02-20T09:51:06","slug":"umreciler-dualarla-kutsal-topraklara-ugurlandi","status":"publish","type":"post","link":"http:\/\/www.tvturk.com\/index.php\/umreciler-dualarla-kutsal-topraklara-ugurlandi\/","title":{"rendered":"Umreciler dualarla kutsal topraklara u\u011furland\u0131"},"content":{"rendered":"<p>Yozgat\u2019tan kutsal topraklara umre ibadetini ger\u00e7ekle\u015ftirmek i\u00e7in gidecek olan vatanda\u015flar, Bilal \u015eahin K\u00fclliyesinden dualarla u\u011furland\u0131.<\/p>\n<p>Kutsal topraklara gidecek umreciler, yak\u0131nlar\u0131 ve \u00e7ok say\u0131da vatanda\u015f Bilal \u015eahin K\u00fclliyesinde bir araya geldi. U\u011furlama \u00f6ncesinde okunan Kur\u2019an-\u0131 Kerim ve dualar\u0131n ard\u0131ndan umreciler, helallik alarak toplanma yeri olan Ankara\u2019ya hareket etti.<\/p>\n<p>Yozgat\u2019tan ikinci kafilenin u\u011furlanmas\u0131na kat\u0131lan Yozgat Valisi Kadir \u00c7ak\u0131r,&#8221;\u0130n\u015fallah sa\u011fl\u0131kl\u0131 s\u0131hhatli bir \u015fekilde hac g\u00f6revinizi yerine getirerek tekrar sevdiklerinize kavu\u015fursunuz. Gitti\u011finiz kutsal topraklarda \u00fclkemizin birlik ve beraberli\u011fi i\u00e7in, sevdikleriniz i\u00e7in, bizler i\u00e7in dua edin. Allah \u015fimdiden ibadetlerinizi kabul etsin. Yolunuz a\u00e7\u0131k olsun. Allah gitmek isteyen t\u00fcm karde\u015flerimize nasip etsin.&#8221; dedi.<\/p>\n<p>Okunan ezan\u0131n ard\u0131ndan umreciler kutsal topraklara u\u011furland\u0131.<div class=\"tiled-gallery type-rectangular tiled-gallery-unresized\" data-original-width=\"500\" data-carousel-extra='null' itemscope itemtype=\"http:\/\/schema.org\/ImageGallery\" > <div class=\"gallery-row\" style=\"width: 500px; height: 149px;\" data-original-width=\"500\" data-original-height=\"149\" > <div class=\"gallery-group images-1\" style=\"width: 222px; height: 149px;\" data-original-width=\"222\" data-original-height=\"149\" > <div class=\"tiled-gallery-item tiled-gallery-item-small\" itemprop=\"associatedMedia\" itemscope itemtype=\"http:\/\/schema.org\/ImageObject\"> <a href=\"http:\/\/www.tvturk.com\/index.php\/umreciler-dualarla-kutsal-topraklara-ugurlandi\/umreciler-dualarla-kutsal-topraklara-ugurlandi-3\/\" border=\"0\" itemprop=\"url\"> <meta itemprop=\"width\" content=\"218\"> <meta itemprop=\"height\" content=\"145\"> <img decoding=\"async\" class=\"\" data-attachment-id=\"50754\" data-orig-file=\"http:\/\/www.tvturk.com\/wp-content\/uploads\/2019\/02\/umreciler-dualarla-kutsal-topraklara-ugurlandi_bbba95c.jpg\" data-orig-size=\"1000,666\" data-comments-opened=\"\" data-image-meta=\"{&quot;aperture&quot;:&quot;0&quot;,&quot;credit&quot;:&quot;IHA&quot;,&quot;camera&quot;:&quot;&quot;,&quot;caption&quot;:&quot;YOZGAT\\u2019TAN KUTSAL TOPRAKLARA UMRE \\u0130BADET\\u0130N\\u0130 GER\\u00c7EKLE\\u015eT\\u0130RMEK \\u0130\\u00c7\\u0130N G\\u0130DECEK OLAN VATANDA\\u015eLAR, B\\u0130LAL \\u015eAH\\u0130N K\\u00dcLL\\u0130YES\\u0130\\u2019NDEN DUALARLA U\\u011eURLANDI (BAHADIR MUHL\\u0130S G\\u00d6KG\\u00dcL\\\/YOZGAT-\\u0130HA)&quot;,&quot;created_timestamp&quot;:&quot;0&quot;,&quot;copyright&quot;:&quot;\\u0130HLAS HABER AJANSI, www.iha.com.tr&quot;,&quot;focal_length&quot;:&quot;0&quot;,&quot;iso&quot;:&quot;0&quot;,&quot;shutter_speed&quot;:&quot;0&quot;,&quot;title&quot;:&quot;UMREC\\u0130LER DUALARLA KUTSAL TOPRAKLARA U\\u011eURLANDI&quot;,&quot;orientation&quot;:&quot;0&quot;}\" data-image-title=\"Umreciler dualarla kutsal topraklara u\u011furland\u0131\" data-image-description=\"&lt;p&gt;Umreciler dualarla kutsal topraklara u\u011furland\u0131&lt;\/p&gt; \" data-medium-file=\"https:\/\/i0.wp.com\/www.tvturk.com\/wp-content\/uploads\/2019\/02\/umreciler-dualarla-kutsal-topraklara-ugurlandi_bbba95c.jpg?fit=300%2C200\" data-large-file=\"https:\/\/i0.wp.com\/www.tvturk.com\/wp-content\/uploads\/2019\/02\/umreciler-dualarla-kutsal-topraklara-ugurlandi_bbba95c.jpg?fit=1000%2C666\" src=\"https:\/\/i0.wp.com\/www.tvturk.com\/wp-content\/uploads\/2019\/02\/umreciler-dualarla-kutsal-topraklara-ugurlandi_bbba95c.jpg?w=218&#038;h=145\" srcset=\"https:\/\/i0.wp.com\/www.tvturk.com\/wp-content\/uploads\/2019\/02\/umreciler-dualarla-kutsal-topraklara-ugurlandi_bbba95c.jpg?w=1000 1000w, https:\/\/i0.wp.com\/www.tvturk.com\/wp-content\/uploads\/2019\/02\/umreciler-dualarla-kutsal-topraklara-ugurlandi_bbba95c.jpg?resize=150%2C100 150w, https:\/\/i0.wp.com\/www.tvturk.com\/wp-content\/uploads\/2019\/02\/umreciler-dualarla-kutsal-topraklara-ugurlandi_bbba95c.jpg?resize=300%2C200 300w, https:\/\/i0.wp.com\/www.tvturk.com\/wp-content\/uploads\/2019\/02\/umreciler-dualarla-kutsal-topraklara-ugurlandi_bbba95c.jpg?resize=768%2C511 768w, https:\/\/i0.wp.com\/www.tvturk.com\/wp-content\/uploads\/2019\/02\/umreciler-dualarla-kutsal-topraklara-ugurlandi_bbba95c.jpg?resize=170%2C113 170w, https:\/\/i0.wp.com\/www.tvturk.com\/wp-content\/uploads\/2019\/02\/umreciler-dualarla-kutsal-topraklara-ugurlandi_bbba95c.jpg?resize=120%2C80 120w\" width=\"218\" height=\"145\" loading=\"lazy\" data-original-width=\"218\" data-original-height=\"145\" itemprop=\"http:\/\/schema.org\/image\" title=\"Umreciler dualarla kutsal topraklara u\u011furland\u0131\" alt=\"Umreciler dualarla kutsal topraklara u\u011furland\u0131\" style=\"width: 218px; height: 145px;\" \/> <\/a> <\/div> <\/div> <!-- close group --> <div class=\"gallery-group images-1\" style=\"width: 278px; height: 149px;\" data-original-width=\"278\" data-original-height=\"149\" > <div class=\"tiled-gallery-item tiled-gallery-item-large\" itemprop=\"associatedMedia\" itemscope itemtype=\"http:\/\/schema.org\/ImageObject\"> <a href=\"http:\/\/www.tvturk.com\/index.php\/umreciler-dualarla-kutsal-topraklara-ugurlandi\/umreciler-dualarla-kutsal-topraklara-ugurlandi-4\/\" border=\"0\" itemprop=\"url\"> <meta itemprop=\"width\" content=\"274\"> <meta itemprop=\"height\" content=\"145\"> <img decoding=\"async\" class=\"\" data-attachment-id=\"50755\" data-orig-file=\"http:\/\/www.tvturk.com\/wp-content\/uploads\/2019\/02\/umreciler-dualarla-kutsal-topraklara-ugurlandi_b37cd7d.jpg\" data-orig-size=\"1000,528\" data-comments-opened=\"\" data-image-meta=\"{&quot;aperture&quot;:&quot;0&quot;,&quot;credit&quot;:&quot;IHA&quot;,&quot;camera&quot;:&quot;&quot;,&quot;caption&quot;:&quot;UMREC\\u0130LER KUTSAL TOPRAKLAR \\u0130\\u00c7\\u0130N YOLA \\u00c7IKTI (BAHADIR MUHL\\u0130S G\\u00d6KG\\u00dcL\\\/YOZGAT-\\u0130HA)&quot;,&quot;created_timestamp&quot;:&quot;0&quot;,&quot;copyright&quot;:&quot;\\u0130HLAS HABER AJANSI, www.iha.com.tr&quot;,&quot;focal_length&quot;:&quot;0&quot;,&quot;iso&quot;:&quot;0&quot;,&quot;shutter_speed&quot;:&quot;0&quot;,&quot;title&quot;:&quot;UMREC\\u0130LER DUALARLA KUTSAL TOPRAKLARA U\\u011eURLANDI&quot;,&quot;orientation&quot;:&quot;0&quot;}\" data-image-title=\"Umreciler dualarla kutsal topraklara u\u011furland\u0131\" data-image-description=\"&lt;p&gt;Umreciler dualarla kutsal topraklara u\u011furland\u0131&lt;\/p&gt; \" data-medium-file=\"https:\/\/i0.wp.com\/www.tvturk.com\/wp-content\/uploads\/2019\/02\/umreciler-dualarla-kutsal-topraklara-ugurlandi_b37cd7d.jpg?fit=300%2C158\" data-large-file=\"https:\/\/i0.wp.com\/www.tvturk.com\/wp-content\/uploads\/2019\/02\/umreciler-dualarla-kutsal-topraklara-ugurlandi_b37cd7d.jpg?fit=1000%2C528\" src=\"https:\/\/i0.wp.com\/www.tvturk.com\/wp-content\/uploads\/2019\/02\/umreciler-dualarla-kutsal-topraklara-ugurlandi_b37cd7d.jpg?w=274&#038;h=145\" srcset=\"https:\/\/i0.wp.com\/www.tvturk.com\/wp-content\/uploads\/2019\/02\/umreciler-dualarla-kutsal-topraklara-ugurlandi_b37cd7d.jpg?w=1000 1000w, https:\/\/i0.wp.com\/www.tvturk.com\/wp-content\/uploads\/2019\/02\/umreciler-dualarla-kutsal-topraklara-ugurlandi_b37cd7d.jpg?resize=150%2C79 150w, https:\/\/i0.wp.com\/www.tvturk.com\/wp-content\/uploads\/2019\/02\/umreciler-dualarla-kutsal-topraklara-ugurlandi_b37cd7d.jpg?resize=300%2C158 300w, https:\/\/i0.wp.com\/www.tvturk.com\/wp-content\/uploads\/2019\/02\/umreciler-dualarla-kutsal-topraklara-ugurlandi_b37cd7d.jpg?resize=768%2C406 768w\" width=\"274\" height=\"145\" loading=\"lazy\" data-original-width=\"274\" data-original-height=\"145\" itemprop=\"http:\/\/schema.org\/image\" title=\"Umreciler dualarla kutsal topraklara u\u011furland\u0131\" alt=\"Umreciler dualarla kutsal topraklara u\u011furland\u0131\" style=\"width: 274px; height: 145px;\" \/> <\/a> <\/div> <\/div> <!-- close group --> <\/div> <!-- close row --> <\/div><\/p>\n","protected":false},"excerpt":{"rendered":"<p>UMREC\u0130LER KUTSAL TOPRAKLARA U\u011eURLANDI<\/p>\n","protected":false},"author":1,"featured_media":50753,"comment_status":"closed","ping_status":"open","sticky":false,"template":"","format":"standard","meta":{"jetpack_post_was_ever_published":false,"_jetpack_newsletter_access":"","_jetpack_dont_email_post_to_subs":false,"_jetpack_newsletter_tier_id":0,"_jetpack_memberships_contains_paywalled_content":false,"_jetpack_memberships_contains_paid_content":false,"footnotes":"","jetpack_publicize_message":"","jetpack_publicize_feature_enabled":true,"jetpack_social_post_already_shared":false,"jetpack_social_options":{"image_generator_settings":{"template":"highway","default_image_id":0,"font":"","enabled":false},"version":2}},"categories":[1],"tags":[3235,16841,16842,2516,16840],"class_list":["post-50752","post","type-post","status-publish","format-standard","has-post-thumbnail","hentry","category-genel","tag-dualarla","tag-kutsal","tag-topraklara","tag-ugurlandi","tag-umreciler"],"jetpack_publicize_connections":[],"jetpack_featured_media_url":"https:\/\/i0.wp.com\/www.tvturk.com\/wp-content\/uploads\/2019\/02\/umreciler-dualarla-kutsal-topraklara-ugurlandi_be24560.jpg?fit=1000%2C621","jetpack_sharing_enabled":true,"jetpack_shortlink":"https:\/\/wp.me\/paKIfm-dcA","_links":{"self":[{"href":"http:\/\/www.tvturk.com\/index.php\/wp-json\/wp\/v2\/posts\/50752","targetHints":{"allow":["GET"]}}],"collection":[{"href":"http:\/\/www.tvturk.com\/index.php\/wp-json\/wp\/v2\/posts"}],"about":[{"href":"http:\/\/www.tvturk.com\/index.php\/wp-json\/wp\/v2\/types\/post"}],"author":[{"embeddable":true,"href":"http:\/\/www.tvturk.com\/index.php\/wp-json\/wp\/v2\/users\/1"}],"replies":[{"embeddable":true,"href":"http:\/\/www.tvturk.com\/index.php\/wp-json\/wp\/v2\/comments?post=50752"}],"version-history":[{"count":1,"href":"http:\/\/www.tvturk.com\/index.php\/wp-json\/wp\/v2\/posts\/50752\/revisions"}],"predecessor-version":[{"id":50756,"href":"http:\/\/www.tvturk.com\/index.php\/wp-json\/wp\/v2\/posts\/50752\/revisions\/50756"}],"wp:featuredmedia":[{"embeddable":true,"href":"http:\/\/www.tvturk.com\/index.php\/wp-json\/wp\/v2\/media\/50753"}],"wp:attachment":[{"href":"http:\/\/www.tvturk.com\/index.php\/wp-json\/wp\/v2\/media?parent=50752"}],"wp:term":[{"taxonomy":"category","embeddable":true,"href":"http:\/\/www.tvturk.com\/index.php\/wp-json\/wp\/v2\/categories?post=50752"},{"taxonomy":"post_tag","embeddable":true,"href":"http:\/\/www.tvturk.com\/index.php\/wp-json\/wp\/v2\/tags?post=50752"}],"curies":[{"name":"wp","href":"https:\/\/api.w.org\/{rel}","templated":true}]}}