{"id":50932,"date":"2019-02-20T13:21:58","date_gmt":"2019-02-20T10:21:58","guid":{"rendered":"http:\/\/www.tvturk.com\/index.php\/36-kadin-sporcu-sah-mat-dediler\/"},"modified":"2019-02-20T13:22:00","modified_gmt":"2019-02-20T10:22:00","slug":"36-kadin-sporcu-sah-mat-dediler","status":"publish","type":"post","link":"http:\/\/www.tvturk.com\/index.php\/36-kadin-sporcu-sah-mat-dediler\/","title":{"rendered":"36 kad\u0131n sporcu &#8220;\u015eah-Mat&#8221; dediler"},"content":{"rendered":"<p>T\u00fcrkiye Satran\u00e7 Federasyonu\u2019nun y\u0131ll\u0131k faaliyet program\u0131nda yer alan, D\u00fczce Kad\u0131nlar \u0130l Birincili\u011fi M\u00fcsabakalar\u0131 D\u00fczce Belediyesi Og\u00fcn Dan\u0131\u015f Sergi Salonu\u2019nda yap\u0131ld\u0131.<\/p>\n<p>D\u00fczce Gen\u00e7lik ve Spor \u0130l M\u00fcd\u00fcrl\u00fc\u011f\u00fc ile TSF D\u00fczce \u0130l Temsilcili\u011fi taraf\u0131ndan yap\u0131lan organizasyona 36 Kad\u0131n sporcu kat\u0131ld\u0131. \u015eampiyona sonucunda birinci Meltem \u015eim\u015fek (D\u00fczce As Satran\u00e7 Kul\u00fcb\u00fc), ikinci Zeynep Naz \u015eahin (D\u00fczce Doruk Satran\u00e7 Merkezi), \u00fc\u00e7\u00fcnc\u00fc \u00c7a\u011fla Nehir Suba\u015f\u0131 (D\u00fczce As Satran\u00e7 Kul\u00fcb\u00fc) oldu.<\/p>\n<p>M\u00fcsabakalar sonucunda dereceye giren oyunculara madalyalar\u0131, D\u00fczce Gen\u00e7lik ve Spor \u0130l M\u00fcd\u00fcrl\u00fc\u011f\u00fc Spor Hizmetleri \u015eube M\u00fcd\u00fcr Vekili Faruk \u00c7elik taraf\u0131ndan verildi. Bu sonu\u00e7lara g\u00f6re, Mart ay\u0131nda Antalya\u2019 da yap\u0131lacak olan Arzum T\u00fcrkiye Kad\u0131nlar Satran\u00e7 \u015eampiyonas\u0131\u2019na D\u00fczce\u2019yi temsilen kat\u0131lmaya Meltem \u015eim\u015fek hak kazand\u0131.<div class=\"tiled-gallery type-rectangular tiled-gallery-unresized\" data-original-width=\"500\" data-carousel-extra='null' itemscope itemtype=\"http:\/\/schema.org\/ImageGallery\" > <div class=\"gallery-row\" style=\"width: 500px; height: 283px;\" data-original-width=\"500\" data-original-height=\"283\" > <div class=\"gallery-group images-1\" style=\"width: 500px; height: 283px;\" data-original-width=\"500\" data-original-height=\"283\" > <div class=\"tiled-gallery-item tiled-gallery-item-large\" itemprop=\"associatedMedia\" itemscope itemtype=\"http:\/\/schema.org\/ImageObject\"> <a href=\"http:\/\/www.tvturk.com\/index.php\/36-kadin-sporcu-sah-mat-dediler\/36-kadin-sporcu-sah-mat-dediler-3\/\" border=\"0\" itemprop=\"url\"> <meta itemprop=\"width\" content=\"496\"> <meta itemprop=\"height\" content=\"279\"> <img decoding=\"async\" class=\"\" data-attachment-id=\"50934\" data-orig-file=\"http:\/\/www.tvturk.com\/wp-content\/uploads\/2019\/02\/36-kadin-sporcu-sah-mat-dediler_7f84fff.jpg\" data-orig-size=\"1000,562\" data-comments-opened=\"\" data-image-meta=\"{&quot;aperture&quot;:&quot;0&quot;,&quot;credit&quot;:&quot;IHA&quot;,&quot;camera&quot;:&quot;&quot;,&quot;caption&quot;:&quot;T\\u00dcRK\\u0130YE SATRAN\\u00c7 FEDERASYONU\\u0027NUN YILLIK FAAL\\u0130YET PROGRAMINDA YER ALAN, D\\u00dcZCE KADINLAR \\u0130L B\\u0130R\\u0130NC\\u0130L\\u0130\\u011e\\u0130 M\\u00dcSABAKALARI D\\u00dcZCE BELED\\u0130YES\\u0130 OG\\u00dcN DANI\\u015e SERG\\u0130 SALONU\\u0027NDA YAPILDI. (AL\\u0130 YILDIZ\\\/D\\u00dcZCE-\\u0130HA)&quot;,&quot;created_timestamp&quot;:&quot;0&quot;,&quot;copyright&quot;:&quot;\\u0130HLAS HABER AJANSI, www.iha.com.tr&quot;,&quot;focal_length&quot;:&quot;0&quot;,&quot;iso&quot;:&quot;0&quot;,&quot;shutter_speed&quot;:&quot;0&quot;,&quot;title&quot;:&quot;36 KADIN SPORCU \\u0022\\u015eAH-MAT\\u0022 DED\\u0130LER&quot;,&quot;orientation&quot;:&quot;0&quot;}\" data-image-title=\"36 kad\u0131n sporcu &amp;#8220;\u015eah-Mat&amp;#8221; dediler\" data-image-description=\"&lt;p&gt;36 kad\u0131n sporcu &amp;#8220;\u015eah-Mat&amp;#8221; dediler&lt;\/p&gt; \" data-medium-file=\"https:\/\/i0.wp.com\/www.tvturk.com\/wp-content\/uploads\/2019\/02\/36-kadin-sporcu-sah-mat-dediler_7f84fff.jpg?fit=300%2C169\" data-large-file=\"https:\/\/i0.wp.com\/www.tvturk.com\/wp-content\/uploads\/2019\/02\/36-kadin-sporcu-sah-mat-dediler_7f84fff.jpg?fit=1000%2C562\" src=\"https:\/\/i0.wp.com\/www.tvturk.com\/wp-content\/uploads\/2019\/02\/36-kadin-sporcu-sah-mat-dediler_7f84fff.jpg?w=496&#038;h=279\" srcset=\"https:\/\/i0.wp.com\/www.tvturk.com\/wp-content\/uploads\/2019\/02\/36-kadin-sporcu-sah-mat-dediler_7f84fff.jpg?w=1000 1000w, https:\/\/i0.wp.com\/www.tvturk.com\/wp-content\/uploads\/2019\/02\/36-kadin-sporcu-sah-mat-dediler_7f84fff.jpg?resize=150%2C84 150w, https:\/\/i0.wp.com\/www.tvturk.com\/wp-content\/uploads\/2019\/02\/36-kadin-sporcu-sah-mat-dediler_7f84fff.jpg?resize=300%2C169 300w, https:\/\/i0.wp.com\/www.tvturk.com\/wp-content\/uploads\/2019\/02\/36-kadin-sporcu-sah-mat-dediler_7f84fff.jpg?resize=768%2C432 768w, https:\/\/i0.wp.com\/www.tvturk.com\/wp-content\/uploads\/2019\/02\/36-kadin-sporcu-sah-mat-dediler_7f84fff.jpg?resize=200%2C113 200w\" width=\"496\" height=\"279\" loading=\"lazy\" data-original-width=\"496\" data-original-height=\"279\" itemprop=\"http:\/\/schema.org\/image\" title=\"36 kad\u0131n sporcu &quot;\u015eah-Mat&quot; dediler\" alt=\"36 kad\u0131n sporcu &quot;\u015eah-Mat&quot; dediler\" style=\"width: 496px; height: 279px;\" \/> <\/a> <\/div> <\/div> <!-- close group --> <\/div> <!-- close row --> <\/div><\/p>\n","protected":false},"excerpt":{"rendered":"<p>T\u00dcRK\u0130YE SATRAN\u00c7 FEDERASYONU&#8217;NUN YILLIK FAAL\u0130YET PROGRAMINDA YER ALAN, D\u00dcZCE KADINLAR \u0130L B\u0130R\u0130NC\u0130L\u0130\u011e\u0130 M\u00dcSABAKALARI D\u00dcZCE BELED\u0130YES\u0130 OG\u00dcN DANI\u015e SERG\u0130 SALONU&#8217;NDA YAPILDI.<\/p>\n","protected":false},"author":1,"featured_media":50933,"comment_status":"closed","ping_status":"open","sticky":false,"template":"","format":"standard","meta":{"jetpack_post_was_ever_published":false,"_jetpack_newsletter_access":"","_jetpack_dont_email_post_to_subs":false,"_jetpack_newsletter_tier_id":0,"_jetpack_memberships_contains_paywalled_content":false,"_jetpack_memberships_contains_paid_content":false,"footnotes":"","jetpack_publicize_message":"","jetpack_publicize_feature_enabled":true,"jetpack_social_post_already_shared":false,"jetpack_social_options":{"image_generator_settings":{"template":"highway","default_image_id":0,"font":"","enabled":false},"version":2}},"categories":[657],"tags":[16891,2599,108,3895],"class_list":["post-50932","post","type-post","status-publish","format-standard","has-post-thumbnail","hentry","category-spor","tag-sah-mat","tag-dediler","tag-kadin","tag-sporcu"],"jetpack_publicize_connections":[],"jetpack_featured_media_url":"https:\/\/i0.wp.com\/www.tvturk.com\/wp-content\/uploads\/2019\/02\/36-kadin-sporcu-sah-mat-dediler_3670e18.jpg?fit=1000%2C562","jetpack_sharing_enabled":true,"jetpack_shortlink":"https:\/\/wp.me\/paKIfm-dfu","_links":{"self":[{"href":"http:\/\/www.tvturk.com\/index.php\/wp-json\/wp\/v2\/posts\/50932","targetHints":{"allow":["GET"]}}],"collection":[{"href":"http:\/\/www.tvturk.com\/index.php\/wp-json\/wp\/v2\/posts"}],"about":[{"href":"http:\/\/www.tvturk.com\/index.php\/wp-json\/wp\/v2\/types\/post"}],"author":[{"embeddable":true,"href":"http:\/\/www.tvturk.com\/index.php\/wp-json\/wp\/v2\/users\/1"}],"replies":[{"embeddable":true,"href":"http:\/\/www.tvturk.com\/index.php\/wp-json\/wp\/v2\/comments?post=50932"}],"version-history":[{"count":1,"href":"http:\/\/www.tvturk.com\/index.php\/wp-json\/wp\/v2\/posts\/50932\/revisions"}],"predecessor-version":[{"id":50935,"href":"http:\/\/www.tvturk.com\/index.php\/wp-json\/wp\/v2\/posts\/50932\/revisions\/50935"}],"wp:featuredmedia":[{"embeddable":true,"href":"http:\/\/www.tvturk.com\/index.php\/wp-json\/wp\/v2\/media\/50933"}],"wp:attachment":[{"href":"http:\/\/www.tvturk.com\/index.php\/wp-json\/wp\/v2\/media?parent=50932"}],"wp:term":[{"taxonomy":"category","embeddable":true,"href":"http:\/\/www.tvturk.com\/index.php\/wp-json\/wp\/v2\/categories?post=50932"},{"taxonomy":"post_tag","embeddable":true,"href":"http:\/\/www.tvturk.com\/index.php\/wp-json\/wp\/v2\/tags?post=50932"}],"curies":[{"name":"wp","href":"https:\/\/api.w.org\/{rel}","templated":true}]}}