{"id":51252,"date":"2019-02-20T14:41:00","date_gmt":"2019-02-20T11:41:00","guid":{"rendered":"http:\/\/www.tvturk.com\/index.php\/mersindeki-kazada-olu-sayisi-5e-cikti\/"},"modified":"2019-02-20T14:41:03","modified_gmt":"2019-02-20T11:41:03","slug":"mersindeki-kazada-olu-sayisi-5e-cikti","status":"publish","type":"post","link":"http:\/\/www.tvturk.com\/index.php\/mersindeki-kazada-olu-sayisi-5e-cikti\/","title":{"rendered":"Mersin\u2019deki kazada \u00f6l\u00fc say\u0131s\u0131 5\u2019e \u00e7\u0131kt\u0131"},"content":{"rendered":"<p>Mersin\u2019in Silifke il\u00e7esinde tar\u0131m i\u015f\u00e7ilerini ta\u015f\u0131yan midib\u00fcs\u00fcn kaza yapmas\u0131 sonucu \u00f6lenlerin say\u0131s\u0131 5\u2019e y\u00fckseldi. Tedavi alt\u0131na al\u0131nan 22 yaral\u0131dan 7\u2019sinin durumunun a\u011f\u0131r oldu\u011fu bildirildi.<\/p>\n<p>Edinilen bilgiye g\u00f6re, il\u00e7eye ba\u011fl\u0131 Atayurt Mahallesi\u2019nde \u00e7ilek tarlas\u0131nda \u00e7al\u0131\u015fan tar\u0131m i\u015f\u00e7ilerini ta\u015f\u0131yan Halil \u0130brahim Y\u0131ld\u0131z\u2019\u0131n kulland\u0131\u011f\u0131 33 KEE 22 plakal\u0131 midib\u00fcs, direksiyon hakimiyetinin kaybolmas\u0131 sonucu kaza yapt\u0131. Kaza nedeniyle midib\u00fcs yan yatt\u0131. Kazada midib\u00fcste bulunan i\u015f\u00e7ilerin bir k\u0131sm\u0131 yola savrulurken, bir k\u0131sm\u0131 da ara\u00e7 i\u00e7inde s\u0131k\u0131\u015ft\u0131. Olay\u0131n 112 Acil servis ekiplerine haber verilmesi \u00fczerine \u00e7ok say\u0131da ambulans, polis, jandarma ve itfaiye ekipleri sevk edildi.<\/p>\n<p>Mersin-Silifke Karayolu can pazar\u0131na d\u00f6nd\u00fc<\/p>\n<p>Kaza nedeniyle yol trafi\u011fe kapan\u0131rken, yaral\u0131lara ilk olarak \u00e7evrede bulunan evlerdeki vatanda\u015flar yard\u0131m etti. 112 Acil servis ekiplerinin olay yerine ula\u015fmas\u0131yla adeta zamanla yar\u0131\u015f\u0131ld\u0131. 112 ekipleri ilk olarak aciliyeti bulunan yaral\u0131lara m\u00fcdahale etti. M\u00fcdahale edilen yaral\u0131lar Silifke Devlet Hastanesi\u2019ne sevk edildi. Yak\u0131nlar\u0131 vefat edenler ise m\u00fcdahaleleri \u00e7aresizce izledi. Kazada yak\u0131nlar\u0131n\u0131 kaybedenler cenazelerinin ba\u015f\u0131nda a\u011f\u0131t yakt\u0131.<\/p>\n<p>Arac\u0131n s\u00fcr\u00fcc\u00fcs\u00fc Halil \u0130brahim Y\u0131ld\u0131z, arac\u0131n sa\u011fa \u00e7ekti\u011fini, yan\u0131nda bulunan minib\u00fcse vurmamak i\u00e7in arac\u0131 kurtaray\u0131m derken yol kenar\u0131nda bulunan istinat duvar\u0131na vurarak arac\u0131n yan yatt\u0131\u011f\u0131n\u0131 s\u00f6yledi.<\/p>\n<p>Kaza nedeniyle jandarma ve polis ekipleri yolda geni\u015f g\u00fcvenlik \u00f6nlemleri ald\u0131.<\/p>\n<p>Mersin Silifke Karayolu\u2019nun Atayurt Mahallesi mevkisinde trafik ak\u0131\u015f\u0131 kontroll\u00fc olarak sa\u011fland\u0131.<div class=\"tiled-gallery type-rectangular tiled-gallery-unresized\" data-original-width=\"500\" data-carousel-extra='null' itemscope itemtype=\"http:\/\/schema.org\/ImageGallery\" > <div class=\"gallery-row\" style=\"width: 500px; height: 353px;\" data-original-width=\"500\" data-original-height=\"353\" > <div class=\"gallery-group images-2\" style=\"width: 262px; height: 353px;\" data-original-width=\"262\" data-original-height=\"353\" > <div class=\"tiled-gallery-item tiled-gallery-item-large\" itemprop=\"associatedMedia\" itemscope itemtype=\"http:\/\/schema.org\/ImageObject\"> <a href=\"http:\/\/www.tvturk.com\/index.php\/mersindeki-kazada-olu-sayisi-5e-cikti\/mersindeki-kazada-olu-sayisi-5e-cikti-3\/\" border=\"0\" itemprop=\"url\"> <meta itemprop=\"width\" content=\"258\"> <meta itemprop=\"height\" content=\"173\"> <img decoding=\"async\" class=\"\" data-attachment-id=\"51254\" data-orig-file=\"http:\/\/www.tvturk.com\/wp-content\/uploads\/2019\/02\/mersindeki-kazada-olu-sayisi-5e-cikti_5a27c4f.jpg\" data-orig-size=\"1000,669\" data-comments-opened=\"\" data-image-meta=\"{&quot;aperture&quot;:&quot;0&quot;,&quot;credit&quot;:&quot;IHA&quot;,&quot;camera&quot;:&quot;&quot;,&quot;caption&quot;:&quot;MERS\\u0130N\\u2019\\u0130N S\\u0130L\\u0130FKE \\u0130L\\u00c7ES\\u0130NDE TARIM \\u0130\\u015e\\u00c7\\u0130LER\\u0130N\\u0130 TA\\u015eIYAN M\\u0130D\\u0130B\\u00dcS\\u00dcN KAZA YAPMASI SONUCU \\u00d6LENLER\\u0130N SAYISI 5\\u0027E Y\\u00dcKSELD\\u0130. TEDAV\\u0130 ALTINA ALINAN 22 YARALIDAN 7\\u2019S\\u0130N\\u0130N DURUMUNUN A\\u011eIR OLDU\\u011eU B\\u0130LD\\u0130R\\u0130LD\\u0130. YAKINLARI VEFAT EDENLER \\u0130SE M\\u00dcDAHALELER\\u0130 \\u00c7ARES\\u0130ZCE \\u0130ZLED\\u0130. (MURAT \\u015eENG\\u0130\\\/MERS\\u0130N-\\u0130HA)&quot;,&quot;created_timestamp&quot;:&quot;0&quot;,&quot;copyright&quot;:&quot;\\u0130HLAS HABER AJANSI, www.iha.com.tr&quot;,&quot;focal_length&quot;:&quot;0&quot;,&quot;iso&quot;:&quot;0&quot;,&quot;shutter_speed&quot;:&quot;0&quot;,&quot;title&quot;:&quot;MERS\\u0130N\\u0027DEK\\u0130 KAZADA \\u00d6L\\u00dc SAYISI 5\\u0027E \\u00c7IKTI S\\u0130L\\u0130FKE\\u2019DE 112 AC\\u0130L SERV\\u0130S EK\\u0130PLER\\u0130 TRAF\\u0130K KAZASI GE\\u00c7\\u0130REN TARIM \\u0130\\u015e\\u00c7\\u0130LER\\u0130N\\u0130 KURTARMAK \\u0130\\u00c7\\u0130N ZAMANLA YARI\\u015eTI HAL\\u0130L \\u0130BRAH\\u0130M YILDIZ, YANINDA BULUNAN M\\u0130N\\u0130B\\u00dcSE \\u00c7ARPMAMAK \\u0130STERKEN \\u0130ST\\u0130NAT DUVARINA VURARAK ARACININ YAN YATTI\\u011eINI ANLATTI&quot;,&quot;orientation&quot;:&quot;0&quot;}\" data-image-title=\"Mersin\u2019deki kazada \u00f6l\u00fc say\u0131s\u0131 5\u2019e \u00e7\u0131kt\u0131\" data-image-description=\"&lt;p&gt;Mersin\u2019deki kazada \u00f6l\u00fc say\u0131s\u0131 5\u2019e \u00e7\u0131kt\u0131&lt;\/p&gt; \" data-medium-file=\"https:\/\/i0.wp.com\/www.tvturk.com\/wp-content\/uploads\/2019\/02\/mersindeki-kazada-olu-sayisi-5e-cikti_5a27c4f.jpg?fit=300%2C201\" data-large-file=\"https:\/\/i0.wp.com\/www.tvturk.com\/wp-content\/uploads\/2019\/02\/mersindeki-kazada-olu-sayisi-5e-cikti_5a27c4f.jpg?fit=1000%2C669\" src=\"https:\/\/i0.wp.com\/www.tvturk.com\/wp-content\/uploads\/2019\/02\/mersindeki-kazada-olu-sayisi-5e-cikti_5a27c4f.jpg?w=258&#038;h=173\" srcset=\"https:\/\/i0.wp.com\/www.tvturk.com\/wp-content\/uploads\/2019\/02\/mersindeki-kazada-olu-sayisi-5e-cikti_5a27c4f.jpg?w=1000 1000w, https:\/\/i0.wp.com\/www.tvturk.com\/wp-content\/uploads\/2019\/02\/mersindeki-kazada-olu-sayisi-5e-cikti_5a27c4f.jpg?resize=150%2C100 150w, https:\/\/i0.wp.com\/www.tvturk.com\/wp-content\/uploads\/2019\/02\/mersindeki-kazada-olu-sayisi-5e-cikti_5a27c4f.jpg?resize=300%2C200 300w, https:\/\/i0.wp.com\/www.tvturk.com\/wp-content\/uploads\/2019\/02\/mersindeki-kazada-olu-sayisi-5e-cikti_5a27c4f.jpg?resize=768%2C514 768w, https:\/\/i0.wp.com\/www.tvturk.com\/wp-content\/uploads\/2019\/02\/mersindeki-kazada-olu-sayisi-5e-cikti_5a27c4f.jpg?resize=170%2C113 170w, https:\/\/i0.wp.com\/www.tvturk.com\/wp-content\/uploads\/2019\/02\/mersindeki-kazada-olu-sayisi-5e-cikti_5a27c4f.jpg?resize=120%2C80 120w, https:\/\/i0.wp.com\/www.tvturk.com\/wp-content\/uploads\/2019\/02\/mersindeki-kazada-olu-sayisi-5e-cikti_5a27c4f.jpg?resize=80%2C55 80w\" width=\"258\" height=\"173\" loading=\"lazy\" data-original-width=\"258\" data-original-height=\"173\" itemprop=\"http:\/\/schema.org\/image\" title=\"Mersin\u2019deki kazada \u00f6l\u00fc say\u0131s\u0131 5\u2019e \u00e7\u0131kt\u0131\" alt=\"Mersin\u2019deki kazada \u00f6l\u00fc say\u0131s\u0131 5\u2019e \u00e7\u0131kt\u0131\" style=\"width: 258px; height: 173px;\" \/> <\/a> <\/div> <div class=\"tiled-gallery-item tiled-gallery-item-large\" itemprop=\"associatedMedia\" itemscope itemtype=\"http:\/\/schema.org\/ImageObject\"> <a href=\"http:\/\/www.tvturk.com\/index.php\/mersindeki-kazada-olu-sayisi-5e-cikti\/mersindeki-kazada-olu-sayisi-5e-cikti-4\/\" border=\"0\" itemprop=\"url\"> <meta itemprop=\"width\" content=\"258\"> <meta itemprop=\"height\" content=\"172\"> <img decoding=\"async\" class=\"\" data-attachment-id=\"51255\" data-orig-file=\"http:\/\/www.tvturk.com\/wp-content\/uploads\/2019\/02\/mersindeki-kazada-olu-sayisi-5e-cikti_249ffc0.jpg\" data-orig-size=\"1000,669\" data-comments-opened=\"\" data-image-meta=\"{&quot;aperture&quot;:&quot;0&quot;,&quot;credit&quot;:&quot;IHA&quot;,&quot;camera&quot;:&quot;&quot;,&quot;caption&quot;:&quot;MERS\\u0130N\\u2019\\u0130N S\\u0130L\\u0130FKE \\u0130L\\u00c7ES\\u0130NDE TARIM \\u0130\\u015e\\u00c7\\u0130LER\\u0130N\\u0130 TA\\u015eIYAN M\\u0130D\\u0130B\\u00dcS\\u00dcN KAZA YAPMASI SONUCU \\u00d6LENLER\\u0130N SAYISI 5\\u0027E Y\\u00dcKSELD\\u0130. TEDAV\\u0130 ALTINA ALINAN 22 YARALIDAN 7\\u2019S\\u0130N\\u0130N DURUMUNUN A\\u011eIR OLDU\\u011eU B\\u0130LD\\u0130R\\u0130LD\\u0130. M\\u00dcDAHALE ED\\u0130LEN YARALILAR S\\u0130L\\u0130FKE DEVLET HASTANES\\u0130\\u2019NE SEVK ED\\u0130LD\\u0130. (MURAT \\u015eENG\\u0130\\\/MERS\\u0130N-\\u0130HA)&quot;,&quot;created_timestamp&quot;:&quot;0&quot;,&quot;copyright&quot;:&quot;\\u0130HLAS HABER AJANSI, www.iha.com.tr&quot;,&quot;focal_length&quot;:&quot;0&quot;,&quot;iso&quot;:&quot;0&quot;,&quot;shutter_speed&quot;:&quot;0&quot;,&quot;title&quot;:&quot;MERS\\u0130N\\u0027DEK\\u0130 KAZADA \\u00d6L\\u00dc SAYISI 5\\u0027E \\u00c7IKTI S\\u0130L\\u0130FKE\\u2019DE 112 AC\\u0130L SERV\\u0130S EK\\u0130PLER\\u0130 TRAF\\u0130K KAZASI GE\\u00c7\\u0130REN TARIM \\u0130\\u015e\\u00c7\\u0130LER\\u0130N\\u0130 KURTARMAK \\u0130\\u00c7\\u0130N ZAMANLA YARI\\u015eTI HAL\\u0130L \\u0130BRAH\\u0130M YILDIZ, YANINDA BULUNAN M\\u0130N\\u0130B\\u00dcSE \\u00c7ARPMAMAK \\u0130STERKEN \\u0130ST\\u0130NAT DUVARINA VURARAK ARACININ YAN YATTI\\u011eINI ANLATTI&quot;,&quot;orientation&quot;:&quot;0&quot;}\" data-image-title=\"Mersin\u2019deki kazada \u00f6l\u00fc say\u0131s\u0131 5\u2019e \u00e7\u0131kt\u0131\" data-image-description=\"&lt;p&gt;Mersin\u2019deki kazada \u00f6l\u00fc say\u0131s\u0131 5\u2019e \u00e7\u0131kt\u0131&lt;\/p&gt; \" data-medium-file=\"https:\/\/i0.wp.com\/www.tvturk.com\/wp-content\/uploads\/2019\/02\/mersindeki-kazada-olu-sayisi-5e-cikti_249ffc0.jpg?fit=300%2C201\" data-large-file=\"https:\/\/i0.wp.com\/www.tvturk.com\/wp-content\/uploads\/2019\/02\/mersindeki-kazada-olu-sayisi-5e-cikti_249ffc0.jpg?fit=1000%2C669\" src=\"https:\/\/i0.wp.com\/www.tvturk.com\/wp-content\/uploads\/2019\/02\/mersindeki-kazada-olu-sayisi-5e-cikti_249ffc0.jpg?w=258&#038;h=172\" srcset=\"https:\/\/i0.wp.com\/www.tvturk.com\/wp-content\/uploads\/2019\/02\/mersindeki-kazada-olu-sayisi-5e-cikti_249ffc0.jpg?w=1000 1000w, https:\/\/i0.wp.com\/www.tvturk.com\/wp-content\/uploads\/2019\/02\/mersindeki-kazada-olu-sayisi-5e-cikti_249ffc0.jpg?resize=150%2C100 150w, https:\/\/i0.wp.com\/www.tvturk.com\/wp-content\/uploads\/2019\/02\/mersindeki-kazada-olu-sayisi-5e-cikti_249ffc0.jpg?resize=300%2C200 300w, https:\/\/i0.wp.com\/www.tvturk.com\/wp-content\/uploads\/2019\/02\/mersindeki-kazada-olu-sayisi-5e-cikti_249ffc0.jpg?resize=768%2C514 768w, https:\/\/i0.wp.com\/www.tvturk.com\/wp-content\/uploads\/2019\/02\/mersindeki-kazada-olu-sayisi-5e-cikti_249ffc0.jpg?resize=170%2C113 170w, https:\/\/i0.wp.com\/www.tvturk.com\/wp-content\/uploads\/2019\/02\/mersindeki-kazada-olu-sayisi-5e-cikti_249ffc0.jpg?resize=120%2C80 120w\" width=\"258\" height=\"172\" loading=\"lazy\" data-original-width=\"258\" data-original-height=\"172\" itemprop=\"http:\/\/schema.org\/image\" title=\"Mersin\u2019deki kazada \u00f6l\u00fc say\u0131s\u0131 5\u2019e \u00e7\u0131kt\u0131\" alt=\"Mersin\u2019deki kazada \u00f6l\u00fc say\u0131s\u0131 5\u2019e \u00e7\u0131kt\u0131\" style=\"width: 258px; height: 172px;\" \/> <\/a> <\/div> <\/div> <!-- close group --> <div class=\"gallery-group images-1\" style=\"width: 238px; height: 353px;\" data-original-width=\"238\" data-original-height=\"353\" > <div class=\"tiled-gallery-item tiled-gallery-item-small\" itemprop=\"associatedMedia\" itemscope itemtype=\"http:\/\/schema.org\/ImageObject\"> <a href=\"http:\/\/www.tvturk.com\/index.php\/mersindeki-kazada-olu-sayisi-5e-cikti\/mersindeki-kazada-olu-sayisi-5e-cikti-5\/\" border=\"0\" itemprop=\"url\"> <meta itemprop=\"width\" content=\"234\"> <meta itemprop=\"height\" content=\"349\"> <img decoding=\"async\" class=\"\" data-attachment-id=\"51256\" data-orig-file=\"http:\/\/www.tvturk.com\/wp-content\/uploads\/2019\/02\/mersindeki-kazada-olu-sayisi-5e-cikti_5352088.jpg\" data-orig-size=\"669,1000\" data-comments-opened=\"\" data-image-meta=\"{&quot;aperture&quot;:&quot;0&quot;,&quot;credit&quot;:&quot;IHA&quot;,&quot;camera&quot;:&quot;&quot;,&quot;caption&quot;:&quot;MERS\\u0130N\\u2019\\u0130N S\\u0130L\\u0130FKE \\u0130L\\u00c7ES\\u0130NDE TARIM \\u0130\\u015e\\u00c7\\u0130LER\\u0130N\\u0130 TA\\u015eIYAN M\\u0130D\\u0130B\\u00dcS\\u00dcN KAZA YAPMASI SONUCU \\u00d6LENLER\\u0130N SAYISI 5\\u0027E Y\\u00dcKSELD\\u0130. TEDAV\\u0130 ALTINA ALINAN 22 YARALIDAN 7\\u2019S\\u0130N\\u0130N DURUMUNUN A\\u011eIR OLDU\\u011eU B\\u0130LD\\u0130R\\u0130LD\\u0130. M\\u00dcDAHALE ED\\u0130LEN YARALILAR S\\u0130L\\u0130FKE DEVLET HASTANES\\u0130\\u2019NE SEVK ED\\u0130LD\\u0130. (MURAT \\u015eENG\\u0130\\\/MERS\\u0130N-\\u0130HA)&quot;,&quot;created_timestamp&quot;:&quot;0&quot;,&quot;copyright&quot;:&quot;\\u0130HLAS HABER AJANSI, www.iha.com.tr&quot;,&quot;focal_length&quot;:&quot;0&quot;,&quot;iso&quot;:&quot;0&quot;,&quot;shutter_speed&quot;:&quot;0&quot;,&quot;title&quot;:&quot;MERS\\u0130N\\u0027DEK\\u0130 KAZADA \\u00d6L\\u00dc SAYISI 5\\u0027E \\u00c7IKTI S\\u0130L\\u0130FKE\\u2019DE 112 AC\\u0130L SERV\\u0130S EK\\u0130PLER\\u0130 TRAF\\u0130K KAZASI GE\\u00c7\\u0130REN TARIM \\u0130\\u015e\\u00c7\\u0130LER\\u0130N\\u0130 KURTARMAK \\u0130\\u00c7\\u0130N ZAMANLA YARI\\u015eTI HAL\\u0130L \\u0130BRAH\\u0130M YILDIZ, YANINDA BULUNAN M\\u0130N\\u0130B\\u00dcSE \\u00c7ARPMAMAK \\u0130STERKEN \\u0130ST\\u0130NAT DUVARINA VURARAK ARACININ YAN YATTI\\u011eINI ANLATTI&quot;,&quot;orientation&quot;:&quot;0&quot;}\" data-image-title=\"Mersin\u2019deki kazada \u00f6l\u00fc say\u0131s\u0131 5\u2019e \u00e7\u0131kt\u0131\" data-image-description=\"&lt;p&gt;Mersin\u2019deki kazada \u00f6l\u00fc say\u0131s\u0131 5\u2019e \u00e7\u0131kt\u0131&lt;\/p&gt; \" data-medium-file=\"https:\/\/i0.wp.com\/www.tvturk.com\/wp-content\/uploads\/2019\/02\/mersindeki-kazada-olu-sayisi-5e-cikti_5352088.jpg?fit=201%2C300\" data-large-file=\"https:\/\/i0.wp.com\/www.tvturk.com\/wp-content\/uploads\/2019\/02\/mersindeki-kazada-olu-sayisi-5e-cikti_5352088.jpg?fit=669%2C1000\" src=\"https:\/\/i0.wp.com\/www.tvturk.com\/wp-content\/uploads\/2019\/02\/mersindeki-kazada-olu-sayisi-5e-cikti_5352088.jpg?w=234&#038;h=349\" srcset=\"https:\/\/i0.wp.com\/www.tvturk.com\/wp-content\/uploads\/2019\/02\/mersindeki-kazada-olu-sayisi-5e-cikti_5352088.jpg?w=669 669w, https:\/\/i0.wp.com\/www.tvturk.com\/wp-content\/uploads\/2019\/02\/mersindeki-kazada-olu-sayisi-5e-cikti_5352088.jpg?resize=100%2C150 100w, https:\/\/i0.wp.com\/www.tvturk.com\/wp-content\/uploads\/2019\/02\/mersindeki-kazada-olu-sayisi-5e-cikti_5352088.jpg?resize=201%2C300 201w\" width=\"234\" height=\"349\" loading=\"lazy\" data-original-width=\"234\" data-original-height=\"349\" itemprop=\"http:\/\/schema.org\/image\" title=\"Mersin\u2019deki kazada \u00f6l\u00fc say\u0131s\u0131 5\u2019e \u00e7\u0131kt\u0131\" alt=\"Mersin\u2019deki kazada \u00f6l\u00fc say\u0131s\u0131 5\u2019e \u00e7\u0131kt\u0131\" style=\"width: 234px; height: 349px;\" \/> <\/a> <\/div> <\/div> <!-- close group --> <\/div> <!-- close row --> <\/div><\/p>\n","protected":false},"excerpt":{"rendered":"<p>MERS\u0130N\u2019\u0130N S\u0130L\u0130FKE \u0130L\u00c7ES\u0130NDE TARIM \u0130\u015e\u00c7\u0130LER\u0130N\u0130 TA\u015eIYAN M\u0130D\u0130B\u00dcS\u00dcN KAZA YAPMASI SONUCU \u00d6LENLER\u0130N SAYISI 5&#8217;E Y\u00dcKSELD\u0130. TEDAV\u0130 ALTINA ALINAN 22 YARALIDAN 7\u2019S\u0130N\u0130N DURUMUNUN A\u011eIR OLDU\u011eU B\u0130LD\u0130R\u0130LD\u0130.<\/p>\n","protected":false},"author":1,"featured_media":51253,"comment_status":"closed","ping_status":"open","sticky":false,"template":"","format":"standard","meta":{"jetpack_post_was_ever_published":false,"_jetpack_newsletter_access":"","_jetpack_dont_email_post_to_subs":false,"_jetpack_newsletter_tier_id":0,"_jetpack_memberships_contains_paywalled_content":false,"_jetpack_memberships_contains_paid_content":false,"footnotes":"","jetpack_publicize_message":"","jetpack_publicize_feature_enabled":true,"jetpack_social_post_already_shared":false,"jetpack_social_options":{"image_generator_settings":{"template":"highway","default_image_id":0,"font":"","enabled":false},"version":2}},"categories":[655],"tags":[9698,1202,1210,10393,1664,611],"class_list":["post-51252","post","type-post","status-publish","format-standard","has-post-thumbnail","hentry","category-son-dakika","tag-5e","tag-cikti","tag-kazada","tag-mersindeki","tag-olu","tag-sayisi"],"jetpack_publicize_connections":[],"jetpack_featured_media_url":"https:\/\/i0.wp.com\/www.tvturk.com\/wp-content\/uploads\/2019\/02\/mersindeki-kazada-olu-sayisi-5e-cikti_fcd754a.jpg?fit=1000%2C669","jetpack_sharing_enabled":true,"jetpack_shortlink":"https:\/\/wp.me\/paKIfm-dkE","_links":{"self":[{"href":"http:\/\/www.tvturk.com\/index.php\/wp-json\/wp\/v2\/posts\/51252","targetHints":{"allow":["GET"]}}],"collection":[{"href":"http:\/\/www.tvturk.com\/index.php\/wp-json\/wp\/v2\/posts"}],"about":[{"href":"http:\/\/www.tvturk.com\/index.php\/wp-json\/wp\/v2\/types\/post"}],"author":[{"embeddable":true,"href":"http:\/\/www.tvturk.com\/index.php\/wp-json\/wp\/v2\/users\/1"}],"replies":[{"embeddable":true,"href":"http:\/\/www.tvturk.com\/index.php\/wp-json\/wp\/v2\/comments?post=51252"}],"version-history":[{"count":1,"href":"http:\/\/www.tvturk.com\/index.php\/wp-json\/wp\/v2\/posts\/51252\/revisions"}],"predecessor-version":[{"id":51257,"href":"http:\/\/www.tvturk.com\/index.php\/wp-json\/wp\/v2\/posts\/51252\/revisions\/51257"}],"wp:featuredmedia":[{"embeddable":true,"href":"http:\/\/www.tvturk.com\/index.php\/wp-json\/wp\/v2\/media\/51253"}],"wp:attachment":[{"href":"http:\/\/www.tvturk.com\/index.php\/wp-json\/wp\/v2\/media?parent=51252"}],"wp:term":[{"taxonomy":"category","embeddable":true,"href":"http:\/\/www.tvturk.com\/index.php\/wp-json\/wp\/v2\/categories?post=51252"},{"taxonomy":"post_tag","embeddable":true,"href":"http:\/\/www.tvturk.com\/index.php\/wp-json\/wp\/v2\/tags?post=51252"}],"curies":[{"name":"wp","href":"https:\/\/api.w.org\/{rel}","templated":true}]}}