{"id":51347,"date":"2019-02-20T15:01:05","date_gmt":"2019-02-20T12:01:05","guid":{"rendered":"http:\/\/www.tvturk.com\/index.php\/minikler-polis-agabeyleriyle-hem-eglendi-hem-ogrendi\/"},"modified":"2019-02-20T15:01:11","modified_gmt":"2019-02-20T12:01:11","slug":"minikler-polis-agabeyleriyle-hem-eglendi-hem-ogrendi","status":"publish","type":"post","link":"http:\/\/www.tvturk.com\/index.php\/minikler-polis-agabeyleriyle-hem-eglendi-hem-ogrendi\/","title":{"rendered":"Minikler polis a\u011fabeyleriyle hem e\u011flendi hem \u00f6\u011frendi"},"content":{"rendered":"<p>Eski\u015fehir Toplum Destekli Polislik \u015eube M\u00fcd\u00fcrl\u00fc\u011f\u00fc taraf\u0131ndan \u2018Polis-Halk\u2019 ili\u015fkilerinin geli\u015ftirilmesi kapsam\u0131nda, ilkokul \u00f6\u011frencilerine T\u00fcrkiye\u2019de ilk kez ger\u00e7ekle\u015ftirilen \u2018Karag\u00f6z\u2019\u00fcn Polisle Tan\u0131\u015fmas\u0131\u2019 isimli interaktif g\u00f6lge oyunu g\u00f6sterimi yap\u0131ld\u0131.<\/p>\n<p>\u0130l Emniyet M\u00fcd\u00fcrl\u00fc\u011f\u00fc Toplum Destekli Polislik \u015eube M\u00fcd\u00fcrl\u00fc\u011f\u00fcnce, Polis-Halk ili\u015fkilerinin geli\u015ftirilmesi, toplum \u00fczerinde olu\u015fan su\u00e7 korkusunun ortadan kald\u0131r\u0131larak daha g\u00fcvenli ya\u015fam alanlar\u0131 olu\u015fturulmas\u0131 amac\u0131yla ger\u00e7ekle\u015ftirilen etkinliklere aral\u0131ks\u0131z devam ediyor. Son olarak Ye\u015filtepe Mahallesi \u015eehit Mustafa T\u00fcrker \u0130lkokulu\u2019nda birinci s\u0131n\u0131f \u00f6\u011frencileriyle bir araya gelen ekipler, \u00e7ocuklar\u0131n dikkatini toplama ve bilgi verme ama\u00e7l\u0131 T\u00fcrkiye\u2019de ilk kez uygulanan \u2018Karag\u00f6z\u2019\u00fcn Polisle Tan\u0131\u015fmas\u0131\u2019 isimli interaktif g\u00f6lge oyunu g\u00f6sterimini yapt\u0131. Polis ekipleri, bu oyunla \u00e7ocuklar\u0131 hem g\u00fcld\u00fcrd\u00fc hem de tehlike arz edebilecek konular hakk\u0131nda \u00e7e\u015fitli uyar\u0131larda bulundu.<\/p>\n<p>Yap\u0131lan g\u00f6lge oyunu sonunda ise, Toplum Destekli Polislik maskotu \u2018Polis EsEs\u2019 gelerek \u00e7ocuklarla oyun oynad\u0131. Daha sonra miniklere boyama kitab\u0131 hediye edildi.<\/p>\n<p>\u201c\u00c7ocuklarla hem oyun oynay\u0131p hem de bir \u015feyler \u00f6\u011fretme \u015fans\u0131m\u0131z do\u011fuyor\u201d<\/p>\n<p>Yap\u0131lan etkinlik hakk\u0131nda bilgi veren Eski\u015fehir Emniyet M\u00fcd\u00fcrl\u00fc\u011f\u00fc Toplum Destekli Polislik \u015eube M\u00fcd\u00fcrl\u00fc\u011f\u00fc Polis Memuru Harun Kaya, \u201cDaha \u00f6nceden biz bu etkinli\u011fi anlatarak yap\u0131yorduk. Fakat direk anlat\u0131nca \u00e7ocuklar\u0131n dikkatini toplayabilme s\u00fcremiz 5-6 dakikayd\u0131. Bu kez b\u00f6yle e\u011flendirerek yapal\u0131m dedik. T\u00fcrkiye\u2019de bir ilk olarak ger\u00e7ekle\u015ftirdik. Karag\u00f6z-Hacivat oyunuyla \u00e7ocuklarla 20-25 dakika hem oyun oynay\u0131p hem de bir \u015feyler \u00f6\u011fretme \u015fans\u0131m\u0131z do\u011fuyor. Bir de interaktif bir oyun, kendileri de kat\u0131ld\u0131\u011f\u0131 i\u00e7in daha \u00e7ok seviyorlar. Oyun aralar\u0131nda, trafik kurallar\u0131, yabanc\u0131larla konu\u015fmama, yabanc\u0131lar\u0131n verdiklerini almamak ve polisin telefon numaras\u0131 gibi \u00e7ocuklar i\u00e7in hayati olan \u015feyleri bu \u015fekilde aktarmaya \u00e7al\u0131\u015f\u0131yoruz. G\u00f6rd\u00fc\u011f\u00fcn\u00fcz gibi e\u011fleniyoruz. Onlar e\u011fleniyor asl\u0131nda biz de onlarla birlikte e\u011fleniyoruz. Bu etkinlikleri devam ettirece\u011fiz, dedi\u011fimiz gibi bu T\u00fcrkiye\u2019de bir ilk. Ba\u015fka illere de \u00f6rnek olmas\u0131n\u0131 umuyoruz. Yola devam diyoruz\u201d<\/p>\n<p>\u201cAilelerden ricam\u0131z \u00e7ocuklar\u0131n\u0131za polisi olabildi\u011fince sevdirin\u201d<\/p>\n<p>Ayr\u0131ca Polis Memuru Kaya, ailelerin \u00e7ocuklar\u0131 polisle korkutmas\u0131 olay\u0131na da de\u011finerek, \u201cAileler eskisine g\u00f6re biraz daha bilin\u00e7lendiler. Eskisi gibi de\u011filler ama yine \u00e7ocukla ba\u015f edemeyen aileler, ya eline tablet tutu\u015fturuyor ya da polis ve doktorla korkutuyorlar. Bu konuda, \u00e7ocuklar sokakta tek ba\u015f\u0131na kald\u0131klar\u0131 zaman ya da kaybolduklar\u0131 zaman polisin yan\u0131na gitmesini engelliyorlar. Belki yabanc\u0131, tehlikeli insanlarla konu\u015facaklar. Ailelerden ricam\u0131z \u00e7ocuklar\u0131n\u0131za polisi olabildi\u011fince sevdirin, olabildi\u011fince sempatik g\u00f6sterin ki biz de hem size hem de onlara yard\u0131mc\u0131 olabilelim\u201d dedi.<div class=\"tiled-gallery type-rectangular tiled-gallery-unresized\" data-original-width=\"500\" data-carousel-extra='null' itemscope itemtype=\"http:\/\/schema.org\/ImageGallery\" > <div class=\"gallery-row\" style=\"width: 500px; height: 216px;\" data-original-width=\"500\" data-original-height=\"216\" > <div class=\"gallery-group images-2\" style=\"width: 168px; height: 216px;\" data-original-width=\"168\" data-original-height=\"216\" > <div class=\"tiled-gallery-item tiled-gallery-item-small\" itemprop=\"associatedMedia\" itemscope itemtype=\"http:\/\/schema.org\/ImageObject\"> <a href=\"http:\/\/www.tvturk.com\/index.php\/minikler-polis-agabeyleriyle-hem-eglendi-hem-ogrendi\/minikler-polis-agabeyleriyle-hem-eglendi-hem-ogrendi-3\/\" border=\"0\" itemprop=\"url\"> <meta itemprop=\"width\" content=\"164\"> <meta itemprop=\"height\" content=\"98\"> <img decoding=\"async\" class=\"\" data-attachment-id=\"51349\" data-orig-file=\"http:\/\/www.tvturk.com\/wp-content\/uploads\/2019\/02\/minikler-polis-agabeyleriyle-hem-eglendi-hem-ogrendi_61af90c.jpg\" data-orig-size=\"1000,601\" data-comments-opened=\"\" data-image-meta=\"{&quot;aperture&quot;:&quot;0&quot;,&quot;credit&quot;:&quot;IHA&quot;,&quot;camera&quot;:&quot;&quot;,&quot;caption&quot;:&quot;ESK\\u0130\\u015eEH\\u0130R TOPLUM DESTEKL\\u0130 POL\\u0130SL\\u0130K \\u015eUBE M\\u00dcD\\u00dcRL\\u00dc\\u011e\\u00dc TARAFINDAN \\u2018POL\\u0130S-HALK\\u2019 \\u0130L\\u0130\\u015eK\\u0130LER\\u0130N\\u0130N GEL\\u0130\\u015eT\\u0130R\\u0130LMES\\u0130 KAPSAMINDA \\u0130LKOKUL \\u00d6\\u011eRENC\\u0130LER\\u0130YLE B\\u0130R ARAYA GELEREK T\\u00dcRK\\u0130YE\\u2019DE \\u0130LK KEZ GER\\u00c7EKLE\\u015eT\\u0130R\\u0130LEN \\u2018KARAG\\u00d6Z\\u2019\\u00dcN POL\\u0130SLE TANI\\u015eMASI\\u2019 \\u0130S\\u0130ML\\u0130 \\u0130NTERAKT\\u0130F G\\u00d6LGE OYUNU G\\u00d6STER\\u0130M\\u0130 YAPILDI. (BURAK TEK\\u0130N - MUSTAFA KAPLAN\\\/ESK\\u0130\\u015eEH\\u0130R-\\u0130HA)&quot;,&quot;created_timestamp&quot;:&quot;0&quot;,&quot;copyright&quot;:&quot;\\u0130HLAS HABER AJANSI, www.iha.com.tr&quot;,&quot;focal_length&quot;:&quot;0&quot;,&quot;iso&quot;:&quot;0&quot;,&quot;shutter_speed&quot;:&quot;0&quot;,&quot;title&quot;:&quot;M\\u0130N\\u0130KLER POL\\u0130S A\\u011eABEYLER\\u0130YLE HEM E\\u011eLEND\\u0130 HEM \\u00d6\\u011eREND\\u0130 POL\\u0130S EK\\u0130PLER\\u0130 T\\u00dcRK\\u0130YE\\u2019DE \\u0130LK KEZ \\u0130NTERAKT\\u0130F G\\u00d6LGE OYUNU G\\u00d6STER\\u0130M\\u0130 YAPTI TOPLUM DESTEKL\\u0130 POL\\u0130SL\\u0130K \\u015eUBE M\\u00dcD\\u00dcRL\\u00dc\\u011e\\u00dc POL\\u0130S MEMURU HARUN KAYA: \\u201c\\u00c7OCUKLARLA HEM OYUN OYNAYIP HEM DE B\\u0130R \\u015eEYLER \\u00d6\\u011eRETME \\u015eANSIMIZ DO\\u011eUYOR\\u201d \\u201cA\\u0130LELERDEN R\\u0130CAMIZ \\u00c7OCUKLARINIZA POL\\u0130S\\u0130 OLAB\\u0130LD\\u0130\\u011e\\u0130NCE SEVD\\u0130R\\u0130N\\u201d&quot;,&quot;orientation&quot;:&quot;0&quot;}\" data-image-title=\"Minikler polis a\u011fabeyleriyle hem e\u011flendi hem \u00f6\u011frendi\" data-image-description=\"&lt;p&gt;Minikler polis a\u011fabeyleriyle hem e\u011flendi hem \u00f6\u011frendi&lt;\/p&gt; \" data-medium-file=\"https:\/\/i0.wp.com\/www.tvturk.com\/wp-content\/uploads\/2019\/02\/minikler-polis-agabeyleriyle-hem-eglendi-hem-ogrendi_61af90c.jpg?fit=300%2C180\" data-large-file=\"https:\/\/i0.wp.com\/www.tvturk.com\/wp-content\/uploads\/2019\/02\/minikler-polis-agabeyleriyle-hem-eglendi-hem-ogrendi_61af90c.jpg?fit=1000%2C601\" src=\"https:\/\/i0.wp.com\/www.tvturk.com\/wp-content\/uploads\/2019\/02\/minikler-polis-agabeyleriyle-hem-eglendi-hem-ogrendi_61af90c.jpg?w=164&#038;h=98\" srcset=\"https:\/\/i0.wp.com\/www.tvturk.com\/wp-content\/uploads\/2019\/02\/minikler-polis-agabeyleriyle-hem-eglendi-hem-ogrendi_61af90c.jpg?w=1000 1000w, https:\/\/i0.wp.com\/www.tvturk.com\/wp-content\/uploads\/2019\/02\/minikler-polis-agabeyleriyle-hem-eglendi-hem-ogrendi_61af90c.jpg?resize=150%2C90 150w, https:\/\/i0.wp.com\/www.tvturk.com\/wp-content\/uploads\/2019\/02\/minikler-polis-agabeyleriyle-hem-eglendi-hem-ogrendi_61af90c.jpg?resize=300%2C180 300w, https:\/\/i0.wp.com\/www.tvturk.com\/wp-content\/uploads\/2019\/02\/minikler-polis-agabeyleriyle-hem-eglendi-hem-ogrendi_61af90c.jpg?resize=768%2C462 768w, https:\/\/i0.wp.com\/www.tvturk.com\/wp-content\/uploads\/2019\/02\/minikler-polis-agabeyleriyle-hem-eglendi-hem-ogrendi_61af90c.jpg?resize=187%2C113 187w\" width=\"164\" height=\"98\" loading=\"lazy\" data-original-width=\"164\" data-original-height=\"98\" itemprop=\"http:\/\/schema.org\/image\" title=\"Minikler polis a\u011fabeyleriyle hem e\u011flendi hem \u00f6\u011frendi\" alt=\"Minikler polis a\u011fabeyleriyle hem e\u011flendi hem \u00f6\u011frendi\" style=\"width: 164px; height: 98px;\" \/> <\/a> <\/div> <div class=\"tiled-gallery-item tiled-gallery-item-small\" itemprop=\"associatedMedia\" itemscope itemtype=\"http:\/\/schema.org\/ImageObject\"> <a href=\"http:\/\/www.tvturk.com\/index.php\/minikler-polis-agabeyleriyle-hem-eglendi-hem-ogrendi\/minikler-polis-agabeyleriyle-hem-eglendi-hem-ogrendi-4\/\" border=\"0\" itemprop=\"url\"> <meta itemprop=\"width\" content=\"164\"> <meta itemprop=\"height\" content=\"110\"> <img decoding=\"async\" class=\"\" data-attachment-id=\"51350\" data-orig-file=\"http:\/\/www.tvturk.com\/wp-content\/uploads\/2019\/02\/minikler-polis-agabeyleriyle-hem-eglendi-hem-ogrendi_20d928d.jpg\" data-orig-size=\"1000,672\" data-comments-opened=\"\" data-image-meta=\"{&quot;aperture&quot;:&quot;0&quot;,&quot;credit&quot;:&quot;IHA&quot;,&quot;camera&quot;:&quot;&quot;,&quot;caption&quot;:&quot;ESK\\u0130\\u015eEH\\u0130R TOPLUM DESTEKL\\u0130 POL\\u0130SL\\u0130K \\u015eUBE M\\u00dcD\\u00dcRL\\u00dc\\u011e\\u00dc TARAFINDAN \\u2018POL\\u0130S-HALK\\u2019 \\u0130L\\u0130\\u015eK\\u0130LER\\u0130N\\u0130N GEL\\u0130\\u015eT\\u0130R\\u0130LMES\\u0130 KAPSAMINDA \\u0130LKOKUL \\u00d6\\u011eRENC\\u0130LER\\u0130YLE B\\u0130R ARAYA GELEREK T\\u00dcRK\\u0130YE\\u2019DE \\u0130LK KEZ GER\\u00c7EKLE\\u015eT\\u0130R\\u0130LEN \\u2018KARAG\\u00d6Z\\u2019\\u00dcN POL\\u0130SLE TANI\\u015eMASI\\u2019 \\u0130S\\u0130ML\\u0130 \\u0130NTERAKT\\u0130F G\\u00d6LGE OYUNU G\\u00d6STER\\u0130M\\u0130 YAPILDI. (BURAK TEK\\u0130N - MUSTAFA KAPLAN\\\/ESK\\u0130\\u015eEH\\u0130R-\\u0130HA)&quot;,&quot;created_timestamp&quot;:&quot;0&quot;,&quot;copyright&quot;:&quot;\\u0130HLAS HABER AJANSI, www.iha.com.tr&quot;,&quot;focal_length&quot;:&quot;0&quot;,&quot;iso&quot;:&quot;0&quot;,&quot;shutter_speed&quot;:&quot;0&quot;,&quot;title&quot;:&quot;M\\u0130N\\u0130KLER POL\\u0130S A\\u011eABEYLER\\u0130YLE HEM E\\u011eLEND\\u0130 HEM \\u00d6\\u011eREND\\u0130 POL\\u0130S EK\\u0130PLER\\u0130 T\\u00dcRK\\u0130YE\\u2019DE \\u0130LK KEZ \\u0130NTERAKT\\u0130F G\\u00d6LGE OYUNU G\\u00d6STER\\u0130M\\u0130 YAPTI TOPLUM DESTEKL\\u0130 POL\\u0130SL\\u0130K \\u015eUBE M\\u00dcD\\u00dcRL\\u00dc\\u011e\\u00dc POL\\u0130S MEMURU HARUN KAYA: \\u201c\\u00c7OCUKLARLA HEM OYUN OYNAYIP HEM DE B\\u0130R \\u015eEYLER \\u00d6\\u011eRETME \\u015eANSIMIZ DO\\u011eUYOR\\u201d \\u201cA\\u0130LELERDEN R\\u0130CAMIZ \\u00c7OCUKLARINIZA POL\\u0130S\\u0130 OLAB\\u0130LD\\u0130\\u011e\\u0130NCE SEVD\\u0130R\\u0130N\\u201d&quot;,&quot;orientation&quot;:&quot;0&quot;}\" data-image-title=\"Minikler polis a\u011fabeyleriyle hem e\u011flendi hem \u00f6\u011frendi\" data-image-description=\"&lt;p&gt;Minikler polis a\u011fabeyleriyle hem e\u011flendi hem \u00f6\u011frendi&lt;\/p&gt; \" data-medium-file=\"https:\/\/i0.wp.com\/www.tvturk.com\/wp-content\/uploads\/2019\/02\/minikler-polis-agabeyleriyle-hem-eglendi-hem-ogrendi_20d928d.jpg?fit=300%2C202\" data-large-file=\"https:\/\/i0.wp.com\/www.tvturk.com\/wp-content\/uploads\/2019\/02\/minikler-polis-agabeyleriyle-hem-eglendi-hem-ogrendi_20d928d.jpg?fit=1000%2C672\" src=\"https:\/\/i0.wp.com\/www.tvturk.com\/wp-content\/uploads\/2019\/02\/minikler-polis-agabeyleriyle-hem-eglendi-hem-ogrendi_20d928d.jpg?w=164&#038;h=110\" srcset=\"https:\/\/i0.wp.com\/www.tvturk.com\/wp-content\/uploads\/2019\/02\/minikler-polis-agabeyleriyle-hem-eglendi-hem-ogrendi_20d928d.jpg?w=1000 1000w, https:\/\/i0.wp.com\/www.tvturk.com\/wp-content\/uploads\/2019\/02\/minikler-polis-agabeyleriyle-hem-eglendi-hem-ogrendi_20d928d.jpg?resize=150%2C101 150w, https:\/\/i0.wp.com\/www.tvturk.com\/wp-content\/uploads\/2019\/02\/minikler-polis-agabeyleriyle-hem-eglendi-hem-ogrendi_20d928d.jpg?resize=300%2C200 300w, https:\/\/i0.wp.com\/www.tvturk.com\/wp-content\/uploads\/2019\/02\/minikler-polis-agabeyleriyle-hem-eglendi-hem-ogrendi_20d928d.jpg?resize=768%2C516 768w, https:\/\/i0.wp.com\/www.tvturk.com\/wp-content\/uploads\/2019\/02\/minikler-polis-agabeyleriyle-hem-eglendi-hem-ogrendi_20d928d.jpg?resize=170%2C113 170w, https:\/\/i0.wp.com\/www.tvturk.com\/wp-content\/uploads\/2019\/02\/minikler-polis-agabeyleriyle-hem-eglendi-hem-ogrendi_20d928d.jpg?resize=120%2C80 120w, https:\/\/i0.wp.com\/www.tvturk.com\/wp-content\/uploads\/2019\/02\/minikler-polis-agabeyleriyle-hem-eglendi-hem-ogrendi_20d928d.jpg?resize=80%2C55 80w\" width=\"164\" height=\"110\" loading=\"lazy\" data-original-width=\"164\" data-original-height=\"110\" itemprop=\"http:\/\/schema.org\/image\" title=\"Minikler polis a\u011fabeyleriyle hem e\u011flendi hem \u00f6\u011frendi\" alt=\"Minikler polis a\u011fabeyleriyle hem e\u011flendi hem \u00f6\u011frendi\" style=\"width: 164px; height: 110px;\" \/> <\/a> <\/div> <\/div> <!-- close group --> <div class=\"gallery-group images-1\" style=\"width: 332px; height: 216px;\" data-original-width=\"332\" data-original-height=\"216\" > <div class=\"tiled-gallery-item tiled-gallery-item-large\" itemprop=\"associatedMedia\" itemscope itemtype=\"http:\/\/schema.org\/ImageObject\"> <a href=\"http:\/\/www.tvturk.com\/index.php\/minikler-polis-agabeyleriyle-hem-eglendi-hem-ogrendi\/minikler-polis-agabeyleriyle-hem-eglendi-hem-ogrendi-5\/\" border=\"0\" itemprop=\"url\"> <meta itemprop=\"width\" content=\"328\"> <meta itemprop=\"height\" content=\"212\"> <img decoding=\"async\" class=\"\" data-attachment-id=\"51351\" data-orig-file=\"http:\/\/www.tvturk.com\/wp-content\/uploads\/2019\/02\/minikler-polis-agabeyleriyle-hem-eglendi-hem-ogrendi_093c0ee.jpg\" data-orig-size=\"1000,646\" data-comments-opened=\"\" data-image-meta=\"{&quot;aperture&quot;:&quot;0&quot;,&quot;credit&quot;:&quot;IHA&quot;,&quot;camera&quot;:&quot;&quot;,&quot;caption&quot;:&quot;ESK\\u0130\\u015eEH\\u0130R TOPLUM DESTEKL\\u0130 POL\\u0130SL\\u0130K \\u015eUBE M\\u00dcD\\u00dcRL\\u00dc\\u011e\\u00dc TARAFINDAN \\u2018POL\\u0130S-HALK\\u2019 \\u0130L\\u0130\\u015eK\\u0130LER\\u0130N\\u0130N GEL\\u0130\\u015eT\\u0130R\\u0130LMES\\u0130 KAPSAMINDA \\u0130LKOKUL \\u00d6\\u011eRENC\\u0130LER\\u0130YLE B\\u0130R ARAYA GELEREK T\\u00dcRK\\u0130YE\\u2019DE \\u0130LK KEZ GER\\u00c7EKLE\\u015eT\\u0130R\\u0130LEN \\u2018KARAG\\u00d6Z\\u2019\\u00dcN POL\\u0130SLE TANI\\u015eMASI\\u2019 \\u0130S\\u0130ML\\u0130 \\u0130NTERAKT\\u0130F G\\u00d6LGE OYUNU G\\u00d6STER\\u0130M\\u0130 YAPILDI. (BURAK TEK\\u0130N - MUSTAFA KAPLAN\\\/ESK\\u0130\\u015eEH\\u0130R-\\u0130HA)&quot;,&quot;created_timestamp&quot;:&quot;0&quot;,&quot;copyright&quot;:&quot;\\u0130HLAS HABER AJANSI, www.iha.com.tr&quot;,&quot;focal_length&quot;:&quot;0&quot;,&quot;iso&quot;:&quot;0&quot;,&quot;shutter_speed&quot;:&quot;0&quot;,&quot;title&quot;:&quot;M\\u0130N\\u0130KLER POL\\u0130S A\\u011eABEYLER\\u0130YLE HEM E\\u011eLEND\\u0130 HEM \\u00d6\\u011eREND\\u0130 POL\\u0130S EK\\u0130PLER\\u0130 T\\u00dcRK\\u0130YE\\u2019DE \\u0130LK KEZ \\u0130NTERAKT\\u0130F G\\u00d6LGE OYUNU G\\u00d6STER\\u0130M\\u0130 YAPTI TOPLUM DESTEKL\\u0130 POL\\u0130SL\\u0130K \\u015eUBE M\\u00dcD\\u00dcRL\\u00dc\\u011e\\u00dc POL\\u0130S MEMURU HARUN KAYA: \\u201c\\u00c7OCUKLARLA HEM OYUN OYNAYIP HEM DE B\\u0130R \\u015eEYLER \\u00d6\\u011eRETME \\u015eANSIMIZ DO\\u011eUYOR\\u201d \\u201cA\\u0130LELERDEN R\\u0130CAMIZ \\u00c7OCUKLARINIZA POL\\u0130S\\u0130 OLAB\\u0130LD\\u0130\\u011e\\u0130NCE SEVD\\u0130R\\u0130N\\u201d&quot;,&quot;orientation&quot;:&quot;0&quot;}\" data-image-title=\"Minikler polis a\u011fabeyleriyle hem e\u011flendi hem \u00f6\u011frendi\" data-image-description=\"&lt;p&gt;Minikler polis a\u011fabeyleriyle hem e\u011flendi hem \u00f6\u011frendi&lt;\/p&gt; \" data-medium-file=\"https:\/\/i0.wp.com\/www.tvturk.com\/wp-content\/uploads\/2019\/02\/minikler-polis-agabeyleriyle-hem-eglendi-hem-ogrendi_093c0ee.jpg?fit=300%2C194\" data-large-file=\"https:\/\/i0.wp.com\/www.tvturk.com\/wp-content\/uploads\/2019\/02\/minikler-polis-agabeyleriyle-hem-eglendi-hem-ogrendi_093c0ee.jpg?fit=1000%2C646\" src=\"https:\/\/i0.wp.com\/www.tvturk.com\/wp-content\/uploads\/2019\/02\/minikler-polis-agabeyleriyle-hem-eglendi-hem-ogrendi_093c0ee.jpg?w=328&#038;h=212\" srcset=\"https:\/\/i0.wp.com\/www.tvturk.com\/wp-content\/uploads\/2019\/02\/minikler-polis-agabeyleriyle-hem-eglendi-hem-ogrendi_093c0ee.jpg?w=1000 1000w, https:\/\/i0.wp.com\/www.tvturk.com\/wp-content\/uploads\/2019\/02\/minikler-polis-agabeyleriyle-hem-eglendi-hem-ogrendi_093c0ee.jpg?resize=150%2C97 150w, https:\/\/i0.wp.com\/www.tvturk.com\/wp-content\/uploads\/2019\/02\/minikler-polis-agabeyleriyle-hem-eglendi-hem-ogrendi_093c0ee.jpg?resize=300%2C194 300w, https:\/\/i0.wp.com\/www.tvturk.com\/wp-content\/uploads\/2019\/02\/minikler-polis-agabeyleriyle-hem-eglendi-hem-ogrendi_093c0ee.jpg?resize=768%2C496 768w, https:\/\/i0.wp.com\/www.tvturk.com\/wp-content\/uploads\/2019\/02\/minikler-polis-agabeyleriyle-hem-eglendi-hem-ogrendi_093c0ee.jpg?resize=510%2C330 510w\" width=\"328\" height=\"212\" loading=\"lazy\" data-original-width=\"328\" data-original-height=\"212\" itemprop=\"http:\/\/schema.org\/image\" title=\"Minikler polis a\u011fabeyleriyle hem e\u011flendi hem \u00f6\u011frendi\" alt=\"Minikler polis a\u011fabeyleriyle hem e\u011flendi hem \u00f6\u011frendi\" style=\"width: 328px; height: 212px;\" \/> <\/a> <\/div> <\/div> <!-- close group --> <\/div> <!-- close row --> <div class=\"gallery-row\" style=\"width: 500px; height: 80px;\" data-original-width=\"500\" data-original-height=\"80\" > <div class=\"gallery-group images-1\" style=\"width: 140px; height: 80px;\" data-original-width=\"140\" data-original-height=\"80\" > <div class=\"tiled-gallery-item tiled-gallery-item-small\" itemprop=\"associatedMedia\" itemscope itemtype=\"http:\/\/schema.org\/ImageObject\"> <a href=\"http:\/\/www.tvturk.com\/index.php\/minikler-polis-agabeyleriyle-hem-eglendi-hem-ogrendi\/minikler-polis-agabeyleriyle-hem-eglendi-hem-ogrendi-6\/\" border=\"0\" itemprop=\"url\"> <meta itemprop=\"width\" content=\"136\"> <meta itemprop=\"height\" content=\"76\"> <img decoding=\"async\" class=\"\" data-attachment-id=\"51352\" data-orig-file=\"http:\/\/www.tvturk.com\/wp-content\/uploads\/2019\/02\/minikler-polis-agabeyleriyle-hem-eglendi-hem-ogrendi_066df37.jpg\" data-orig-size=\"1000,562\" data-comments-opened=\"\" data-image-meta=\"{&quot;aperture&quot;:&quot;0&quot;,&quot;credit&quot;:&quot;IHA&quot;,&quot;camera&quot;:&quot;&quot;,&quot;caption&quot;:&quot;ESK\\u0130\\u015eEH\\u0130R TOPLUM DESTEKL\\u0130 POL\\u0130SL\\u0130K \\u015eUBE M\\u00dcD\\u00dcRL\\u00dc\\u011e\\u00dc TARAFINDAN \\u2018POL\\u0130S-HALK\\u2019 \\u0130L\\u0130\\u015eK\\u0130LER\\u0130N\\u0130N GEL\\u0130\\u015eT\\u0130R\\u0130LMES\\u0130 KAPSAMINDA \\u0130LKOKUL \\u00d6\\u011eRENC\\u0130LER\\u0130YLE B\\u0130R ARAYA GELEREK T\\u00dcRK\\u0130YE\\u2019DE \\u0130LK KEZ GER\\u00c7EKLE\\u015eT\\u0130R\\u0130LEN \\u2018KARAG\\u00d6Z\\u2019\\u00dcN POL\\u0130SLE TANI\\u015eMASI\\u2019 \\u0130S\\u0130ML\\u0130 \\u0130NTERAKT\\u0130F G\\u00d6LGE OYUNU G\\u00d6STER\\u0130M\\u0130 YAPILDI. (BURAK TEK\\u0130N - MUSTAFA KAPLAN\\\/ESK\\u0130\\u015eEH\\u0130R-\\u0130HA)&quot;,&quot;created_timestamp&quot;:&quot;0&quot;,&quot;copyright&quot;:&quot;\\u0130HLAS HABER AJANSI, www.iha.com.tr&quot;,&quot;focal_length&quot;:&quot;0&quot;,&quot;iso&quot;:&quot;0&quot;,&quot;shutter_speed&quot;:&quot;0&quot;,&quot;title&quot;:&quot;M\\u0130N\\u0130KLER POL\\u0130S A\\u011eABEYLER\\u0130YLE HEM E\\u011eLEND\\u0130 HEM \\u00d6\\u011eREND\\u0130 POL\\u0130S EK\\u0130PLER\\u0130 T\\u00dcRK\\u0130YE\\u2019DE \\u0130LK KEZ \\u0130NTERAKT\\u0130F G\\u00d6LGE OYUNU G\\u00d6STER\\u0130M\\u0130 YAPTI TOPLUM DESTEKL\\u0130 POL\\u0130SL\\u0130K \\u015eUBE M\\u00dcD\\u00dcRL\\u00dc\\u011e\\u00dc POL\\u0130S MEMURU HARUN KAYA: \\u201c\\u00c7OCUKLARLA HEM OYUN OYNAYIP HEM DE B\\u0130R \\u015eEYLER \\u00d6\\u011eRETME \\u015eANSIMIZ DO\\u011eUYOR\\u201d \\u201cA\\u0130LELERDEN R\\u0130CAMIZ \\u00c7OCUKLARINIZA POL\\u0130S\\u0130 OLAB\\u0130LD\\u0130\\u011e\\u0130NCE SEVD\\u0130R\\u0130N\\u201d&quot;,&quot;orientation&quot;:&quot;0&quot;}\" data-image-title=\"Minikler polis a\u011fabeyleriyle hem e\u011flendi hem \u00f6\u011frendi\" data-image-description=\"&lt;p&gt;Minikler polis a\u011fabeyleriyle hem e\u011flendi hem \u00f6\u011frendi&lt;\/p&gt; \" data-medium-file=\"https:\/\/i0.wp.com\/www.tvturk.com\/wp-content\/uploads\/2019\/02\/minikler-polis-agabeyleriyle-hem-eglendi-hem-ogrendi_066df37.jpg?fit=300%2C169\" data-large-file=\"https:\/\/i0.wp.com\/www.tvturk.com\/wp-content\/uploads\/2019\/02\/minikler-polis-agabeyleriyle-hem-eglendi-hem-ogrendi_066df37.jpg?fit=1000%2C562\" src=\"https:\/\/i0.wp.com\/www.tvturk.com\/wp-content\/uploads\/2019\/02\/minikler-polis-agabeyleriyle-hem-eglendi-hem-ogrendi_066df37.jpg?w=136&#038;h=76\" srcset=\"https:\/\/i0.wp.com\/www.tvturk.com\/wp-content\/uploads\/2019\/02\/minikler-polis-agabeyleriyle-hem-eglendi-hem-ogrendi_066df37.jpg?w=1000 1000w, https:\/\/i0.wp.com\/www.tvturk.com\/wp-content\/uploads\/2019\/02\/minikler-polis-agabeyleriyle-hem-eglendi-hem-ogrendi_066df37.jpg?resize=150%2C84 150w, https:\/\/i0.wp.com\/www.tvturk.com\/wp-content\/uploads\/2019\/02\/minikler-polis-agabeyleriyle-hem-eglendi-hem-ogrendi_066df37.jpg?resize=300%2C169 300w, https:\/\/i0.wp.com\/www.tvturk.com\/wp-content\/uploads\/2019\/02\/minikler-polis-agabeyleriyle-hem-eglendi-hem-ogrendi_066df37.jpg?resize=768%2C432 768w, https:\/\/i0.wp.com\/www.tvturk.com\/wp-content\/uploads\/2019\/02\/minikler-polis-agabeyleriyle-hem-eglendi-hem-ogrendi_066df37.jpg?resize=200%2C113 200w\" width=\"136\" height=\"76\" loading=\"lazy\" data-original-width=\"136\" data-original-height=\"76\" itemprop=\"http:\/\/schema.org\/image\" title=\"Minikler polis a\u011fabeyleriyle hem e\u011flendi hem \u00f6\u011frendi\" alt=\"Minikler polis a\u011fabeyleriyle hem e\u011flendi hem \u00f6\u011frendi\" style=\"width: 136px; height: 76px;\" \/> <\/a> <\/div> <\/div> <!-- close group --> <div class=\"gallery-group images-1\" style=\"width: 124px; height: 80px;\" data-original-width=\"124\" data-original-height=\"80\" > <div class=\"tiled-gallery-item tiled-gallery-item-small\" itemprop=\"associatedMedia\" itemscope itemtype=\"http:\/\/schema.org\/ImageObject\"> <a href=\"http:\/\/www.tvturk.com\/index.php\/minikler-polis-agabeyleriyle-hem-eglendi-hem-ogrendi\/minikler-polis-agabeyleriyle-hem-eglendi-hem-ogrendi-7\/\" border=\"0\" itemprop=\"url\"> <meta itemprop=\"width\" content=\"120\"> <meta itemprop=\"height\" content=\"76\"> <img decoding=\"async\" class=\"\" data-attachment-id=\"51353\" data-orig-file=\"http:\/\/www.tvturk.com\/wp-content\/uploads\/2019\/02\/minikler-polis-agabeyleriyle-hem-eglendi-hem-ogrendi_472a848.jpg\" data-orig-size=\"1000,634\" data-comments-opened=\"\" data-image-meta=\"{&quot;aperture&quot;:&quot;0&quot;,&quot;credit&quot;:&quot;IHA&quot;,&quot;camera&quot;:&quot;&quot;,&quot;caption&quot;:&quot;ESK\\u0130\\u015eEH\\u0130R TOPLUM DESTEKL\\u0130 POL\\u0130SL\\u0130K \\u015eUBE M\\u00dcD\\u00dcRL\\u00dc\\u011e\\u00dc TARAFINDAN \\u2018POL\\u0130S-HALK\\u2019 \\u0130L\\u0130\\u015eK\\u0130LER\\u0130N\\u0130N GEL\\u0130\\u015eT\\u0130R\\u0130LMES\\u0130 KAPSAMINDA \\u0130LKOKUL \\u00d6\\u011eRENC\\u0130LER\\u0130YLE B\\u0130R ARAYA GELEREK T\\u00dcRK\\u0130YE\\u2019DE \\u0130LK KEZ GER\\u00c7EKLE\\u015eT\\u0130R\\u0130LEN \\u2018KARAG\\u00d6Z\\u2019\\u00dcN POL\\u0130SLE TANI\\u015eMASI\\u2019 \\u0130S\\u0130ML\\u0130 \\u0130NTERAKT\\u0130F G\\u00d6LGE OYUNU G\\u00d6STER\\u0130M\\u0130 YAPILDI. (BURAK TEK\\u0130N - MUSTAFA KAPLAN\\\/ESK\\u0130\\u015eEH\\u0130R-\\u0130HA)&quot;,&quot;created_timestamp&quot;:&quot;0&quot;,&quot;copyright&quot;:&quot;\\u0130HLAS HABER AJANSI, www.iha.com.tr&quot;,&quot;focal_length&quot;:&quot;0&quot;,&quot;iso&quot;:&quot;0&quot;,&quot;shutter_speed&quot;:&quot;0&quot;,&quot;title&quot;:&quot;M\\u0130N\\u0130KLER POL\\u0130S A\\u011eABEYLER\\u0130YLE HEM E\\u011eLEND\\u0130 HEM \\u00d6\\u011eREND\\u0130 POL\\u0130S EK\\u0130PLER\\u0130 T\\u00dcRK\\u0130YE\\u2019DE \\u0130LK KEZ \\u0130NTERAKT\\u0130F G\\u00d6LGE OYUNU G\\u00d6STER\\u0130M\\u0130 YAPTI TOPLUM DESTEKL\\u0130 POL\\u0130SL\\u0130K \\u015eUBE M\\u00dcD\\u00dcRL\\u00dc\\u011e\\u00dc POL\\u0130S MEMURU HARUN KAYA: \\u201c\\u00c7OCUKLARLA HEM OYUN OYNAYIP HEM DE B\\u0130R \\u015eEYLER \\u00d6\\u011eRETME \\u015eANSIMIZ DO\\u011eUYOR\\u201d \\u201cA\\u0130LELERDEN R\\u0130CAMIZ \\u00c7OCUKLARINIZA POL\\u0130S\\u0130 OLAB\\u0130LD\\u0130\\u011e\\u0130NCE SEVD\\u0130R\\u0130N\\u201d&quot;,&quot;orientation&quot;:&quot;0&quot;}\" data-image-title=\"Minikler polis a\u011fabeyleriyle hem e\u011flendi hem \u00f6\u011frendi\" data-image-description=\"&lt;p&gt;Minikler polis a\u011fabeyleriyle hem e\u011flendi hem \u00f6\u011frendi&lt;\/p&gt; \" data-medium-file=\"https:\/\/i0.wp.com\/www.tvturk.com\/wp-content\/uploads\/2019\/02\/minikler-polis-agabeyleriyle-hem-eglendi-hem-ogrendi_472a848.jpg?fit=300%2C190\" data-large-file=\"https:\/\/i0.wp.com\/www.tvturk.com\/wp-content\/uploads\/2019\/02\/minikler-polis-agabeyleriyle-hem-eglendi-hem-ogrendi_472a848.jpg?fit=1000%2C634\" src=\"https:\/\/i0.wp.com\/www.tvturk.com\/wp-content\/uploads\/2019\/02\/minikler-polis-agabeyleriyle-hem-eglendi-hem-ogrendi_472a848.jpg?w=120&#038;h=76\" srcset=\"https:\/\/i0.wp.com\/www.tvturk.com\/wp-content\/uploads\/2019\/02\/minikler-polis-agabeyleriyle-hem-eglendi-hem-ogrendi_472a848.jpg?w=1000 1000w, https:\/\/i0.wp.com\/www.tvturk.com\/wp-content\/uploads\/2019\/02\/minikler-polis-agabeyleriyle-hem-eglendi-hem-ogrendi_472a848.jpg?resize=150%2C95 150w, https:\/\/i0.wp.com\/www.tvturk.com\/wp-content\/uploads\/2019\/02\/minikler-polis-agabeyleriyle-hem-eglendi-hem-ogrendi_472a848.jpg?resize=300%2C190 300w, https:\/\/i0.wp.com\/www.tvturk.com\/wp-content\/uploads\/2019\/02\/minikler-polis-agabeyleriyle-hem-eglendi-hem-ogrendi_472a848.jpg?resize=768%2C487 768w, https:\/\/i0.wp.com\/www.tvturk.com\/wp-content\/uploads\/2019\/02\/minikler-polis-agabeyleriyle-hem-eglendi-hem-ogrendi_472a848.jpg?resize=460%2C290 460w\" width=\"120\" height=\"76\" loading=\"lazy\" data-original-width=\"120\" data-original-height=\"76\" itemprop=\"http:\/\/schema.org\/image\" title=\"Minikler polis a\u011fabeyleriyle hem e\u011flendi hem \u00f6\u011frendi\" alt=\"Minikler polis a\u011fabeyleriyle hem e\u011flendi hem \u00f6\u011frendi\" style=\"width: 120px; height: 76px;\" \/> <\/a> <\/div> <\/div> <!-- close group --> <div class=\"gallery-group images-1\" style=\"width: 140px; height: 80px;\" data-original-width=\"140\" data-original-height=\"80\" > <div class=\"tiled-gallery-item tiled-gallery-item-small\" itemprop=\"associatedMedia\" itemscope itemtype=\"http:\/\/schema.org\/ImageObject\"> <a href=\"http:\/\/www.tvturk.com\/index.php\/minikler-polis-agabeyleriyle-hem-eglendi-hem-ogrendi\/minikler-polis-agabeyleriyle-hem-eglendi-hem-ogrendi-8\/\" border=\"0\" itemprop=\"url\"> <meta itemprop=\"width\" content=\"136\"> <meta itemprop=\"height\" content=\"76\"> <img decoding=\"async\" class=\"\" data-attachment-id=\"51354\" data-orig-file=\"http:\/\/www.tvturk.com\/wp-content\/uploads\/2019\/02\/minikler-polis-agabeyleriyle-hem-eglendi-hem-ogrendi_3365e6a.jpg\" data-orig-size=\"1000,562\" data-comments-opened=\"\" data-image-meta=\"{&quot;aperture&quot;:&quot;0&quot;,&quot;credit&quot;:&quot;IHA&quot;,&quot;camera&quot;:&quot;&quot;,&quot;caption&quot;:&quot;ESK\\u0130\\u015eEH\\u0130R TOPLUM DESTEKL\\u0130 POL\\u0130SL\\u0130K \\u015eUBE M\\u00dcD\\u00dcRL\\u00dc\\u011e\\u00dc TARAFINDAN \\u2018POL\\u0130S-HALK\\u2019 \\u0130L\\u0130\\u015eK\\u0130LER\\u0130N\\u0130N GEL\\u0130\\u015eT\\u0130R\\u0130LMES\\u0130 KAPSAMINDA \\u0130LKOKUL \\u00d6\\u011eRENC\\u0130LER\\u0130YLE B\\u0130R ARAYA GELEREK T\\u00dcRK\\u0130YE\\u2019DE \\u0130LK KEZ GER\\u00c7EKLE\\u015eT\\u0130R\\u0130LEN \\u2018KARAG\\u00d6Z\\u2019\\u00dcN POL\\u0130SLE TANI\\u015eMASI\\u2019 \\u0130S\\u0130ML\\u0130 \\u0130NTERAKT\\u0130F G\\u00d6LGE OYUNU G\\u00d6STER\\u0130M\\u0130 YAPILDI. (BURAK TEK\\u0130N - MUSTAFA KAPLAN\\\/ESK\\u0130\\u015eEH\\u0130R-\\u0130HA)&quot;,&quot;created_timestamp&quot;:&quot;0&quot;,&quot;copyright&quot;:&quot;\\u0130HLAS HABER AJANSI, www.iha.com.tr&quot;,&quot;focal_length&quot;:&quot;0&quot;,&quot;iso&quot;:&quot;0&quot;,&quot;shutter_speed&quot;:&quot;0&quot;,&quot;title&quot;:&quot;M\\u0130N\\u0130KLER POL\\u0130S A\\u011eABEYLER\\u0130YLE HEM E\\u011eLEND\\u0130 HEM \\u00d6\\u011eREND\\u0130 POL\\u0130S EK\\u0130PLER\\u0130 T\\u00dcRK\\u0130YE\\u2019DE \\u0130LK KEZ \\u0130NTERAKT\\u0130F G\\u00d6LGE OYUNU G\\u00d6STER\\u0130M\\u0130 YAPTI TOPLUM DESTEKL\\u0130 POL\\u0130SL\\u0130K \\u015eUBE M\\u00dcD\\u00dcRL\\u00dc\\u011e\\u00dc POL\\u0130S MEMURU HARUN KAYA: \\u201c\\u00c7OCUKLARLA HEM OYUN OYNAYIP HEM DE B\\u0130R \\u015eEYLER \\u00d6\\u011eRETME \\u015eANSIMIZ DO\\u011eUYOR\\u201d \\u201cA\\u0130LELERDEN R\\u0130CAMIZ \\u00c7OCUKLARINIZA POL\\u0130S\\u0130 OLAB\\u0130LD\\u0130\\u011e\\u0130NCE SEVD\\u0130R\\u0130N\\u201d&quot;,&quot;orientation&quot;:&quot;0&quot;}\" data-image-title=\"Minikler polis a\u011fabeyleriyle hem e\u011flendi hem \u00f6\u011frendi\" data-image-description=\"&lt;p&gt;Minikler polis a\u011fabeyleriyle hem e\u011flendi hem \u00f6\u011frendi&lt;\/p&gt; \" data-medium-file=\"https:\/\/i0.wp.com\/www.tvturk.com\/wp-content\/uploads\/2019\/02\/minikler-polis-agabeyleriyle-hem-eglendi-hem-ogrendi_3365e6a.jpg?fit=300%2C169\" data-large-file=\"https:\/\/i0.wp.com\/www.tvturk.com\/wp-content\/uploads\/2019\/02\/minikler-polis-agabeyleriyle-hem-eglendi-hem-ogrendi_3365e6a.jpg?fit=1000%2C562\" src=\"https:\/\/i0.wp.com\/www.tvturk.com\/wp-content\/uploads\/2019\/02\/minikler-polis-agabeyleriyle-hem-eglendi-hem-ogrendi_3365e6a.jpg?w=136&#038;h=76\" srcset=\"https:\/\/i0.wp.com\/www.tvturk.com\/wp-content\/uploads\/2019\/02\/minikler-polis-agabeyleriyle-hem-eglendi-hem-ogrendi_3365e6a.jpg?w=1000 1000w, https:\/\/i0.wp.com\/www.tvturk.com\/wp-content\/uploads\/2019\/02\/minikler-polis-agabeyleriyle-hem-eglendi-hem-ogrendi_3365e6a.jpg?resize=150%2C84 150w, https:\/\/i0.wp.com\/www.tvturk.com\/wp-content\/uploads\/2019\/02\/minikler-polis-agabeyleriyle-hem-eglendi-hem-ogrendi_3365e6a.jpg?resize=300%2C169 300w, https:\/\/i0.wp.com\/www.tvturk.com\/wp-content\/uploads\/2019\/02\/minikler-polis-agabeyleriyle-hem-eglendi-hem-ogrendi_3365e6a.jpg?resize=768%2C432 768w, https:\/\/i0.wp.com\/www.tvturk.com\/wp-content\/uploads\/2019\/02\/minikler-polis-agabeyleriyle-hem-eglendi-hem-ogrendi_3365e6a.jpg?resize=200%2C113 200w\" width=\"136\" height=\"76\" loading=\"lazy\" data-original-width=\"136\" data-original-height=\"76\" itemprop=\"http:\/\/schema.org\/image\" title=\"Minikler polis a\u011fabeyleriyle hem e\u011flendi hem \u00f6\u011frendi\" alt=\"Minikler polis a\u011fabeyleriyle hem e\u011flendi hem \u00f6\u011frendi\" style=\"width: 136px; height: 76px;\" \/> <\/a> <\/div> <\/div> <!-- close group --> <div class=\"gallery-group images-1\" style=\"width: 96px; height: 80px;\" data-original-width=\"96\" data-original-height=\"80\" > <div class=\"tiled-gallery-item tiled-gallery-item-small\" itemprop=\"associatedMedia\" itemscope itemtype=\"http:\/\/schema.org\/ImageObject\"> <a href=\"http:\/\/www.tvturk.com\/index.php\/minikler-polis-agabeyleriyle-hem-eglendi-hem-ogrendi\/minikler-polis-agabeyleriyle-hem-eglendi-hem-ogrendi-9\/\" border=\"0\" itemprop=\"url\"> <meta itemprop=\"width\" content=\"92\"> <meta itemprop=\"height\" content=\"76\"> <img decoding=\"async\" class=\"\" data-attachment-id=\"51355\" data-orig-file=\"http:\/\/www.tvturk.com\/wp-content\/uploads\/2019\/02\/minikler-polis-agabeyleriyle-hem-eglendi-hem-ogrendi_075e997.jpg\" data-orig-size=\"1000,833\" data-comments-opened=\"\" data-image-meta=\"{&quot;aperture&quot;:&quot;0&quot;,&quot;credit&quot;:&quot;IHA&quot;,&quot;camera&quot;:&quot;&quot;,&quot;caption&quot;:&quot;ESK\\u0130\\u015eEH\\u0130R EMN\\u0130YET M\\u00dcD\\u00dcRL\\u00dc\\u011e\\u00dc TOPLUM DESTEKL\\u0130 POL\\u0130SL\\u0130K \\u015eUBE M\\u00dcD\\u00dcRL\\u00dc\\u011e\\u00dc POL\\u0130S MEMURU HARUN KAYA, \\u201cDAHA \\u00d6NCEDEN B\\u0130Z BU ETK\\u0130NL\\u0130\\u011e\\u0130 ANLATARAK YAPIYORDUK. FAKAT D\\u0130REK ANLATINCA \\u00c7OCUKLARIN D\\u0130KKAT\\u0130N\\u0130 TOPLAYAB\\u0130LME S\\u00dcREM\\u0130Z 5-6 DAK\\u0130KAYDI. BU KEZ B\\u00d6YLE E\\u011eLEND\\u0130REREK YAPALIM DED\\u0130K. T\\u00dcRK\\u0130YE\\u2019DE B\\u0130R \\u0130LK OLARAK GER\\u00c7EKLE\\u015eT\\u0130RD\\u0130K\\u0022 DED\\u0130. (BURAK TEK\\u0130N - MUSTAFA KAPLAN\\\/ESK\\u0130\\u015eEH\\u0130R-\\u0130HA)&quot;,&quot;created_timestamp&quot;:&quot;0&quot;,&quot;copyright&quot;:&quot;\\u0130HLAS HABER AJANSI, www.iha.com.tr&quot;,&quot;focal_length&quot;:&quot;0&quot;,&quot;iso&quot;:&quot;0&quot;,&quot;shutter_speed&quot;:&quot;0&quot;,&quot;title&quot;:&quot;M\\u0130N\\u0130KLER POL\\u0130S A\\u011eABEYLER\\u0130YLE HEM E\\u011eLEND\\u0130 HEM \\u00d6\\u011eREND\\u0130 POL\\u0130S EK\\u0130PLER\\u0130 T\\u00dcRK\\u0130YE\\u2019DE \\u0130LK KEZ \\u0130NTERAKT\\u0130F G\\u00d6LGE OYUNU G\\u00d6STER\\u0130M\\u0130 YAPTI TOPLUM DESTEKL\\u0130 POL\\u0130SL\\u0130K \\u015eUBE M\\u00dcD\\u00dcRL\\u00dc\\u011e\\u00dc POL\\u0130S MEMURU HARUN KAYA: \\u201c\\u00c7OCUKLARLA HEM OYUN OYNAYIP HEM DE B\\u0130R \\u015eEYLER \\u00d6\\u011eRETME \\u015eANSIMIZ DO\\u011eUYOR\\u201d \\u201cA\\u0130LELERDEN R\\u0130CAMIZ \\u00c7OCUKLARINIZA POL\\u0130S\\u0130 OLAB\\u0130LD\\u0130\\u011e\\u0130NCE SEVD\\u0130R\\u0130N\\u201d&quot;,&quot;orientation&quot;:&quot;0&quot;}\" data-image-title=\"Minikler polis a\u011fabeyleriyle hem e\u011flendi hem \u00f6\u011frendi\" data-image-description=\"&lt;p&gt;Minikler polis a\u011fabeyleriyle hem e\u011flendi hem \u00f6\u011frendi&lt;\/p&gt; \" data-medium-file=\"https:\/\/i0.wp.com\/www.tvturk.com\/wp-content\/uploads\/2019\/02\/minikler-polis-agabeyleriyle-hem-eglendi-hem-ogrendi_075e997.jpg?fit=300%2C250\" data-large-file=\"https:\/\/i0.wp.com\/www.tvturk.com\/wp-content\/uploads\/2019\/02\/minikler-polis-agabeyleriyle-hem-eglendi-hem-ogrendi_075e997.jpg?fit=1000%2C833\" src=\"https:\/\/i0.wp.com\/www.tvturk.com\/wp-content\/uploads\/2019\/02\/minikler-polis-agabeyleriyle-hem-eglendi-hem-ogrendi_075e997.jpg?w=92&#038;h=76\" srcset=\"https:\/\/i0.wp.com\/www.tvturk.com\/wp-content\/uploads\/2019\/02\/minikler-polis-agabeyleriyle-hem-eglendi-hem-ogrendi_075e997.jpg?w=1000 1000w, https:\/\/i0.wp.com\/www.tvturk.com\/wp-content\/uploads\/2019\/02\/minikler-polis-agabeyleriyle-hem-eglendi-hem-ogrendi_075e997.jpg?resize=150%2C125 150w, https:\/\/i0.wp.com\/www.tvturk.com\/wp-content\/uploads\/2019\/02\/minikler-polis-agabeyleriyle-hem-eglendi-hem-ogrendi_075e997.jpg?resize=300%2C250 300w, https:\/\/i0.wp.com\/www.tvturk.com\/wp-content\/uploads\/2019\/02\/minikler-polis-agabeyleriyle-hem-eglendi-hem-ogrendi_075e997.jpg?resize=768%2C640 768w\" width=\"92\" height=\"76\" loading=\"lazy\" data-original-width=\"92\" data-original-height=\"76\" itemprop=\"http:\/\/schema.org\/image\" title=\"Minikler polis a\u011fabeyleriyle hem e\u011flendi hem \u00f6\u011frendi\" alt=\"Minikler polis a\u011fabeyleriyle hem e\u011flendi hem \u00f6\u011frendi\" style=\"width: 92px; height: 76px;\" \/> <\/a> <\/div> <\/div> <!-- close group --> <\/div> <!-- close row --> <\/div><\/p>\n","protected":false},"excerpt":{"rendered":"<p>ESK\u0130\u015eEH\u0130R TOPLUM DESTEKL\u0130 POL\u0130SL\u0130K \u015eUBE M\u00dcD\u00dcRL\u00dc\u011e\u00dc TARAFINDAN \u2018POL\u0130S-HALK\u2019 \u0130L\u0130\u015eK\u0130LER\u0130N\u0130N GEL\u0130\u015eT\u0130R\u0130LMES\u0130 KAPSAMINDA \u0130LKOKUL \u00d6\u011eRENC\u0130LER\u0130YLE B\u0130R ARAYA GELEREK T\u00dcRK\u0130YE\u2019DE \u0130LK KEZ GER\u00c7EKLE\u015eT\u0130R\u0130LEN \u2018KARAG\u00d6Z\u2019\u00dcN POL\u0130SLE TANI\u015eMASI\u2019 \u0130S\u0130ML\u0130 \u0130NTERAKT\u0130F G\u00d6LGE OYUNU G\u00d6STER\u0130M\u0130 YAPILDI.<\/p>\n","protected":false},"author":1,"featured_media":51348,"comment_status":"closed","ping_status":"open","sticky":false,"template":"","format":"standard","meta":{"jetpack_post_was_ever_published":false,"_jetpack_newsletter_access":"","_jetpack_dont_email_post_to_subs":false,"_jetpack_newsletter_tier_id":0,"_jetpack_memberships_contains_paywalled_content":false,"_jetpack_memberships_contains_paid_content":false,"footnotes":"","jetpack_publicize_message":"","jetpack_publicize_feature_enabled":true,"jetpack_social_post_already_shared":false,"jetpack_social_options":{"image_generator_settings":{"template":"highway","default_image_id":0,"font":"","enabled":false},"version":2}},"categories":[655],"tags":[16984,7845,5149,2786,1606,996],"class_list":["post-51347","post","type-post","status-publish","format-standard","has-post-thumbnail","hentry","category-son-dakika","tag-agabeyleriyle","tag-eglendi","tag-hem","tag-minikler","tag-ogrendi","tag-polis"],"jetpack_publicize_connections":[],"jetpack_featured_media_url":"https:\/\/i0.wp.com\/www.tvturk.com\/wp-content\/uploads\/2019\/02\/minikler-polis-agabeyleriyle-hem-eglendi-hem-ogrendi_3a3d6ab.jpg?fit=1000%2C937","jetpack_sharing_enabled":true,"jetpack_shortlink":"https:\/\/wp.me\/paKIfm-dmb","_links":{"self":[{"href":"http:\/\/www.tvturk.com\/index.php\/wp-json\/wp\/v2\/posts\/51347","targetHints":{"allow":["GET"]}}],"collection":[{"href":"http:\/\/www.tvturk.com\/index.php\/wp-json\/wp\/v2\/posts"}],"about":[{"href":"http:\/\/www.tvturk.com\/index.php\/wp-json\/wp\/v2\/types\/post"}],"author":[{"embeddable":true,"href":"http:\/\/www.tvturk.com\/index.php\/wp-json\/wp\/v2\/users\/1"}],"replies":[{"embeddable":true,"href":"http:\/\/www.tvturk.com\/index.php\/wp-json\/wp\/v2\/comments?post=51347"}],"version-history":[{"count":1,"href":"http:\/\/www.tvturk.com\/index.php\/wp-json\/wp\/v2\/posts\/51347\/revisions"}],"predecessor-version":[{"id":51356,"href":"http:\/\/www.tvturk.com\/index.php\/wp-json\/wp\/v2\/posts\/51347\/revisions\/51356"}],"wp:featuredmedia":[{"embeddable":true,"href":"http:\/\/www.tvturk.com\/index.php\/wp-json\/wp\/v2\/media\/51348"}],"wp:attachment":[{"href":"http:\/\/www.tvturk.com\/index.php\/wp-json\/wp\/v2\/media?parent=51347"}],"wp:term":[{"taxonomy":"category","embeddable":true,"href":"http:\/\/www.tvturk.com\/index.php\/wp-json\/wp\/v2\/categories?post=51347"},{"taxonomy":"post_tag","embeddable":true,"href":"http:\/\/www.tvturk.com\/index.php\/wp-json\/wp\/v2\/tags?post=51347"}],"curies":[{"name":"wp","href":"https:\/\/api.w.org\/{rel}","templated":true}]}}