{"id":51586,"date":"2019-02-20T15:41:46","date_gmt":"2019-02-20T12:41:46","guid":{"rendered":"http:\/\/www.tvturk.com\/index.php\/chpli-secerden-su-fiyatlarina-indirim-sozu\/"},"modified":"2019-02-20T15:41:48","modified_gmt":"2019-02-20T12:41:48","slug":"chpli-secerden-su-fiyatlarina-indirim-sozu","status":"publish","type":"post","link":"http:\/\/www.tvturk.com\/index.php\/chpli-secerden-su-fiyatlarina-indirim-sozu\/","title":{"rendered":"CHP\u2019li Se\u00e7er\u2019den su fiyatlar\u0131na indirim s\u00f6z\u00fc"},"content":{"rendered":"<p>Silifke\u2019nin k\u0131rsal mahallelerinde \u00fcreticilerle bulu\u015fan CHP Mersin B\u00fcy\u00fck\u015fehir Belediye Ba\u015fkan aday\u0131 Vahap Se\u00e7er, belli bir metrek\u00fcpe kadar su t\u00fcketiminden para almayacaklar\u0131n\u0131 s\u00f6yledi.<\/p>\n<p>Se\u00e7er, Silifke\u2019nin Kurtulu\u015f, S\u00f6k\u00fcn, Arkum, Kap\u0131zl\u0131 ve Susano\u011flu mahallelerinde kahvehane toplant\u0131lar\u0131 d\u00fczenleyerek vatanda\u015flarla bulu\u015ftu. Silifke\u2019deki program\u0131na muhtarlarla bir araya gelerek ba\u015flayan Se\u00e7er, daha sonra Silifke Belediye Ba\u015fkan aday\u0131 Mustafa Turgut, eski milletvekilleri Aytu\u011f At\u0131c\u0131 ve Ali R\u0131za \u00d6zt\u00fcrk ile birlikte Kurtulu\u015f, S\u00f6k\u00fcn, Arkum, Kap\u0131zl\u0131 ve Susano\u011flu mahallelerinde kahvehane toplant\u0131lar\u0131 d\u00fczenleyerek vatanda\u015flarla bir araya geldi.<\/p>\n<p>\u00c7o\u011funlu\u011fu \u00fcretici olan vatanda\u015flar\u0131n, \u2018su fiyatlar\u0131 \u00e7ok y\u00fcksek\u2019 \u015feklindeki \u015fik\u00e2yetiyle kar\u015f\u0131la\u015fan Vahap Se\u00e7er, \u201cS\u00f6z veriyorum. Ben belediye ba\u015fkan\u0131 oldu\u011fumda belli bir metrek\u00fcpe kadar su \u00fccretsiz olacak. Yoksullara, \u00fcreticilere bu olana\u011f\u0131 sa\u011flayaca\u011f\u0131m. Belirlenen metrek\u00fcp\u00fcn \u00fczerine \u00e7\u0131kt\u0131\u011f\u0131nda para al\u0131nacak ama \u015fimdiki gibi pahal\u0131 de\u011fil, ucuz olacak. \u0130ddia ediyorum, s\u00f6z veriyorum, hi\u00e7bir belediye ba\u015fkan\u0131n\u0131n d\u00f6neminde olmad\u0131\u011f\u0131 kadar ucuz bir su fiyat\u0131 belirlenecek\u201d dedi.<\/p>\n<p>Belediye ba\u015fkan\u0131 oldu\u011funda en \u00e7ok yat\u0131r\u0131m yapaca\u011f\u0131, en \u00e7ok destek verece\u011fi alan\u0131n tar\u0131m olaca\u011f\u0131n\u0131 ifade eden Se\u00e7er, \u00fcreticinin kooperatifle\u015fmesine destek olacaklar\u0131n\u0131, so\u011fukhava tesisi ve paketle tesisi kuracaklar\u0131n\u0131 s\u00f6yledi.<\/p>\n<p>Se\u00e7er Silifke gezisi kapsam\u0131nda ayr\u0131ca Ta\u015fucu, Atayurt ve Narl\u0131kuyu mahallelerinde kurulan se\u00e7im ofislerinin de a\u00e7\u0131l\u0131\u015f\u0131n\u0131 yapt\u0131. Se\u00e7er, Ta\u015fucu\u2019nda yapt\u0131\u011f\u0131 konu\u015fmada, \u201cB\u00fcy\u00fck\u015fehir Belediyesi bizim i\u00e7in \u00e7ok \u00f6nemli. Ben B\u00fcy\u00fck\u015fehir Belediye Ba\u015fkan\u0131 oldu\u011fumda Silifke\u2019ye hizmetler daha \u00e7ok gelecek, daha h\u0131zl\u0131 gelecek. Belediye ba\u015fkan\u0131 olur olmaz yapaca\u011f\u0131m ilk i\u015flerden biri Ta\u015fucu\u2019na at\u0131ksu ar\u0131tma tesisi kurmak olacak\u201d diye konu\u015ftu.<div class=\"tiled-gallery type-rectangular tiled-gallery-unresized\" data-original-width=\"500\" data-carousel-extra='null' itemscope itemtype=\"http:\/\/schema.org\/ImageGallery\" > <div class=\"gallery-row\" style=\"width: 500px; height: 333px;\" data-original-width=\"500\" data-original-height=\"333\" > <div class=\"gallery-group images-1\" style=\"width: 500px; height: 333px;\" data-original-width=\"500\" data-original-height=\"333\" > <div class=\"tiled-gallery-item tiled-gallery-item-large\" itemprop=\"associatedMedia\" itemscope itemtype=\"http:\/\/schema.org\/ImageObject\"> <a href=\"http:\/\/www.tvturk.com\/index.php\/chpli-secerden-su-fiyatlarina-indirim-sozu\/chpli-secerden-su-fiyatlarina-indirim-sozu-3\/\" border=\"0\" itemprop=\"url\"> <meta itemprop=\"width\" content=\"496\"> <meta itemprop=\"height\" content=\"329\"> <img decoding=\"async\" class=\"\" data-attachment-id=\"51588\" data-orig-file=\"http:\/\/www.tvturk.com\/wp-content\/uploads\/2019\/02\/chpli-secerden-su-fiyatlarina-indirim-sozu_f7bb7be.jpg\" data-orig-size=\"1000,664\" data-comments-opened=\"\" data-image-meta=\"{&quot;aperture&quot;:&quot;0&quot;,&quot;credit&quot;:&quot;IHA&quot;,&quot;camera&quot;:&quot;&quot;,&quot;caption&quot;:&quot;S\\u0130L\\u0130FKE\\u2019N\\u0130N KIRSAL MAHALLELER\\u0130NDE \\u00dcRET\\u0130C\\u0130LERLE BULU\\u015eAN CHP MERS\\u0130N B\\u00dcY\\u00dcK\\u015eEH\\u0130R BELED\\u0130YE BA\\u015eKAN ADAYI VAHAP SE\\u00c7ER, BELL\\u0130 B\\u0130R METREK\\u00dcPE KADAR SU T\\u00dcKET\\u0130M\\u0130NDEN PARA ALMAYACAKLARINI S\\u00d6YLED\\u0130. (\\u0130HA\\\/MERS\\u0130N-\\u0130HA)&quot;,&quot;created_timestamp&quot;:&quot;0&quot;,&quot;copyright&quot;:&quot;\\u0130HLAS HABER AJANSI, www.iha.com.tr&quot;,&quot;focal_length&quot;:&quot;0&quot;,&quot;iso&quot;:&quot;0&quot;,&quot;shutter_speed&quot;:&quot;0&quot;,&quot;title&quot;:&quot;CHP\\u0027L\\u0130 SE\\u00c7ER\\u0027DEN SU F\\u0130YATLARINA \\u0130ND\\u0130R\\u0130M S\\u00d6Z\\u00dc&quot;,&quot;orientation&quot;:&quot;0&quot;}\" data-image-title=\"CHP\u2019li Se\u00e7er\u2019den su fiyatlar\u0131na indirim s\u00f6z\u00fc\" data-image-description=\"&lt;p&gt;CHP\u2019li Se\u00e7er\u2019den su fiyatlar\u0131na indirim s\u00f6z\u00fc&lt;\/p&gt; \" data-medium-file=\"https:\/\/i0.wp.com\/www.tvturk.com\/wp-content\/uploads\/2019\/02\/chpli-secerden-su-fiyatlarina-indirim-sozu_f7bb7be.jpg?fit=300%2C199\" data-large-file=\"https:\/\/i0.wp.com\/www.tvturk.com\/wp-content\/uploads\/2019\/02\/chpli-secerden-su-fiyatlarina-indirim-sozu_f7bb7be.jpg?fit=1000%2C664\" src=\"https:\/\/i0.wp.com\/www.tvturk.com\/wp-content\/uploads\/2019\/02\/chpli-secerden-su-fiyatlarina-indirim-sozu_f7bb7be.jpg?w=496&#038;h=329\" srcset=\"https:\/\/i0.wp.com\/www.tvturk.com\/wp-content\/uploads\/2019\/02\/chpli-secerden-su-fiyatlarina-indirim-sozu_f7bb7be.jpg?w=1000 1000w, https:\/\/i0.wp.com\/www.tvturk.com\/wp-content\/uploads\/2019\/02\/chpli-secerden-su-fiyatlarina-indirim-sozu_f7bb7be.jpg?resize=150%2C100 150w, https:\/\/i0.wp.com\/www.tvturk.com\/wp-content\/uploads\/2019\/02\/chpli-secerden-su-fiyatlarina-indirim-sozu_f7bb7be.jpg?resize=300%2C200 300w, https:\/\/i0.wp.com\/www.tvturk.com\/wp-content\/uploads\/2019\/02\/chpli-secerden-su-fiyatlarina-indirim-sozu_f7bb7be.jpg?resize=768%2C510 768w, https:\/\/i0.wp.com\/www.tvturk.com\/wp-content\/uploads\/2019\/02\/chpli-secerden-su-fiyatlarina-indirim-sozu_f7bb7be.jpg?resize=170%2C113 170w, https:\/\/i0.wp.com\/www.tvturk.com\/wp-content\/uploads\/2019\/02\/chpli-secerden-su-fiyatlarina-indirim-sozu_f7bb7be.jpg?resize=120%2C80 120w\" width=\"496\" height=\"329\" loading=\"lazy\" data-original-width=\"496\" data-original-height=\"329\" itemprop=\"http:\/\/schema.org\/image\" title=\"CHP\u2019li Se\u00e7er\u2019den su fiyatlar\u0131na indirim s\u00f6z\u00fc\" alt=\"CHP\u2019li Se\u00e7er\u2019den su fiyatlar\u0131na indirim s\u00f6z\u00fc\" style=\"width: 496px; height: 329px;\" \/> <\/a> <\/div> <\/div> <!-- close group --> <\/div> <!-- close row --> <\/div><\/p>\n","protected":false},"excerpt":{"rendered":"<p>S\u0130L\u0130FKE\u2019N\u0130N KIRSAL MAHALLELER\u0130NDE \u00dcRET\u0130C\u0130LERLE BULU\u015eAN CHP MERS\u0130N B\u00dcY\u00dcK\u015eEH\u0130R BELED\u0130YE BA\u015eKAN ADAYI VAHAP SE\u00c7ER, BELL\u0130 B\u0130R METREK\u00dcPE KADAR SU T\u00dcKET\u0130M\u0130NDEN PARA ALMAYACAKLARINI S\u00d6YLED\u0130.<\/p>\n","protected":false},"author":1,"featured_media":51587,"comment_status":"closed","ping_status":"open","sticky":false,"template":"","format":"standard","meta":{"jetpack_post_was_ever_published":false,"_jetpack_newsletter_access":"","_jetpack_dont_email_post_to_subs":false,"_jetpack_newsletter_tier_id":0,"_jetpack_memberships_contains_paywalled_content":false,"_jetpack_memberships_contains_paid_content":false,"footnotes":"","jetpack_publicize_message":"","jetpack_publicize_feature_enabled":true,"jetpack_social_post_already_shared":false,"jetpack_social_options":{"image_generator_settings":{"template":"highway","default_image_id":0,"font":"","enabled":false},"version":2}},"categories":[9],"tags":[623,2975,6076,17013,198],"class_list":["post-51586","post","type-post","status-publish","format-standard","has-post-thumbnail","hentry","category-siyaset","tag-chpli","tag-fiyatlarina","tag-indirim","tag-secerden","tag-sozu"],"jetpack_publicize_connections":[],"jetpack_featured_media_url":"https:\/\/i0.wp.com\/www.tvturk.com\/wp-content\/uploads\/2019\/02\/chpli-secerden-su-fiyatlarina-indirim-sozu_f2f2fda.jpg?fit=1000%2C664","jetpack_sharing_enabled":true,"jetpack_shortlink":"https:\/\/wp.me\/paKIfm-dq2","_links":{"self":[{"href":"http:\/\/www.tvturk.com\/index.php\/wp-json\/wp\/v2\/posts\/51586","targetHints":{"allow":["GET"]}}],"collection":[{"href":"http:\/\/www.tvturk.com\/index.php\/wp-json\/wp\/v2\/posts"}],"about":[{"href":"http:\/\/www.tvturk.com\/index.php\/wp-json\/wp\/v2\/types\/post"}],"author":[{"embeddable":true,"href":"http:\/\/www.tvturk.com\/index.php\/wp-json\/wp\/v2\/users\/1"}],"replies":[{"embeddable":true,"href":"http:\/\/www.tvturk.com\/index.php\/wp-json\/wp\/v2\/comments?post=51586"}],"version-history":[{"count":1,"href":"http:\/\/www.tvturk.com\/index.php\/wp-json\/wp\/v2\/posts\/51586\/revisions"}],"predecessor-version":[{"id":51589,"href":"http:\/\/www.tvturk.com\/index.php\/wp-json\/wp\/v2\/posts\/51586\/revisions\/51589"}],"wp:featuredmedia":[{"embeddable":true,"href":"http:\/\/www.tvturk.com\/index.php\/wp-json\/wp\/v2\/media\/51587"}],"wp:attachment":[{"href":"http:\/\/www.tvturk.com\/index.php\/wp-json\/wp\/v2\/media?parent=51586"}],"wp:term":[{"taxonomy":"category","embeddable":true,"href":"http:\/\/www.tvturk.com\/index.php\/wp-json\/wp\/v2\/categories?post=51586"},{"taxonomy":"post_tag","embeddable":true,"href":"http:\/\/www.tvturk.com\/index.php\/wp-json\/wp\/v2\/tags?post=51586"}],"curies":[{"name":"wp","href":"https:\/\/api.w.org\/{rel}","templated":true}]}}