{"id":51606,"date":"2019-02-20T15:45:59","date_gmt":"2019-02-20T12:45:59","guid":{"rendered":"http:\/\/www.tvturk.com\/index.php\/kuzey-kore-lideri-kim-trump-icin-60-saat-yolculuk-yapacak\/"},"modified":"2019-02-20T15:46:05","modified_gmt":"2019-02-20T12:46:05","slug":"kuzey-kore-lideri-kim-trump-icin-60-saat-yolculuk-yapacak","status":"publish","type":"post","link":"http:\/\/www.tvturk.com\/index.php\/kuzey-kore-lideri-kim-trump-icin-60-saat-yolculuk-yapacak\/","title":{"rendered":"Kuzey Kore lideri Kim, Trump i\u00e7in 60 saat yolculuk yapacak"},"content":{"rendered":"<p>Kuzey Kore Lideri Kim Jong Un, ABD Ba\u015fkan\u0131 Donald Trump\u2019la Vietnam\u2019da ger\u00e7ekle\u015ftirece\u011fi g\u00f6r\u00fc\u015fmeye 60 saat s\u00fcrecek z\u0131rhl\u0131 treniyle gidecek.<\/p>\n<p>Vietnam, Kuzey Kore lideri Kim Jong Un ve ABD Ba\u015fkan\u0131 Donald Trump\u2019\u0131n gelecek hafta ba\u015fkent Hanoi\u2019de ger\u00e7ekle\u015ftirece\u011fi zirve i\u00e7in haz\u0131rlan\u0131yor. Kuzey Koreli yetkililer, Kim\u2019in Vietnam\u2019a z\u0131rhl\u0131 treniyle gidece\u011fini belirtti. Kim\u2019in trenle \u00c7in \u00fczerinden yapaca\u011f\u0131 binlerce kilometrelik yolculu\u011fun yakla\u015f\u0131k 60 saat s\u00fcrmesi bekleniyor. Bu durumda Kim\u2019in 25 \u015eubat\u2019ta yola \u00e7\u0131kmas\u0131 gerekecek. Kaynaklara g\u00f6re, tren Vietnam s\u0131n\u0131r\u0131ndaki Dong Dang kentinde duracak ve Kuzey Kore lideri yolculu\u011funa ara\u00e7la devam edecek.<\/p>\n<p>ABD Ba\u015fkan\u0131 Trump ve Kuzey Kore lideri Kim, 27-28 \u015eubat tarihlerinde Vietnam\u2019\u0131n ba\u015fkenti Hanoi\u2019de bir araya gelecek. \u0130ki lider ge\u00e7ti\u011fimiz y\u0131l 12 Haziran\u2019da Singapur\u2019da tarihi bir zirve ger\u00e7ekle\u015ftirmi\u015fti. Trump ve Kim, zirvenin ard\u0131ndan Kuzey Kore\u2019nin n\u00fckleer silahlardan ar\u0131nd\u0131r\u0131lmas\u0131 konusunda anla\u015fmaya varm\u0131\u015ft\u0131.<\/p>\n<p>Tren yolculu\u011fu aile gelene\u011fi<\/p>\n<p>Kuzey Kore lideri Kim Jong Un\u2019un eski devlet liderleri olan babas\u0131 Kim Jong Il ve b\u00fcy\u00fck babas\u0131 Kim Il Sung da trenle yolculu\u011fu tercih ediyordu. Kuzey Kore lideri Kim, Ocak ay\u0131nda \u00c7in Devlet Ba\u015fkan\u0131 Xi Jinping\u2019in daveti \u00fczerine, z\u0131rhl\u0131 treniyle Pekin\u2019e gitmi\u015fti.<\/p>\n<p>ABD\u2019nin \u00d6zel Temsilcisi zirve \u00f6ncesi Vietnam\u2019da<\/p>\n<p>ABD D\u0131\u015fi\u015fleri Bakanl\u0131\u011f\u0131, ABD\u2019nin Kuzey Kore \u00d6zel Temsilcisi Stephen Biegun\u2019un ikinci Trump-Kim zirvesi i\u00e7in haz\u0131rl\u0131klar\u0131 tamamlamak \u00fczere Vietnam\u2019\u0131n ba\u015fkenti Hanoi\u2019ye gitti\u011fini a\u00e7\u0131klad\u0131.<div class=\"tiled-gallery type-rectangular tiled-gallery-unresized\" data-original-width=\"500\" data-carousel-extra='null' itemscope itemtype=\"http:\/\/schema.org\/ImageGallery\" > <div class=\"gallery-row\" style=\"width: 500px; height: 240px;\" data-original-width=\"500\" data-original-height=\"240\" > <div class=\"gallery-group images-1\" style=\"width: 333px; height: 240px;\" data-original-width=\"333\" data-original-height=\"240\" > <div class=\"tiled-gallery-item tiled-gallery-item-large\" itemprop=\"associatedMedia\" itemscope itemtype=\"http:\/\/schema.org\/ImageObject\"> <a href=\"http:\/\/www.tvturk.com\/index.php\/kuzey-kore-lideri-kim-trump-icin-60-saat-yolculuk-yapacak\/kuzey-kore-lideri-kim-trump-icin-60-saat-yolculuk-yapacak-3\/\" border=\"0\" itemprop=\"url\"> <meta itemprop=\"width\" content=\"329\"> <meta itemprop=\"height\" content=\"236\"> <img decoding=\"async\" class=\"\" data-attachment-id=\"51608\" data-orig-file=\"http:\/\/www.tvturk.com\/wp-content\/uploads\/2019\/02\/kuzey-kore-lideri-kim-trump-icin-60-saat-yolculuk-yapacak_8b9a538.jpg\" data-orig-size=\"1000,719\" data-comments-opened=\"\" data-image-meta=\"{&quot;aperture&quot;:&quot;0&quot;,&quot;credit&quot;:&quot;IHA&quot;,&quot;camera&quot;:&quot;&quot;,&quot;caption&quot;:&quot;V\\u0130ETNAM, KUZEY KORE L\\u0130DER\\u0130 K\\u0130M JONG UN VE ABD BA\\u015eKANI DONALD TRUMP\\u0027IN GELECEK HAFTA BA\\u015eKENT HANO\\u0130\\u0027DE GER\\u00c7EKLE\\u015eT\\u0130RECE\\u011e\\u0130 Z\\u0130RVE \\u0130\\u00c7\\u0130N HAZIRLANIYOR. KUZEY KOREL\\u0130 YETK\\u0130L\\u0130LER, K\\u0130M\\u2019\\u0130N V\\u0130ETNAM\\u2019A ZIRHLI TREN\\u0130YLE G\\u0130DECE\\u011e\\u0130N\\u0130 BEL\\u0130RTT\\u0130. (\\u0130HA\\\/PYONGYANG-EPA)&quot;,&quot;created_timestamp&quot;:&quot;0&quot;,&quot;copyright&quot;:&quot;\\u0130HLAS HABER AJANSI, www.iha.com.tr&quot;,&quot;focal_length&quot;:&quot;0&quot;,&quot;iso&quot;:&quot;0&quot;,&quot;shutter_speed&quot;:&quot;0&quot;,&quot;title&quot;:&quot;KUZEY KORE L\\u0130DER\\u0130 K\\u0130M, TRUMP \\u0130\\u00c7\\u0130N 60 SAAT YOLCULUK YAPACAK&quot;,&quot;orientation&quot;:&quot;0&quot;}\" data-image-title=\"Kuzey Kore lideri Kim, Trump i\u00e7in 60 saat yolculuk yapacak\" data-image-description=\"&lt;p&gt;Kuzey Kore lideri Kim, Trump i\u00e7in 60 saat yolculuk yapacak&lt;\/p&gt; \" data-medium-file=\"https:\/\/i0.wp.com\/www.tvturk.com\/wp-content\/uploads\/2019\/02\/kuzey-kore-lideri-kim-trump-icin-60-saat-yolculuk-yapacak_8b9a538.jpg?fit=300%2C216\" data-large-file=\"https:\/\/i0.wp.com\/www.tvturk.com\/wp-content\/uploads\/2019\/02\/kuzey-kore-lideri-kim-trump-icin-60-saat-yolculuk-yapacak_8b9a538.jpg?fit=1000%2C719\" src=\"https:\/\/i0.wp.com\/www.tvturk.com\/wp-content\/uploads\/2019\/02\/kuzey-kore-lideri-kim-trump-icin-60-saat-yolculuk-yapacak_8b9a538.jpg?w=329&#038;h=236\" srcset=\"https:\/\/i0.wp.com\/www.tvturk.com\/wp-content\/uploads\/2019\/02\/kuzey-kore-lideri-kim-trump-icin-60-saat-yolculuk-yapacak_8b9a538.jpg?w=1000 1000w, https:\/\/i0.wp.com\/www.tvturk.com\/wp-content\/uploads\/2019\/02\/kuzey-kore-lideri-kim-trump-icin-60-saat-yolculuk-yapacak_8b9a538.jpg?resize=150%2C108 150w, https:\/\/i0.wp.com\/www.tvturk.com\/wp-content\/uploads\/2019\/02\/kuzey-kore-lideri-kim-trump-icin-60-saat-yolculuk-yapacak_8b9a538.jpg?resize=300%2C216 300w, https:\/\/i0.wp.com\/www.tvturk.com\/wp-content\/uploads\/2019\/02\/kuzey-kore-lideri-kim-trump-icin-60-saat-yolculuk-yapacak_8b9a538.jpg?resize=768%2C552 768w\" width=\"329\" height=\"236\" loading=\"lazy\" data-original-width=\"329\" data-original-height=\"236\" itemprop=\"http:\/\/schema.org\/image\" title=\"Kuzey Kore lideri Kim, Trump i\u00e7in 60 saat yolculuk yapacak\" alt=\"Kuzey Kore lideri Kim, Trump i\u00e7in 60 saat yolculuk yapacak\" style=\"width: 329px; height: 236px;\" \/> <\/a> <\/div> <\/div> <!-- close group --> <div class=\"gallery-group images-2\" style=\"width: 167px; height: 240px;\" data-original-width=\"167\" data-original-height=\"240\" > <div class=\"tiled-gallery-item tiled-gallery-item-small\" itemprop=\"associatedMedia\" itemscope itemtype=\"http:\/\/schema.org\/ImageObject\"> <a href=\"http:\/\/www.tvturk.com\/index.php\/kuzey-kore-lideri-kim-trump-icin-60-saat-yolculuk-yapacak\/kuzey-kore-lideri-kim-trump-icin-60-saat-yolculuk-yapacak-4\/\" border=\"0\" itemprop=\"url\"> <meta itemprop=\"width\" content=\"163\"> <meta itemprop=\"height\" content=\"123\"> <img decoding=\"async\" class=\"\" data-attachment-id=\"51609\" data-orig-file=\"http:\/\/www.tvturk.com\/wp-content\/uploads\/2019\/02\/kuzey-kore-lideri-kim-trump-icin-60-saat-yolculuk-yapacak_bc86abe.jpg\" data-orig-size=\"1000,755\" data-comments-opened=\"\" data-image-meta=\"{&quot;aperture&quot;:&quot;0&quot;,&quot;credit&quot;:&quot;IHA&quot;,&quot;camera&quot;:&quot;&quot;,&quot;caption&quot;:&quot;V\\u0130ETNAM, KUZEY KORE L\\u0130DER\\u0130 K\\u0130M JONG UN VE ABD BA\\u015eKANI DONALD TRUMP\\u0027IN GELECEK HAFTA BA\\u015eKENT HANO\\u0130\\u0027DE GER\\u00c7EKLE\\u015eT\\u0130RECE\\u011e\\u0130 Z\\u0130RVE \\u0130\\u00c7\\u0130N HAZIRLANIYOR. KUZEY KOREL\\u0130 YETK\\u0130L\\u0130LER, K\\u0130M\\u2019\\u0130N V\\u0130ETNAM\\u2019A ZIRHLI TREN\\u0130YLE G\\u0130DECE\\u011e\\u0130N\\u0130 BEL\\u0130RTT\\u0130. (\\u0130HA\\\/PYONGYANG-EPA)&quot;,&quot;created_timestamp&quot;:&quot;0&quot;,&quot;copyright&quot;:&quot;\\u0130HLAS HABER AJANSI, www.iha.com.tr&quot;,&quot;focal_length&quot;:&quot;0&quot;,&quot;iso&quot;:&quot;0&quot;,&quot;shutter_speed&quot;:&quot;0&quot;,&quot;title&quot;:&quot;KUZEY KORE L\\u0130DER\\u0130 K\\u0130M, TRUMP \\u0130\\u00c7\\u0130N 60 SAAT YOLCULUK YAPACAK&quot;,&quot;orientation&quot;:&quot;0&quot;}\" data-image-title=\"Kuzey Kore lideri Kim, Trump i\u00e7in 60 saat yolculuk yapacak\" data-image-description=\"&lt;p&gt;Kuzey Kore lideri Kim, Trump i\u00e7in 60 saat yolculuk yapacak&lt;\/p&gt; \" data-medium-file=\"https:\/\/i0.wp.com\/www.tvturk.com\/wp-content\/uploads\/2019\/02\/kuzey-kore-lideri-kim-trump-icin-60-saat-yolculuk-yapacak_bc86abe.jpg?fit=300%2C227\" data-large-file=\"https:\/\/i0.wp.com\/www.tvturk.com\/wp-content\/uploads\/2019\/02\/kuzey-kore-lideri-kim-trump-icin-60-saat-yolculuk-yapacak_bc86abe.jpg?fit=1000%2C755\" src=\"https:\/\/i0.wp.com\/www.tvturk.com\/wp-content\/uploads\/2019\/02\/kuzey-kore-lideri-kim-trump-icin-60-saat-yolculuk-yapacak_bc86abe.jpg?w=163&#038;h=123\" srcset=\"https:\/\/i0.wp.com\/www.tvturk.com\/wp-content\/uploads\/2019\/02\/kuzey-kore-lideri-kim-trump-icin-60-saat-yolculuk-yapacak_bc86abe.jpg?w=1000 1000w, https:\/\/i0.wp.com\/www.tvturk.com\/wp-content\/uploads\/2019\/02\/kuzey-kore-lideri-kim-trump-icin-60-saat-yolculuk-yapacak_bc86abe.jpg?resize=150%2C113 150w, https:\/\/i0.wp.com\/www.tvturk.com\/wp-content\/uploads\/2019\/02\/kuzey-kore-lideri-kim-trump-icin-60-saat-yolculuk-yapacak_bc86abe.jpg?resize=300%2C227 300w, https:\/\/i0.wp.com\/www.tvturk.com\/wp-content\/uploads\/2019\/02\/kuzey-kore-lideri-kim-trump-icin-60-saat-yolculuk-yapacak_bc86abe.jpg?resize=768%2C580 768w\" width=\"163\" height=\"123\" loading=\"lazy\" data-original-width=\"163\" data-original-height=\"123\" itemprop=\"http:\/\/schema.org\/image\" title=\"Kuzey Kore lideri Kim, Trump i\u00e7in 60 saat yolculuk yapacak\" alt=\"Kuzey Kore lideri Kim, Trump i\u00e7in 60 saat yolculuk yapacak\" style=\"width: 163px; height: 123px;\" \/> <\/a> <\/div> <div class=\"tiled-gallery-item tiled-gallery-item-small\" itemprop=\"associatedMedia\" itemscope itemtype=\"http:\/\/schema.org\/ImageObject\"> <a href=\"http:\/\/www.tvturk.com\/index.php\/kuzey-kore-lideri-kim-trump-icin-60-saat-yolculuk-yapacak\/kuzey-kore-lideri-kim-trump-icin-60-saat-yolculuk-yapacak-5\/\" border=\"0\" itemprop=\"url\"> <meta itemprop=\"width\" content=\"163\"> <meta itemprop=\"height\" content=\"109\"> <img decoding=\"async\" class=\"\" data-attachment-id=\"51610\" data-orig-file=\"http:\/\/www.tvturk.com\/wp-content\/uploads\/2019\/02\/kuzey-kore-lideri-kim-trump-icin-60-saat-yolculuk-yapacak_916108f.jpg\" data-orig-size=\"1000,668\" data-comments-opened=\"\" data-image-meta=\"{&quot;aperture&quot;:&quot;0&quot;,&quot;credit&quot;:&quot;IHA&quot;,&quot;camera&quot;:&quot;&quot;,&quot;caption&quot;:&quot;V\\u0130ETNAM, KUZEY KORE L\\u0130DER\\u0130 K\\u0130M JONG UN VE ABD BA\\u015eKANI DONALD TRUMP\\u0027IN GELECEK HAFTA BA\\u015eKENT HANO\\u0130\\u0027DE GER\\u00c7EKLE\\u015eT\\u0130RECE\\u011e\\u0130 Z\\u0130RVE \\u0130\\u00c7\\u0130N HAZIRLANIYOR. KUZEY KOREL\\u0130 YETK\\u0130L\\u0130LER, K\\u0130M\\u2019\\u0130N V\\u0130ETNAM\\u2019A ZIRHLI TREN\\u0130YLE G\\u0130DECE\\u011e\\u0130N\\u0130 BEL\\u0130RTT\\u0130. (\\u0130HA\\\/PYONGYANG-EPA)&quot;,&quot;created_timestamp&quot;:&quot;0&quot;,&quot;copyright&quot;:&quot;\\u0130HLAS HABER AJANSI, www.iha.com.tr&quot;,&quot;focal_length&quot;:&quot;0&quot;,&quot;iso&quot;:&quot;0&quot;,&quot;shutter_speed&quot;:&quot;0&quot;,&quot;title&quot;:&quot;KUZEY KORE L\\u0130DER\\u0130 K\\u0130M, TRUMP \\u0130\\u00c7\\u0130N 60 SAAT YOLCULUK YAPACAK&quot;,&quot;orientation&quot;:&quot;0&quot;}\" data-image-title=\"Kuzey Kore lideri Kim, Trump i\u00e7in 60 saat yolculuk yapacak\" data-image-description=\"&lt;p&gt;Kuzey Kore lideri Kim, Trump i\u00e7in 60 saat yolculuk yapacak&lt;\/p&gt; \" data-medium-file=\"https:\/\/i0.wp.com\/www.tvturk.com\/wp-content\/uploads\/2019\/02\/kuzey-kore-lideri-kim-trump-icin-60-saat-yolculuk-yapacak_916108f.jpg?fit=300%2C200\" data-large-file=\"https:\/\/i0.wp.com\/www.tvturk.com\/wp-content\/uploads\/2019\/02\/kuzey-kore-lideri-kim-trump-icin-60-saat-yolculuk-yapacak_916108f.jpg?fit=1000%2C668\" src=\"https:\/\/i0.wp.com\/www.tvturk.com\/wp-content\/uploads\/2019\/02\/kuzey-kore-lideri-kim-trump-icin-60-saat-yolculuk-yapacak_916108f.jpg?w=163&#038;h=109\" srcset=\"https:\/\/i0.wp.com\/www.tvturk.com\/wp-content\/uploads\/2019\/02\/kuzey-kore-lideri-kim-trump-icin-60-saat-yolculuk-yapacak_916108f.jpg?w=1000 1000w, https:\/\/i0.wp.com\/www.tvturk.com\/wp-content\/uploads\/2019\/02\/kuzey-kore-lideri-kim-trump-icin-60-saat-yolculuk-yapacak_916108f.jpg?resize=150%2C100 150w, https:\/\/i0.wp.com\/www.tvturk.com\/wp-content\/uploads\/2019\/02\/kuzey-kore-lideri-kim-trump-icin-60-saat-yolculuk-yapacak_916108f.jpg?resize=300%2C200 300w, https:\/\/i0.wp.com\/www.tvturk.com\/wp-content\/uploads\/2019\/02\/kuzey-kore-lideri-kim-trump-icin-60-saat-yolculuk-yapacak_916108f.jpg?resize=768%2C513 768w, https:\/\/i0.wp.com\/www.tvturk.com\/wp-content\/uploads\/2019\/02\/kuzey-kore-lideri-kim-trump-icin-60-saat-yolculuk-yapacak_916108f.jpg?resize=170%2C113 170w, https:\/\/i0.wp.com\/www.tvturk.com\/wp-content\/uploads\/2019\/02\/kuzey-kore-lideri-kim-trump-icin-60-saat-yolculuk-yapacak_916108f.jpg?resize=120%2C80 120w\" width=\"163\" height=\"109\" loading=\"lazy\" data-original-width=\"163\" data-original-height=\"109\" itemprop=\"http:\/\/schema.org\/image\" title=\"Kuzey Kore lideri Kim, Trump i\u00e7in 60 saat yolculuk yapacak\" alt=\"Kuzey Kore lideri Kim, Trump i\u00e7in 60 saat yolculuk yapacak\" style=\"width: 163px; height: 109px;\" \/> <\/a> <\/div> <\/div> <!-- close group --> <\/div> <!-- close row --> <div class=\"gallery-row\" style=\"width: 500px; height: 190px;\" data-original-width=\"500\" data-original-height=\"190\" > <div class=\"gallery-group images-1\" style=\"width: 247px; height: 190px;\" data-original-width=\"247\" data-original-height=\"190\" > <div class=\"tiled-gallery-item tiled-gallery-item-small\" itemprop=\"associatedMedia\" itemscope itemtype=\"http:\/\/schema.org\/ImageObject\"> <a href=\"http:\/\/www.tvturk.com\/index.php\/kuzey-kore-lideri-kim-trump-icin-60-saat-yolculuk-yapacak\/kuzey-kore-lideri-kim-trump-icin-60-saat-yolculuk-yapacak-6\/\" border=\"0\" itemprop=\"url\"> <meta itemprop=\"width\" content=\"243\"> <meta itemprop=\"height\" content=\"186\"> <img decoding=\"async\" class=\"\" data-attachment-id=\"51611\" data-orig-file=\"http:\/\/www.tvturk.com\/wp-content\/uploads\/2019\/02\/kuzey-kore-lideri-kim-trump-icin-60-saat-yolculuk-yapacak_499c1c8.jpg\" data-orig-size=\"1000,764\" data-comments-opened=\"\" data-image-meta=\"{&quot;aperture&quot;:&quot;0&quot;,&quot;credit&quot;:&quot;IHA&quot;,&quot;camera&quot;:&quot;&quot;,&quot;caption&quot;:&quot;V\\u0130ETNAM, KUZEY KORE L\\u0130DER\\u0130 K\\u0130M JONG UN VE ABD BA\\u015eKANI DONALD TRUMP\\u0027IN GELECEK HAFTA BA\\u015eKENT HANO\\u0130\\u0027DE GER\\u00c7EKLE\\u015eT\\u0130RECE\\u011e\\u0130 Z\\u0130RVE \\u0130\\u00c7\\u0130N HAZIRLANIYOR. KUZEY KOREL\\u0130 YETK\\u0130L\\u0130LER, K\\u0130M\\u2019\\u0130N V\\u0130ETNAM\\u2019A ZIRHLI TREN\\u0130YLE G\\u0130DECE\\u011e\\u0130N\\u0130 BEL\\u0130RTT\\u0130. (\\u0130HA\\\/PYONGYANG-EPA)&quot;,&quot;created_timestamp&quot;:&quot;0&quot;,&quot;copyright&quot;:&quot;\\u0130HLAS HABER AJANSI, www.iha.com.tr&quot;,&quot;focal_length&quot;:&quot;0&quot;,&quot;iso&quot;:&quot;0&quot;,&quot;shutter_speed&quot;:&quot;0&quot;,&quot;title&quot;:&quot;KUZEY KORE L\\u0130DER\\u0130 K\\u0130M, TRUMP \\u0130\\u00c7\\u0130N 60 SAAT YOLCULUK YAPACAK&quot;,&quot;orientation&quot;:&quot;0&quot;}\" data-image-title=\"Kuzey Kore lideri Kim, Trump i\u00e7in 60 saat yolculuk yapacak\" data-image-description=\"&lt;p&gt;Kuzey Kore lideri Kim, Trump i\u00e7in 60 saat yolculuk yapacak&lt;\/p&gt; \" data-medium-file=\"https:\/\/i0.wp.com\/www.tvturk.com\/wp-content\/uploads\/2019\/02\/kuzey-kore-lideri-kim-trump-icin-60-saat-yolculuk-yapacak_499c1c8.jpg?fit=300%2C229\" data-large-file=\"https:\/\/i0.wp.com\/www.tvturk.com\/wp-content\/uploads\/2019\/02\/kuzey-kore-lideri-kim-trump-icin-60-saat-yolculuk-yapacak_499c1c8.jpg?fit=1000%2C764\" src=\"https:\/\/i0.wp.com\/www.tvturk.com\/wp-content\/uploads\/2019\/02\/kuzey-kore-lideri-kim-trump-icin-60-saat-yolculuk-yapacak_499c1c8.jpg?w=243&#038;h=186\" srcset=\"https:\/\/i0.wp.com\/www.tvturk.com\/wp-content\/uploads\/2019\/02\/kuzey-kore-lideri-kim-trump-icin-60-saat-yolculuk-yapacak_499c1c8.jpg?w=1000 1000w, https:\/\/i0.wp.com\/www.tvturk.com\/wp-content\/uploads\/2019\/02\/kuzey-kore-lideri-kim-trump-icin-60-saat-yolculuk-yapacak_499c1c8.jpg?resize=150%2C115 150w, https:\/\/i0.wp.com\/www.tvturk.com\/wp-content\/uploads\/2019\/02\/kuzey-kore-lideri-kim-trump-icin-60-saat-yolculuk-yapacak_499c1c8.jpg?resize=300%2C229 300w, https:\/\/i0.wp.com\/www.tvturk.com\/wp-content\/uploads\/2019\/02\/kuzey-kore-lideri-kim-trump-icin-60-saat-yolculuk-yapacak_499c1c8.jpg?resize=768%2C587 768w\" width=\"243\" height=\"186\" loading=\"lazy\" data-original-width=\"243\" data-original-height=\"186\" itemprop=\"http:\/\/schema.org\/image\" title=\"Kuzey Kore lideri Kim, Trump i\u00e7in 60 saat yolculuk yapacak\" alt=\"Kuzey Kore lideri Kim, Trump i\u00e7in 60 saat yolculuk yapacak\" style=\"width: 243px; height: 186px;\" \/> <\/a> <\/div> <\/div> <!-- close group --> <div class=\"gallery-group images-1\" style=\"width: 253px; height: 190px;\" data-original-width=\"253\" data-original-height=\"190\" > <div class=\"tiled-gallery-item tiled-gallery-item-small\" itemprop=\"associatedMedia\" itemscope itemtype=\"http:\/\/schema.org\/ImageObject\"> <a href=\"http:\/\/www.tvturk.com\/index.php\/kuzey-kore-lideri-kim-trump-icin-60-saat-yolculuk-yapacak\/kuzey-kore-lideri-kim-trump-icin-60-saat-yolculuk-yapacak-7\/\" border=\"0\" itemprop=\"url\"> <meta itemprop=\"width\" content=\"249\"> <meta itemprop=\"height\" content=\"186\"> <img decoding=\"async\" class=\"\" data-attachment-id=\"51612\" data-orig-file=\"http:\/\/www.tvturk.com\/wp-content\/uploads\/2019\/02\/kuzey-kore-lideri-kim-trump-icin-60-saat-yolculuk-yapacak_1fac036.jpg\" data-orig-size=\"1000,746\" data-comments-opened=\"\" data-image-meta=\"{&quot;aperture&quot;:&quot;0&quot;,&quot;credit&quot;:&quot;IHA&quot;,&quot;camera&quot;:&quot;&quot;,&quot;caption&quot;:&quot;KUZEY KORE L\\u0130DER\\u0130 K\\u0130M JONG UN, ABD BA\\u015eKANI DONALD TRUMP\\u0027LA V\\u0130ETNAM\\u2019DA GER\\u00c7EKLE\\u015eT\\u0130RECE\\u011e\\u0130 G\\u00d6R\\u00dc\\u015eMEYE 60 SAAT S\\u00dcRECEK ZIRHLI TREN\\u0130YLE G\\u0130DECEK. (\\u0130HA\\\/PYONGYANG-EPA)&quot;,&quot;created_timestamp&quot;:&quot;0&quot;,&quot;copyright&quot;:&quot;\\u0130HLAS HABER AJANSI, www.iha.com.tr&quot;,&quot;focal_length&quot;:&quot;0&quot;,&quot;iso&quot;:&quot;0&quot;,&quot;shutter_speed&quot;:&quot;0&quot;,&quot;title&quot;:&quot;KUZEY KORE L\\u0130DER\\u0130 K\\u0130M, TRUMP \\u0130\\u00c7\\u0130N 60 SAAT YOLCULUK YAPACAK&quot;,&quot;orientation&quot;:&quot;0&quot;}\" data-image-title=\"Kuzey Kore lideri Kim, Trump i\u00e7in 60 saat yolculuk yapacak\" data-image-description=\"&lt;p&gt;Kuzey Kore lideri Kim, Trump i\u00e7in 60 saat yolculuk yapacak&lt;\/p&gt; \" data-medium-file=\"https:\/\/i0.wp.com\/www.tvturk.com\/wp-content\/uploads\/2019\/02\/kuzey-kore-lideri-kim-trump-icin-60-saat-yolculuk-yapacak_1fac036.jpg?fit=300%2C224\" data-large-file=\"https:\/\/i0.wp.com\/www.tvturk.com\/wp-content\/uploads\/2019\/02\/kuzey-kore-lideri-kim-trump-icin-60-saat-yolculuk-yapacak_1fac036.jpg?fit=1000%2C746\" src=\"https:\/\/i0.wp.com\/www.tvturk.com\/wp-content\/uploads\/2019\/02\/kuzey-kore-lideri-kim-trump-icin-60-saat-yolculuk-yapacak_1fac036.jpg?w=249&#038;h=186\" srcset=\"https:\/\/i0.wp.com\/www.tvturk.com\/wp-content\/uploads\/2019\/02\/kuzey-kore-lideri-kim-trump-icin-60-saat-yolculuk-yapacak_1fac036.jpg?w=1000 1000w, https:\/\/i0.wp.com\/www.tvturk.com\/wp-content\/uploads\/2019\/02\/kuzey-kore-lideri-kim-trump-icin-60-saat-yolculuk-yapacak_1fac036.jpg?resize=150%2C112 150w, https:\/\/i0.wp.com\/www.tvturk.com\/wp-content\/uploads\/2019\/02\/kuzey-kore-lideri-kim-trump-icin-60-saat-yolculuk-yapacak_1fac036.jpg?resize=300%2C224 300w, https:\/\/i0.wp.com\/www.tvturk.com\/wp-content\/uploads\/2019\/02\/kuzey-kore-lideri-kim-trump-icin-60-saat-yolculuk-yapacak_1fac036.jpg?resize=768%2C573 768w\" width=\"249\" height=\"186\" loading=\"lazy\" data-original-width=\"249\" data-original-height=\"186\" itemprop=\"http:\/\/schema.org\/image\" title=\"Kuzey Kore lideri Kim, Trump i\u00e7in 60 saat yolculuk yapacak\" alt=\"Kuzey Kore lideri Kim, Trump i\u00e7in 60 saat yolculuk yapacak\" style=\"width: 249px; height: 186px;\" \/> <\/a> <\/div> <\/div> <!-- close group --> <\/div> <!-- close row --> <\/div><\/p>\n","protected":false},"excerpt":{"rendered":"<p>V\u0130ETNAM, KUZEY KORE L\u0130DER\u0130 K\u0130M JONG UN VE ABD BA\u015eKANI DONALD TRUMP&#8217;IN GELECEK HAFTA BA\u015eKENT HANO\u0130&#8217;DE GER\u00c7EKLE\u015eT\u0130RECE\u011e\u0130 Z\u0130RVE \u0130\u00c7\u0130N HAZIRLANIYOR. KUZEY KOREL\u0130 YETK\u0130L\u0130LER, K\u0130M\u2019\u0130N V\u0130ETNAM\u2019A ZIRHLI TREN\u0130YLE G\u0130DECE\u011e\u0130N\u0130 BEL\u0130RTT\u0130.<\/p>\n","protected":false},"author":1,"featured_media":51607,"comment_status":"closed","ping_status":"open","sticky":false,"template":"","format":"standard","meta":{"jetpack_post_was_ever_published":false,"_jetpack_newsletter_access":"","_jetpack_dont_email_post_to_subs":false,"_jetpack_newsletter_tier_id":0,"_jetpack_memberships_contains_paywalled_content":false,"_jetpack_memberships_contains_paid_content":false,"footnotes":"","jetpack_publicize_message":"","jetpack_publicize_feature_enabled":true,"jetpack_social_post_already_shared":false,"jetpack_social_options":{"image_generator_settings":{"template":"highway","default_image_id":0,"font":"","enabled":false},"version":2}},"categories":[10],"tags":[7964,44,146,9741,1251,902,12068,3798,1141],"class_list":["post-51606","post","type-post","status-publish","format-standard","has-post-thumbnail","hentry","category-dunya","tag-kim","tag-icin","tag-kore","tag-kuzey","tag-lideri","tag-saat","tag-trump","tag-yapacak","tag-yolculuk"],"jetpack_publicize_connections":[],"jetpack_featured_media_url":"https:\/\/i0.wp.com\/www.tvturk.com\/wp-content\/uploads\/2019\/02\/kuzey-kore-lideri-kim-trump-icin-60-saat-yolculuk-yapacak_985ec49.jpg?fit=1000%2C763","jetpack_sharing_enabled":true,"jetpack_shortlink":"https:\/\/wp.me\/paKIfm-dqm","_links":{"self":[{"href":"http:\/\/www.tvturk.com\/index.php\/wp-json\/wp\/v2\/posts\/51606","targetHints":{"allow":["GET"]}}],"collection":[{"href":"http:\/\/www.tvturk.com\/index.php\/wp-json\/wp\/v2\/posts"}],"about":[{"href":"http:\/\/www.tvturk.com\/index.php\/wp-json\/wp\/v2\/types\/post"}],"author":[{"embeddable":true,"href":"http:\/\/www.tvturk.com\/index.php\/wp-json\/wp\/v2\/users\/1"}],"replies":[{"embeddable":true,"href":"http:\/\/www.tvturk.com\/index.php\/wp-json\/wp\/v2\/comments?post=51606"}],"version-history":[{"count":1,"href":"http:\/\/www.tvturk.com\/index.php\/wp-json\/wp\/v2\/posts\/51606\/revisions"}],"predecessor-version":[{"id":51613,"href":"http:\/\/www.tvturk.com\/index.php\/wp-json\/wp\/v2\/posts\/51606\/revisions\/51613"}],"wp:featuredmedia":[{"embeddable":true,"href":"http:\/\/www.tvturk.com\/index.php\/wp-json\/wp\/v2\/media\/51607"}],"wp:attachment":[{"href":"http:\/\/www.tvturk.com\/index.php\/wp-json\/wp\/v2\/media?parent=51606"}],"wp:term":[{"taxonomy":"category","embeddable":true,"href":"http:\/\/www.tvturk.com\/index.php\/wp-json\/wp\/v2\/categories?post=51606"},{"taxonomy":"post_tag","embeddable":true,"href":"http:\/\/www.tvturk.com\/index.php\/wp-json\/wp\/v2\/tags?post=51606"}],"curies":[{"name":"wp","href":"https:\/\/api.w.org\/{rel}","templated":true}]}}