{"id":51741,"date":"2019-02-20T16:11:00","date_gmt":"2019-02-20T13:11:00","guid":{"rendered":"http:\/\/www.tvturk.com\/index.php\/is-yerinden-hirsizlik-yapan-sahis-tutuklandi\/"},"modified":"2019-02-20T16:11:00","modified_gmt":"2019-02-20T13:11:00","slug":"is-yerinden-hirsizlik-yapan-sahis-tutuklandi","status":"publish","type":"post","link":"http:\/\/www.tvturk.com\/index.php\/is-yerinden-hirsizlik-yapan-sahis-tutuklandi\/","title":{"rendered":"\u0130\u015f yerinden h\u0131rs\u0131zl\u0131k yapan \u015fah\u0131s tutukland\u0131"},"content":{"rendered":"<p>Ad\u0131yaman\u2019da, bir i\u015f yerinde h\u0131rs\u0131zl\u0131k yaparak jandarma ekiplerinin \u00e7al\u0131\u015fmalar\u0131 sonucu yakalanan \u015fah\u0131s, \u00e7\u0131kar\u0131ld\u0131\u011f\u0131 mahkemece tutukland\u0131.<\/p>\n<p>Edinilen bilgilere g\u00f6re, merkeze ba\u011fl\u0131 Ahmethoca K\u00f6y\u00fcnde bulunan M.\u00d6.B., isimli ki\u015fiye ait bir ta\u015f oca\u011f\u0131na giren G.F., isimli \u015fah\u0131s, burada bulunan demir kesme makas\u0131, \u00e7eki\u015f, keser, balyoz ve demir par\u00e7alar\u0131n\u0131 \u00e7ald\u0131. Ya\u015fan\u0131lan olay sonras\u0131 ihbar \u00fczerine harekete ge\u00e7en Ad\u0131yaman \u0130l Jandarma Komutanl\u0131\u011f\u0131 ekipleri olay yerinde incelemelerde bulundu. Jandarma ekiplerinin yapt\u0131\u011f\u0131 \u00e7al\u0131\u015fmalar sonucunda G.F., isimli \u015fah\u0131s devriye g\u00f6revi esnas\u0131nda yakaland\u0131. Yakalanan \u015fahs\u0131n arac\u0131nda yap\u0131lan aramalarda i\u015f yerinden \u00e7al\u0131nan malzemeler ele ge\u00e7irildi.  Burada g\u00f6zalt\u0131na al\u0131nan \u015fah\u0131s, jandarma karakolunda tamamlanan i\u015flemlerinin ard\u0131ndan Ad\u0131yaman Adliyesine sevk edildi. \u015eah\u0131s burada \u00e7\u0131kar\u0131ld\u0131\u011f\u0131 mahkemece tutukland\u0131.<\/p>\n<p>Konuyla ilgili soru\u015fturma s\u00fcr\u00fcyor.<\/p>\n","protected":false},"excerpt":{"rendered":"<p>ADIYAMAN\u2019NIN AHMETHOCA K\u00d6Y\u00dcNDE BULUNAN M.\u00d6.B., \u0130S\u0130ML\u0130 K\u0130\u015e\u0130YE A\u0130T B\u0130R TA\u015e OCA\u011eINA G\u0130REN G.F., \u0130S\u0130ML\u0130 \u015eAHIS, BURADA BULUNAN DEM\u0130R KESME MAKASI, \u00c7EK\u0130\u015e, KESER, BALYOZ VE DEM\u0130R PAR\u00c7ALARINI \u00c7ALDI. G.F., \u0130S\u0130ML\u0130 \u015eAHIS DEVR\u0130YE G\u00d6REV\u0130 ESNASINDA YAKALANDI. G.F. \u00c7IKARILDI\u011eI MAHKEMECE TUTUKLANDI.<\/p>\n","protected":false},"author":1,"featured_media":51742,"comment_status":"closed","ping_status":"open","sticky":false,"template":"","format":"standard","meta":{"jetpack_post_was_ever_published":false,"_jetpack_newsletter_access":"","_jetpack_dont_email_post_to_subs":false,"_jetpack_newsletter_tier_id":0,"_jetpack_memberships_contains_paywalled_content":false,"_jetpack_memberships_contains_paid_content":false,"footnotes":"","jetpack_publicize_message":"","jetpack_publicize_feature_enabled":true,"jetpack_social_post_already_shared":false,"jetpack_social_options":{"image_generator_settings":{"template":"highway","default_image_id":0,"font":"","enabled":false},"version":2}},"categories":[655],"tags":[1372,432,970,1804,1420,4872],"class_list":["post-51741","post","type-post","status-publish","format-standard","has-post-thumbnail","hentry","category-son-dakika","tag-hirsizlik","tag-is","tag-sahis","tag-tutuklandi","tag-yapan","tag-yerinden"],"jetpack_publicize_connections":[],"jetpack_featured_media_url":"https:\/\/i0.wp.com\/www.tvturk.com\/wp-content\/uploads\/2019\/02\/is-yerinden-hirsizlik-yapan-sahis-tutuklandi_972dce6.jpg?fit=440%2C625","jetpack_sharing_enabled":true,"jetpack_shortlink":"https:\/\/wp.me\/paKIfm-dsx","_links":{"self":[{"href":"http:\/\/www.tvturk.com\/index.php\/wp-json\/wp\/v2\/posts\/51741","targetHints":{"allow":["GET"]}}],"collection":[{"href":"http:\/\/www.tvturk.com\/index.php\/wp-json\/wp\/v2\/posts"}],"about":[{"href":"http:\/\/www.tvturk.com\/index.php\/wp-json\/wp\/v2\/types\/post"}],"author":[{"embeddable":true,"href":"http:\/\/www.tvturk.com\/index.php\/wp-json\/wp\/v2\/users\/1"}],"replies":[{"embeddable":true,"href":"http:\/\/www.tvturk.com\/index.php\/wp-json\/wp\/v2\/comments?post=51741"}],"version-history":[{"count":0,"href":"http:\/\/www.tvturk.com\/index.php\/wp-json\/wp\/v2\/posts\/51741\/revisions"}],"wp:featuredmedia":[{"embeddable":true,"href":"http:\/\/www.tvturk.com\/index.php\/wp-json\/wp\/v2\/media\/51742"}],"wp:attachment":[{"href":"http:\/\/www.tvturk.com\/index.php\/wp-json\/wp\/v2\/media?parent=51741"}],"wp:term":[{"taxonomy":"category","embeddable":true,"href":"http:\/\/www.tvturk.com\/index.php\/wp-json\/wp\/v2\/categories?post=51741"},{"taxonomy":"post_tag","embeddable":true,"href":"http:\/\/www.tvturk.com\/index.php\/wp-json\/wp\/v2\/tags?post=51741"}],"curies":[{"name":"wp","href":"https:\/\/api.w.org\/{rel}","templated":true}]}}